{"id":66486,"date":"2021-01-12T08:23:09","date_gmt":"2021-01-12T14:23:09","guid":{"rendered":"http:\/\/www.lospoliticosveracruz.com.mx\/?p=66486"},"modified":"2021-01-12T08:24:03","modified_gmt":"2021-01-12T14:24:03","slug":"va-bola-8","status":"publish","type":"post","link":"https:\/\/lospoliticosveracruz.com\/?p=66486","title":{"rendered":"Va Bola 8!"},"content":{"rendered":"<p><strong>Ricardo Ch\u00faa<\/strong><br \/>\n<em>Sale y Vale<\/em><\/p>\n<p>FUERZA HUGO&#8230; Por este medio le mandamos un abrazo a la familia del compa\u00f1ero, Hugo Gallardo San Gabriel, que est\u00e1 padeciendo la enfermedad del COVID-19&#8230; Motivo por el cual, se encuentra internado en hospital del IMSS de Cuauht\u00e9moc del puerto de Veracruz&#8230; Debido a que agravo su salud este domingo por la noche&#8230; No vamos a especular se\u00f1alando su estado de salud en estas \u00faltimas horas.. S\u00f3lo esperamos pronta recuperaci\u00f3n y que vuelva a su hogar a reponerse del virus&#8230; BUENA SALUD MI HUGO&#8230;<\/p>\n<p><a href=\"https:\/\/www.facebook.com\/notaria61veracruz\/\"><img decoding=\"async\" src=\"http:\/\/www.lospoliticosveracruz.com.mx\/wp-content\/uploads\/2020\/07\/CINTILLO-Armando.jpg\" alt=\"\" \/><\/a><\/p>\n<p>VA ERIC&#8230; Es casi un hecho eminente que el secretario de Gobierno de Veracruz, Eric Cisneros Burgos, ser\u00e1 nominado por la alianza MORENA-PVEM y quiz\u00e1s PT, como uno de sus candidatos a diputados locales al Congreso Local&#8230; Obvio, v\u00eda plurinominal, no la va a jugar en la elecci\u00f3n uninominal&#8230; Sabe que le pasar\u00eda el efecto Juan Javier G\u00f3mez Cazar\u00edn, todos se le echar\u00edan encima&#8230; Y la perder\u00eda en la Cuenca del Papaloapan, donde su personal tiene meses operando en este distrito&#8230; Pero los enemigos son poderoso y pueden triunfar&#8230;<\/p>\n<p>Patrocinio buscar\u00eda esta curul de manera \u00abpluri\u00bb con la finalidad de ser el UNO en el Congreso Local&#8230; Siempre y cuando MORENA mantenga el control de la Legislatura del Estado, como lo tiene desde el 2018 a la fecha&#8230; Y con eso, ser un \u00abrespaldo\u00bb al gobernador, Cuitl\u00e1huac Garc\u00eda, despu\u00e9s de que Cazar\u00edn, \u00faltimamente anda por la libre, \u00abfracturando\u00bb acuerdos con Morenos y los tomados con el propio Palacio de Gobierno&#8230; Parte de ello, es porque se la pasa en el puerto de Veracruz y Huatusco&#8230; Cuitl\u00e1huac no necesita a un \u00abBenjam\u00edn Argumedo\u00bb..<br \/>\nLa intenci\u00f3n es que Patrocinio se quede como el nuevo \u00abpastor\u00bb de los Morenos y si las cosas van bien para ellos, entonces, sea el nuevo l\u00edder de la Junta de Coordinaci\u00f3n Pol\u00edtica del Congreso Local&#8230; De esa manera a Cazar\u00edn le dir\u00edan BYE&#8230; Una FUENTE de Palacio de Gobierno se\u00f1ala que con esa situaci\u00f3n, Cisneros ser\u00eda un \u00abpar\u00bb de Cuitl\u00e1huac, ya no ser\u00eda el 2 sino el 1 del Congreso Local&#8230; Claro, siempre y cuando ganen una mayor\u00eda, que eso est\u00e1 m\u00e1s que \u00abca\u00f1\u00f3n\u00bb&#8230; Con alianza, se dice que MORENA s\u00f3lo tiene seguro 10 distritos de los 30&#8230;.<br \/>\nHay una \u00abGarganta Profunda\u00bb de MORENA que dice que seguramente el pr\u00f3ximo mes, Cisneros Burgos empiece a despedirse de su colaboradores en Palacio de Gobierno y dependencias a su cargo, para presentarle la renuncia al Gobernador en marzo&#8230; Lo \u00fanico que falta definir a Patrocinio, que \u00abpluri\u00bb le tocar\u00eda, si la 1 o 2 por el tema de equidad y genero&#8230; Y, esa, ni Gonzalo Vicencio, se la \u00abbloquea\u00bb con todo y Mario Delgado&#8230; Su \u00abpluri\u00bb ya viene \u00abPalo-Meada\u00bb de Palacio Nacional&#8230; EL QUE ENTENDI\u00d3, ENTENDI\u00d3&#8230;  BYE, BYE, BYE&#8230;<\/p>\n<p>ALIANZA OPOSITORA, EL REGRESO&#8230; Los informes obtenidos por este espacio&#8230; Se\u00f1alan, que al menos, la alianza opositora en Veracruz para la elecci\u00f3n local de este a\u00f1o&#8230; Es casi, un hecho en los 30 distritos y en el 90 por ciento de los municipios de la entidad, despu\u00e9s de las \u00abescaramuzas\u00bb del fin de semana, entre los dirigentes estatales del PRI-PAN y PRD&#8230; Es decir, se mantendr\u00e1 contra \u00abviento y marea\u00bb la lucha por las curules en la Legislatura Local y por retener el mayor n\u00famero de alcald\u00edas en el Estado por la oposici\u00f3n a MORENA..<br \/>\nSe sabe que para reanudar las pl\u00e1ticas, los 3 dirigentes estatales de estos partidos: Marlon Ram\u00edrez, Sergio Cadena y Joaqu\u00edn Guzm\u00e1n, se reunieron en el hotel \u00abVilla Margaritas\u00bb de la familia Quirarte, frente a CAXA, ah\u00ed estuvieron por 4 horas platicando a solas, sin ning\u00fan chismoso o \u00abmetiche\u00bb&#8230; S\u00f3lo ellos 3&#8230; El \u00faltimo de integrarse a la reuni\u00f3n fue \u00abEl Chapito\u00bb, pero despu\u00e9s se encerraron a hablar&#8230; Se dice que fue UN AMBIENTE TENSO PERO CALMADO&#8230; Y que esperaban \u00bfFlores?&#8230;<br \/>\nLo que nos dice PODEROSA \u00abGarganta Profunda Aliancista\u00bb&#8230; Es que en esta reuni\u00f3n, se empezaron avanzar de nuevo en todas las negociaciones&#8230; Para que todos los temas de la alianza contin\u00faen en la mesa de di\u00e1logo y se pueda lograr conformarla&#8230; Pero como ya se est\u00e1 construyendo la ruta, esto seguramente va a llevar, por lo menos, un par de d\u00edas m\u00e1s&#8230; Por lo cual, se puede decir que posiblemente haya \u00abHumo Blanco\u00bb el fin de semana pr\u00f3ximo con este tema&#8230;<br \/>\nHay que tomar en cuenta, que esto no es un \u00abmatrimonio\u00bb, como lo declar\u00f3 Guzm\u00e1n Avil\u00e9s, pero si \u00abes un tema de adultos\u00bb porque se est\u00e1n jugando el futuro democr\u00e1tico de Veracruz, sino se conforma la alianza.. Ya que MORENA y el gobierno estatal, no tendr\u00e1n un contrapeso importante en el Congreso Local, como no lo hay actualmente, y los gobernantes pueden hacer lo que se les venga en gana, lo mismo que los diputados.. Por eso, es trascendente su conformaci\u00f3n&#8230;<br \/>\nPor eso, comenta el \u00abGarganta Profunda Aliancista\u00bb que la negociaci\u00f3n va con ambos t\u00f3picos, en diputaciones locales y municipios&#8230; Ya que van de la mano&#8230; Y en la debilidad de uno, se encuentra la fortaleza del otro&#8230; Esa es la \u00abventaja\u00bb que no le pueden dar a MORENA&#8230; Y que el avance en las negociaciones van por lo menos en acuerdo los distritos electorales locales.. Es decir, ah\u00ed ya tienen candidatos en com\u00fan&#8230; Ahora s\u00f3lo esperar las municipales&#8230;<br \/>\nLo \u00fanico que faltar\u00eda saber&#8230; Es el nombre que tendr\u00eda esta nueva coalici\u00f3n&#8230; Ya que habr\u00eda que ponerle otro&#8230; Debido a que \u00abVa por Veracruz\u00bb ya la tiene el PRI y PRD&#8230; Ya est\u00e1 registrada as\u00ed, con todo y logotipo m\u00e1s los colores, entonces, si se suma el PAN a la alianza opositora, van a tener que ponerle otro nombre&#8230; Lo cual eso es ya \u00abPeccata Minuta\u00bb&#8230; Lo que es un hecho, es que los 3 partidos est\u00e1n sentados de nuevo&#8230;  Hay que ver hasta donde se ponen de acuerdo&#8230; TAN, TAN Y AMEN&#8230;<\/p>\n","protected":false},"excerpt":{"rendered":"<p>Ricardo Ch\u00faa Sale y Vale FUERZA HUGO&#8230; Por este medio le mandamos un abrazo a la familia del compa\u00f1ero, Hugo Gallardo San Gabriel, que est\u00e1 padeciendo la enfermedad del COVID-19&#8230; Motivo por el cual, se encuentra internado en hospital del IMSS de Cuauht\u00e9moc del puerto de Veracruz&#8230; Debido a que agravo su salud este domingo [&hellip;]<\/p>\n","protected":false},"author":2,"featured_media":0,"comment_status":"open","ping_status":"open","sticky":false,"template":"","format":"standard","meta":{"tdm_status":"","tdm_grid_status":"","footnotes":""},"categories":[70],"tags":[3199,1681,12299,25107,3072,12695,12596,1706,1026,24336,266,107,251,2289,13604,15095],"class_list":{"0":"post-66486","1":"post","2":"type-post","3":"status-publish","4":"format-standard","6":"category-de-opinion","7":"tag-alianza","8":"tag-cuitlahuac-garcia","9":"tag-eric-cisneros-burgos","10":"tag-hugo-gallardo-san-gabriel","11":"tag-joaquin-guzman","12":"tag-juan-javier-gomez-cazarin","13":"tag-mario-delgado","14":"tag-marlon-ramirez","15":"tag-morena","16":"tag-morena-pvem","17":"tag-pan","18":"tag-prd","19":"tag-pri","20":"tag-pt","21":"tag-ricardo-chua","22":"tag-sergio-cadena"},"yoast_head":"<!-- This site is optimized with the Yoast SEO plugin v27.4 - https:\/\/yoast.com\/product\/yoast-seo-wordpress\/ -->\n<title>Va Bola 8! - Los pol\u00edticos Veracruz<\/title>\n<meta name=\"robots\" content=\"index, follow, max-snippet:-1, max-image-preview:large, max-video-preview:-1\" \/>\n<link rel=\"canonical\" href=\"https:\/\/lospoliticosveracruz.com\/?p=66486\" \/>\n<meta property=\"og:locale\" content=\"es_ES\" \/>\n<meta property=\"og:type\" content=\"article\" \/>\n<meta property=\"og:title\" content=\"Va Bola 8! - Los pol\u00edticos Veracruz\" \/>\n<meta property=\"og:description\" content=\"Ricardo Ch\u00faa Sale y Vale FUERZA HUGO&#8230; Por este medio le mandamos un abrazo a la familia del compa\u00f1ero, Hugo Gallardo San Gabriel, que est\u00e1 padeciendo la enfermedad del COVID-19&#8230; Motivo por el cual, se encuentra internado en hospital del IMSS de Cuauht\u00e9moc del puerto de Veracruz&#8230; Debido a que agravo su salud este domingo [&hellip;]\" \/>\n<meta property=\"og:url\" content=\"https:\/\/lospoliticosveracruz.com\/?p=66486\" \/>\n<meta property=\"og:site_name\" content=\"Los pol\u00edticos Veracruz\" \/>\n<meta property=\"article:publisher\" content=\"https:\/\/www.facebook.com\/people\/Notimemes-de-los-Polticos\/61565672886568\/\" \/>\n<meta property=\"article:published_time\" content=\"2021-01-12T14:23:09+00:00\" \/>\n<meta property=\"article:modified_time\" content=\"2021-01-12T14:24:03+00:00\" \/>\n<meta property=\"og:image\" content=\"http:\/\/www.lospoliticosveracruz.com.mx\/wp-content\/uploads\/2020\/07\/CINTILLO-Armando.jpg\" \/>\n<meta name=\"author\" content=\"Lo viste en Los Pol\u00edticos\" \/>\n<meta name=\"twitter:card\" content=\"summary_large_image\" \/>\n<meta name=\"twitter:creator\" content=\"@LosPoliticosVer\" \/>\n<meta name=\"twitter:site\" content=\"@LosPoliticosVer\" \/>\n<meta name=\"twitter:label1\" content=\"Escrito por\" \/>\n\t<meta name=\"twitter:data1\" content=\"Lo viste en Los Pol\u00edticos\" \/>\n\t<meta name=\"twitter:label2\" content=\"Tiempo de lectura\" \/>\n\t<meta name=\"twitter:data2\" content=\"5 minutos\" \/>\n<script type=\"application\/ld+json\" class=\"yoast-schema-graph\">{\"@context\":\"https:\\\/\\\/schema.org\",\"@graph\":[{\"@type\":\"Article\",\"@id\":\"https:\\\/\\\/lospoliticosveracruz.com\\\/?p=66486#article\",\"isPartOf\":{\"@id\":\"https:\\\/\\\/lospoliticosveracruz.com\\\/?p=66486\"},\"author\":{\"name\":\"Lo viste en Los Pol\u00edticos\",\"@id\":\"https:\\\/\\\/lospoliticosveracruz.com\\\/#\\\/schema\\\/person\\\/b8702bb0e538456e6efd07080bf2a4a2\"},\"headline\":\"Va Bola 8!\",\"datePublished\":\"2021-01-12T14:23:09+00:00\",\"dateModified\":\"2021-01-12T14:24:03+00:00\",\"mainEntityOfPage\":{\"@id\":\"https:\\\/\\\/lospoliticosveracruz.com\\\/?p=66486\"},\"wordCount\":1032,\"commentCount\":0,\"publisher\":{\"@id\":\"https:\\\/\\\/lospoliticosveracruz.com\\\/#organization\"},\"image\":{\"@id\":\"https:\\\/\\\/lospoliticosveracruz.com\\\/?p=66486#primaryimage\"},\"thumbnailUrl\":\"http:\\\/\\\/www.lospoliticosveracruz.com.mx\\\/wp-content\\\/uploads\\\/2020\\\/07\\\/CINTILLO-Armando.jpg\",\"keywords\":[\"alianza\",\"Cuitl\u00e1huac Garc\u00eda\",\"Eric Cisneros Burgos\",\"Hugo Gallardo San Gabriel\",\"Joaqu\u00edn Guzm\u00e1n\",\"Juan Javier G\u00f3mez Cazar\u00edn\",\"Mario Delgado\",\"Marlon Ram\u00edrez\",\"Morena\",\"MORENA-PVEM\",\"PAN\",\"PRD\",\"PRI\",\"PT\",\"Ricardo Ch\u00faa\",\"Sergio Cadena\"],\"articleSection\":[\"De Opini\u00f3n\"],\"inLanguage\":\"es\",\"potentialAction\":[{\"@type\":\"CommentAction\",\"name\":\"Comment\",\"target\":[\"https:\\\/\\\/lospoliticosveracruz.com\\\/?p=66486#respond\"]}]},{\"@type\":\"WebPage\",\"@id\":\"https:\\\/\\\/lospoliticosveracruz.com\\\/?p=66486\",\"url\":\"https:\\\/\\\/lospoliticosveracruz.com\\\/?p=66486\",\"name\":\"Va Bola 8! - Los pol\u00edticos Veracruz\",\"isPartOf\":{\"@id\":\"https:\\\/\\\/lospoliticosveracruz.com\\\/#website\"},\"primaryImageOfPage\":{\"@id\":\"https:\\\/\\\/lospoliticosveracruz.com\\\/?p=66486#primaryimage\"},\"image\":{\"@id\":\"https:\\\/\\\/lospoliticosveracruz.com\\\/?p=66486#primaryimage\"},\"thumbnailUrl\":\"http:\\\/\\\/www.lospoliticosveracruz.com.mx\\\/wp-content\\\/uploads\\\/2020\\\/07\\\/CINTILLO-Armando.jpg\",\"datePublished\":\"2021-01-12T14:23:09+00:00\",\"dateModified\":\"2021-01-12T14:24:03+00:00\",\"breadcrumb\":{\"@id\":\"https:\\\/\\\/lospoliticosveracruz.com\\\/?p=66486#breadcrumb\"},\"inLanguage\":\"es\",\"potentialAction\":[{\"@type\":\"ReadAction\",\"target\":[\"https:\\\/\\\/lospoliticosveracruz.com\\\/?p=66486\"]}]},{\"@type\":\"ImageObject\",\"inLanguage\":\"es\",\"@id\":\"https:\\\/\\\/lospoliticosveracruz.com\\\/?p=66486#primaryimage\",\"url\":\"http:\\\/\\\/www.lospoliticosveracruz.com.mx\\\/wp-content\\\/uploads\\\/2020\\\/07\\\/CINTILLO-Armando.jpg\",\"contentUrl\":\"http:\\\/\\\/www.lospoliticosveracruz.com.mx\\\/wp-content\\\/uploads\\\/2020\\\/07\\\/CINTILLO-Armando.jpg\"},{\"@type\":\"BreadcrumbList\",\"@id\":\"https:\\\/\\\/lospoliticosveracruz.com\\\/?p=66486#breadcrumb\",\"itemListElement\":[{\"@type\":\"ListItem\",\"position\":1,\"name\":\"Portada\",\"item\":\"https:\\\/\\\/lospoliticosveracruz.com\\\/\"},{\"@type\":\"ListItem\",\"position\":2,\"name\":\"Va Bola 8!\"}]},{\"@type\":\"WebSite\",\"@id\":\"https:\\\/\\\/lospoliticosveracruz.com\\\/#website\",\"url\":\"https:\\\/\\\/lospoliticosveracruz.com\\\/\",\"name\":\"Los pol\u00edticos Veracruz\",\"description\":\"\",\"publisher\":{\"@id\":\"https:\\\/\\\/lospoliticosveracruz.com\\\/#organization\"},\"potentialAction\":[{\"@type\":\"SearchAction\",\"target\":{\"@type\":\"EntryPoint\",\"urlTemplate\":\"https:\\\/\\\/lospoliticosveracruz.com\\\/?s={search_term_string}\"},\"query-input\":{\"@type\":\"PropertyValueSpecification\",\"valueRequired\":true,\"valueName\":\"search_term_string\"}}],\"inLanguage\":\"es\"},{\"@type\":\"Organization\",\"@id\":\"https:\\\/\\\/lospoliticosveracruz.com\\\/#organization\",\"name\":\"Los pol\u00edticos Veracruz\",\"url\":\"https:\\\/\\\/lospoliticosveracruz.com\\\/\",\"logo\":{\"@type\":\"ImageObject\",\"inLanguage\":\"es\",\"@id\":\"https:\\\/\\\/lospoliticosveracruz.com\\\/#\\\/schema\\\/logo\\\/image\\\/\",\"url\":\"https:\\\/\\\/lospoliticosveracruz.com\\\/wp-content\\\/uploads\\\/2025\\\/12\\\/Logo-Nuevo-LOS-POLITICOS-1.jpg\",\"contentUrl\":\"https:\\\/\\\/lospoliticosveracruz.com\\\/wp-content\\\/uploads\\\/2025\\\/12\\\/Logo-Nuevo-LOS-POLITICOS-1.jpg\",\"width\":260,\"height\":70,\"caption\":\"Los pol\u00edticos Veracruz\"},\"image\":{\"@id\":\"https:\\\/\\\/lospoliticosveracruz.com\\\/#\\\/schema\\\/logo\\\/image\\\/\"},\"sameAs\":[\"https:\\\/\\\/www.facebook.com\\\/people\\\/Notimemes-de-los-Polticos\\\/61565672886568\\\/\",\"https:\\\/\\\/x.com\\\/LosPoliticosVer\"]},{\"@type\":\"Person\",\"@id\":\"https:\\\/\\\/lospoliticosveracruz.com\\\/#\\\/schema\\\/person\\\/b8702bb0e538456e6efd07080bf2a4a2\",\"name\":\"Lo viste en Los Pol\u00edticos\",\"image\":{\"@type\":\"ImageObject\",\"inLanguage\":\"es\",\"@id\":\"https:\\\/\\\/secure.gravatar.com\\\/avatar\\\/3a8de04a2656d44082be478bd6c086daa447c4651605818287b9532d3d0bd435?s=96&d=mm&r=g\",\"url\":\"https:\\\/\\\/secure.gravatar.com\\\/avatar\\\/3a8de04a2656d44082be478bd6c086daa447c4651605818287b9532d3d0bd435?s=96&d=mm&r=g\",\"contentUrl\":\"https:\\\/\\\/secure.gravatar.com\\\/avatar\\\/3a8de04a2656d44082be478bd6c086daa447c4651605818287b9532d3d0bd435?s=96&d=mm&r=g\",\"caption\":\"Lo viste en Los Pol\u00edticos\"},\"url\":\"https:\\\/\\\/lospoliticosveracruz.com\\\/?author=2\"}]}<\/script>\n<!-- \/ Yoast SEO plugin. -->","yoast_head_json":{"title":"Va Bola 8! - Los pol\u00edticos Veracruz","robots":{"index":"index","follow":"follow","max-snippet":"max-snippet:-1","max-image-preview":"max-image-preview:large","max-video-preview":"max-video-preview:-1"},"canonical":"https:\/\/lospoliticosveracruz.com\/?p=66486","og_locale":"es_ES","og_type":"article","og_title":"Va Bola 8! - Los pol\u00edticos Veracruz","og_description":"Ricardo Ch\u00faa Sale y Vale FUERZA HUGO&#8230; Por este medio le mandamos un abrazo a la familia del compa\u00f1ero, Hugo Gallardo San Gabriel, que est\u00e1 padeciendo la enfermedad del COVID-19&#8230; Motivo por el cual, se encuentra internado en hospital del IMSS de Cuauht\u00e9moc del puerto de Veracruz&#8230; Debido a que agravo su salud este domingo [&hellip;]","og_url":"https:\/\/lospoliticosveracruz.com\/?p=66486","og_site_name":"Los pol\u00edticos Veracruz","article_publisher":"https:\/\/www.facebook.com\/people\/Notimemes-de-los-Polticos\/61565672886568\/","article_published_time":"2021-01-12T14:23:09+00:00","article_modified_time":"2021-01-12T14:24:03+00:00","og_image":[{"url":"http:\/\/www.lospoliticosveracruz.com.mx\/wp-content\/uploads\/2020\/07\/CINTILLO-Armando.jpg","type":"","width":"","height":""}],"author":"Lo viste en Los Pol\u00edticos","twitter_card":"summary_large_image","twitter_creator":"@LosPoliticosVer","twitter_site":"@LosPoliticosVer","twitter_misc":{"Escrito por":"Lo viste en Los Pol\u00edticos","Tiempo de lectura":"5 minutos"},"schema":{"@context":"https:\/\/schema.org","@graph":[{"@type":"Article","@id":"https:\/\/lospoliticosveracruz.com\/?p=66486#article","isPartOf":{"@id":"https:\/\/lospoliticosveracruz.com\/?p=66486"},"author":{"name":"Lo viste en Los Pol\u00edticos","@id":"https:\/\/lospoliticosveracruz.com\/#\/schema\/person\/b8702bb0e538456e6efd07080bf2a4a2"},"headline":"Va Bola 8!","datePublished":"2021-01-12T14:23:09+00:00","dateModified":"2021-01-12T14:24:03+00:00","mainEntityOfPage":{"@id":"https:\/\/lospoliticosveracruz.com\/?p=66486"},"wordCount":1032,"commentCount":0,"publisher":{"@id":"https:\/\/lospoliticosveracruz.com\/#organization"},"image":{"@id":"https:\/\/lospoliticosveracruz.com\/?p=66486#primaryimage"},"thumbnailUrl":"http:\/\/www.lospoliticosveracruz.com.mx\/wp-content\/uploads\/2020\/07\/CINTILLO-Armando.jpg","keywords":["alianza","Cuitl\u00e1huac Garc\u00eda","Eric Cisneros Burgos","Hugo Gallardo San Gabriel","Joaqu\u00edn Guzm\u00e1n","Juan Javier G\u00f3mez Cazar\u00edn","Mario Delgado","Marlon Ram\u00edrez","Morena","MORENA-PVEM","PAN","PRD","PRI","PT","Ricardo Ch\u00faa","Sergio Cadena"],"articleSection":["De Opini\u00f3n"],"inLanguage":"es","potentialAction":[{"@type":"CommentAction","name":"Comment","target":["https:\/\/lospoliticosveracruz.com\/?p=66486#respond"]}]},{"@type":"WebPage","@id":"https:\/\/lospoliticosveracruz.com\/?p=66486","url":"https:\/\/lospoliticosveracruz.com\/?p=66486","name":"Va Bola 8! - Los pol\u00edticos Veracruz","isPartOf":{"@id":"https:\/\/lospoliticosveracruz.com\/#website"},"primaryImageOfPage":{"@id":"https:\/\/lospoliticosveracruz.com\/?p=66486#primaryimage"},"image":{"@id":"https:\/\/lospoliticosveracruz.com\/?p=66486#primaryimage"},"thumbnailUrl":"http:\/\/www.lospoliticosveracruz.com.mx\/wp-content\/uploads\/2020\/07\/CINTILLO-Armando.jpg","datePublished":"2021-01-12T14:23:09+00:00","dateModified":"2021-01-12T14:24:03+00:00","breadcrumb":{"@id":"https:\/\/lospoliticosveracruz.com\/?p=66486#breadcrumb"},"inLanguage":"es","potentialAction":[{"@type":"ReadAction","target":["https:\/\/lospoliticosveracruz.com\/?p=66486"]}]},{"@type":"ImageObject","inLanguage":"es","@id":"https:\/\/lospoliticosveracruz.com\/?p=66486#primaryimage","url":"http:\/\/www.lospoliticosveracruz.com.mx\/wp-content\/uploads\/2020\/07\/CINTILLO-Armando.jpg","contentUrl":"http:\/\/www.lospoliticosveracruz.com.mx\/wp-content\/uploads\/2020\/07\/CINTILLO-Armando.jpg"},{"@type":"BreadcrumbList","@id":"https:\/\/lospoliticosveracruz.com\/?p=66486#breadcrumb","itemListElement":[{"@type":"ListItem","position":1,"name":"Portada","item":"https:\/\/lospoliticosveracruz.com\/"},{"@type":"ListItem","position":2,"name":"Va Bola 8!"}]},{"@type":"WebSite","@id":"https:\/\/lospoliticosveracruz.com\/#website","url":"https:\/\/lospoliticosveracruz.com\/","name":"Los pol\u00edticos Veracruz","description":"","publisher":{"@id":"https:\/\/lospoliticosveracruz.com\/#organization"},"potentialAction":[{"@type":"SearchAction","target":{"@type":"EntryPoint","urlTemplate":"https:\/\/lospoliticosveracruz.com\/?s={search_term_string}"},"query-input":{"@type":"PropertyValueSpecification","valueRequired":true,"valueName":"search_term_string"}}],"inLanguage":"es"},{"@type":"Organization","@id":"https:\/\/lospoliticosveracruz.com\/#organization","name":"Los pol\u00edticos Veracruz","url":"https:\/\/lospoliticosveracruz.com\/","logo":{"@type":"ImageObject","inLanguage":"es","@id":"https:\/\/lospoliticosveracruz.com\/#\/schema\/logo\/image\/","url":"https:\/\/lospoliticosveracruz.com\/wp-content\/uploads\/2025\/12\/Logo-Nuevo-LOS-POLITICOS-1.jpg","contentUrl":"https:\/\/lospoliticosveracruz.com\/wp-content\/uploads\/2025\/12\/Logo-Nuevo-LOS-POLITICOS-1.jpg","width":260,"height":70,"caption":"Los pol\u00edticos Veracruz"},"image":{"@id":"https:\/\/lospoliticosveracruz.com\/#\/schema\/logo\/image\/"},"sameAs":["https:\/\/www.facebook.com\/people\/Notimemes-de-los-Polticos\/61565672886568\/","https:\/\/x.com\/LosPoliticosVer"]},{"@type":"Person","@id":"https:\/\/lospoliticosveracruz.com\/#\/schema\/person\/b8702bb0e538456e6efd07080bf2a4a2","name":"Lo viste en Los Pol\u00edticos","image":{"@type":"ImageObject","inLanguage":"es","@id":"https:\/\/secure.gravatar.com\/avatar\/3a8de04a2656d44082be478bd6c086daa447c4651605818287b9532d3d0bd435?s=96&d=mm&r=g","url":"https:\/\/secure.gravatar.com\/avatar\/3a8de04a2656d44082be478bd6c086daa447c4651605818287b9532d3d0bd435?s=96&d=mm&r=g","contentUrl":"https:\/\/secure.gravatar.com\/avatar\/3a8de04a2656d44082be478bd6c086daa447c4651605818287b9532d3d0bd435?s=96&d=mm&r=g","caption":"Lo viste en Los Pol\u00edticos"},"url":"https:\/\/lospoliticosveracruz.com\/?author=2"}]}},"_links":{"self":[{"href":"https:\/\/lospoliticosveracruz.com\/index.php?rest_route=\/wp\/v2\/posts\/66486","targetHints":{"allow":["GET"]}}],"collection":[{"href":"https:\/\/lospoliticosveracruz.com\/index.php?rest_route=\/wp\/v2\/posts"}],"about":[{"href":"https:\/\/lospoliticosveracruz.com\/index.php?rest_route=\/wp\/v2\/types\/post"}],"author":[{"embeddable":true,"href":"https:\/\/lospoliticosveracruz.com\/index.php?rest_route=\/wp\/v2\/users\/2"}],"replies":[{"embeddable":true,"href":"https:\/\/lospoliticosveracruz.com\/index.php?rest_route=%2Fwp%2Fv2%2Fcomments&post=66486"}],"version-history":[{"count":2,"href":"https:\/\/lospoliticosveracruz.com\/index.php?rest_route=\/wp\/v2\/posts\/66486\/revisions"}],"predecessor-version":[{"id":66489,"href":"https:\/\/lospoliticosveracruz.com\/index.php?rest_route=\/wp\/v2\/posts\/66486\/revisions\/66489"}],"wp:attachment":[{"href":"https:\/\/lospoliticosveracruz.com\/index.php?rest_route=%2Fwp%2Fv2%2Fmedia&parent=66486"}],"wp:term":[{"taxonomy":"category","embeddable":true,"href":"https:\/\/lospoliticosveracruz.com\/index.php?rest_route=%2Fwp%2Fv2%2Fcategories&post=66486"},{"taxonomy":"post_tag","embeddable":true,"href":"https:\/\/lospoliticosveracruz.com\/index.php?rest_route=%2Fwp%2Fv2%2Ftags&post=66486"}],"curies":[{"name":"wp","href":"https:\/\/api.w.org\/{rel}","templated":true}]}}