{"id":66530,"date":"2021-01-12T21:13:45","date_gmt":"2021-01-13T03:13:45","guid":{"rendered":"http:\/\/www.lospoliticosveracruz.com.mx\/?p=66530"},"modified":"2021-01-12T21:13:45","modified_gmt":"2021-01-13T03:13:45","slug":"alianza-o-reconciliacion","status":"publish","type":"post","link":"https:\/\/lospoliticosveracruz.com\/?p=66530","title":{"rendered":"Alianza o reconciliaci\u00f3n"},"content":{"rendered":"<p>&nbsp;<\/p>\n<p><strong>Salvador Mu\u00f1oz<\/strong><\/p>\n<p><em>Los Pol\u00edticos<\/em><\/p>\n<p>A como van las cosas, es m\u00e1s f\u00e1cil que se d\u00e9 la alianza PAN-PRI-PRD, que haya una aut\u00e9ntica reconciliaci\u00f3n al interior del PAN.<br \/>\nHay la sensaci\u00f3n de que Joaqu\u00edn Guzm\u00e1n Avil\u00e9s entiende que esta elecci\u00f3n, es la oportunidad de hacer una purga en el PAN o en otras palabras: \u201cDesayunarlo\u201d bajo el riesgo de que al hacerlo, origine un cisma que si bien, hasta cierto punto es natural, podr\u00eda dar lugar a menguar en este 2021, a lo que en Veracruz se conoce como segunda fuerza pol\u00edtica.<\/p>\n<p><a href=\"https:\/\/www.facebook.com\/notaria61veracruz\/\"><img decoding=\"async\" src=\"http:\/\/www.lospoliticosveracruz.com.mx\/wp-content\/uploads\/2020\/07\/CINTILLO-Armando.jpg\" alt=\"\" \/><\/a><\/p>\n<p>En el Puerto, por ejemplo, la pugna por la candidatura entre Fernando Yunes M\u00e1rquez y Bingen Rementer\u00eda, es cada vez m\u00e1s tensa. Se pone el nombre del alcalde porque es el principal interesado en que su hermano Miguel, ocupe la candidatura. Se desconoce hasta d\u00f3nde llegue esta batalla por la candidatura pero entre algunos panistas, se espera un acuerdo entre las partes porque la \u00faltima vez, se tard\u00f3 diez a\u00f1os el blanquiazul en recuperar una de sus joyas en la pol\u00edtica municipal.<br \/>\nTan fuerte es esta contienda bajo la mesa en el Puerto, que poco permite ver a los aspirantes a una curul en esta zona conurbada, principalmente en el distrito 15.<br \/>\nUno de ellos es el regidor Miguel David Hermida Copado, a quien le queda muy en claro que el PAN debe enfocarse en que el \u201cenemigo\u201d, el \u201ccontrincante\u201d, el \u201crival\u201d est\u00e1 enfrente de la Plaza Lerdo, en la mayor\u00eda de Palacio de Encanto y de San L\u00e1zaro.<br \/>\nHermida Copado entiende muy bien los colores y lo de la pasi\u00f3n que puede haber en la contienda interna del PAN\u2026 ha sido secretario de elecciones en el Comit\u00e9 Estatal y dirigente juvenil estatal. Nadie le cuenta del calor propio de estas pugnas\u2026 pero sabe que hay que separar los intereses particulares de los partidistas y por decanto, han de repercutir en la idea primaria de quien participa en pol\u00edtica: el bien com\u00fan.<br \/>\nA lo mejor el PRD y el PRI deber\u00edan de ocupar en su agenda con miras en la Alianza, un apartado donde antes de que se d\u00e9 \u00e9sta, El Chapito se comprometa a resolver sus problemas al interior del partido, porque en una de \u00e9sas, si van en coalici\u00f3n, juntos, unidos, el hecho de que se vuelva farol de la calle puede hasta repercutir hasta en sus mismos aliados\u2026<\/p>\n<p><em><strong>Mellado suena a Medell\u00edn<\/strong><\/em><br \/>\nEn Medell\u00edn de Bravo, la izquierda es la que m\u00e1s candidatos tiene en sus aspiraciones a ocupar el palacio sin luz de Polo Deschamps. Son seis los pretendientes, entre ellos Melchor N\u00fa\u00f1ez, Luis Mellado, Adri\u00e1n Gayosso, Enrique Trejo, Marcos Isle\u00f1o y \u00c1ngel Ram\u00edrez. En reciente encuesta realizada por M\u00e9trica Social, casa encuestadora y estad\u00edstica social, \u00e9sta pone en su lugar a cada quien y aporta datos interesantes. Por ejemplo:<br \/>\nSi bien es cierto que el 28 por ciento de los encuestados se identifica con el PAN, \u00a1aguas! porque Morena con su 22 por ciento sumados con el 8% que suman PT y PVEM, da la vuelta; claro, esto var\u00eda si hubiera alianza del PAN-PRI-PRD.<br \/>\nEntre los morenos que m\u00e1s conocen, sobresalen dos: Marcos Isle\u00f1o con el 87% y Luis Mellado con el 57. \u00a1Ojo! Porque el hecho de ser el m\u00e1s conocido no implica que sea el m\u00e1s querido, porque la opini\u00f3n que se tiene del ex alcalde Marcos Isle\u00f1o es muy mala y el 50% de los encuestados as\u00ed lo define. En tanto que la de Mellado es del 6 mientras un alto porcentaje lo ubica como el mejor visto, a tal grado que no se enojar\u00edan si fuera el candidato de Morena y si es en alianza con PT y PVEM, mejor.<\/p>\n<p>smcainito@gmail.com<\/p>\n","protected":false},"excerpt":{"rendered":"<p>&nbsp; Salvador Mu\u00f1oz Los Pol\u00edticos A como van las cosas, es m\u00e1s f\u00e1cil que se d\u00e9 la alianza PAN-PRI-PRD, que haya una aut\u00e9ntica reconciliaci\u00f3n al interior del PAN. Hay la sensaci\u00f3n de que Joaqu\u00edn Guzm\u00e1n Avil\u00e9s entiende que esta elecci\u00f3n, es la oportunidad de hacer una purga en el PAN o en otras palabras: \u201cDesayunarlo\u201d [&hellip;]<\/p>\n","protected":false},"author":2,"featured_media":0,"comment_status":"open","ping_status":"open","sticky":false,"template":"","format":"standard","meta":{"tdm_status":"","tdm_grid_status":"","footnotes":""},"categories":[70],"tags":[4684,15051,25149,818,3288,20335,19748,25147,25146,7517,2289,264,5468,2646],"class_list":{"0":"post-66530","1":"post","2":"type-post","3":"status-publish","4":"format-standard","6":"category-de-opinion","7":"tag-bingen-rementeria","8":"tag-chapito","9":"tag-enrique-trejo","10":"tag-fernando-yunes-marquez","11":"tag-joaquin-guzman-aviles","12":"tag-luis-mellado","13":"tag-marcos-isleno","14":"tag-melchor-nunez","15":"tag-miguel-david-hermida-copado","16":"tag-polo-deschamps","17":"tag-pt","18":"tag-pvem","19":"tag-reconciliacion","20":"tag-salvador-munoz"},"yoast_head":"<!-- This site is optimized with the Yoast SEO plugin v27.4 - https:\/\/yoast.com\/product\/yoast-seo-wordpress\/ -->\n<title>Alianza o reconciliaci\u00f3n - Los pol\u00edticos Veracruz<\/title>\n<meta name=\"robots\" content=\"index, follow, max-snippet:-1, max-image-preview:large, max-video-preview:-1\" \/>\n<link rel=\"canonical\" href=\"https:\/\/lospoliticosveracruz.com\/?p=66530\" \/>\n<meta property=\"og:locale\" content=\"es_ES\" \/>\n<meta property=\"og:type\" content=\"article\" \/>\n<meta property=\"og:title\" content=\"Alianza o reconciliaci\u00f3n - Los pol\u00edticos Veracruz\" \/>\n<meta property=\"og:description\" content=\"&nbsp; Salvador Mu\u00f1oz Los Pol\u00edticos A como van las cosas, es m\u00e1s f\u00e1cil que se d\u00e9 la alianza PAN-PRI-PRD, que haya una aut\u00e9ntica reconciliaci\u00f3n al interior del PAN. Hay la sensaci\u00f3n de que Joaqu\u00edn Guzm\u00e1n Avil\u00e9s entiende que esta elecci\u00f3n, es la oportunidad de hacer una purga en el PAN o en otras palabras: \u201cDesayunarlo\u201d [&hellip;]\" \/>\n<meta property=\"og:url\" content=\"https:\/\/lospoliticosveracruz.com\/?p=66530\" \/>\n<meta property=\"og:site_name\" content=\"Los pol\u00edticos Veracruz\" \/>\n<meta property=\"article:publisher\" content=\"https:\/\/www.facebook.com\/people\/Notimemes-de-los-Polticos\/61565672886568\/\" \/>\n<meta property=\"article:published_time\" content=\"2021-01-13T03:13:45+00:00\" \/>\n<meta property=\"og:image\" content=\"http:\/\/www.lospoliticosveracruz.com.mx\/wp-content\/uploads\/2020\/07\/CINTILLO-Armando.jpg\" \/>\n<meta name=\"author\" content=\"Lo viste en Los Pol\u00edticos\" \/>\n<meta name=\"twitter:card\" content=\"summary_large_image\" \/>\n<meta name=\"twitter:creator\" content=\"@LosPoliticosVer\" \/>\n<meta name=\"twitter:site\" content=\"@LosPoliticosVer\" \/>\n<meta name=\"twitter:label1\" content=\"Escrito por\" \/>\n\t<meta name=\"twitter:data1\" content=\"Lo viste en Los Pol\u00edticos\" \/>\n\t<meta name=\"twitter:label2\" content=\"Tiempo de lectura\" \/>\n\t<meta name=\"twitter:data2\" content=\"3 minutos\" \/>\n<script type=\"application\/ld+json\" class=\"yoast-schema-graph\">{\"@context\":\"https:\\\/\\\/schema.org\",\"@graph\":[{\"@type\":\"Article\",\"@id\":\"https:\\\/\\\/lospoliticosveracruz.com\\\/?p=66530#article\",\"isPartOf\":{\"@id\":\"https:\\\/\\\/lospoliticosveracruz.com\\\/?p=66530\"},\"author\":{\"name\":\"Lo viste en Los Pol\u00edticos\",\"@id\":\"https:\\\/\\\/lospoliticosveracruz.com\\\/#\\\/schema\\\/person\\\/b8702bb0e538456e6efd07080bf2a4a2\"},\"headline\":\"Alianza o reconciliaci\u00f3n\",\"datePublished\":\"2021-01-13T03:13:45+00:00\",\"mainEntityOfPage\":{\"@id\":\"https:\\\/\\\/lospoliticosveracruz.com\\\/?p=66530\"},\"wordCount\":652,\"commentCount\":0,\"publisher\":{\"@id\":\"https:\\\/\\\/lospoliticosveracruz.com\\\/#organization\"},\"image\":{\"@id\":\"https:\\\/\\\/lospoliticosveracruz.com\\\/?p=66530#primaryimage\"},\"thumbnailUrl\":\"http:\\\/\\\/www.lospoliticosveracruz.com.mx\\\/wp-content\\\/uploads\\\/2020\\\/07\\\/CINTILLO-Armando.jpg\",\"keywords\":[\"Bingen Rementer\u00eda\",\"Chapito\",\"Enrique Trejo\",\"Fernando Yunes M\u00e1rquez\",\"Joaqu\u00edn Guzm\u00e1n Avil\u00e9s\",\"Luis Mellado\",\"Marcos Isle\u00f1o\",\"Melchor N\u00fa\u00f1ez\",\"Miguel David Hermida Copado\",\"Polo Deschamps\",\"PT\",\"PVEM\",\"reconciliaci\u00f3n\",\"Salvador Mu\u00f1oz\"],\"articleSection\":[\"De Opini\u00f3n\"],\"inLanguage\":\"es\",\"potentialAction\":[{\"@type\":\"CommentAction\",\"name\":\"Comment\",\"target\":[\"https:\\\/\\\/lospoliticosveracruz.com\\\/?p=66530#respond\"]}]},{\"@type\":\"WebPage\",\"@id\":\"https:\\\/\\\/lospoliticosveracruz.com\\\/?p=66530\",\"url\":\"https:\\\/\\\/lospoliticosveracruz.com\\\/?p=66530\",\"name\":\"Alianza o reconciliaci\u00f3n - Los pol\u00edticos Veracruz\",\"isPartOf\":{\"@id\":\"https:\\\/\\\/lospoliticosveracruz.com\\\/#website\"},\"primaryImageOfPage\":{\"@id\":\"https:\\\/\\\/lospoliticosveracruz.com\\\/?p=66530#primaryimage\"},\"image\":{\"@id\":\"https:\\\/\\\/lospoliticosveracruz.com\\\/?p=66530#primaryimage\"},\"thumbnailUrl\":\"http:\\\/\\\/www.lospoliticosveracruz.com.mx\\\/wp-content\\\/uploads\\\/2020\\\/07\\\/CINTILLO-Armando.jpg\",\"datePublished\":\"2021-01-13T03:13:45+00:00\",\"breadcrumb\":{\"@id\":\"https:\\\/\\\/lospoliticosveracruz.com\\\/?p=66530#breadcrumb\"},\"inLanguage\":\"es\",\"potentialAction\":[{\"@type\":\"ReadAction\",\"target\":[\"https:\\\/\\\/lospoliticosveracruz.com\\\/?p=66530\"]}]},{\"@type\":\"ImageObject\",\"inLanguage\":\"es\",\"@id\":\"https:\\\/\\\/lospoliticosveracruz.com\\\/?p=66530#primaryimage\",\"url\":\"http:\\\/\\\/www.lospoliticosveracruz.com.mx\\\/wp-content\\\/uploads\\\/2020\\\/07\\\/CINTILLO-Armando.jpg\",\"contentUrl\":\"http:\\\/\\\/www.lospoliticosveracruz.com.mx\\\/wp-content\\\/uploads\\\/2020\\\/07\\\/CINTILLO-Armando.jpg\"},{\"@type\":\"BreadcrumbList\",\"@id\":\"https:\\\/\\\/lospoliticosveracruz.com\\\/?p=66530#breadcrumb\",\"itemListElement\":[{\"@type\":\"ListItem\",\"position\":1,\"name\":\"Portada\",\"item\":\"https:\\\/\\\/lospoliticosveracruz.com\\\/\"},{\"@type\":\"ListItem\",\"position\":2,\"name\":\"Alianza o reconciliaci\u00f3n\"}]},{\"@type\":\"WebSite\",\"@id\":\"https:\\\/\\\/lospoliticosveracruz.com\\\/#website\",\"url\":\"https:\\\/\\\/lospoliticosveracruz.com\\\/\",\"name\":\"Los pol\u00edticos Veracruz\",\"description\":\"\",\"publisher\":{\"@id\":\"https:\\\/\\\/lospoliticosveracruz.com\\\/#organization\"},\"potentialAction\":[{\"@type\":\"SearchAction\",\"target\":{\"@type\":\"EntryPoint\",\"urlTemplate\":\"https:\\\/\\\/lospoliticosveracruz.com\\\/?s={search_term_string}\"},\"query-input\":{\"@type\":\"PropertyValueSpecification\",\"valueRequired\":true,\"valueName\":\"search_term_string\"}}],\"inLanguage\":\"es\"},{\"@type\":\"Organization\",\"@id\":\"https:\\\/\\\/lospoliticosveracruz.com\\\/#organization\",\"name\":\"Los pol\u00edticos Veracruz\",\"url\":\"https:\\\/\\\/lospoliticosveracruz.com\\\/\",\"logo\":{\"@type\":\"ImageObject\",\"inLanguage\":\"es\",\"@id\":\"https:\\\/\\\/lospoliticosveracruz.com\\\/#\\\/schema\\\/logo\\\/image\\\/\",\"url\":\"https:\\\/\\\/lospoliticosveracruz.com\\\/wp-content\\\/uploads\\\/2025\\\/12\\\/Logo-Nuevo-LOS-POLITICOS-1.jpg\",\"contentUrl\":\"https:\\\/\\\/lospoliticosveracruz.com\\\/wp-content\\\/uploads\\\/2025\\\/12\\\/Logo-Nuevo-LOS-POLITICOS-1.jpg\",\"width\":260,\"height\":70,\"caption\":\"Los pol\u00edticos Veracruz\"},\"image\":{\"@id\":\"https:\\\/\\\/lospoliticosveracruz.com\\\/#\\\/schema\\\/logo\\\/image\\\/\"},\"sameAs\":[\"https:\\\/\\\/www.facebook.com\\\/people\\\/Notimemes-de-los-Polticos\\\/61565672886568\\\/\",\"https:\\\/\\\/x.com\\\/LosPoliticosVer\"]},{\"@type\":\"Person\",\"@id\":\"https:\\\/\\\/lospoliticosveracruz.com\\\/#\\\/schema\\\/person\\\/b8702bb0e538456e6efd07080bf2a4a2\",\"name\":\"Lo viste en Los Pol\u00edticos\",\"image\":{\"@type\":\"ImageObject\",\"inLanguage\":\"es\",\"@id\":\"https:\\\/\\\/secure.gravatar.com\\\/avatar\\\/3a8de04a2656d44082be478bd6c086daa447c4651605818287b9532d3d0bd435?s=96&d=mm&r=g\",\"url\":\"https:\\\/\\\/secure.gravatar.com\\\/avatar\\\/3a8de04a2656d44082be478bd6c086daa447c4651605818287b9532d3d0bd435?s=96&d=mm&r=g\",\"contentUrl\":\"https:\\\/\\\/secure.gravatar.com\\\/avatar\\\/3a8de04a2656d44082be478bd6c086daa447c4651605818287b9532d3d0bd435?s=96&d=mm&r=g\",\"caption\":\"Lo viste en Los Pol\u00edticos\"},\"url\":\"https:\\\/\\\/lospoliticosveracruz.com\\\/?author=2\"}]}<\/script>\n<!-- \/ Yoast SEO plugin. -->","yoast_head_json":{"title":"Alianza o reconciliaci\u00f3n - Los pol\u00edticos Veracruz","robots":{"index":"index","follow":"follow","max-snippet":"max-snippet:-1","max-image-preview":"max-image-preview:large","max-video-preview":"max-video-preview:-1"},"canonical":"https:\/\/lospoliticosveracruz.com\/?p=66530","og_locale":"es_ES","og_type":"article","og_title":"Alianza o reconciliaci\u00f3n - Los pol\u00edticos Veracruz","og_description":"&nbsp; Salvador Mu\u00f1oz Los Pol\u00edticos A como van las cosas, es m\u00e1s f\u00e1cil que se d\u00e9 la alianza PAN-PRI-PRD, que haya una aut\u00e9ntica reconciliaci\u00f3n al interior del PAN. Hay la sensaci\u00f3n de que Joaqu\u00edn Guzm\u00e1n Avil\u00e9s entiende que esta elecci\u00f3n, es la oportunidad de hacer una purga en el PAN o en otras palabras: \u201cDesayunarlo\u201d [&hellip;]","og_url":"https:\/\/lospoliticosveracruz.com\/?p=66530","og_site_name":"Los pol\u00edticos Veracruz","article_publisher":"https:\/\/www.facebook.com\/people\/Notimemes-de-los-Polticos\/61565672886568\/","article_published_time":"2021-01-13T03:13:45+00:00","og_image":[{"url":"http:\/\/www.lospoliticosveracruz.com.mx\/wp-content\/uploads\/2020\/07\/CINTILLO-Armando.jpg","type":"","width":"","height":""}],"author":"Lo viste en Los Pol\u00edticos","twitter_card":"summary_large_image","twitter_creator":"@LosPoliticosVer","twitter_site":"@LosPoliticosVer","twitter_misc":{"Escrito por":"Lo viste en Los Pol\u00edticos","Tiempo de lectura":"3 minutos"},"schema":{"@context":"https:\/\/schema.org","@graph":[{"@type":"Article","@id":"https:\/\/lospoliticosveracruz.com\/?p=66530#article","isPartOf":{"@id":"https:\/\/lospoliticosveracruz.com\/?p=66530"},"author":{"name":"Lo viste en Los Pol\u00edticos","@id":"https:\/\/lospoliticosveracruz.com\/#\/schema\/person\/b8702bb0e538456e6efd07080bf2a4a2"},"headline":"Alianza o reconciliaci\u00f3n","datePublished":"2021-01-13T03:13:45+00:00","mainEntityOfPage":{"@id":"https:\/\/lospoliticosveracruz.com\/?p=66530"},"wordCount":652,"commentCount":0,"publisher":{"@id":"https:\/\/lospoliticosveracruz.com\/#organization"},"image":{"@id":"https:\/\/lospoliticosveracruz.com\/?p=66530#primaryimage"},"thumbnailUrl":"http:\/\/www.lospoliticosveracruz.com.mx\/wp-content\/uploads\/2020\/07\/CINTILLO-Armando.jpg","keywords":["Bingen Rementer\u00eda","Chapito","Enrique Trejo","Fernando Yunes M\u00e1rquez","Joaqu\u00edn Guzm\u00e1n Avil\u00e9s","Luis Mellado","Marcos Isle\u00f1o","Melchor N\u00fa\u00f1ez","Miguel David Hermida Copado","Polo Deschamps","PT","PVEM","reconciliaci\u00f3n","Salvador Mu\u00f1oz"],"articleSection":["De Opini\u00f3n"],"inLanguage":"es","potentialAction":[{"@type":"CommentAction","name":"Comment","target":["https:\/\/lospoliticosveracruz.com\/?p=66530#respond"]}]},{"@type":"WebPage","@id":"https:\/\/lospoliticosveracruz.com\/?p=66530","url":"https:\/\/lospoliticosveracruz.com\/?p=66530","name":"Alianza o reconciliaci\u00f3n - Los pol\u00edticos Veracruz","isPartOf":{"@id":"https:\/\/lospoliticosveracruz.com\/#website"},"primaryImageOfPage":{"@id":"https:\/\/lospoliticosveracruz.com\/?p=66530#primaryimage"},"image":{"@id":"https:\/\/lospoliticosveracruz.com\/?p=66530#primaryimage"},"thumbnailUrl":"http:\/\/www.lospoliticosveracruz.com.mx\/wp-content\/uploads\/2020\/07\/CINTILLO-Armando.jpg","datePublished":"2021-01-13T03:13:45+00:00","breadcrumb":{"@id":"https:\/\/lospoliticosveracruz.com\/?p=66530#breadcrumb"},"inLanguage":"es","potentialAction":[{"@type":"ReadAction","target":["https:\/\/lospoliticosveracruz.com\/?p=66530"]}]},{"@type":"ImageObject","inLanguage":"es","@id":"https:\/\/lospoliticosveracruz.com\/?p=66530#primaryimage","url":"http:\/\/www.lospoliticosveracruz.com.mx\/wp-content\/uploads\/2020\/07\/CINTILLO-Armando.jpg","contentUrl":"http:\/\/www.lospoliticosveracruz.com.mx\/wp-content\/uploads\/2020\/07\/CINTILLO-Armando.jpg"},{"@type":"BreadcrumbList","@id":"https:\/\/lospoliticosveracruz.com\/?p=66530#breadcrumb","itemListElement":[{"@type":"ListItem","position":1,"name":"Portada","item":"https:\/\/lospoliticosveracruz.com\/"},{"@type":"ListItem","position":2,"name":"Alianza o reconciliaci\u00f3n"}]},{"@type":"WebSite","@id":"https:\/\/lospoliticosveracruz.com\/#website","url":"https:\/\/lospoliticosveracruz.com\/","name":"Los pol\u00edticos Veracruz","description":"","publisher":{"@id":"https:\/\/lospoliticosveracruz.com\/#organization"},"potentialAction":[{"@type":"SearchAction","target":{"@type":"EntryPoint","urlTemplate":"https:\/\/lospoliticosveracruz.com\/?s={search_term_string}"},"query-input":{"@type":"PropertyValueSpecification","valueRequired":true,"valueName":"search_term_string"}}],"inLanguage":"es"},{"@type":"Organization","@id":"https:\/\/lospoliticosveracruz.com\/#organization","name":"Los pol\u00edticos Veracruz","url":"https:\/\/lospoliticosveracruz.com\/","logo":{"@type":"ImageObject","inLanguage":"es","@id":"https:\/\/lospoliticosveracruz.com\/#\/schema\/logo\/image\/","url":"https:\/\/lospoliticosveracruz.com\/wp-content\/uploads\/2025\/12\/Logo-Nuevo-LOS-POLITICOS-1.jpg","contentUrl":"https:\/\/lospoliticosveracruz.com\/wp-content\/uploads\/2025\/12\/Logo-Nuevo-LOS-POLITICOS-1.jpg","width":260,"height":70,"caption":"Los pol\u00edticos Veracruz"},"image":{"@id":"https:\/\/lospoliticosveracruz.com\/#\/schema\/logo\/image\/"},"sameAs":["https:\/\/www.facebook.com\/people\/Notimemes-de-los-Polticos\/61565672886568\/","https:\/\/x.com\/LosPoliticosVer"]},{"@type":"Person","@id":"https:\/\/lospoliticosveracruz.com\/#\/schema\/person\/b8702bb0e538456e6efd07080bf2a4a2","name":"Lo viste en Los Pol\u00edticos","image":{"@type":"ImageObject","inLanguage":"es","@id":"https:\/\/secure.gravatar.com\/avatar\/3a8de04a2656d44082be478bd6c086daa447c4651605818287b9532d3d0bd435?s=96&d=mm&r=g","url":"https:\/\/secure.gravatar.com\/avatar\/3a8de04a2656d44082be478bd6c086daa447c4651605818287b9532d3d0bd435?s=96&d=mm&r=g","contentUrl":"https:\/\/secure.gravatar.com\/avatar\/3a8de04a2656d44082be478bd6c086daa447c4651605818287b9532d3d0bd435?s=96&d=mm&r=g","caption":"Lo viste en Los Pol\u00edticos"},"url":"https:\/\/lospoliticosveracruz.com\/?author=2"}]}},"_links":{"self":[{"href":"https:\/\/lospoliticosveracruz.com\/index.php?rest_route=\/wp\/v2\/posts\/66530","targetHints":{"allow":["GET"]}}],"collection":[{"href":"https:\/\/lospoliticosveracruz.com\/index.php?rest_route=\/wp\/v2\/posts"}],"about":[{"href":"https:\/\/lospoliticosveracruz.com\/index.php?rest_route=\/wp\/v2\/types\/post"}],"author":[{"embeddable":true,"href":"https:\/\/lospoliticosveracruz.com\/index.php?rest_route=\/wp\/v2\/users\/2"}],"replies":[{"embeddable":true,"href":"https:\/\/lospoliticosveracruz.com\/index.php?rest_route=%2Fwp%2Fv2%2Fcomments&post=66530"}],"version-history":[{"count":1,"href":"https:\/\/lospoliticosveracruz.com\/index.php?rest_route=\/wp\/v2\/posts\/66530\/revisions"}],"predecessor-version":[{"id":66533,"href":"https:\/\/lospoliticosveracruz.com\/index.php?rest_route=\/wp\/v2\/posts\/66530\/revisions\/66533"}],"wp:attachment":[{"href":"https:\/\/lospoliticosveracruz.com\/index.php?rest_route=%2Fwp%2Fv2%2Fmedia&parent=66530"}],"wp:term":[{"taxonomy":"category","embeddable":true,"href":"https:\/\/lospoliticosveracruz.com\/index.php?rest_route=%2Fwp%2Fv2%2Fcategories&post=66530"},{"taxonomy":"post_tag","embeddable":true,"href":"https:\/\/lospoliticosveracruz.com\/index.php?rest_route=%2Fwp%2Fv2%2Ftags&post=66530"}],"curies":[{"name":"wp","href":"https:\/\/api.w.org\/{rel}","templated":true}]}}