{"id":66537,"date":"2021-01-13T08:24:48","date_gmt":"2021-01-13T14:24:48","guid":{"rendered":"http:\/\/www.lospoliticosveracruz.com.mx\/?p=66537"},"modified":"2021-01-13T08:41:53","modified_gmt":"2021-01-13T14:41:53","slug":"una-oportunidad-de-cambiar","status":"publish","type":"post","link":"https:\/\/lospoliticosveracruz.com\/?p=66537","title":{"rendered":"Una oportunidad de cambiar"},"content":{"rendered":"<p><strong>Maricarmen Garc\u00eda El\u00edas<\/strong><br \/>\n<em>Animalia<\/em><\/p>\n<p>Cada inicio de a\u00f1o nuevo la gente se plantea cambios en su vida para ser mejores, por ejemplo ser puntuales, bajar de peso, salir a correr, etc. Optar por una dieta sana sin carne tambi\u00e9n deber\u00eda ser un prop\u00f3sito que conlleva enormes beneficios para mejorar nuestra alimentaci\u00f3n y al mismo tiempo contribuye al bienestar del medio ambiente y al trato \u00e9tico hacia los animales.<br \/>\nDe acuerdo a Protecci\u00f3n Animal Mundial las granjas industriales son una de las principales causas del cambio clim\u00e1tico y la deforestaci\u00f3n y es que las granjas industriales emiten m\u00e1s gases de efecto invernadero que todo el transporte del mundo combinado. Podemos hacer nuestra parte para combatir el cambio clim\u00e1tico simplemente reduciendo la cantidad de carne de bajo bienestar que consumimos.<br \/>\nPor otro lado, de acuerdo a datos de esta organizaci\u00f3n, de los m\u00e1s de 70 mil millones de animales que se cr\u00edan anualmente, 50 mil millones de ellos pasan sus vidas en granjas industriales. Las condiciones de toda su vida &#8211; aunque sea corta para la mayor\u00eda de estos animales- son un infierno pues el hacinamiento y la forma en que son sacrificados es inhumana, el escaso espacio al que son sometidos les impide tener un comportamiento natural y movimiento por lo que reducir el consumo de carne marcar\u00e1 una gran diferencia en la vida de estos animales y liberar\u00e1 recursos para ayudar a avanzar hacia una mayor producci\u00f3n de bienestar.<br \/>\nAl consumir menos carne tambi\u00e9n ayudas a los tablajeros, los trabajadores de las granjas industriales son tratados en muchos casos con la misma crueldad que los animales. Estos trabajadores corren innumerables peligros en el lugar de trabajo por ejemplo lesiones potencialmente mortales, enfermedades respiratorias y exposici\u00f3n a bacterias peligrosas resistentes a los antibi\u00f3ticos, por lo que al comer carne ayudas a defender a estos trabajadores explotados y a retirar el apoyo financiero a las empresas que se benefician de las malas pr\u00e1cticas laborales.<br \/>\nUno de los beneficios m\u00e1s importantes de una dieta sin carne es el cuidado del agua, las granjas industriales consumen mucha agua. Solo en Estados Unidos, la ganader\u00eda utiliza un 56% del agua que se usa en todo el pa\u00eds. La organizaci\u00f3n Food Tank detalla que se requieren 1,799 galones de agua para producir casi medio kilo de carne de res, y casi medio kilo de carne de cerdo requieren 576 galones de agua.<br \/>\nLas hambrunas tambi\u00e9n se pueden erradicar en su totalidad al dejar de consumir carne. Hay casi mil millones de personas pasando hambre en el planeta, mientras que se necesitan aproximadamente 7,2 kilos de grano para producir solo medio kilo de carne. Es evidente que al reducir el consumo de carne disminuimos el desperdicio asociado con las granjas industriales.<br \/>\nRelacionado al punto anterior, las tierras de pastoreo y de cultivos utilizan en la actualidad m\u00e1s de un tercio de la superficie terrestre. Con esta r\u00e1pida p\u00e9rdida de h\u00e1bitat, estamos perdiendo especies silvestres a un ritmo alarmante y los expertos advierten que se avecina una extinci\u00f3n masiva, no comer carne contribuye a la supervivencia de la vida silvestre.<br \/>\nAdem\u00e1s de que una dieta vegana o vegetariana representa una forma nutritiva, f\u00e1cil, econ\u00f3mica y deliciosa de alimentarse, innumerables estudios muestran los beneficios de comer prote\u00edna a base de plantas en comparaci\u00f3n con las de origen animal. Desde reducir las tasas de c\u00e1ncer y enfermedades card\u00edacas hasta lograr una mayor esperanza de vida en general, al consumir m\u00e1s alimentos de origen vegetal, mejoras tu propia salud.<\/p>\n<p><strong>Autoridades pro animales<\/strong><br \/>\nEn estos d\u00edas circularon en redes sociales fotograf\u00edas del titular de SEFIPLAN, Jos\u00e9 Luis Lima Franco,  dando a conocer el resguardo que ha hecho de algunos perritos en situaci\u00f3n de calle que llegaron a esa dependencia hace aproximadamente 5 a\u00f1os, para hacer oficial esta acci\u00f3n les confeccionaron chalecos que los resguardan del fr\u00edo con el logotipo institucional y se le comunic\u00f3 al personal sobre el trato \u00e9tico hacia estos animales. Tiempo atr\u00e1s  la titular del Instituto de Pensiones del Estado, Daniela Griego Ceballos, fue fotografiada en su oficina trabajando en perfecta armon\u00eda con algunos gatos alrededor que ya habitaban en ese inmueble. Tambi\u00e9n se dio a conocer la ayuda que brind\u00f3 la Brigada de Protecci\u00f3n a los Animales del Ayuntamiento de Xalapa en respuesta al maltrato de 5 perros a sol y agua. Un reconocimiento a estas autoridades por actuar as\u00ed.<br \/>\nPor cuanto hace a la FEDAYCA que es la Fiscal\u00eda encargada de sancionar el maltrato animal, nos comentan que ya se est\u00e1n reactivando esperemos y sea as\u00ed y se pongan a trabajar  en todo el estado para castigar a los maltratadores y prevenir otros delitos pues en ciudades como C\u00f3rdoba no saben ni con qu\u00e9 se come una denuncia de maltrato animal, hacen dar vueltas y vueltas a los activistas para interponer una denuncia.<\/p>\n","protected":false},"excerpt":{"rendered":"<p>Maricarmen Garc\u00eda El\u00edas Animalia Cada inicio de a\u00f1o nuevo la gente se plantea cambios en su vida para ser mejores, por ejemplo ser puntuales, bajar de peso, salir a correr, etc. Optar por una dieta sana sin carne tambi\u00e9n deber\u00eda ser un prop\u00f3sito que conlleva enormes beneficios para mejorar nuestra alimentaci\u00f3n y al mismo tiempo [&hellip;]<\/p>\n","protected":false},"author":2,"featured_media":0,"comment_status":"open","ping_status":"open","sticky":false,"template":"","format":"standard","meta":{"tdm_status":"","tdm_grid_status":"","footnotes":""},"categories":[6451],"tags":[25157,3312,25155,25156,19199,25154,13713,25158,16828,23272,640],"class_list":{"0":"post-66537","1":"post","2":"type-post","3":"status-publish","4":"format-standard","6":"category-historias_de_amigos","7":"tag-brigada-de-proteccion","8":"tag-delito","9":"tag-dieta-sin-carne","10":"tag-dieta-vegana","11":"tag-fedayca","12":"tag-granjas-industriales","13":"tag-jose-luis-lima-franco","14":"tag-maltratadores","15":"tag-maricarmen-garcia-elias","16":"tag-proteccion-animal-mundial","17":"tag-sefiplan"},"yoast_head":"<!-- This site is optimized with the Yoast SEO plugin v27.4 - https:\/\/yoast.com\/product\/yoast-seo-wordpress\/ -->\n<title>Una oportunidad de cambiar - Los pol\u00edticos Veracruz<\/title>\n<meta name=\"robots\" content=\"index, follow, max-snippet:-1, max-image-preview:large, max-video-preview:-1\" \/>\n<link rel=\"canonical\" href=\"https:\/\/lospoliticosveracruz.com\/?p=66537\" \/>\n<meta property=\"og:locale\" content=\"es_ES\" \/>\n<meta property=\"og:type\" content=\"article\" \/>\n<meta property=\"og:title\" content=\"Una oportunidad de cambiar - Los pol\u00edticos Veracruz\" \/>\n<meta property=\"og:description\" content=\"Maricarmen Garc\u00eda El\u00edas Animalia Cada inicio de a\u00f1o nuevo la gente se plantea cambios en su vida para ser mejores, por ejemplo ser puntuales, bajar de peso, salir a correr, etc. Optar por una dieta sana sin carne tambi\u00e9n deber\u00eda ser un prop\u00f3sito que conlleva enormes beneficios para mejorar nuestra alimentaci\u00f3n y al mismo tiempo [&hellip;]\" \/>\n<meta property=\"og:url\" content=\"https:\/\/lospoliticosveracruz.com\/?p=66537\" \/>\n<meta property=\"og:site_name\" content=\"Los pol\u00edticos Veracruz\" \/>\n<meta property=\"article:publisher\" content=\"https:\/\/www.facebook.com\/people\/Notimemes-de-los-Polticos\/61565672886568\/\" \/>\n<meta property=\"article:published_time\" content=\"2021-01-13T14:24:48+00:00\" \/>\n<meta property=\"article:modified_time\" content=\"2021-01-13T14:41:53+00:00\" \/>\n<meta property=\"og:image\" content=\"https:\/\/lospoliticosveracruz.com\/wp-content\/uploads\/2016\/07\/Logo-Dor.jpg\" \/>\n\t<meta property=\"og:image:width\" content=\"200\" \/>\n\t<meta property=\"og:image:height\" content=\"200\" \/>\n\t<meta property=\"og:image:type\" content=\"image\/jpeg\" \/>\n<meta name=\"author\" content=\"Lo viste en Los Pol\u00edticos\" \/>\n<meta name=\"twitter:card\" content=\"summary_large_image\" \/>\n<meta name=\"twitter:creator\" content=\"@LosPoliticosVer\" \/>\n<meta name=\"twitter:site\" content=\"@LosPoliticosVer\" \/>\n<meta name=\"twitter:label1\" content=\"Escrito por\" \/>\n\t<meta name=\"twitter:data1\" content=\"Lo viste en Los Pol\u00edticos\" \/>\n\t<meta name=\"twitter:label2\" content=\"Tiempo de lectura\" \/>\n\t<meta name=\"twitter:data2\" content=\"4 minutos\" \/>\n<script type=\"application\/ld+json\" class=\"yoast-schema-graph\">{\"@context\":\"https:\\\/\\\/schema.org\",\"@graph\":[{\"@type\":\"Article\",\"@id\":\"https:\\\/\\\/lospoliticosveracruz.com\\\/?p=66537#article\",\"isPartOf\":{\"@id\":\"https:\\\/\\\/lospoliticosveracruz.com\\\/?p=66537\"},\"author\":{\"name\":\"Lo viste en Los Pol\u00edticos\",\"@id\":\"https:\\\/\\\/lospoliticosveracruz.com\\\/#\\\/schema\\\/person\\\/b8702bb0e538456e6efd07080bf2a4a2\"},\"headline\":\"Una oportunidad de cambiar\",\"datePublished\":\"2021-01-13T14:24:48+00:00\",\"dateModified\":\"2021-01-13T14:41:53+00:00\",\"mainEntityOfPage\":{\"@id\":\"https:\\\/\\\/lospoliticosveracruz.com\\\/?p=66537\"},\"wordCount\":844,\"commentCount\":0,\"publisher\":{\"@id\":\"https:\\\/\\\/lospoliticosveracruz.com\\\/#organization\"},\"keywords\":[\"Brigada de protecci\u00f3n\",\"delito\",\"Dieta sin carne\",\"Dieta vegana\",\"FEDAYCA\",\"Granjas industriales\",\"Jos\u00e9 Luis Lima Franco\",\"maltratadores\",\"Maricarmen Garc\u00eda El\u00edas\",\"Protecci\u00f3n Animal Mundial\",\"Sefiplan\"],\"articleSection\":[\"Historias de Amigos\"],\"inLanguage\":\"es\",\"potentialAction\":[{\"@type\":\"CommentAction\",\"name\":\"Comment\",\"target\":[\"https:\\\/\\\/lospoliticosveracruz.com\\\/?p=66537#respond\"]}]},{\"@type\":\"WebPage\",\"@id\":\"https:\\\/\\\/lospoliticosveracruz.com\\\/?p=66537\",\"url\":\"https:\\\/\\\/lospoliticosveracruz.com\\\/?p=66537\",\"name\":\"Una oportunidad de cambiar - Los pol\u00edticos Veracruz\",\"isPartOf\":{\"@id\":\"https:\\\/\\\/lospoliticosveracruz.com\\\/#website\"},\"datePublished\":\"2021-01-13T14:24:48+00:00\",\"dateModified\":\"2021-01-13T14:41:53+00:00\",\"breadcrumb\":{\"@id\":\"https:\\\/\\\/lospoliticosveracruz.com\\\/?p=66537#breadcrumb\"},\"inLanguage\":\"es\",\"potentialAction\":[{\"@type\":\"ReadAction\",\"target\":[\"https:\\\/\\\/lospoliticosveracruz.com\\\/?p=66537\"]}]},{\"@type\":\"BreadcrumbList\",\"@id\":\"https:\\\/\\\/lospoliticosveracruz.com\\\/?p=66537#breadcrumb\",\"itemListElement\":[{\"@type\":\"ListItem\",\"position\":1,\"name\":\"Portada\",\"item\":\"https:\\\/\\\/lospoliticosveracruz.com\\\/\"},{\"@type\":\"ListItem\",\"position\":2,\"name\":\"Una oportunidad de cambiar\"}]},{\"@type\":\"WebSite\",\"@id\":\"https:\\\/\\\/lospoliticosveracruz.com\\\/#website\",\"url\":\"https:\\\/\\\/lospoliticosveracruz.com\\\/\",\"name\":\"Los pol\u00edticos Veracruz\",\"description\":\"\",\"publisher\":{\"@id\":\"https:\\\/\\\/lospoliticosveracruz.com\\\/#organization\"},\"potentialAction\":[{\"@type\":\"SearchAction\",\"target\":{\"@type\":\"EntryPoint\",\"urlTemplate\":\"https:\\\/\\\/lospoliticosveracruz.com\\\/?s={search_term_string}\"},\"query-input\":{\"@type\":\"PropertyValueSpecification\",\"valueRequired\":true,\"valueName\":\"search_term_string\"}}],\"inLanguage\":\"es\"},{\"@type\":\"Organization\",\"@id\":\"https:\\\/\\\/lospoliticosveracruz.com\\\/#organization\",\"name\":\"Los pol\u00edticos Veracruz\",\"url\":\"https:\\\/\\\/lospoliticosveracruz.com\\\/\",\"logo\":{\"@type\":\"ImageObject\",\"inLanguage\":\"es\",\"@id\":\"https:\\\/\\\/lospoliticosveracruz.com\\\/#\\\/schema\\\/logo\\\/image\\\/\",\"url\":\"https:\\\/\\\/lospoliticosveracruz.com\\\/wp-content\\\/uploads\\\/2025\\\/12\\\/Logo-Nuevo-LOS-POLITICOS-1.jpg\",\"contentUrl\":\"https:\\\/\\\/lospoliticosveracruz.com\\\/wp-content\\\/uploads\\\/2025\\\/12\\\/Logo-Nuevo-LOS-POLITICOS-1.jpg\",\"width\":260,\"height\":70,\"caption\":\"Los pol\u00edticos Veracruz\"},\"image\":{\"@id\":\"https:\\\/\\\/lospoliticosveracruz.com\\\/#\\\/schema\\\/logo\\\/image\\\/\"},\"sameAs\":[\"https:\\\/\\\/www.facebook.com\\\/people\\\/Notimemes-de-los-Polticos\\\/61565672886568\\\/\",\"https:\\\/\\\/x.com\\\/LosPoliticosVer\"]},{\"@type\":\"Person\",\"@id\":\"https:\\\/\\\/lospoliticosveracruz.com\\\/#\\\/schema\\\/person\\\/b8702bb0e538456e6efd07080bf2a4a2\",\"name\":\"Lo viste en Los Pol\u00edticos\",\"image\":{\"@type\":\"ImageObject\",\"inLanguage\":\"es\",\"@id\":\"https:\\\/\\\/secure.gravatar.com\\\/avatar\\\/3a8de04a2656d44082be478bd6c086daa447c4651605818287b9532d3d0bd435?s=96&d=mm&r=g\",\"url\":\"https:\\\/\\\/secure.gravatar.com\\\/avatar\\\/3a8de04a2656d44082be478bd6c086daa447c4651605818287b9532d3d0bd435?s=96&d=mm&r=g\",\"contentUrl\":\"https:\\\/\\\/secure.gravatar.com\\\/avatar\\\/3a8de04a2656d44082be478bd6c086daa447c4651605818287b9532d3d0bd435?s=96&d=mm&r=g\",\"caption\":\"Lo viste en Los Pol\u00edticos\"},\"url\":\"https:\\\/\\\/lospoliticosveracruz.com\\\/?author=2\"}]}<\/script>\n<!-- \/ Yoast SEO plugin. -->","yoast_head_json":{"title":"Una oportunidad de cambiar - Los pol\u00edticos Veracruz","robots":{"index":"index","follow":"follow","max-snippet":"max-snippet:-1","max-image-preview":"max-image-preview:large","max-video-preview":"max-video-preview:-1"},"canonical":"https:\/\/lospoliticosveracruz.com\/?p=66537","og_locale":"es_ES","og_type":"article","og_title":"Una oportunidad de cambiar - Los pol\u00edticos Veracruz","og_description":"Maricarmen Garc\u00eda El\u00edas Animalia Cada inicio de a\u00f1o nuevo la gente se plantea cambios en su vida para ser mejores, por ejemplo ser puntuales, bajar de peso, salir a correr, etc. Optar por una dieta sana sin carne tambi\u00e9n deber\u00eda ser un prop\u00f3sito que conlleva enormes beneficios para mejorar nuestra alimentaci\u00f3n y al mismo tiempo [&hellip;]","og_url":"https:\/\/lospoliticosveracruz.com\/?p=66537","og_site_name":"Los pol\u00edticos Veracruz","article_publisher":"https:\/\/www.facebook.com\/people\/Notimemes-de-los-Polticos\/61565672886568\/","article_published_time":"2021-01-13T14:24:48+00:00","article_modified_time":"2021-01-13T14:41:53+00:00","og_image":[{"width":200,"height":200,"url":"https:\/\/lospoliticosveracruz.com\/wp-content\/uploads\/2016\/07\/Logo-Dor.jpg","type":"image\/jpeg"}],"author":"Lo viste en Los Pol\u00edticos","twitter_card":"summary_large_image","twitter_creator":"@LosPoliticosVer","twitter_site":"@LosPoliticosVer","twitter_misc":{"Escrito por":"Lo viste en Los Pol\u00edticos","Tiempo de lectura":"4 minutos"},"schema":{"@context":"https:\/\/schema.org","@graph":[{"@type":"Article","@id":"https:\/\/lospoliticosveracruz.com\/?p=66537#article","isPartOf":{"@id":"https:\/\/lospoliticosveracruz.com\/?p=66537"},"author":{"name":"Lo viste en Los Pol\u00edticos","@id":"https:\/\/lospoliticosveracruz.com\/#\/schema\/person\/b8702bb0e538456e6efd07080bf2a4a2"},"headline":"Una oportunidad de cambiar","datePublished":"2021-01-13T14:24:48+00:00","dateModified":"2021-01-13T14:41:53+00:00","mainEntityOfPage":{"@id":"https:\/\/lospoliticosveracruz.com\/?p=66537"},"wordCount":844,"commentCount":0,"publisher":{"@id":"https:\/\/lospoliticosveracruz.com\/#organization"},"keywords":["Brigada de protecci\u00f3n","delito","Dieta sin carne","Dieta vegana","FEDAYCA","Granjas industriales","Jos\u00e9 Luis Lima Franco","maltratadores","Maricarmen Garc\u00eda El\u00edas","Protecci\u00f3n Animal Mundial","Sefiplan"],"articleSection":["Historias de Amigos"],"inLanguage":"es","potentialAction":[{"@type":"CommentAction","name":"Comment","target":["https:\/\/lospoliticosveracruz.com\/?p=66537#respond"]}]},{"@type":"WebPage","@id":"https:\/\/lospoliticosveracruz.com\/?p=66537","url":"https:\/\/lospoliticosveracruz.com\/?p=66537","name":"Una oportunidad de cambiar - Los pol\u00edticos Veracruz","isPartOf":{"@id":"https:\/\/lospoliticosveracruz.com\/#website"},"datePublished":"2021-01-13T14:24:48+00:00","dateModified":"2021-01-13T14:41:53+00:00","breadcrumb":{"@id":"https:\/\/lospoliticosveracruz.com\/?p=66537#breadcrumb"},"inLanguage":"es","potentialAction":[{"@type":"ReadAction","target":["https:\/\/lospoliticosveracruz.com\/?p=66537"]}]},{"@type":"BreadcrumbList","@id":"https:\/\/lospoliticosveracruz.com\/?p=66537#breadcrumb","itemListElement":[{"@type":"ListItem","position":1,"name":"Portada","item":"https:\/\/lospoliticosveracruz.com\/"},{"@type":"ListItem","position":2,"name":"Una oportunidad de cambiar"}]},{"@type":"WebSite","@id":"https:\/\/lospoliticosveracruz.com\/#website","url":"https:\/\/lospoliticosveracruz.com\/","name":"Los pol\u00edticos Veracruz","description":"","publisher":{"@id":"https:\/\/lospoliticosveracruz.com\/#organization"},"potentialAction":[{"@type":"SearchAction","target":{"@type":"EntryPoint","urlTemplate":"https:\/\/lospoliticosveracruz.com\/?s={search_term_string}"},"query-input":{"@type":"PropertyValueSpecification","valueRequired":true,"valueName":"search_term_string"}}],"inLanguage":"es"},{"@type":"Organization","@id":"https:\/\/lospoliticosveracruz.com\/#organization","name":"Los pol\u00edticos Veracruz","url":"https:\/\/lospoliticosveracruz.com\/","logo":{"@type":"ImageObject","inLanguage":"es","@id":"https:\/\/lospoliticosveracruz.com\/#\/schema\/logo\/image\/","url":"https:\/\/lospoliticosveracruz.com\/wp-content\/uploads\/2025\/12\/Logo-Nuevo-LOS-POLITICOS-1.jpg","contentUrl":"https:\/\/lospoliticosveracruz.com\/wp-content\/uploads\/2025\/12\/Logo-Nuevo-LOS-POLITICOS-1.jpg","width":260,"height":70,"caption":"Los pol\u00edticos Veracruz"},"image":{"@id":"https:\/\/lospoliticosveracruz.com\/#\/schema\/logo\/image\/"},"sameAs":["https:\/\/www.facebook.com\/people\/Notimemes-de-los-Polticos\/61565672886568\/","https:\/\/x.com\/LosPoliticosVer"]},{"@type":"Person","@id":"https:\/\/lospoliticosveracruz.com\/#\/schema\/person\/b8702bb0e538456e6efd07080bf2a4a2","name":"Lo viste en Los Pol\u00edticos","image":{"@type":"ImageObject","inLanguage":"es","@id":"https:\/\/secure.gravatar.com\/avatar\/3a8de04a2656d44082be478bd6c086daa447c4651605818287b9532d3d0bd435?s=96&d=mm&r=g","url":"https:\/\/secure.gravatar.com\/avatar\/3a8de04a2656d44082be478bd6c086daa447c4651605818287b9532d3d0bd435?s=96&d=mm&r=g","contentUrl":"https:\/\/secure.gravatar.com\/avatar\/3a8de04a2656d44082be478bd6c086daa447c4651605818287b9532d3d0bd435?s=96&d=mm&r=g","caption":"Lo viste en Los Pol\u00edticos"},"url":"https:\/\/lospoliticosveracruz.com\/?author=2"}]}},"_links":{"self":[{"href":"https:\/\/lospoliticosveracruz.com\/index.php?rest_route=\/wp\/v2\/posts\/66537","targetHints":{"allow":["GET"]}}],"collection":[{"href":"https:\/\/lospoliticosveracruz.com\/index.php?rest_route=\/wp\/v2\/posts"}],"about":[{"href":"https:\/\/lospoliticosveracruz.com\/index.php?rest_route=\/wp\/v2\/types\/post"}],"author":[{"embeddable":true,"href":"https:\/\/lospoliticosveracruz.com\/index.php?rest_route=\/wp\/v2\/users\/2"}],"replies":[{"embeddable":true,"href":"https:\/\/lospoliticosveracruz.com\/index.php?rest_route=%2Fwp%2Fv2%2Fcomments&post=66537"}],"version-history":[{"count":1,"href":"https:\/\/lospoliticosveracruz.com\/index.php?rest_route=\/wp\/v2\/posts\/66537\/revisions"}],"predecessor-version":[{"id":66539,"href":"https:\/\/lospoliticosveracruz.com\/index.php?rest_route=\/wp\/v2\/posts\/66537\/revisions\/66539"}],"wp:attachment":[{"href":"https:\/\/lospoliticosveracruz.com\/index.php?rest_route=%2Fwp%2Fv2%2Fmedia&parent=66537"}],"wp:term":[{"taxonomy":"category","embeddable":true,"href":"https:\/\/lospoliticosveracruz.com\/index.php?rest_route=%2Fwp%2Fv2%2Fcategories&post=66537"},{"taxonomy":"post_tag","embeddable":true,"href":"https:\/\/lospoliticosveracruz.com\/index.php?rest_route=%2Fwp%2Fv2%2Ftags&post=66537"}],"curies":[{"name":"wp","href":"https:\/\/api.w.org\/{rel}","templated":true}]}}