{"id":66615,"date":"2021-01-14T10:53:21","date_gmt":"2021-01-14T16:53:21","guid":{"rendered":"http:\/\/www.lospoliticosveracruz.com.mx\/?p=66615"},"modified":"2021-01-14T10:55:27","modified_gmt":"2021-01-14T16:55:27","slug":"va-el-sabalo-de-plata","status":"publish","type":"post","link":"https:\/\/lospoliticosveracruz.com\/?p=66615","title":{"rendered":"Va el S\u00e1balo de Plata!"},"content":{"rendered":"<p>&nbsp;<\/p>\n<p>La edici\u00f3n #56 del Torneo Internacional del S\u00e1balo de Plata 2020 ha sido anunciada, ser\u00e1 del 20 al 22 de mayo, as\u00ed fue revelado en las redes sociales oficiales del Club de Yates Veracruz.<br \/>\n\u201cLa Tradici\u00f3n Contin\u00faa\u201d \u2026 El hist\u00f3rico certamen de pesca deportiva del Golfo de M\u00e9xico, desarrollado anualmente por el Club de Yates Veracruz, tendr\u00e1 sede en Marina Veramar, en donde se estima la participaci\u00f3n de prestigiados pescadores deportivos nacionales e internacionales.<br \/>\nLa fecha estipulada por el comit\u00e9 organizador para desarrollar la edici\u00f3n #56 del Torneo Internacional del S\u00e1balo de Plata 2021 ser\u00e1 del 20 al 22 de mayo; as\u00ed lo confirm\u00f3 el director de Torneos del Club de Yates de Veracruz, Gregorio Chedraui Bolado.<br \/>\nEl directivo veracruzano confirm\u00f3 la realizaci\u00f3n del Torneo Internacional del Marl\u00edn en su edici\u00f3n #20, programado para desarrollarse del 26 al 28 de agosto en el presente a\u00f1o.<br \/>\n\u201cVamos a estar al pendiente de las condiciones de seguridad para todos los participantes, tenemos que planear con tiempo y tenemos mucho trabajo que hacer, m\u00e1xime que el a\u00f1o pasado los torneos se vieron afectados y tuvieron que ser cancelados por el tema de la pandemia; estamos muy ciertos que si bien estamos pasando en este momento por una situaci\u00f3n muy dif\u00edcil.<br \/>\nConfiamos en que a partir de marzo y con la vacunaci\u00f3n en puerta; en donde esperamos que sea pronta y expedita, ya para el mes de mayo esperamos tener buen clima en todos aspectos, en el aspecto meteorol\u00f3gico, en el aspecto de la pesca y en el m\u00e1s importante de todos, el aspecto de la salud.<br \/>\nA iniciativa del Club de Yates Veracruz desde hace varios a\u00f1os, hemos venido impulsando lo que hace dos a\u00f1os fue la Triple Corona para los torneos de marl\u00edn en donde participamos: Club de Yates Tampico, Masters del Golfo y Club de Yates Veracruz.<br \/>\nEste a\u00f1o se une el Club Tampico Mucho Bueno, entonces tendremos cuatro torneos para marcar puntos, para que al final del \u00faltimo torneo del a\u00f1o, quien haya tenido la mayor cantidad de puntos acumulados en estos cuatro torneos se corone como Campe\u00f3n de Campeones de los torneos del Golfo de M\u00e9xico para la categor\u00eda de Marl\u00edn\u201d, expres\u00f3 Chedraui Bolado.<br \/>\nEl Calendario Anual de Torneos del Golfo 2021 Veracruz-Tampico se desarrollar\u00e1 de la siguiente manera:<\/p>\n<p><a href=\"http:\/\/www.lospoliticosveracruz.com.mx\/wp-content\/uploads\/2021\/01\/Calendario.jpeg\"><img loading=\"lazy\" decoding=\"async\" class=\"aligncenter size-full wp-image-66616\" src=\"http:\/\/www.lospoliticosveracruz.com.mx\/wp-content\/uploads\/2021\/01\/Calendario.jpeg\" alt=\"Calendario\" width=\"664\" height=\"276\" \/><\/a><br \/>\nEl Club de Yates de Veracruz agradece p\u00fablicamente la comprensi\u00f3n y respaldo de los participantes nacionales como internacionales, de igual manera distingue el apoyo de los patrocinadores del certamen m\u00e1s esperado en el Golfo de M\u00e9xico.<br \/>\nPara mayores informes, se invita a la comunidad deportiva pesquera a estar en contacto a trav\u00e9s de la web site y fan page de Facebook: <em><strong><a href=\"http:\/\/www.clubdeyatesveracruz.com\/\">www.clubdeyatesveracruz.com<\/a><\/strong><\/em> \/ <em><strong><a href=\"http:\/\/www.facebook.com\/clubdeyatesveracruz\">www.facebook.com\/clubdeyatesveracruz<\/a><\/strong><\/em><\/p>\n","protected":false},"excerpt":{"rendered":"<p>&nbsp; La edici\u00f3n #56 del Torneo Internacional del S\u00e1balo de Plata 2020 ha sido anunciada, ser\u00e1 del 20 al 22 de mayo, as\u00ed fue revelado en las redes sociales oficiales del Club de Yates Veracruz. \u201cLa Tradici\u00f3n Contin\u00faa\u201d \u2026 El hist\u00f3rico certamen de pesca deportiva del Golfo de M\u00e9xico, desarrollado anualmente por el Club de [&hellip;]<\/p>\n","protected":false},"author":2,"featured_media":0,"comment_status":"open","ping_status":"open","sticky":false,"template":"","format":"standard","meta":{"tdm_status":"","tdm_grid_status":"","footnotes":""},"categories":[6446],"tags":[25220,19831,18983,18985,25219,25221,25222,25224,19347],"class_list":{"0":"post-66615","1":"post","2":"type-post","3":"status-publish","4":"format-standard","6":"category-la-nota","7":"tag-certamen","8":"tag-club-de-yates-de-veracruz","9":"tag-gregorio-chedraui-bolado","10":"tag-marina-veramar","11":"tag-participantes","12":"tag-patrocinadores","13":"tag-torneo-internacional-del-sabalo-de-plata-2020","14":"tag-torneos","15":"tag-vacunacion"},"yoast_head":"<!-- This site is optimized with the Yoast SEO plugin v27.4 - https:\/\/yoast.com\/product\/yoast-seo-wordpress\/ -->\n<title>Va el S\u00e1balo de Plata! - Los pol\u00edticos Veracruz<\/title>\n<meta name=\"robots\" content=\"index, follow, max-snippet:-1, max-image-preview:large, max-video-preview:-1\" \/>\n<link rel=\"canonical\" href=\"https:\/\/lospoliticosveracruz.com\/?p=66615\" \/>\n<meta property=\"og:locale\" content=\"es_ES\" \/>\n<meta property=\"og:type\" content=\"article\" \/>\n<meta property=\"og:title\" content=\"Va el S\u00e1balo de Plata! - Los pol\u00edticos Veracruz\" \/>\n<meta property=\"og:description\" content=\"&nbsp; La edici\u00f3n #56 del Torneo Internacional del S\u00e1balo de Plata 2020 ha sido anunciada, ser\u00e1 del 20 al 22 de mayo, as\u00ed fue revelado en las redes sociales oficiales del Club de Yates Veracruz. \u201cLa Tradici\u00f3n Contin\u00faa\u201d \u2026 El hist\u00f3rico certamen de pesca deportiva del Golfo de M\u00e9xico, desarrollado anualmente por el Club de [&hellip;]\" \/>\n<meta property=\"og:url\" content=\"https:\/\/lospoliticosveracruz.com\/?p=66615\" \/>\n<meta property=\"og:site_name\" content=\"Los pol\u00edticos Veracruz\" \/>\n<meta property=\"article:publisher\" content=\"https:\/\/www.facebook.com\/people\/Notimemes-de-los-Polticos\/61565672886568\/\" \/>\n<meta property=\"article:published_time\" content=\"2021-01-14T16:53:21+00:00\" \/>\n<meta property=\"article:modified_time\" content=\"2021-01-14T16:55:27+00:00\" \/>\n<meta property=\"og:image\" content=\"http:\/\/www.lospoliticosveracruz.com.mx\/wp-content\/uploads\/2021\/01\/Calendario.jpeg\" \/>\n<meta name=\"author\" content=\"Lo viste en Los Pol\u00edticos\" \/>\n<meta name=\"twitter:card\" content=\"summary_large_image\" \/>\n<meta name=\"twitter:creator\" content=\"@LosPoliticosVer\" \/>\n<meta name=\"twitter:site\" content=\"@LosPoliticosVer\" \/>\n<meta name=\"twitter:label1\" content=\"Escrito por\" \/>\n\t<meta name=\"twitter:data1\" content=\"Lo viste en Los Pol\u00edticos\" \/>\n\t<meta name=\"twitter:label2\" content=\"Tiempo de lectura\" \/>\n\t<meta name=\"twitter:data2\" content=\"2 minutos\" \/>\n<script type=\"application\/ld+json\" class=\"yoast-schema-graph\">{\"@context\":\"https:\\\/\\\/schema.org\",\"@graph\":[{\"@type\":\"Article\",\"@id\":\"https:\\\/\\\/lospoliticosveracruz.com\\\/?p=66615#article\",\"isPartOf\":{\"@id\":\"https:\\\/\\\/lospoliticosveracruz.com\\\/?p=66615\"},\"author\":{\"name\":\"Lo viste en Los Pol\u00edticos\",\"@id\":\"https:\\\/\\\/lospoliticosveracruz.com\\\/#\\\/schema\\\/person\\\/b8702bb0e538456e6efd07080bf2a4a2\"},\"headline\":\"Va el S\u00e1balo de Plata!\",\"datePublished\":\"2021-01-14T16:53:21+00:00\",\"dateModified\":\"2021-01-14T16:55:27+00:00\",\"mainEntityOfPage\":{\"@id\":\"https:\\\/\\\/lospoliticosveracruz.com\\\/?p=66615\"},\"wordCount\":476,\"commentCount\":0,\"publisher\":{\"@id\":\"https:\\\/\\\/lospoliticosveracruz.com\\\/#organization\"},\"image\":{\"@id\":\"https:\\\/\\\/lospoliticosveracruz.com\\\/?p=66615#primaryimage\"},\"thumbnailUrl\":\"http:\\\/\\\/www.lospoliticosveracruz.com.mx\\\/wp-content\\\/uploads\\\/2021\\\/01\\\/Calendario.jpeg\",\"keywords\":[\"Certamen\",\"Club de Yates de Veracruz\",\"Gregorio Chedraui Bolado\",\"Marina Veramar\",\"Participantes\",\"Patrocinadores\",\"Torneo Internacional del S\u00e1balo de Plata 2020\",\"Torneos\",\"Vacunaci\u00f3n\"],\"articleSection\":[\"La Nota\"],\"inLanguage\":\"es\",\"potentialAction\":[{\"@type\":\"CommentAction\",\"name\":\"Comment\",\"target\":[\"https:\\\/\\\/lospoliticosveracruz.com\\\/?p=66615#respond\"]}]},{\"@type\":\"WebPage\",\"@id\":\"https:\\\/\\\/lospoliticosveracruz.com\\\/?p=66615\",\"url\":\"https:\\\/\\\/lospoliticosveracruz.com\\\/?p=66615\",\"name\":\"Va el S\u00e1balo de Plata! - Los pol\u00edticos Veracruz\",\"isPartOf\":{\"@id\":\"https:\\\/\\\/lospoliticosveracruz.com\\\/#website\"},\"primaryImageOfPage\":{\"@id\":\"https:\\\/\\\/lospoliticosveracruz.com\\\/?p=66615#primaryimage\"},\"image\":{\"@id\":\"https:\\\/\\\/lospoliticosveracruz.com\\\/?p=66615#primaryimage\"},\"thumbnailUrl\":\"http:\\\/\\\/www.lospoliticosveracruz.com.mx\\\/wp-content\\\/uploads\\\/2021\\\/01\\\/Calendario.jpeg\",\"datePublished\":\"2021-01-14T16:53:21+00:00\",\"dateModified\":\"2021-01-14T16:55:27+00:00\",\"breadcrumb\":{\"@id\":\"https:\\\/\\\/lospoliticosveracruz.com\\\/?p=66615#breadcrumb\"},\"inLanguage\":\"es\",\"potentialAction\":[{\"@type\":\"ReadAction\",\"target\":[\"https:\\\/\\\/lospoliticosveracruz.com\\\/?p=66615\"]}]},{\"@type\":\"ImageObject\",\"inLanguage\":\"es\",\"@id\":\"https:\\\/\\\/lospoliticosveracruz.com\\\/?p=66615#primaryimage\",\"url\":\"http:\\\/\\\/www.lospoliticosveracruz.com.mx\\\/wp-content\\\/uploads\\\/2021\\\/01\\\/Calendario.jpeg\",\"contentUrl\":\"http:\\\/\\\/www.lospoliticosveracruz.com.mx\\\/wp-content\\\/uploads\\\/2021\\\/01\\\/Calendario.jpeg\"},{\"@type\":\"BreadcrumbList\",\"@id\":\"https:\\\/\\\/lospoliticosveracruz.com\\\/?p=66615#breadcrumb\",\"itemListElement\":[{\"@type\":\"ListItem\",\"position\":1,\"name\":\"Portada\",\"item\":\"https:\\\/\\\/lospoliticosveracruz.com\\\/\"},{\"@type\":\"ListItem\",\"position\":2,\"name\":\"Va el S\u00e1balo de Plata!\"}]},{\"@type\":\"WebSite\",\"@id\":\"https:\\\/\\\/lospoliticosveracruz.com\\\/#website\",\"url\":\"https:\\\/\\\/lospoliticosveracruz.com\\\/\",\"name\":\"Los pol\u00edticos Veracruz\",\"description\":\"\",\"publisher\":{\"@id\":\"https:\\\/\\\/lospoliticosveracruz.com\\\/#organization\"},\"potentialAction\":[{\"@type\":\"SearchAction\",\"target\":{\"@type\":\"EntryPoint\",\"urlTemplate\":\"https:\\\/\\\/lospoliticosveracruz.com\\\/?s={search_term_string}\"},\"query-input\":{\"@type\":\"PropertyValueSpecification\",\"valueRequired\":true,\"valueName\":\"search_term_string\"}}],\"inLanguage\":\"es\"},{\"@type\":\"Organization\",\"@id\":\"https:\\\/\\\/lospoliticosveracruz.com\\\/#organization\",\"name\":\"Los pol\u00edticos Veracruz\",\"url\":\"https:\\\/\\\/lospoliticosveracruz.com\\\/\",\"logo\":{\"@type\":\"ImageObject\",\"inLanguage\":\"es\",\"@id\":\"https:\\\/\\\/lospoliticosveracruz.com\\\/#\\\/schema\\\/logo\\\/image\\\/\",\"url\":\"https:\\\/\\\/lospoliticosveracruz.com\\\/wp-content\\\/uploads\\\/2025\\\/12\\\/Logo-Nuevo-LOS-POLITICOS-1.jpg\",\"contentUrl\":\"https:\\\/\\\/lospoliticosveracruz.com\\\/wp-content\\\/uploads\\\/2025\\\/12\\\/Logo-Nuevo-LOS-POLITICOS-1.jpg\",\"width\":260,\"height\":70,\"caption\":\"Los pol\u00edticos Veracruz\"},\"image\":{\"@id\":\"https:\\\/\\\/lospoliticosveracruz.com\\\/#\\\/schema\\\/logo\\\/image\\\/\"},\"sameAs\":[\"https:\\\/\\\/www.facebook.com\\\/people\\\/Notimemes-de-los-Polticos\\\/61565672886568\\\/\",\"https:\\\/\\\/x.com\\\/LosPoliticosVer\"]},{\"@type\":\"Person\",\"@id\":\"https:\\\/\\\/lospoliticosveracruz.com\\\/#\\\/schema\\\/person\\\/b8702bb0e538456e6efd07080bf2a4a2\",\"name\":\"Lo viste en Los Pol\u00edticos\",\"image\":{\"@type\":\"ImageObject\",\"inLanguage\":\"es\",\"@id\":\"https:\\\/\\\/secure.gravatar.com\\\/avatar\\\/3a8de04a2656d44082be478bd6c086daa447c4651605818287b9532d3d0bd435?s=96&d=mm&r=g\",\"url\":\"https:\\\/\\\/secure.gravatar.com\\\/avatar\\\/3a8de04a2656d44082be478bd6c086daa447c4651605818287b9532d3d0bd435?s=96&d=mm&r=g\",\"contentUrl\":\"https:\\\/\\\/secure.gravatar.com\\\/avatar\\\/3a8de04a2656d44082be478bd6c086daa447c4651605818287b9532d3d0bd435?s=96&d=mm&r=g\",\"caption\":\"Lo viste en Los Pol\u00edticos\"},\"url\":\"https:\\\/\\\/lospoliticosveracruz.com\\\/?author=2\"}]}<\/script>\n<!-- \/ Yoast SEO plugin. -->","yoast_head_json":{"title":"Va el S\u00e1balo de Plata! - Los pol\u00edticos Veracruz","robots":{"index":"index","follow":"follow","max-snippet":"max-snippet:-1","max-image-preview":"max-image-preview:large","max-video-preview":"max-video-preview:-1"},"canonical":"https:\/\/lospoliticosveracruz.com\/?p=66615","og_locale":"es_ES","og_type":"article","og_title":"Va el S\u00e1balo de Plata! - Los pol\u00edticos Veracruz","og_description":"&nbsp; La edici\u00f3n #56 del Torneo Internacional del S\u00e1balo de Plata 2020 ha sido anunciada, ser\u00e1 del 20 al 22 de mayo, as\u00ed fue revelado en las redes sociales oficiales del Club de Yates Veracruz. \u201cLa Tradici\u00f3n Contin\u00faa\u201d \u2026 El hist\u00f3rico certamen de pesca deportiva del Golfo de M\u00e9xico, desarrollado anualmente por el Club de [&hellip;]","og_url":"https:\/\/lospoliticosveracruz.com\/?p=66615","og_site_name":"Los pol\u00edticos Veracruz","article_publisher":"https:\/\/www.facebook.com\/people\/Notimemes-de-los-Polticos\/61565672886568\/","article_published_time":"2021-01-14T16:53:21+00:00","article_modified_time":"2021-01-14T16:55:27+00:00","og_image":[{"url":"http:\/\/www.lospoliticosveracruz.com.mx\/wp-content\/uploads\/2021\/01\/Calendario.jpeg","type":"","width":"","height":""}],"author":"Lo viste en Los Pol\u00edticos","twitter_card":"summary_large_image","twitter_creator":"@LosPoliticosVer","twitter_site":"@LosPoliticosVer","twitter_misc":{"Escrito por":"Lo viste en Los Pol\u00edticos","Tiempo de lectura":"2 minutos"},"schema":{"@context":"https:\/\/schema.org","@graph":[{"@type":"Article","@id":"https:\/\/lospoliticosveracruz.com\/?p=66615#article","isPartOf":{"@id":"https:\/\/lospoliticosveracruz.com\/?p=66615"},"author":{"name":"Lo viste en Los Pol\u00edticos","@id":"https:\/\/lospoliticosveracruz.com\/#\/schema\/person\/b8702bb0e538456e6efd07080bf2a4a2"},"headline":"Va el S\u00e1balo de Plata!","datePublished":"2021-01-14T16:53:21+00:00","dateModified":"2021-01-14T16:55:27+00:00","mainEntityOfPage":{"@id":"https:\/\/lospoliticosveracruz.com\/?p=66615"},"wordCount":476,"commentCount":0,"publisher":{"@id":"https:\/\/lospoliticosveracruz.com\/#organization"},"image":{"@id":"https:\/\/lospoliticosveracruz.com\/?p=66615#primaryimage"},"thumbnailUrl":"http:\/\/www.lospoliticosveracruz.com.mx\/wp-content\/uploads\/2021\/01\/Calendario.jpeg","keywords":["Certamen","Club de Yates de Veracruz","Gregorio Chedraui Bolado","Marina Veramar","Participantes","Patrocinadores","Torneo Internacional del S\u00e1balo de Plata 2020","Torneos","Vacunaci\u00f3n"],"articleSection":["La Nota"],"inLanguage":"es","potentialAction":[{"@type":"CommentAction","name":"Comment","target":["https:\/\/lospoliticosveracruz.com\/?p=66615#respond"]}]},{"@type":"WebPage","@id":"https:\/\/lospoliticosveracruz.com\/?p=66615","url":"https:\/\/lospoliticosveracruz.com\/?p=66615","name":"Va el S\u00e1balo de Plata! - Los pol\u00edticos Veracruz","isPartOf":{"@id":"https:\/\/lospoliticosveracruz.com\/#website"},"primaryImageOfPage":{"@id":"https:\/\/lospoliticosveracruz.com\/?p=66615#primaryimage"},"image":{"@id":"https:\/\/lospoliticosveracruz.com\/?p=66615#primaryimage"},"thumbnailUrl":"http:\/\/www.lospoliticosveracruz.com.mx\/wp-content\/uploads\/2021\/01\/Calendario.jpeg","datePublished":"2021-01-14T16:53:21+00:00","dateModified":"2021-01-14T16:55:27+00:00","breadcrumb":{"@id":"https:\/\/lospoliticosveracruz.com\/?p=66615#breadcrumb"},"inLanguage":"es","potentialAction":[{"@type":"ReadAction","target":["https:\/\/lospoliticosveracruz.com\/?p=66615"]}]},{"@type":"ImageObject","inLanguage":"es","@id":"https:\/\/lospoliticosveracruz.com\/?p=66615#primaryimage","url":"http:\/\/www.lospoliticosveracruz.com.mx\/wp-content\/uploads\/2021\/01\/Calendario.jpeg","contentUrl":"http:\/\/www.lospoliticosveracruz.com.mx\/wp-content\/uploads\/2021\/01\/Calendario.jpeg"},{"@type":"BreadcrumbList","@id":"https:\/\/lospoliticosveracruz.com\/?p=66615#breadcrumb","itemListElement":[{"@type":"ListItem","position":1,"name":"Portada","item":"https:\/\/lospoliticosveracruz.com\/"},{"@type":"ListItem","position":2,"name":"Va el S\u00e1balo de Plata!"}]},{"@type":"WebSite","@id":"https:\/\/lospoliticosveracruz.com\/#website","url":"https:\/\/lospoliticosveracruz.com\/","name":"Los pol\u00edticos Veracruz","description":"","publisher":{"@id":"https:\/\/lospoliticosveracruz.com\/#organization"},"potentialAction":[{"@type":"SearchAction","target":{"@type":"EntryPoint","urlTemplate":"https:\/\/lospoliticosveracruz.com\/?s={search_term_string}"},"query-input":{"@type":"PropertyValueSpecification","valueRequired":true,"valueName":"search_term_string"}}],"inLanguage":"es"},{"@type":"Organization","@id":"https:\/\/lospoliticosveracruz.com\/#organization","name":"Los pol\u00edticos Veracruz","url":"https:\/\/lospoliticosveracruz.com\/","logo":{"@type":"ImageObject","inLanguage":"es","@id":"https:\/\/lospoliticosveracruz.com\/#\/schema\/logo\/image\/","url":"https:\/\/lospoliticosveracruz.com\/wp-content\/uploads\/2025\/12\/Logo-Nuevo-LOS-POLITICOS-1.jpg","contentUrl":"https:\/\/lospoliticosveracruz.com\/wp-content\/uploads\/2025\/12\/Logo-Nuevo-LOS-POLITICOS-1.jpg","width":260,"height":70,"caption":"Los pol\u00edticos Veracruz"},"image":{"@id":"https:\/\/lospoliticosveracruz.com\/#\/schema\/logo\/image\/"},"sameAs":["https:\/\/www.facebook.com\/people\/Notimemes-de-los-Polticos\/61565672886568\/","https:\/\/x.com\/LosPoliticosVer"]},{"@type":"Person","@id":"https:\/\/lospoliticosveracruz.com\/#\/schema\/person\/b8702bb0e538456e6efd07080bf2a4a2","name":"Lo viste en Los Pol\u00edticos","image":{"@type":"ImageObject","inLanguage":"es","@id":"https:\/\/secure.gravatar.com\/avatar\/3a8de04a2656d44082be478bd6c086daa447c4651605818287b9532d3d0bd435?s=96&d=mm&r=g","url":"https:\/\/secure.gravatar.com\/avatar\/3a8de04a2656d44082be478bd6c086daa447c4651605818287b9532d3d0bd435?s=96&d=mm&r=g","contentUrl":"https:\/\/secure.gravatar.com\/avatar\/3a8de04a2656d44082be478bd6c086daa447c4651605818287b9532d3d0bd435?s=96&d=mm&r=g","caption":"Lo viste en Los Pol\u00edticos"},"url":"https:\/\/lospoliticosveracruz.com\/?author=2"}]}},"_links":{"self":[{"href":"https:\/\/lospoliticosveracruz.com\/index.php?rest_route=\/wp\/v2\/posts\/66615","targetHints":{"allow":["GET"]}}],"collection":[{"href":"https:\/\/lospoliticosveracruz.com\/index.php?rest_route=\/wp\/v2\/posts"}],"about":[{"href":"https:\/\/lospoliticosveracruz.com\/index.php?rest_route=\/wp\/v2\/types\/post"}],"author":[{"embeddable":true,"href":"https:\/\/lospoliticosveracruz.com\/index.php?rest_route=\/wp\/v2\/users\/2"}],"replies":[{"embeddable":true,"href":"https:\/\/lospoliticosveracruz.com\/index.php?rest_route=%2Fwp%2Fv2%2Fcomments&post=66615"}],"version-history":[{"count":2,"href":"https:\/\/lospoliticosveracruz.com\/index.php?rest_route=\/wp\/v2\/posts\/66615\/revisions"}],"predecessor-version":[{"id":66619,"href":"https:\/\/lospoliticosveracruz.com\/index.php?rest_route=\/wp\/v2\/posts\/66615\/revisions\/66619"}],"wp:attachment":[{"href":"https:\/\/lospoliticosveracruz.com\/index.php?rest_route=%2Fwp%2Fv2%2Fmedia&parent=66615"}],"wp:term":[{"taxonomy":"category","embeddable":true,"href":"https:\/\/lospoliticosveracruz.com\/index.php?rest_route=%2Fwp%2Fv2%2Fcategories&post=66615"},{"taxonomy":"post_tag","embeddable":true,"href":"https:\/\/lospoliticosveracruz.com\/index.php?rest_route=%2Fwp%2Fv2%2Ftags&post=66615"}],"curies":[{"name":"wp","href":"https:\/\/api.w.org\/{rel}","templated":true}]}}