{"id":66677,"date":"2021-01-15T11:29:27","date_gmt":"2021-01-15T17:29:27","guid":{"rendered":"http:\/\/www.lospoliticosveracruz.com.mx\/?p=66677"},"modified":"2021-01-15T11:29:27","modified_gmt":"2021-01-15T17:29:27","slug":"otro-palo-de-la-suprema","status":"publish","type":"post","link":"https:\/\/lospoliticosveracruz.com\/?p=66677","title":{"rendered":"Otro palo de la Suprema"},"content":{"rendered":"<p><strong>Sergio Gonz\u00e1lez Levet<\/strong><\/p>\n<p><em>Sin tacto<\/em><\/p>\n<p>No s\u00e9 cu\u00e1ntas vayan, pero en verdad que ya hemos perdido la cuenta de las veces que la Suprema Corte de Justicia de la Naci\u00f3n ha terminado anulando las modificaciones que han pretendido hacer el Gobierno de Veracruz y la Legislatura local a leyes estatales de toda laya, en su af\u00e1n de imponer condiciones m\u00e1s, digamos, \u00abapropiadas\u00bb para mandar de manera m\u00e1s c\u00f3moda y menos vigilada, muy en la costumbre de Andr\u00e9s Manuel L\u00f3pez Obrador y su Cuarta Transformaci\u00f3n.<br \/>\n\tYa se ha vuelto una acci\u00f3n superflua la de los diputados morrenos que votan leyes en el Congreso estatal, para que poco despu\u00e9s sean desechadas por sus notorias fallas, tanto en su contenido y forma, como en el procedimiento.<br \/>\n\t\u00ab\u00bfQu\u00e9 no entienden? \u00bfQu\u00e9 no comprenden?\u00bb, nos dec\u00eda el profesor Guillermo Pelayo Rangel en la primaria Manuel Guti\u00e9rrez Zamora de Misantla, cuando quienes \u00e9ramos sus alumnos no alcanz\u00e1bamos a apropiar con la rapidez suficiente alg\u00fan nuevo conocimiento de los muchos que nos trasmiti\u00f3 en su larga carrera de docente bien preparado y con vocaci\u00f3n.<br \/>\n\tPues no, los funcionarios del G\u00f3ber Cuitla y los diputados de la fracci\u00f3n mayoritaria y sus aliados en la representaci\u00f3n jarocha nadam\u00e1s no han podido dilucidar c\u00f3mo es esa cosa de la gobernanza, y en verdad que -al igual que su l\u00edder- cada que abren la boca dicen una estulticiada, con perd\u00f3n del neologismo, y\/o cometen un error may\u00fasculo, que por lo general aprovecha la oposici\u00f3n para interponer los recursos que permite la ley y echar para atr\u00e1s cualquier jugada, por colmilluda que les pueda parecer a sus promotores.<br \/>\n\tHay un camino empedrado al infierno desde que salen las ocurrencias de cualquiera de las oficinas de Palacio de Gobierno o del corrillo de asesores oficiosos que trabajan como amigos del Gobernador m\u00e1s burlado de nuestra historia.<br \/>\n\tNo han entendido los nuevos hombres en el poder estatal que tienen la posibilidad de estudiar acuciosamente para aprender c\u00f3mo deben ser los manejos p\u00fablicos del dinero, de la pol\u00edtica y de la \u00e9tica.<br \/>\n\tEstos se\u00f1oritingos llegaron a echar a perder en la etapa del aprendizaje, como es com\u00fan. Pero tal vez por pereza, o por incapacidad mental, o de plano por soberbia, lo siguen haciendo igual de mal, una vez que han pasado dos a\u00f1os de tan mala administraci\u00f3n.<br \/>\n\tParecieran un ciego que pretende manejar un coche o un hombre sin piernas que quiere correr un marat\u00f3n o una mujer sin coraz\u00f3n que ensaya amar a alguien.<br \/>\n\tDice el dicho que el juego que mejor juegas es el que m\u00e1s te gusta, y a contrapelo, los morrenos que llegaron a gobernar deben estar aburridos, cansados, apanicados ante lo imposible que les resulta desentra\u00f1ar los misterios de la administraci\u00f3n p\u00fablica y el trato con la gente del pueblo, de \u00e9se al que dicen pertenecer.<br \/>\n\tDa verg\u00fcenza ajena ver tantas sonrisas socarronas cuando en los medios y en las redes se vuelven una vez m\u00e1s tendencia algunas de las burradas que se cometen desde los tres poderes del Gobierno de Veracruz y las oficinas dizque aut\u00f3nomas.<br \/>\n\tEs seguro que no van a aprender, porque no pueden y no quieren. As\u00ed que nos queda solamente pedir que se vayan pronto, o antes, para que nuestro querido Veracruz deje de ser la burla nacional.<\/p>\n<p>sglevet@gmail.com<\/p>\n","protected":false},"excerpt":{"rendered":"<p>Sergio Gonz\u00e1lez Levet Sin tacto No s\u00e9 cu\u00e1ntas vayan, pero en verdad que ya hemos perdido la cuenta de las veces que la Suprema Corte de Justicia de la Naci\u00f3n ha terminado anulando las modificaciones que han pretendido hacer el Gobierno de Veracruz y la Legislatura local a leyes estatales de toda laya, en su [&hellip;]<\/p>\n","protected":false},"author":2,"featured_media":0,"comment_status":"open","ping_status":"open","sticky":false,"template":"","format":"standard","meta":{"tdm_status":"","tdm_grid_status":"","footnotes":""},"categories":[70],"tags":[618,12744,1563,25261,2932,25260,1282,467],"class_list":{"0":"post-66677","1":"post","2":"type-post","3":"status-publish","4":"format-standard","6":"category-de-opinion","7":"tag-andres-manuel-lopez-obrador","8":"tag-cuarta-transformacion","9":"tag-cuitlahuac-garcia-jimenez","10":"tag-fraccion-mayorista","11":"tag-gobierno-de-veracruz","12":"tag-legislatura-local","13":"tag-sergio-gonzalez-levet","14":"tag-suprema-corte-de-justicia"},"yoast_head":"<!-- This site is optimized with the Yoast SEO plugin v27.4 - https:\/\/yoast.com\/product\/yoast-seo-wordpress\/ -->\n<title>Otro palo de la Suprema - Los pol\u00edticos Veracruz<\/title>\n<meta name=\"robots\" content=\"index, follow, max-snippet:-1, max-image-preview:large, max-video-preview:-1\" \/>\n<link rel=\"canonical\" href=\"https:\/\/lospoliticosveracruz.com\/?p=66677\" \/>\n<meta property=\"og:locale\" content=\"es_ES\" \/>\n<meta property=\"og:type\" content=\"article\" \/>\n<meta property=\"og:title\" content=\"Otro palo de la Suprema - Los pol\u00edticos Veracruz\" \/>\n<meta property=\"og:description\" content=\"Sergio Gonz\u00e1lez Levet Sin tacto No s\u00e9 cu\u00e1ntas vayan, pero en verdad que ya hemos perdido la cuenta de las veces que la Suprema Corte de Justicia de la Naci\u00f3n ha terminado anulando las modificaciones que han pretendido hacer el Gobierno de Veracruz y la Legislatura local a leyes estatales de toda laya, en su [&hellip;]\" \/>\n<meta property=\"og:url\" content=\"https:\/\/lospoliticosveracruz.com\/?p=66677\" \/>\n<meta property=\"og:site_name\" content=\"Los pol\u00edticos Veracruz\" \/>\n<meta property=\"article:publisher\" content=\"https:\/\/www.facebook.com\/people\/Notimemes-de-los-Polticos\/61565672886568\/\" \/>\n<meta property=\"article:published_time\" content=\"2021-01-15T17:29:27+00:00\" \/>\n<meta property=\"og:image\" content=\"https:\/\/lospoliticosveracruz.com\/wp-content\/uploads\/2016\/07\/Logo-Dor.jpg\" \/>\n\t<meta property=\"og:image:width\" content=\"200\" \/>\n\t<meta property=\"og:image:height\" content=\"200\" \/>\n\t<meta property=\"og:image:type\" content=\"image\/jpeg\" \/>\n<meta name=\"author\" content=\"Lo viste en Los Pol\u00edticos\" \/>\n<meta name=\"twitter:card\" content=\"summary_large_image\" \/>\n<meta name=\"twitter:creator\" content=\"@LosPoliticosVer\" \/>\n<meta name=\"twitter:site\" content=\"@LosPoliticosVer\" \/>\n<meta name=\"twitter:label1\" content=\"Escrito por\" \/>\n\t<meta name=\"twitter:data1\" content=\"Lo viste en Los Pol\u00edticos\" \/>\n\t<meta name=\"twitter:label2\" content=\"Tiempo de lectura\" \/>\n\t<meta name=\"twitter:data2\" content=\"3 minutos\" \/>\n<script type=\"application\/ld+json\" class=\"yoast-schema-graph\">{\"@context\":\"https:\\\/\\\/schema.org\",\"@graph\":[{\"@type\":\"Article\",\"@id\":\"https:\\\/\\\/lospoliticosveracruz.com\\\/?p=66677#article\",\"isPartOf\":{\"@id\":\"https:\\\/\\\/lospoliticosveracruz.com\\\/?p=66677\"},\"author\":{\"name\":\"Lo viste en Los Pol\u00edticos\",\"@id\":\"https:\\\/\\\/lospoliticosveracruz.com\\\/#\\\/schema\\\/person\\\/b8702bb0e538456e6efd07080bf2a4a2\"},\"headline\":\"Otro palo de la Suprema\",\"datePublished\":\"2021-01-15T17:29:27+00:00\",\"mainEntityOfPage\":{\"@id\":\"https:\\\/\\\/lospoliticosveracruz.com\\\/?p=66677\"},\"wordCount\":597,\"commentCount\":0,\"publisher\":{\"@id\":\"https:\\\/\\\/lospoliticosveracruz.com\\\/#organization\"},\"keywords\":[\"Andr\u00e9s Manuel L\u00f3pez Obrador\",\"Cuarta Transformaci\u00f3n\",\"Cuitl\u00e1huac Garc\u00eda Jim\u00e9nez\",\"Fracci\u00f3n mayorista\",\"gobierno de Veracruz\",\"Legislatura local\",\"Sergio Gonz\u00e1lez Levet\",\"Suprema Corte de Justicia\"],\"articleSection\":[\"De Opini\u00f3n\"],\"inLanguage\":\"es\",\"potentialAction\":[{\"@type\":\"CommentAction\",\"name\":\"Comment\",\"target\":[\"https:\\\/\\\/lospoliticosveracruz.com\\\/?p=66677#respond\"]}]},{\"@type\":\"WebPage\",\"@id\":\"https:\\\/\\\/lospoliticosveracruz.com\\\/?p=66677\",\"url\":\"https:\\\/\\\/lospoliticosveracruz.com\\\/?p=66677\",\"name\":\"Otro palo de la Suprema - Los pol\u00edticos Veracruz\",\"isPartOf\":{\"@id\":\"https:\\\/\\\/lospoliticosveracruz.com\\\/#website\"},\"datePublished\":\"2021-01-15T17:29:27+00:00\",\"breadcrumb\":{\"@id\":\"https:\\\/\\\/lospoliticosveracruz.com\\\/?p=66677#breadcrumb\"},\"inLanguage\":\"es\",\"potentialAction\":[{\"@type\":\"ReadAction\",\"target\":[\"https:\\\/\\\/lospoliticosveracruz.com\\\/?p=66677\"]}]},{\"@type\":\"BreadcrumbList\",\"@id\":\"https:\\\/\\\/lospoliticosveracruz.com\\\/?p=66677#breadcrumb\",\"itemListElement\":[{\"@type\":\"ListItem\",\"position\":1,\"name\":\"Portada\",\"item\":\"https:\\\/\\\/lospoliticosveracruz.com\\\/\"},{\"@type\":\"ListItem\",\"position\":2,\"name\":\"Otro palo de la Suprema\"}]},{\"@type\":\"WebSite\",\"@id\":\"https:\\\/\\\/lospoliticosveracruz.com\\\/#website\",\"url\":\"https:\\\/\\\/lospoliticosveracruz.com\\\/\",\"name\":\"Los pol\u00edticos Veracruz\",\"description\":\"\",\"publisher\":{\"@id\":\"https:\\\/\\\/lospoliticosveracruz.com\\\/#organization\"},\"potentialAction\":[{\"@type\":\"SearchAction\",\"target\":{\"@type\":\"EntryPoint\",\"urlTemplate\":\"https:\\\/\\\/lospoliticosveracruz.com\\\/?s={search_term_string}\"},\"query-input\":{\"@type\":\"PropertyValueSpecification\",\"valueRequired\":true,\"valueName\":\"search_term_string\"}}],\"inLanguage\":\"es\"},{\"@type\":\"Organization\",\"@id\":\"https:\\\/\\\/lospoliticosveracruz.com\\\/#organization\",\"name\":\"Los pol\u00edticos Veracruz\",\"url\":\"https:\\\/\\\/lospoliticosveracruz.com\\\/\",\"logo\":{\"@type\":\"ImageObject\",\"inLanguage\":\"es\",\"@id\":\"https:\\\/\\\/lospoliticosveracruz.com\\\/#\\\/schema\\\/logo\\\/image\\\/\",\"url\":\"https:\\\/\\\/lospoliticosveracruz.com\\\/wp-content\\\/uploads\\\/2025\\\/12\\\/Logo-Nuevo-LOS-POLITICOS-1.jpg\",\"contentUrl\":\"https:\\\/\\\/lospoliticosveracruz.com\\\/wp-content\\\/uploads\\\/2025\\\/12\\\/Logo-Nuevo-LOS-POLITICOS-1.jpg\",\"width\":260,\"height\":70,\"caption\":\"Los pol\u00edticos Veracruz\"},\"image\":{\"@id\":\"https:\\\/\\\/lospoliticosveracruz.com\\\/#\\\/schema\\\/logo\\\/image\\\/\"},\"sameAs\":[\"https:\\\/\\\/www.facebook.com\\\/people\\\/Notimemes-de-los-Polticos\\\/61565672886568\\\/\",\"https:\\\/\\\/x.com\\\/LosPoliticosVer\"]},{\"@type\":\"Person\",\"@id\":\"https:\\\/\\\/lospoliticosveracruz.com\\\/#\\\/schema\\\/person\\\/b8702bb0e538456e6efd07080bf2a4a2\",\"name\":\"Lo viste en Los Pol\u00edticos\",\"image\":{\"@type\":\"ImageObject\",\"inLanguage\":\"es\",\"@id\":\"https:\\\/\\\/secure.gravatar.com\\\/avatar\\\/3a8de04a2656d44082be478bd6c086daa447c4651605818287b9532d3d0bd435?s=96&d=mm&r=g\",\"url\":\"https:\\\/\\\/secure.gravatar.com\\\/avatar\\\/3a8de04a2656d44082be478bd6c086daa447c4651605818287b9532d3d0bd435?s=96&d=mm&r=g\",\"contentUrl\":\"https:\\\/\\\/secure.gravatar.com\\\/avatar\\\/3a8de04a2656d44082be478bd6c086daa447c4651605818287b9532d3d0bd435?s=96&d=mm&r=g\",\"caption\":\"Lo viste en Los Pol\u00edticos\"},\"url\":\"https:\\\/\\\/lospoliticosveracruz.com\\\/?author=2\"}]}<\/script>\n<!-- \/ Yoast SEO plugin. -->","yoast_head_json":{"title":"Otro palo de la Suprema - Los pol\u00edticos Veracruz","robots":{"index":"index","follow":"follow","max-snippet":"max-snippet:-1","max-image-preview":"max-image-preview:large","max-video-preview":"max-video-preview:-1"},"canonical":"https:\/\/lospoliticosveracruz.com\/?p=66677","og_locale":"es_ES","og_type":"article","og_title":"Otro palo de la Suprema - Los pol\u00edticos Veracruz","og_description":"Sergio Gonz\u00e1lez Levet Sin tacto No s\u00e9 cu\u00e1ntas vayan, pero en verdad que ya hemos perdido la cuenta de las veces que la Suprema Corte de Justicia de la Naci\u00f3n ha terminado anulando las modificaciones que han pretendido hacer el Gobierno de Veracruz y la Legislatura local a leyes estatales de toda laya, en su [&hellip;]","og_url":"https:\/\/lospoliticosveracruz.com\/?p=66677","og_site_name":"Los pol\u00edticos Veracruz","article_publisher":"https:\/\/www.facebook.com\/people\/Notimemes-de-los-Polticos\/61565672886568\/","article_published_time":"2021-01-15T17:29:27+00:00","og_image":[{"width":200,"height":200,"url":"https:\/\/lospoliticosveracruz.com\/wp-content\/uploads\/2016\/07\/Logo-Dor.jpg","type":"image\/jpeg"}],"author":"Lo viste en Los Pol\u00edticos","twitter_card":"summary_large_image","twitter_creator":"@LosPoliticosVer","twitter_site":"@LosPoliticosVer","twitter_misc":{"Escrito por":"Lo viste en Los Pol\u00edticos","Tiempo de lectura":"3 minutos"},"schema":{"@context":"https:\/\/schema.org","@graph":[{"@type":"Article","@id":"https:\/\/lospoliticosveracruz.com\/?p=66677#article","isPartOf":{"@id":"https:\/\/lospoliticosveracruz.com\/?p=66677"},"author":{"name":"Lo viste en Los Pol\u00edticos","@id":"https:\/\/lospoliticosveracruz.com\/#\/schema\/person\/b8702bb0e538456e6efd07080bf2a4a2"},"headline":"Otro palo de la Suprema","datePublished":"2021-01-15T17:29:27+00:00","mainEntityOfPage":{"@id":"https:\/\/lospoliticosveracruz.com\/?p=66677"},"wordCount":597,"commentCount":0,"publisher":{"@id":"https:\/\/lospoliticosveracruz.com\/#organization"},"keywords":["Andr\u00e9s Manuel L\u00f3pez Obrador","Cuarta Transformaci\u00f3n","Cuitl\u00e1huac Garc\u00eda Jim\u00e9nez","Fracci\u00f3n mayorista","gobierno de Veracruz","Legislatura local","Sergio Gonz\u00e1lez Levet","Suprema Corte de Justicia"],"articleSection":["De Opini\u00f3n"],"inLanguage":"es","potentialAction":[{"@type":"CommentAction","name":"Comment","target":["https:\/\/lospoliticosveracruz.com\/?p=66677#respond"]}]},{"@type":"WebPage","@id":"https:\/\/lospoliticosveracruz.com\/?p=66677","url":"https:\/\/lospoliticosveracruz.com\/?p=66677","name":"Otro palo de la Suprema - Los pol\u00edticos Veracruz","isPartOf":{"@id":"https:\/\/lospoliticosveracruz.com\/#website"},"datePublished":"2021-01-15T17:29:27+00:00","breadcrumb":{"@id":"https:\/\/lospoliticosveracruz.com\/?p=66677#breadcrumb"},"inLanguage":"es","potentialAction":[{"@type":"ReadAction","target":["https:\/\/lospoliticosveracruz.com\/?p=66677"]}]},{"@type":"BreadcrumbList","@id":"https:\/\/lospoliticosveracruz.com\/?p=66677#breadcrumb","itemListElement":[{"@type":"ListItem","position":1,"name":"Portada","item":"https:\/\/lospoliticosveracruz.com\/"},{"@type":"ListItem","position":2,"name":"Otro palo de la Suprema"}]},{"@type":"WebSite","@id":"https:\/\/lospoliticosveracruz.com\/#website","url":"https:\/\/lospoliticosveracruz.com\/","name":"Los pol\u00edticos Veracruz","description":"","publisher":{"@id":"https:\/\/lospoliticosveracruz.com\/#organization"},"potentialAction":[{"@type":"SearchAction","target":{"@type":"EntryPoint","urlTemplate":"https:\/\/lospoliticosveracruz.com\/?s={search_term_string}"},"query-input":{"@type":"PropertyValueSpecification","valueRequired":true,"valueName":"search_term_string"}}],"inLanguage":"es"},{"@type":"Organization","@id":"https:\/\/lospoliticosveracruz.com\/#organization","name":"Los pol\u00edticos Veracruz","url":"https:\/\/lospoliticosveracruz.com\/","logo":{"@type":"ImageObject","inLanguage":"es","@id":"https:\/\/lospoliticosveracruz.com\/#\/schema\/logo\/image\/","url":"https:\/\/lospoliticosveracruz.com\/wp-content\/uploads\/2025\/12\/Logo-Nuevo-LOS-POLITICOS-1.jpg","contentUrl":"https:\/\/lospoliticosveracruz.com\/wp-content\/uploads\/2025\/12\/Logo-Nuevo-LOS-POLITICOS-1.jpg","width":260,"height":70,"caption":"Los pol\u00edticos Veracruz"},"image":{"@id":"https:\/\/lospoliticosveracruz.com\/#\/schema\/logo\/image\/"},"sameAs":["https:\/\/www.facebook.com\/people\/Notimemes-de-los-Polticos\/61565672886568\/","https:\/\/x.com\/LosPoliticosVer"]},{"@type":"Person","@id":"https:\/\/lospoliticosveracruz.com\/#\/schema\/person\/b8702bb0e538456e6efd07080bf2a4a2","name":"Lo viste en Los Pol\u00edticos","image":{"@type":"ImageObject","inLanguage":"es","@id":"https:\/\/secure.gravatar.com\/avatar\/3a8de04a2656d44082be478bd6c086daa447c4651605818287b9532d3d0bd435?s=96&d=mm&r=g","url":"https:\/\/secure.gravatar.com\/avatar\/3a8de04a2656d44082be478bd6c086daa447c4651605818287b9532d3d0bd435?s=96&d=mm&r=g","contentUrl":"https:\/\/secure.gravatar.com\/avatar\/3a8de04a2656d44082be478bd6c086daa447c4651605818287b9532d3d0bd435?s=96&d=mm&r=g","caption":"Lo viste en Los Pol\u00edticos"},"url":"https:\/\/lospoliticosveracruz.com\/?author=2"}]}},"_links":{"self":[{"href":"https:\/\/lospoliticosveracruz.com\/index.php?rest_route=\/wp\/v2\/posts\/66677","targetHints":{"allow":["GET"]}}],"collection":[{"href":"https:\/\/lospoliticosveracruz.com\/index.php?rest_route=\/wp\/v2\/posts"}],"about":[{"href":"https:\/\/lospoliticosveracruz.com\/index.php?rest_route=\/wp\/v2\/types\/post"}],"author":[{"embeddable":true,"href":"https:\/\/lospoliticosveracruz.com\/index.php?rest_route=\/wp\/v2\/users\/2"}],"replies":[{"embeddable":true,"href":"https:\/\/lospoliticosveracruz.com\/index.php?rest_route=%2Fwp%2Fv2%2Fcomments&post=66677"}],"version-history":[{"count":1,"href":"https:\/\/lospoliticosveracruz.com\/index.php?rest_route=\/wp\/v2\/posts\/66677\/revisions"}],"predecessor-version":[{"id":66678,"href":"https:\/\/lospoliticosveracruz.com\/index.php?rest_route=\/wp\/v2\/posts\/66677\/revisions\/66678"}],"wp:attachment":[{"href":"https:\/\/lospoliticosveracruz.com\/index.php?rest_route=%2Fwp%2Fv2%2Fmedia&parent=66677"}],"wp:term":[{"taxonomy":"category","embeddable":true,"href":"https:\/\/lospoliticosveracruz.com\/index.php?rest_route=%2Fwp%2Fv2%2Fcategories&post=66677"},{"taxonomy":"post_tag","embeddable":true,"href":"https:\/\/lospoliticosveracruz.com\/index.php?rest_route=%2Fwp%2Fv2%2Ftags&post=66677"}],"curies":[{"name":"wp","href":"https:\/\/api.w.org\/{rel}","templated":true}]}}