{"id":66694,"date":"2021-01-15T16:34:48","date_gmt":"2021-01-15T22:34:48","guid":{"rendered":"http:\/\/www.lospoliticosveracruz.com.mx\/?p=66694"},"modified":"2021-01-15T16:34:48","modified_gmt":"2021-01-15T22:34:48","slug":"regidores-impotentes-una-reforma-impostergable-a-la-ley-organica","status":"publish","type":"post","link":"https:\/\/lospoliticosveracruz.com\/?p=66694","title":{"rendered":"Regidores impotentes; una reforma impostergable a la Ley Org\u00e1nica"},"content":{"rendered":"<p>&nbsp;<\/p>\n<p><strong>Jorge Luna *<\/strong><\/p>\n<p>M\u00e9xico se encuentra instituido en una Rep\u00fablica representativa, democr\u00e1tica y federal\u00a0 conformada por Estados libres y soberanos y \u00e9stos a su vez, se componen por municipios aut\u00f3nomos, gobernados cada uno por un Ayuntamiento integrado por Presidente(a), S\u00edndico(a) y el n\u00famero de Regidores(as) que la ley determine conforme al n\u00famero de su poblaci\u00f3n.<br \/>\nParticularmente en el Estado de Veracruz, las atribuciones de estos \u00faltimos se encuentran previstas en el art\u00edculo 38 de la Ley Org\u00e1nica del Municipio Libre, limitadas, limitad\u00edsimas a 7 vagas e imprecisas fracciones, de entre las cuales destacan tres:<br \/>\nI.\u00a0 Asistir\u00a0 puntualmente\u00a0 a\u00a0 las\u00a0 sesiones\u00a0 del\u00a0 Ayuntamiento\u00a0 y\u00a0 de\u00a0 las\u00a0 Comisiones\u00a0 de\u00a0 que\u00a0 formen\u00a0 parte,\u00a0 y participar\u00a0 en\u00a0 ellas\u00a0 con\u00a0 voz\u00a0 y\u00a0 voto;<br \/>\nIII.\u00a0 Proponer\u00a0 al\u00a0 Ayuntamiento\u00a0 los\u00a0 acuerdos\u00a0 que\u00a0 deban\u00a0 dictarse\u00a0 para\u00a0 el\u00a0 mejoramiento\u00a0 de\u00a0 los servicios\u00a0 p\u00fablicos\u00a0 municipales\u00a0 cuya vigilancia les\u00a0 haya sido\u00a0 encomendada; y<br \/>\nIV.\u00a0 Vigilar\u00a0 los\u00a0 ramos\u00a0 de\u00a0 la\u00a0 administraci\u00f3n\u00a0 que\u00a0 les\u00a0 encomiende\u00a0 el\u00a0 Ayuntamiento,\u00a0 informando peri\u00f3dicamente\u00a0 de\u00a0 sus\u00a0 gestiones;<br \/>\nDe lo que se colige que la funci\u00f3n esencial de los Regidores se traduce en 1) votar a favor o en contra de las propuestas que se realizan en Sesi\u00f3n de Cabildo 2) la atenci\u00f3n a los ciudadanos del municipio para proponer (ante el Cabildo) soluciones a las problem\u00e1ticas que se presenten y 3) vigilar las actividades realizadas por las \u00e1reas operativas para que estas se ajusten al marco legal y a los principios de legalidad, eficiencia y eficacia gubernamental.<br \/>\nNo obstante que estas atribuciones parecer\u00edan suficientes para dotar al Regidor de verdadero poder para incidir en la acci\u00f3n de gobierno, lo cierto es que no es as\u00ed.\u00a0 Si bien la ley establece estas y otras facultades, no las reglamenta y por tanto, no obliga a su acatamiento. Peor a\u00fan, no dispone mecanismos para que se cumplan y aunque el Regidor siempre puede acudir a la instancia jurisdiccional, ello implicar\u00eda el entortugamiento de toda actividad propia del servicio p\u00fablico.<br \/>\nAdem\u00e1s de que la Ley no reconoce al Regidor expresamente atribuci\u00f3n alguna para allegarse de la informaci\u00f3n disponible en cada una de las \u00e1reas ni la de ordenar a ning\u00fan servidor p\u00fablico la ejecuci\u00f3n de acci\u00f3n alguna, ni siquiera para las actividades m\u00e1s sencillas como cambiar una l\u00e1mpara fundida, tapar un bache o limpiar un espacio p\u00fablico.<br \/>\nPor otro lado, la propia Ley Org\u00e1nica dispone la organizaci\u00f3n en Comisiones integradas por Regidores para la atenci\u00f3n de las problem\u00e1ticas de cada rama de la administraci\u00f3n p\u00fablica, sin embargo, tampoco existe un cuerpo normativo que las norme, regule o reglamente, por lo que nuevamente estas facultades se convierten en humo. (En lo particular, para regular la actuaci\u00f3n de los ediles, al inicio de la administraci\u00f3n propuse un Reglamento para normar las Sesiones de Cabildo y el trabajo en Comisiones, que a\u00fan duerme el sue\u00f1o de los justos).<br \/>\nTodo lo anterior, aunado a la l\u00f3gica de la pol\u00edtica mexicana, donde el Regidor de oposici\u00f3n generalmente es bloqueado de toda iniciativa que presente ante el Cabildo y, la mayor\u00eda de las veces, ni siquiera las \u00e1reas de sus propias comisiones atienden a sus peticiones o recomendaciones, ya sea por instrucciones, incompetencia o altaner\u00eda. Ello es as\u00ed ya que los Regidores no tienen ninguna facultad ejecutiva y por tanto, ninguna facultad de mando respecto de los servidores p\u00fablicos del Ayuntamiento, las cuales se encuentran prohibidas para los Regidores por el art\u00edculo 43 de la LOML y reservadas \u00fanica y exclusivamente para el Presidente Municipal en la fracci\u00f3n XIX del art\u00edculo 36 de la misma Ley.<br \/>\nLuego entonces, es apremiante, impostergable una reforma a la Ley Org\u00e1nica que garantice a los Regidores desarrollar sus actividades esenciales de vigilancia y que permitan encauzar y atender efectivamente las peticiones de sus representados. La incipiente democracia en M\u00e9xico lo exige y la transformaci\u00f3n lo reclama. Despu\u00e9s de todo cada Regidor constituye una autoridad emanada de la voluntad popular para perseguir el bienestar del pueblo.<\/p>\n<p>* Jorge Luna es actualmente regidor tercero en el Ayuntamiento de Coatepec<\/p>\n","protected":false},"excerpt":{"rendered":"<p>&nbsp; Jorge Luna * M\u00e9xico se encuentra instituido en una Rep\u00fablica representativa, democr\u00e1tica y federal\u00a0 conformada por Estados libres y soberanos y \u00e9stos a su vez, se componen por municipios aut\u00f3nomos, gobernados cada uno por un Ayuntamiento integrado por Presidente(a), S\u00edndico(a) y el n\u00famero de Regidores(as) que la ley determine conforme al n\u00famero de su [&hellip;]<\/p>\n","protected":false},"author":2,"featured_media":0,"comment_status":"open","ping_status":"open","sticky":false,"template":"","format":"standard","meta":{"tdm_status":"","tdm_grid_status":"","footnotes":""},"categories":[70],"tags":[10563,12381,24889,18592,21348],"class_list":{"0":"post-66694","1":"post","2":"type-post","3":"status-publish","4":"format-standard","6":"category-de-opinion","7":"tag-cabildo","8":"tag-estado-de-veracruz","9":"tag-jorge-luna","10":"tag-ley-organica","11":"tag-regidor"},"yoast_head":"<!-- This site is optimized with the Yoast SEO plugin v27.4 - https:\/\/yoast.com\/product\/yoast-seo-wordpress\/ -->\n<title>Regidores impotentes; una reforma impostergable a la Ley Org\u00e1nica - Los pol\u00edticos Veracruz<\/title>\n<meta name=\"robots\" content=\"index, follow, max-snippet:-1, max-image-preview:large, max-video-preview:-1\" \/>\n<link rel=\"canonical\" href=\"https:\/\/lospoliticosveracruz.com\/?p=66694\" \/>\n<meta property=\"og:locale\" content=\"es_ES\" \/>\n<meta property=\"og:type\" content=\"article\" \/>\n<meta property=\"og:title\" content=\"Regidores impotentes; una reforma impostergable a la Ley Org\u00e1nica - Los pol\u00edticos Veracruz\" \/>\n<meta property=\"og:description\" content=\"&nbsp; Jorge Luna * M\u00e9xico se encuentra instituido en una Rep\u00fablica representativa, democr\u00e1tica y federal\u00a0 conformada por Estados libres y soberanos y \u00e9stos a su vez, se componen por municipios aut\u00f3nomos, gobernados cada uno por un Ayuntamiento integrado por Presidente(a), S\u00edndico(a) y el n\u00famero de Regidores(as) que la ley determine conforme al n\u00famero de su [&hellip;]\" \/>\n<meta property=\"og:url\" content=\"https:\/\/lospoliticosveracruz.com\/?p=66694\" \/>\n<meta property=\"og:site_name\" content=\"Los pol\u00edticos Veracruz\" \/>\n<meta property=\"article:publisher\" content=\"https:\/\/www.facebook.com\/people\/Notimemes-de-los-Polticos\/61565672886568\/\" \/>\n<meta property=\"article:published_time\" content=\"2021-01-15T22:34:48+00:00\" \/>\n<meta property=\"og:image\" content=\"https:\/\/lospoliticosveracruz.com\/wp-content\/uploads\/2016\/07\/Logo-Dor.jpg\" \/>\n\t<meta property=\"og:image:width\" content=\"200\" \/>\n\t<meta property=\"og:image:height\" content=\"200\" \/>\n\t<meta property=\"og:image:type\" content=\"image\/jpeg\" \/>\n<meta name=\"author\" content=\"Lo viste en Los Pol\u00edticos\" \/>\n<meta name=\"twitter:card\" content=\"summary_large_image\" \/>\n<meta name=\"twitter:creator\" content=\"@LosPoliticosVer\" \/>\n<meta name=\"twitter:site\" content=\"@LosPoliticosVer\" \/>\n<meta name=\"twitter:label1\" content=\"Escrito por\" \/>\n\t<meta name=\"twitter:data1\" content=\"Lo viste en Los Pol\u00edticos\" \/>\n\t<meta name=\"twitter:label2\" content=\"Tiempo de lectura\" \/>\n\t<meta name=\"twitter:data2\" content=\"4 minutos\" \/>\n<script type=\"application\/ld+json\" class=\"yoast-schema-graph\">{\"@context\":\"https:\\\/\\\/schema.org\",\"@graph\":[{\"@type\":\"Article\",\"@id\":\"https:\\\/\\\/lospoliticosveracruz.com\\\/?p=66694#article\",\"isPartOf\":{\"@id\":\"https:\\\/\\\/lospoliticosveracruz.com\\\/?p=66694\"},\"author\":{\"name\":\"Lo viste en Los Pol\u00edticos\",\"@id\":\"https:\\\/\\\/lospoliticosveracruz.com\\\/#\\\/schema\\\/person\\\/b8702bb0e538456e6efd07080bf2a4a2\"},\"headline\":\"Regidores impotentes; una reforma impostergable a la Ley Org\u00e1nica\",\"datePublished\":\"2021-01-15T22:34:48+00:00\",\"mainEntityOfPage\":{\"@id\":\"https:\\\/\\\/lospoliticosveracruz.com\\\/?p=66694\"},\"wordCount\":716,\"commentCount\":0,\"publisher\":{\"@id\":\"https:\\\/\\\/lospoliticosveracruz.com\\\/#organization\"},\"keywords\":[\"Cabildo\",\"estado de Veracruz\",\"Jorge Luna\",\"Ley Org\u00e1nica\",\"Regidor\"],\"articleSection\":[\"De Opini\u00f3n\"],\"inLanguage\":\"es\",\"potentialAction\":[{\"@type\":\"CommentAction\",\"name\":\"Comment\",\"target\":[\"https:\\\/\\\/lospoliticosveracruz.com\\\/?p=66694#respond\"]}]},{\"@type\":\"WebPage\",\"@id\":\"https:\\\/\\\/lospoliticosveracruz.com\\\/?p=66694\",\"url\":\"https:\\\/\\\/lospoliticosveracruz.com\\\/?p=66694\",\"name\":\"Regidores impotentes; una reforma impostergable a la Ley Org\u00e1nica - Los pol\u00edticos Veracruz\",\"isPartOf\":{\"@id\":\"https:\\\/\\\/lospoliticosveracruz.com\\\/#website\"},\"datePublished\":\"2021-01-15T22:34:48+00:00\",\"breadcrumb\":{\"@id\":\"https:\\\/\\\/lospoliticosveracruz.com\\\/?p=66694#breadcrumb\"},\"inLanguage\":\"es\",\"potentialAction\":[{\"@type\":\"ReadAction\",\"target\":[\"https:\\\/\\\/lospoliticosveracruz.com\\\/?p=66694\"]}]},{\"@type\":\"BreadcrumbList\",\"@id\":\"https:\\\/\\\/lospoliticosveracruz.com\\\/?p=66694#breadcrumb\",\"itemListElement\":[{\"@type\":\"ListItem\",\"position\":1,\"name\":\"Portada\",\"item\":\"https:\\\/\\\/lospoliticosveracruz.com\\\/\"},{\"@type\":\"ListItem\",\"position\":2,\"name\":\"Regidores impotentes; una reforma impostergable a la Ley Org\u00e1nica\"}]},{\"@type\":\"WebSite\",\"@id\":\"https:\\\/\\\/lospoliticosveracruz.com\\\/#website\",\"url\":\"https:\\\/\\\/lospoliticosveracruz.com\\\/\",\"name\":\"Los pol\u00edticos Veracruz\",\"description\":\"\",\"publisher\":{\"@id\":\"https:\\\/\\\/lospoliticosveracruz.com\\\/#organization\"},\"potentialAction\":[{\"@type\":\"SearchAction\",\"target\":{\"@type\":\"EntryPoint\",\"urlTemplate\":\"https:\\\/\\\/lospoliticosveracruz.com\\\/?s={search_term_string}\"},\"query-input\":{\"@type\":\"PropertyValueSpecification\",\"valueRequired\":true,\"valueName\":\"search_term_string\"}}],\"inLanguage\":\"es\"},{\"@type\":\"Organization\",\"@id\":\"https:\\\/\\\/lospoliticosveracruz.com\\\/#organization\",\"name\":\"Los pol\u00edticos Veracruz\",\"url\":\"https:\\\/\\\/lospoliticosveracruz.com\\\/\",\"logo\":{\"@type\":\"ImageObject\",\"inLanguage\":\"es\",\"@id\":\"https:\\\/\\\/lospoliticosveracruz.com\\\/#\\\/schema\\\/logo\\\/image\\\/\",\"url\":\"https:\\\/\\\/lospoliticosveracruz.com\\\/wp-content\\\/uploads\\\/2025\\\/12\\\/Logo-Nuevo-LOS-POLITICOS-1.jpg\",\"contentUrl\":\"https:\\\/\\\/lospoliticosveracruz.com\\\/wp-content\\\/uploads\\\/2025\\\/12\\\/Logo-Nuevo-LOS-POLITICOS-1.jpg\",\"width\":260,\"height\":70,\"caption\":\"Los pol\u00edticos Veracruz\"},\"image\":{\"@id\":\"https:\\\/\\\/lospoliticosveracruz.com\\\/#\\\/schema\\\/logo\\\/image\\\/\"},\"sameAs\":[\"https:\\\/\\\/www.facebook.com\\\/people\\\/Notimemes-de-los-Polticos\\\/61565672886568\\\/\",\"https:\\\/\\\/x.com\\\/LosPoliticosVer\"]},{\"@type\":\"Person\",\"@id\":\"https:\\\/\\\/lospoliticosveracruz.com\\\/#\\\/schema\\\/person\\\/b8702bb0e538456e6efd07080bf2a4a2\",\"name\":\"Lo viste en Los Pol\u00edticos\",\"image\":{\"@type\":\"ImageObject\",\"inLanguage\":\"es\",\"@id\":\"https:\\\/\\\/secure.gravatar.com\\\/avatar\\\/3a8de04a2656d44082be478bd6c086daa447c4651605818287b9532d3d0bd435?s=96&d=mm&r=g\",\"url\":\"https:\\\/\\\/secure.gravatar.com\\\/avatar\\\/3a8de04a2656d44082be478bd6c086daa447c4651605818287b9532d3d0bd435?s=96&d=mm&r=g\",\"contentUrl\":\"https:\\\/\\\/secure.gravatar.com\\\/avatar\\\/3a8de04a2656d44082be478bd6c086daa447c4651605818287b9532d3d0bd435?s=96&d=mm&r=g\",\"caption\":\"Lo viste en Los Pol\u00edticos\"},\"url\":\"https:\\\/\\\/lospoliticosveracruz.com\\\/?author=2\"}]}<\/script>\n<!-- \/ Yoast SEO plugin. -->","yoast_head_json":{"title":"Regidores impotentes; una reforma impostergable a la Ley Org\u00e1nica - Los pol\u00edticos Veracruz","robots":{"index":"index","follow":"follow","max-snippet":"max-snippet:-1","max-image-preview":"max-image-preview:large","max-video-preview":"max-video-preview:-1"},"canonical":"https:\/\/lospoliticosveracruz.com\/?p=66694","og_locale":"es_ES","og_type":"article","og_title":"Regidores impotentes; una reforma impostergable a la Ley Org\u00e1nica - Los pol\u00edticos Veracruz","og_description":"&nbsp; Jorge Luna * M\u00e9xico se encuentra instituido en una Rep\u00fablica representativa, democr\u00e1tica y federal\u00a0 conformada por Estados libres y soberanos y \u00e9stos a su vez, se componen por municipios aut\u00f3nomos, gobernados cada uno por un Ayuntamiento integrado por Presidente(a), S\u00edndico(a) y el n\u00famero de Regidores(as) que la ley determine conforme al n\u00famero de su [&hellip;]","og_url":"https:\/\/lospoliticosveracruz.com\/?p=66694","og_site_name":"Los pol\u00edticos Veracruz","article_publisher":"https:\/\/www.facebook.com\/people\/Notimemes-de-los-Polticos\/61565672886568\/","article_published_time":"2021-01-15T22:34:48+00:00","og_image":[{"width":200,"height":200,"url":"https:\/\/lospoliticosveracruz.com\/wp-content\/uploads\/2016\/07\/Logo-Dor.jpg","type":"image\/jpeg"}],"author":"Lo viste en Los Pol\u00edticos","twitter_card":"summary_large_image","twitter_creator":"@LosPoliticosVer","twitter_site":"@LosPoliticosVer","twitter_misc":{"Escrito por":"Lo viste en Los Pol\u00edticos","Tiempo de lectura":"4 minutos"},"schema":{"@context":"https:\/\/schema.org","@graph":[{"@type":"Article","@id":"https:\/\/lospoliticosveracruz.com\/?p=66694#article","isPartOf":{"@id":"https:\/\/lospoliticosveracruz.com\/?p=66694"},"author":{"name":"Lo viste en Los Pol\u00edticos","@id":"https:\/\/lospoliticosveracruz.com\/#\/schema\/person\/b8702bb0e538456e6efd07080bf2a4a2"},"headline":"Regidores impotentes; una reforma impostergable a la Ley Org\u00e1nica","datePublished":"2021-01-15T22:34:48+00:00","mainEntityOfPage":{"@id":"https:\/\/lospoliticosveracruz.com\/?p=66694"},"wordCount":716,"commentCount":0,"publisher":{"@id":"https:\/\/lospoliticosveracruz.com\/#organization"},"keywords":["Cabildo","estado de Veracruz","Jorge Luna","Ley Org\u00e1nica","Regidor"],"articleSection":["De Opini\u00f3n"],"inLanguage":"es","potentialAction":[{"@type":"CommentAction","name":"Comment","target":["https:\/\/lospoliticosveracruz.com\/?p=66694#respond"]}]},{"@type":"WebPage","@id":"https:\/\/lospoliticosveracruz.com\/?p=66694","url":"https:\/\/lospoliticosveracruz.com\/?p=66694","name":"Regidores impotentes; una reforma impostergable a la Ley Org\u00e1nica - Los pol\u00edticos Veracruz","isPartOf":{"@id":"https:\/\/lospoliticosveracruz.com\/#website"},"datePublished":"2021-01-15T22:34:48+00:00","breadcrumb":{"@id":"https:\/\/lospoliticosveracruz.com\/?p=66694#breadcrumb"},"inLanguage":"es","potentialAction":[{"@type":"ReadAction","target":["https:\/\/lospoliticosveracruz.com\/?p=66694"]}]},{"@type":"BreadcrumbList","@id":"https:\/\/lospoliticosveracruz.com\/?p=66694#breadcrumb","itemListElement":[{"@type":"ListItem","position":1,"name":"Portada","item":"https:\/\/lospoliticosveracruz.com\/"},{"@type":"ListItem","position":2,"name":"Regidores impotentes; una reforma impostergable a la Ley Org\u00e1nica"}]},{"@type":"WebSite","@id":"https:\/\/lospoliticosveracruz.com\/#website","url":"https:\/\/lospoliticosveracruz.com\/","name":"Los pol\u00edticos Veracruz","description":"","publisher":{"@id":"https:\/\/lospoliticosveracruz.com\/#organization"},"potentialAction":[{"@type":"SearchAction","target":{"@type":"EntryPoint","urlTemplate":"https:\/\/lospoliticosveracruz.com\/?s={search_term_string}"},"query-input":{"@type":"PropertyValueSpecification","valueRequired":true,"valueName":"search_term_string"}}],"inLanguage":"es"},{"@type":"Organization","@id":"https:\/\/lospoliticosveracruz.com\/#organization","name":"Los pol\u00edticos Veracruz","url":"https:\/\/lospoliticosveracruz.com\/","logo":{"@type":"ImageObject","inLanguage":"es","@id":"https:\/\/lospoliticosveracruz.com\/#\/schema\/logo\/image\/","url":"https:\/\/lospoliticosveracruz.com\/wp-content\/uploads\/2025\/12\/Logo-Nuevo-LOS-POLITICOS-1.jpg","contentUrl":"https:\/\/lospoliticosveracruz.com\/wp-content\/uploads\/2025\/12\/Logo-Nuevo-LOS-POLITICOS-1.jpg","width":260,"height":70,"caption":"Los pol\u00edticos Veracruz"},"image":{"@id":"https:\/\/lospoliticosveracruz.com\/#\/schema\/logo\/image\/"},"sameAs":["https:\/\/www.facebook.com\/people\/Notimemes-de-los-Polticos\/61565672886568\/","https:\/\/x.com\/LosPoliticosVer"]},{"@type":"Person","@id":"https:\/\/lospoliticosveracruz.com\/#\/schema\/person\/b8702bb0e538456e6efd07080bf2a4a2","name":"Lo viste en Los Pol\u00edticos","image":{"@type":"ImageObject","inLanguage":"es","@id":"https:\/\/secure.gravatar.com\/avatar\/3a8de04a2656d44082be478bd6c086daa447c4651605818287b9532d3d0bd435?s=96&d=mm&r=g","url":"https:\/\/secure.gravatar.com\/avatar\/3a8de04a2656d44082be478bd6c086daa447c4651605818287b9532d3d0bd435?s=96&d=mm&r=g","contentUrl":"https:\/\/secure.gravatar.com\/avatar\/3a8de04a2656d44082be478bd6c086daa447c4651605818287b9532d3d0bd435?s=96&d=mm&r=g","caption":"Lo viste en Los Pol\u00edticos"},"url":"https:\/\/lospoliticosveracruz.com\/?author=2"}]}},"_links":{"self":[{"href":"https:\/\/lospoliticosveracruz.com\/index.php?rest_route=\/wp\/v2\/posts\/66694","targetHints":{"allow":["GET"]}}],"collection":[{"href":"https:\/\/lospoliticosveracruz.com\/index.php?rest_route=\/wp\/v2\/posts"}],"about":[{"href":"https:\/\/lospoliticosveracruz.com\/index.php?rest_route=\/wp\/v2\/types\/post"}],"author":[{"embeddable":true,"href":"https:\/\/lospoliticosveracruz.com\/index.php?rest_route=\/wp\/v2\/users\/2"}],"replies":[{"embeddable":true,"href":"https:\/\/lospoliticosveracruz.com\/index.php?rest_route=%2Fwp%2Fv2%2Fcomments&post=66694"}],"version-history":[{"count":1,"href":"https:\/\/lospoliticosveracruz.com\/index.php?rest_route=\/wp\/v2\/posts\/66694\/revisions"}],"predecessor-version":[{"id":66696,"href":"https:\/\/lospoliticosveracruz.com\/index.php?rest_route=\/wp\/v2\/posts\/66694\/revisions\/66696"}],"wp:attachment":[{"href":"https:\/\/lospoliticosveracruz.com\/index.php?rest_route=%2Fwp%2Fv2%2Fmedia&parent=66694"}],"wp:term":[{"taxonomy":"category","embeddable":true,"href":"https:\/\/lospoliticosveracruz.com\/index.php?rest_route=%2Fwp%2Fv2%2Fcategories&post=66694"},{"taxonomy":"post_tag","embeddable":true,"href":"https:\/\/lospoliticosveracruz.com\/index.php?rest_route=%2Fwp%2Fv2%2Ftags&post=66694"}],"curies":[{"name":"wp","href":"https:\/\/api.w.org\/{rel}","templated":true}]}}