{"id":66703,"date":"2021-01-15T17:47:27","date_gmt":"2021-01-15T23:47:27","guid":{"rendered":"http:\/\/www.lospoliticosveracruz.com.mx\/?p=66703"},"modified":"2021-01-15T17:47:27","modified_gmt":"2021-01-15T23:47:27","slug":"whatsapp-y-facebook","status":"publish","type":"post","link":"https:\/\/lospoliticosveracruz.com\/?p=66703","title":{"rendered":"WhatsApp y Facebook"},"content":{"rendered":"<p><strong>Brenda Caballero<\/strong><\/p>\n<p><em>N\u00fameros Rojos <\/em><\/p>\n<p>Y de repente, un d\u00eda ya ten\u00eda m\u00e1s de 100 notificaciones de Telegram. Ilusa de m\u00ed que pens\u00e9 que eran mensajes. Eran uno, dos tres nuevos contactos migrando a Telegram, ante las condiciones de uso de WhatsApp.<br \/>\nEn teor\u00eda podr\u00eda decir que casi todos mis contactos empezaron a hacerlo antes del 8 de febrero de 2021, fecha l\u00edmite para que todo aqu\u00e9l o aqu\u00e9lla que no aceptara los t\u00e9rminos y condiciones de la aplicaci\u00f3n, su cuenta fuera eliminada. Imagino que al ver la desbandada de usuarios, la red social decidi\u00f3 prorrogar la eliminaci\u00f3n de sus cuentas hasta el 15 de mayo, para que los usuarios lean con calma y asimilen los t\u00e9rminos y condiciones de privacidad.<br \/>\n\u00bfDe verdad todos y todas los que migraron ya leyeron los t\u00e9rminos y condiciones de la red?<br \/>\nEsto me recuerda el efecto bandwagon, que son conductas o creencias propagadas entre la gente, a la cual se suman m\u00e1s y m\u00e1s individuos; o la psicolog\u00eda de masas, que es el estudio de los grupos colectivos que replican conductas de los dem\u00e1s sin cuestionarse nada.<br \/>\nNo digo que todos lo hagan, seguramente habr\u00e1 quien ya baj\u00f3 los t\u00e9rminos y hasta los analiz\u00f3 con lupa; sin embargo, muchas veces actuamos en masa.<br \/>\nHablando de masas, se ha dado cuenta que los t\u00e9rminos y condiciones de WhatsApp son similares a los de facebook?<br \/>\nRealmente Facebook es escalofriante. Vincula informaci\u00f3n comercial a tu cuenta personal y hasta manda mensaje de solicitud de amistad a contactos que t\u00fa no hiciste, as\u00ed como solicitud de \u201cme gusta\u201d a p\u00e1ginas que publicitan algo.<br \/>\nLo escribo con conocimiento de causa. Si quiere probarlo, le invito a bajar la aplicaci\u00f3n de la tienda que es parte de tu vida. Si usted navega y ve art\u00edculos en esa aplicaci\u00f3n, de inmediato en facebook le aparecer\u00e1n en su muro como publicidad. Es decir, est\u00e1n usando nuestros gustos y preferencias para ponerlos cada vez que entramos a nuestra cuenta.<br \/>\nPero no solamente facebook, lo mismo aplica para las p\u00e1ginas de internet que usted visita. Al abrir un sitio de internet, de inmediato le vendr\u00e1 la publicidad de la tienda departamental, portal de venta o simplemente de alg\u00fan art\u00edculo que usted busc\u00f3 en alg\u00fan buscador. \u00bfA poco no da miedo? En realidad, nuestros datos e informaci\u00f3n personal la est\u00e1n usando desde el mismo instante en que descargamos alguna aplicaci\u00f3n o red social.<br \/>\n\u00bfLe dan miedo los t\u00e9rminos de WhatsApp? Pues tambi\u00e9n deber\u00eda preocuparse por los datos que recopilan las aplicaciones y todos aquellos jueguitos de c\u00f3mo ser\u00e1s en unos a\u00f1os, y c\u00f3mo ser\u00edas de hombre o de mujer y que nos hacen caer en la curiosidad si seremos brujas o princesas.<br \/>\nAhora s\u00famele que a las redes, usted les agrega lo que come, d\u00f3nde vive, qui\u00e9n es su pareja, d\u00f3nde estudian sus hijos, sus regalos de navidad, los restaurantes y hoteles que visita\u2026 es un combo de informaci\u00f3n la que ellos tienen m\u00e1s la que usted les proporciona.<br \/>\nEn conclusi\u00f3n, de nada servir\u00e1 salirse de WhatsApp si tiene Facebook, Instagram, twitter o simplemente googlea algo.<br \/>\nM\u00e1s all\u00e1 de eliminar su cuenta de WhatsApp, de no publicar en facebook, le invito a que vea el documental de Netflix \u201cEl Dilema de las Redes Sociales\u201d, sin duda cambiar\u00e1 su perspectiva y notar\u00e1 c\u00f3mo nos enganchan y manipulan a trav\u00e9s de nuestras benditas redes sociales.<\/p>\n<p>@NumerosRojos_BC<br \/>\ncaballero_brenda@hotmail.com<\/p>\n","protected":false},"excerpt":{"rendered":"<p>Brenda Caballero N\u00fameros Rojos Y de repente, un d\u00eda ya ten\u00eda m\u00e1s de 100 notificaciones de Telegram. Ilusa de m\u00ed que pens\u00e9 que eran mensajes. Eran uno, dos tres nuevos contactos migrando a Telegram, ante las condiciones de uso de WhatsApp. En teor\u00eda podr\u00eda decir que casi todos mis contactos empezaron a hacerlo antes del [&hellip;]<\/p>\n","protected":false},"author":2,"featured_media":0,"comment_status":"open","ping_status":"open","sticky":false,"template":"","format":"standard","meta":{"tdm_status":"","tdm_grid_status":"","footnotes":""},"categories":[70],"tags":[25289,2687,25287,242,25288,25285,13605,5198,288,25284,551,25283,25286,481],"class_list":{"0":"post-66703","1":"post","2":"type-post","3":"status-publish","4":"format-standard","6":"category-de-opinion","7":"tag-benditas-redes-sociales","8":"tag-brenda-caballero","9":"tag-condiciones-de-privacidad","10":"tag-facebook","11":"tag-googlea","12":"tag-informacion-comercial","13":"tag-instagram","14":"tag-internet","15":"tag-netflix","16":"tag-red-social","17":"tag-redes-sociales","18":"tag-telegram","19":"tag-terminos","20":"tag-twitter"},"yoast_head":"<!-- This site is optimized with the Yoast SEO plugin v27.4 - https:\/\/yoast.com\/product\/yoast-seo-wordpress\/ -->\n<title>WhatsApp y Facebook - Los pol\u00edticos Veracruz<\/title>\n<meta name=\"robots\" content=\"index, follow, max-snippet:-1, max-image-preview:large, max-video-preview:-1\" \/>\n<link rel=\"canonical\" href=\"https:\/\/lospoliticosveracruz.com\/?p=66703\" \/>\n<meta property=\"og:locale\" content=\"es_ES\" \/>\n<meta property=\"og:type\" content=\"article\" \/>\n<meta property=\"og:title\" content=\"WhatsApp y Facebook - Los pol\u00edticos Veracruz\" \/>\n<meta property=\"og:description\" content=\"Brenda Caballero N\u00fameros Rojos Y de repente, un d\u00eda ya ten\u00eda m\u00e1s de 100 notificaciones de Telegram. Ilusa de m\u00ed que pens\u00e9 que eran mensajes. Eran uno, dos tres nuevos contactos migrando a Telegram, ante las condiciones de uso de WhatsApp. En teor\u00eda podr\u00eda decir que casi todos mis contactos empezaron a hacerlo antes del [&hellip;]\" \/>\n<meta property=\"og:url\" content=\"https:\/\/lospoliticosveracruz.com\/?p=66703\" \/>\n<meta property=\"og:site_name\" content=\"Los pol\u00edticos Veracruz\" \/>\n<meta property=\"article:publisher\" content=\"https:\/\/www.facebook.com\/people\/Notimemes-de-los-Polticos\/61565672886568\/\" \/>\n<meta property=\"article:published_time\" content=\"2021-01-15T23:47:27+00:00\" \/>\n<meta property=\"og:image\" content=\"https:\/\/lospoliticosveracruz.com\/wp-content\/uploads\/2016\/07\/Logo-Dor.jpg\" \/>\n\t<meta property=\"og:image:width\" content=\"200\" \/>\n\t<meta property=\"og:image:height\" content=\"200\" \/>\n\t<meta property=\"og:image:type\" content=\"image\/jpeg\" \/>\n<meta name=\"author\" content=\"Lo viste en Los Pol\u00edticos\" \/>\n<meta name=\"twitter:card\" content=\"summary_large_image\" \/>\n<meta name=\"twitter:creator\" content=\"@LosPoliticosVer\" \/>\n<meta name=\"twitter:site\" content=\"@LosPoliticosVer\" \/>\n<meta name=\"twitter:label1\" content=\"Escrito por\" \/>\n\t<meta name=\"twitter:data1\" content=\"Lo viste en Los Pol\u00edticos\" \/>\n\t<meta name=\"twitter:label2\" content=\"Tiempo de lectura\" \/>\n\t<meta name=\"twitter:data2\" content=\"3 minutos\" \/>\n<script type=\"application\/ld+json\" class=\"yoast-schema-graph\">{\"@context\":\"https:\\\/\\\/schema.org\",\"@graph\":[{\"@type\":\"Article\",\"@id\":\"https:\\\/\\\/lospoliticosveracruz.com\\\/?p=66703#article\",\"isPartOf\":{\"@id\":\"https:\\\/\\\/lospoliticosveracruz.com\\\/?p=66703\"},\"author\":{\"name\":\"Lo viste en Los Pol\u00edticos\",\"@id\":\"https:\\\/\\\/lospoliticosveracruz.com\\\/#\\\/schema\\\/person\\\/b8702bb0e538456e6efd07080bf2a4a2\"},\"headline\":\"WhatsApp y Facebook\",\"datePublished\":\"2021-01-15T23:47:27+00:00\",\"mainEntityOfPage\":{\"@id\":\"https:\\\/\\\/lospoliticosveracruz.com\\\/?p=66703\"},\"wordCount\":615,\"commentCount\":0,\"publisher\":{\"@id\":\"https:\\\/\\\/lospoliticosveracruz.com\\\/#organization\"},\"keywords\":[\"benditas redes sociales\",\"Brenda Caballero\",\"condiciones de privacidad\",\"facebook\",\"googlea\",\"informaci\u00f3n comercial\",\"Instagram\",\"internet\",\"Netflix\",\"red social\",\"redes sociales\",\"Telegram\",\"t\u00e9rminos\",\"twitter\"],\"articleSection\":[\"De Opini\u00f3n\"],\"inLanguage\":\"es\",\"potentialAction\":[{\"@type\":\"CommentAction\",\"name\":\"Comment\",\"target\":[\"https:\\\/\\\/lospoliticosveracruz.com\\\/?p=66703#respond\"]}]},{\"@type\":\"WebPage\",\"@id\":\"https:\\\/\\\/lospoliticosveracruz.com\\\/?p=66703\",\"url\":\"https:\\\/\\\/lospoliticosveracruz.com\\\/?p=66703\",\"name\":\"WhatsApp y Facebook - Los pol\u00edticos Veracruz\",\"isPartOf\":{\"@id\":\"https:\\\/\\\/lospoliticosveracruz.com\\\/#website\"},\"datePublished\":\"2021-01-15T23:47:27+00:00\",\"breadcrumb\":{\"@id\":\"https:\\\/\\\/lospoliticosveracruz.com\\\/?p=66703#breadcrumb\"},\"inLanguage\":\"es\",\"potentialAction\":[{\"@type\":\"ReadAction\",\"target\":[\"https:\\\/\\\/lospoliticosveracruz.com\\\/?p=66703\"]}]},{\"@type\":\"BreadcrumbList\",\"@id\":\"https:\\\/\\\/lospoliticosveracruz.com\\\/?p=66703#breadcrumb\",\"itemListElement\":[{\"@type\":\"ListItem\",\"position\":1,\"name\":\"Portada\",\"item\":\"https:\\\/\\\/lospoliticosveracruz.com\\\/\"},{\"@type\":\"ListItem\",\"position\":2,\"name\":\"WhatsApp y Facebook\"}]},{\"@type\":\"WebSite\",\"@id\":\"https:\\\/\\\/lospoliticosveracruz.com\\\/#website\",\"url\":\"https:\\\/\\\/lospoliticosveracruz.com\\\/\",\"name\":\"Los pol\u00edticos Veracruz\",\"description\":\"\",\"publisher\":{\"@id\":\"https:\\\/\\\/lospoliticosveracruz.com\\\/#organization\"},\"potentialAction\":[{\"@type\":\"SearchAction\",\"target\":{\"@type\":\"EntryPoint\",\"urlTemplate\":\"https:\\\/\\\/lospoliticosveracruz.com\\\/?s={search_term_string}\"},\"query-input\":{\"@type\":\"PropertyValueSpecification\",\"valueRequired\":true,\"valueName\":\"search_term_string\"}}],\"inLanguage\":\"es\"},{\"@type\":\"Organization\",\"@id\":\"https:\\\/\\\/lospoliticosveracruz.com\\\/#organization\",\"name\":\"Los pol\u00edticos Veracruz\",\"url\":\"https:\\\/\\\/lospoliticosveracruz.com\\\/\",\"logo\":{\"@type\":\"ImageObject\",\"inLanguage\":\"es\",\"@id\":\"https:\\\/\\\/lospoliticosveracruz.com\\\/#\\\/schema\\\/logo\\\/image\\\/\",\"url\":\"https:\\\/\\\/lospoliticosveracruz.com\\\/wp-content\\\/uploads\\\/2025\\\/12\\\/Logo-Nuevo-LOS-POLITICOS-1.jpg\",\"contentUrl\":\"https:\\\/\\\/lospoliticosveracruz.com\\\/wp-content\\\/uploads\\\/2025\\\/12\\\/Logo-Nuevo-LOS-POLITICOS-1.jpg\",\"width\":260,\"height\":70,\"caption\":\"Los pol\u00edticos Veracruz\"},\"image\":{\"@id\":\"https:\\\/\\\/lospoliticosveracruz.com\\\/#\\\/schema\\\/logo\\\/image\\\/\"},\"sameAs\":[\"https:\\\/\\\/www.facebook.com\\\/people\\\/Notimemes-de-los-Polticos\\\/61565672886568\\\/\",\"https:\\\/\\\/x.com\\\/LosPoliticosVer\"]},{\"@type\":\"Person\",\"@id\":\"https:\\\/\\\/lospoliticosveracruz.com\\\/#\\\/schema\\\/person\\\/b8702bb0e538456e6efd07080bf2a4a2\",\"name\":\"Lo viste en Los Pol\u00edticos\",\"image\":{\"@type\":\"ImageObject\",\"inLanguage\":\"es\",\"@id\":\"https:\\\/\\\/secure.gravatar.com\\\/avatar\\\/3a8de04a2656d44082be478bd6c086daa447c4651605818287b9532d3d0bd435?s=96&d=mm&r=g\",\"url\":\"https:\\\/\\\/secure.gravatar.com\\\/avatar\\\/3a8de04a2656d44082be478bd6c086daa447c4651605818287b9532d3d0bd435?s=96&d=mm&r=g\",\"contentUrl\":\"https:\\\/\\\/secure.gravatar.com\\\/avatar\\\/3a8de04a2656d44082be478bd6c086daa447c4651605818287b9532d3d0bd435?s=96&d=mm&r=g\",\"caption\":\"Lo viste en Los Pol\u00edticos\"},\"url\":\"https:\\\/\\\/lospoliticosveracruz.com\\\/?author=2\"}]}<\/script>\n<!-- \/ Yoast SEO plugin. -->","yoast_head_json":{"title":"WhatsApp y Facebook - Los pol\u00edticos Veracruz","robots":{"index":"index","follow":"follow","max-snippet":"max-snippet:-1","max-image-preview":"max-image-preview:large","max-video-preview":"max-video-preview:-1"},"canonical":"https:\/\/lospoliticosveracruz.com\/?p=66703","og_locale":"es_ES","og_type":"article","og_title":"WhatsApp y Facebook - Los pol\u00edticos Veracruz","og_description":"Brenda Caballero N\u00fameros Rojos Y de repente, un d\u00eda ya ten\u00eda m\u00e1s de 100 notificaciones de Telegram. Ilusa de m\u00ed que pens\u00e9 que eran mensajes. Eran uno, dos tres nuevos contactos migrando a Telegram, ante las condiciones de uso de WhatsApp. En teor\u00eda podr\u00eda decir que casi todos mis contactos empezaron a hacerlo antes del [&hellip;]","og_url":"https:\/\/lospoliticosveracruz.com\/?p=66703","og_site_name":"Los pol\u00edticos Veracruz","article_publisher":"https:\/\/www.facebook.com\/people\/Notimemes-de-los-Polticos\/61565672886568\/","article_published_time":"2021-01-15T23:47:27+00:00","og_image":[{"width":200,"height":200,"url":"https:\/\/lospoliticosveracruz.com\/wp-content\/uploads\/2016\/07\/Logo-Dor.jpg","type":"image\/jpeg"}],"author":"Lo viste en Los Pol\u00edticos","twitter_card":"summary_large_image","twitter_creator":"@LosPoliticosVer","twitter_site":"@LosPoliticosVer","twitter_misc":{"Escrito por":"Lo viste en Los Pol\u00edticos","Tiempo de lectura":"3 minutos"},"schema":{"@context":"https:\/\/schema.org","@graph":[{"@type":"Article","@id":"https:\/\/lospoliticosveracruz.com\/?p=66703#article","isPartOf":{"@id":"https:\/\/lospoliticosveracruz.com\/?p=66703"},"author":{"name":"Lo viste en Los Pol\u00edticos","@id":"https:\/\/lospoliticosveracruz.com\/#\/schema\/person\/b8702bb0e538456e6efd07080bf2a4a2"},"headline":"WhatsApp y Facebook","datePublished":"2021-01-15T23:47:27+00:00","mainEntityOfPage":{"@id":"https:\/\/lospoliticosveracruz.com\/?p=66703"},"wordCount":615,"commentCount":0,"publisher":{"@id":"https:\/\/lospoliticosveracruz.com\/#organization"},"keywords":["benditas redes sociales","Brenda Caballero","condiciones de privacidad","facebook","googlea","informaci\u00f3n comercial","Instagram","internet","Netflix","red social","redes sociales","Telegram","t\u00e9rminos","twitter"],"articleSection":["De Opini\u00f3n"],"inLanguage":"es","potentialAction":[{"@type":"CommentAction","name":"Comment","target":["https:\/\/lospoliticosveracruz.com\/?p=66703#respond"]}]},{"@type":"WebPage","@id":"https:\/\/lospoliticosveracruz.com\/?p=66703","url":"https:\/\/lospoliticosveracruz.com\/?p=66703","name":"WhatsApp y Facebook - Los pol\u00edticos Veracruz","isPartOf":{"@id":"https:\/\/lospoliticosveracruz.com\/#website"},"datePublished":"2021-01-15T23:47:27+00:00","breadcrumb":{"@id":"https:\/\/lospoliticosveracruz.com\/?p=66703#breadcrumb"},"inLanguage":"es","potentialAction":[{"@type":"ReadAction","target":["https:\/\/lospoliticosveracruz.com\/?p=66703"]}]},{"@type":"BreadcrumbList","@id":"https:\/\/lospoliticosveracruz.com\/?p=66703#breadcrumb","itemListElement":[{"@type":"ListItem","position":1,"name":"Portada","item":"https:\/\/lospoliticosveracruz.com\/"},{"@type":"ListItem","position":2,"name":"WhatsApp y Facebook"}]},{"@type":"WebSite","@id":"https:\/\/lospoliticosveracruz.com\/#website","url":"https:\/\/lospoliticosveracruz.com\/","name":"Los pol\u00edticos Veracruz","description":"","publisher":{"@id":"https:\/\/lospoliticosveracruz.com\/#organization"},"potentialAction":[{"@type":"SearchAction","target":{"@type":"EntryPoint","urlTemplate":"https:\/\/lospoliticosveracruz.com\/?s={search_term_string}"},"query-input":{"@type":"PropertyValueSpecification","valueRequired":true,"valueName":"search_term_string"}}],"inLanguage":"es"},{"@type":"Organization","@id":"https:\/\/lospoliticosveracruz.com\/#organization","name":"Los pol\u00edticos Veracruz","url":"https:\/\/lospoliticosveracruz.com\/","logo":{"@type":"ImageObject","inLanguage":"es","@id":"https:\/\/lospoliticosveracruz.com\/#\/schema\/logo\/image\/","url":"https:\/\/lospoliticosveracruz.com\/wp-content\/uploads\/2025\/12\/Logo-Nuevo-LOS-POLITICOS-1.jpg","contentUrl":"https:\/\/lospoliticosveracruz.com\/wp-content\/uploads\/2025\/12\/Logo-Nuevo-LOS-POLITICOS-1.jpg","width":260,"height":70,"caption":"Los pol\u00edticos Veracruz"},"image":{"@id":"https:\/\/lospoliticosveracruz.com\/#\/schema\/logo\/image\/"},"sameAs":["https:\/\/www.facebook.com\/people\/Notimemes-de-los-Polticos\/61565672886568\/","https:\/\/x.com\/LosPoliticosVer"]},{"@type":"Person","@id":"https:\/\/lospoliticosveracruz.com\/#\/schema\/person\/b8702bb0e538456e6efd07080bf2a4a2","name":"Lo viste en Los Pol\u00edticos","image":{"@type":"ImageObject","inLanguage":"es","@id":"https:\/\/secure.gravatar.com\/avatar\/3a8de04a2656d44082be478bd6c086daa447c4651605818287b9532d3d0bd435?s=96&d=mm&r=g","url":"https:\/\/secure.gravatar.com\/avatar\/3a8de04a2656d44082be478bd6c086daa447c4651605818287b9532d3d0bd435?s=96&d=mm&r=g","contentUrl":"https:\/\/secure.gravatar.com\/avatar\/3a8de04a2656d44082be478bd6c086daa447c4651605818287b9532d3d0bd435?s=96&d=mm&r=g","caption":"Lo viste en Los Pol\u00edticos"},"url":"https:\/\/lospoliticosveracruz.com\/?author=2"}]}},"_links":{"self":[{"href":"https:\/\/lospoliticosveracruz.com\/index.php?rest_route=\/wp\/v2\/posts\/66703","targetHints":{"allow":["GET"]}}],"collection":[{"href":"https:\/\/lospoliticosveracruz.com\/index.php?rest_route=\/wp\/v2\/posts"}],"about":[{"href":"https:\/\/lospoliticosveracruz.com\/index.php?rest_route=\/wp\/v2\/types\/post"}],"author":[{"embeddable":true,"href":"https:\/\/lospoliticosveracruz.com\/index.php?rest_route=\/wp\/v2\/users\/2"}],"replies":[{"embeddable":true,"href":"https:\/\/lospoliticosveracruz.com\/index.php?rest_route=%2Fwp%2Fv2%2Fcomments&post=66703"}],"version-history":[{"count":1,"href":"https:\/\/lospoliticosveracruz.com\/index.php?rest_route=\/wp\/v2\/posts\/66703\/revisions"}],"predecessor-version":[{"id":66705,"href":"https:\/\/lospoliticosveracruz.com\/index.php?rest_route=\/wp\/v2\/posts\/66703\/revisions\/66705"}],"wp:attachment":[{"href":"https:\/\/lospoliticosveracruz.com\/index.php?rest_route=%2Fwp%2Fv2%2Fmedia&parent=66703"}],"wp:term":[{"taxonomy":"category","embeddable":true,"href":"https:\/\/lospoliticosveracruz.com\/index.php?rest_route=%2Fwp%2Fv2%2Fcategories&post=66703"},{"taxonomy":"post_tag","embeddable":true,"href":"https:\/\/lospoliticosveracruz.com\/index.php?rest_route=%2Fwp%2Fv2%2Ftags&post=66703"}],"curies":[{"name":"wp","href":"https:\/\/api.w.org\/{rel}","templated":true}]}}