{"id":66748,"date":"2021-01-17T16:38:44","date_gmt":"2021-01-17T22:38:44","guid":{"rendered":"http:\/\/www.lospoliticosveracruz.com.mx\/?p=66748"},"modified":"2021-01-17T16:38:44","modified_gmt":"2021-01-17T22:38:44","slug":"amlo-busca-pleito-con-biden","status":"publish","type":"post","link":"https:\/\/lospoliticosveracruz.com\/?p=66748","title":{"rendered":"AMLO busca pleito con Biden"},"content":{"rendered":"<p><strong>Veracruz<\/strong><\/p>\n<p>La Diputada Federal por el Distrito XII con cabecera en Veracruz, Mariana Dunyaska Garc\u00eda Rojas, consider\u00f3 desafortunada la reacci\u00f3n de Andr\u00e9s Manuel L\u00f3pez Obrador frente a la exoneraci\u00f3n por parte de la Fiscal\u00eda General de la Rep\u00fablica en el caso del General Salvador Cienfuegos, y la eventual liberaci\u00f3n de documentos norteamericanos de car\u00e1cter confidencial sobre el caso.<br \/>\n\u201cLas declaraciones y acciones del presidente han sido desafortunadas, por decir lo menos, primero al acusar a la DEA de fabricar casos, poni\u00e9ndonos en conflicto con una de las instituciones norteamericanas con la que hemos cooperado por a\u00f1os en materia de seguridad y combate al crimen organizado. En este sentido, los agravios por parte del Presidente contin\u00faan al liberar documentaci\u00f3n que fue compartida de manera confidencial, violando el Tratado de Asistencia Legal Mutua entre ambas naciones. Todo esto perjudicar\u00e1 gravemente la cooperaci\u00f3n, y ya declar\u00f3 el Departamento de Justicia que considerar\u00e1 antes de compartir informaci\u00f3n o extraditar presos como es el caso de C\u00e9sar Duarte, ante el riesgo de que el Gobierno mexicano no s\u00f3lo no haga nada, sino que viole la confidencialidad de los casos\u201d\u201d<br \/>\nLa legisladora veracruzana considero que el Presidente acaba de abrir un frente abierto con el Gobierno estadounidense: \u201cEs imposible no ver esto como un acto de provocaci\u00f3n que hace AMLO hacia las instituciones norteamericanas ahora que se avecina la transici\u00f3n de Trump a la administraci\u00f3n de Joe Biden. \u00bfPor qu\u00e9 el presidente decide en este contexto hacer estas afrentas? Muy sencillo, ya no va a estar su amigo Donald Trump en el poder.\u201d<br \/>\n\u201cCon Trump el presidente se entendi\u00f3, ya que ambos son populistas nacionalistas que prefer\u00edan aislar a sus naciones que la cooperaci\u00f3n internacional. No olvidemos que AMLO utiliza diariamente a la Guardia Nacional como muro en la frontera sur, se postr\u00f3 ante Trump para hacer actos electorales en Estados Unidos en plena pandemia, y fue junto con Bolsonaro el \u00fanico l\u00edder latinoamericano que dio cabida a las acusaciones infundadas de fraude realizadas por Trump.\u201d<br \/>\n\u201cLa administraci\u00f3n de Biden ya ha anunciado que busca reincorporar a Estados Unidos, impulsando los temas de transici\u00f3n energ\u00e9tica, respeto a los derechos humanos y cooperaci\u00f3n internacional, temas que claramente le incomodan a AMLO, quien desea que M\u00e9xico sea un pa\u00eds contaminante y aislado del mundo.\u201d<br \/>\nMariana Dunyaska concluye: \u201cEl Presidente quiere poner nuestro pa\u00eds en conflicto directo con nuestro principal socio comercial. Como si la pandemia, la econom\u00eda y la seguridad no fueran suficientes problemas para nuestro pa\u00eds, AMLO en su af\u00e1n populista ha decidido poner a M\u00e9xico en conflicto abierto con Estados Unidos.<\/p>\n","protected":false},"excerpt":{"rendered":"<p>Veracruz La Diputada Federal por el Distrito XII con cabecera en Veracruz, Mariana Dunyaska Garc\u00eda Rojas, consider\u00f3 desafortunada la reacci\u00f3n de Andr\u00e9s Manuel L\u00f3pez Obrador frente a la exoneraci\u00f3n por parte de la Fiscal\u00eda General de la Rep\u00fablica en el caso del General Salvador Cienfuegos, y la eventual liberaci\u00f3n de documentos norteamericanos de car\u00e1cter confidencial [&hellip;]<\/p>\n","protected":false},"author":2,"featured_media":65482,"comment_status":"open","ping_status":"open","sticky":false,"template":"","format":"standard","meta":{"tdm_status":"","tdm_grid_status":"","footnotes":""},"categories":[73],"tags":[5811,8836,25309,13146,834,23179,14965,17474,195],"class_list":{"0":"post-66748","1":"post","2":"type-post","3":"status-publish","4":"format-standard","5":"has-post-thumbnail","7":"category-de-boleto","8":"tag-cesar-duarte","9":"tag-dea","10":"tag-departamento-de-justicia","11":"tag-fiscalia-general-de-la-republica","12":"tag-general-salvador-cienfuegos","13":"tag-joe-biden","14":"tag-mariana-dunyanska-garcia-rojas","15":"tag-trump","16":"tag-veracruz"},"yoast_head":"<!-- This site is optimized with the Yoast SEO plugin v27.4 - https:\/\/yoast.com\/product\/yoast-seo-wordpress\/ -->\n<title>AMLO busca pleito con Biden - Los pol\u00edticos Veracruz<\/title>\n<meta name=\"robots\" content=\"index, follow, max-snippet:-1, max-image-preview:large, max-video-preview:-1\" \/>\n<link rel=\"canonical\" href=\"https:\/\/lospoliticosveracruz.com\/?p=66748\" \/>\n<meta property=\"og:locale\" content=\"es_ES\" \/>\n<meta property=\"og:type\" content=\"article\" \/>\n<meta property=\"og:title\" content=\"AMLO busca pleito con Biden - Los pol\u00edticos Veracruz\" \/>\n<meta property=\"og:description\" content=\"Veracruz La Diputada Federal por el Distrito XII con cabecera en Veracruz, Mariana Dunyaska Garc\u00eda Rojas, consider\u00f3 desafortunada la reacci\u00f3n de Andr\u00e9s Manuel L\u00f3pez Obrador frente a la exoneraci\u00f3n por parte de la Fiscal\u00eda General de la Rep\u00fablica en el caso del General Salvador Cienfuegos, y la eventual liberaci\u00f3n de documentos norteamericanos de car\u00e1cter confidencial [&hellip;]\" \/>\n<meta property=\"og:url\" content=\"https:\/\/lospoliticosveracruz.com\/?p=66748\" \/>\n<meta property=\"og:site_name\" content=\"Los pol\u00edticos Veracruz\" \/>\n<meta property=\"article:publisher\" content=\"https:\/\/www.facebook.com\/people\/Notimemes-de-los-Polticos\/61565672886568\/\" \/>\n<meta property=\"article:published_time\" content=\"2021-01-17T22:38:44+00:00\" \/>\n<meta property=\"og:image\" content=\"https:\/\/lospoliticosveracruz.com\/wp-content\/uploads\/2020\/12\/Dunyaska1.jpeg\" \/>\n\t<meta property=\"og:image:width\" content=\"650\" \/>\n\t<meta property=\"og:image:height\" content=\"320\" \/>\n\t<meta property=\"og:image:type\" content=\"image\/jpeg\" \/>\n<meta name=\"author\" content=\"Lo viste en Los Pol\u00edticos\" \/>\n<meta name=\"twitter:card\" content=\"summary_large_image\" \/>\n<meta name=\"twitter:creator\" content=\"@LosPoliticosVer\" \/>\n<meta name=\"twitter:site\" content=\"@LosPoliticosVer\" \/>\n<meta name=\"twitter:label1\" content=\"Escrito por\" \/>\n\t<meta name=\"twitter:data1\" content=\"Lo viste en Los Pol\u00edticos\" \/>\n\t<meta name=\"twitter:label2\" content=\"Tiempo de lectura\" \/>\n\t<meta name=\"twitter:data2\" content=\"2 minutos\" \/>\n<script type=\"application\/ld+json\" class=\"yoast-schema-graph\">{\"@context\":\"https:\\\/\\\/schema.org\",\"@graph\":[{\"@type\":\"Article\",\"@id\":\"https:\\\/\\\/lospoliticosveracruz.com\\\/?p=66748#article\",\"isPartOf\":{\"@id\":\"https:\\\/\\\/lospoliticosveracruz.com\\\/?p=66748\"},\"author\":{\"name\":\"Lo viste en Los Pol\u00edticos\",\"@id\":\"https:\\\/\\\/lospoliticosveracruz.com\\\/#\\\/schema\\\/person\\\/b8702bb0e538456e6efd07080bf2a4a2\"},\"headline\":\"AMLO busca pleito con Biden\",\"datePublished\":\"2021-01-17T22:38:44+00:00\",\"mainEntityOfPage\":{\"@id\":\"https:\\\/\\\/lospoliticosveracruz.com\\\/?p=66748\"},\"wordCount\":464,\"commentCount\":0,\"publisher\":{\"@id\":\"https:\\\/\\\/lospoliticosveracruz.com\\\/#organization\"},\"image\":{\"@id\":\"https:\\\/\\\/lospoliticosveracruz.com\\\/?p=66748#primaryimage\"},\"thumbnailUrl\":\"https:\\\/\\\/lospoliticosveracruz.com\\\/wp-content\\\/uploads\\\/2020\\\/12\\\/Dunyaska1.jpeg\",\"keywords\":[\"C\u00e9sar Duarte\",\"DEA\",\"Departamento de justicia\",\"Fiscal\u00eda General de la Rep\u00fablica\",\"General Salvador Cienfuegos\",\"Joe Biden\",\"Mariana Dunyanska Garc\u00eda Rojas\",\"Trump\",\"Veracruz\"],\"articleSection\":[\"De Boleto\"],\"inLanguage\":\"es\",\"potentialAction\":[{\"@type\":\"CommentAction\",\"name\":\"Comment\",\"target\":[\"https:\\\/\\\/lospoliticosveracruz.com\\\/?p=66748#respond\"]}]},{\"@type\":\"WebPage\",\"@id\":\"https:\\\/\\\/lospoliticosveracruz.com\\\/?p=66748\",\"url\":\"https:\\\/\\\/lospoliticosveracruz.com\\\/?p=66748\",\"name\":\"AMLO busca pleito con Biden - Los pol\u00edticos Veracruz\",\"isPartOf\":{\"@id\":\"https:\\\/\\\/lospoliticosveracruz.com\\\/#website\"},\"primaryImageOfPage\":{\"@id\":\"https:\\\/\\\/lospoliticosveracruz.com\\\/?p=66748#primaryimage\"},\"image\":{\"@id\":\"https:\\\/\\\/lospoliticosveracruz.com\\\/?p=66748#primaryimage\"},\"thumbnailUrl\":\"https:\\\/\\\/lospoliticosveracruz.com\\\/wp-content\\\/uploads\\\/2020\\\/12\\\/Dunyaska1.jpeg\",\"datePublished\":\"2021-01-17T22:38:44+00:00\",\"breadcrumb\":{\"@id\":\"https:\\\/\\\/lospoliticosveracruz.com\\\/?p=66748#breadcrumb\"},\"inLanguage\":\"es\",\"potentialAction\":[{\"@type\":\"ReadAction\",\"target\":[\"https:\\\/\\\/lospoliticosveracruz.com\\\/?p=66748\"]}]},{\"@type\":\"ImageObject\",\"inLanguage\":\"es\",\"@id\":\"https:\\\/\\\/lospoliticosveracruz.com\\\/?p=66748#primaryimage\",\"url\":\"https:\\\/\\\/lospoliticosveracruz.com\\\/wp-content\\\/uploads\\\/2020\\\/12\\\/Dunyaska1.jpeg\",\"contentUrl\":\"https:\\\/\\\/lospoliticosveracruz.com\\\/wp-content\\\/uploads\\\/2020\\\/12\\\/Dunyaska1.jpeg\",\"width\":650,\"height\":320},{\"@type\":\"BreadcrumbList\",\"@id\":\"https:\\\/\\\/lospoliticosveracruz.com\\\/?p=66748#breadcrumb\",\"itemListElement\":[{\"@type\":\"ListItem\",\"position\":1,\"name\":\"Portada\",\"item\":\"https:\\\/\\\/lospoliticosveracruz.com\\\/\"},{\"@type\":\"ListItem\",\"position\":2,\"name\":\"AMLO busca pleito con Biden\"}]},{\"@type\":\"WebSite\",\"@id\":\"https:\\\/\\\/lospoliticosveracruz.com\\\/#website\",\"url\":\"https:\\\/\\\/lospoliticosveracruz.com\\\/\",\"name\":\"Los pol\u00edticos Veracruz\",\"description\":\"\",\"publisher\":{\"@id\":\"https:\\\/\\\/lospoliticosveracruz.com\\\/#organization\"},\"potentialAction\":[{\"@type\":\"SearchAction\",\"target\":{\"@type\":\"EntryPoint\",\"urlTemplate\":\"https:\\\/\\\/lospoliticosveracruz.com\\\/?s={search_term_string}\"},\"query-input\":{\"@type\":\"PropertyValueSpecification\",\"valueRequired\":true,\"valueName\":\"search_term_string\"}}],\"inLanguage\":\"es\"},{\"@type\":\"Organization\",\"@id\":\"https:\\\/\\\/lospoliticosveracruz.com\\\/#organization\",\"name\":\"Los pol\u00edticos Veracruz\",\"url\":\"https:\\\/\\\/lospoliticosveracruz.com\\\/\",\"logo\":{\"@type\":\"ImageObject\",\"inLanguage\":\"es\",\"@id\":\"https:\\\/\\\/lospoliticosveracruz.com\\\/#\\\/schema\\\/logo\\\/image\\\/\",\"url\":\"https:\\\/\\\/lospoliticosveracruz.com\\\/wp-content\\\/uploads\\\/2025\\\/12\\\/Logo-Nuevo-LOS-POLITICOS-1.jpg\",\"contentUrl\":\"https:\\\/\\\/lospoliticosveracruz.com\\\/wp-content\\\/uploads\\\/2025\\\/12\\\/Logo-Nuevo-LOS-POLITICOS-1.jpg\",\"width\":260,\"height\":70,\"caption\":\"Los pol\u00edticos Veracruz\"},\"image\":{\"@id\":\"https:\\\/\\\/lospoliticosveracruz.com\\\/#\\\/schema\\\/logo\\\/image\\\/\"},\"sameAs\":[\"https:\\\/\\\/www.facebook.com\\\/people\\\/Notimemes-de-los-Polticos\\\/61565672886568\\\/\",\"https:\\\/\\\/x.com\\\/LosPoliticosVer\"]},{\"@type\":\"Person\",\"@id\":\"https:\\\/\\\/lospoliticosveracruz.com\\\/#\\\/schema\\\/person\\\/b8702bb0e538456e6efd07080bf2a4a2\",\"name\":\"Lo viste en Los Pol\u00edticos\",\"image\":{\"@type\":\"ImageObject\",\"inLanguage\":\"es\",\"@id\":\"https:\\\/\\\/secure.gravatar.com\\\/avatar\\\/3a8de04a2656d44082be478bd6c086daa447c4651605818287b9532d3d0bd435?s=96&d=mm&r=g\",\"url\":\"https:\\\/\\\/secure.gravatar.com\\\/avatar\\\/3a8de04a2656d44082be478bd6c086daa447c4651605818287b9532d3d0bd435?s=96&d=mm&r=g\",\"contentUrl\":\"https:\\\/\\\/secure.gravatar.com\\\/avatar\\\/3a8de04a2656d44082be478bd6c086daa447c4651605818287b9532d3d0bd435?s=96&d=mm&r=g\",\"caption\":\"Lo viste en Los Pol\u00edticos\"},\"url\":\"https:\\\/\\\/lospoliticosveracruz.com\\\/?author=2\"}]}<\/script>\n<!-- \/ Yoast SEO plugin. -->","yoast_head_json":{"title":"AMLO busca pleito con Biden - Los pol\u00edticos Veracruz","robots":{"index":"index","follow":"follow","max-snippet":"max-snippet:-1","max-image-preview":"max-image-preview:large","max-video-preview":"max-video-preview:-1"},"canonical":"https:\/\/lospoliticosveracruz.com\/?p=66748","og_locale":"es_ES","og_type":"article","og_title":"AMLO busca pleito con Biden - Los pol\u00edticos Veracruz","og_description":"Veracruz La Diputada Federal por el Distrito XII con cabecera en Veracruz, Mariana Dunyaska Garc\u00eda Rojas, consider\u00f3 desafortunada la reacci\u00f3n de Andr\u00e9s Manuel L\u00f3pez Obrador frente a la exoneraci\u00f3n por parte de la Fiscal\u00eda General de la Rep\u00fablica en el caso del General Salvador Cienfuegos, y la eventual liberaci\u00f3n de documentos norteamericanos de car\u00e1cter confidencial [&hellip;]","og_url":"https:\/\/lospoliticosveracruz.com\/?p=66748","og_site_name":"Los pol\u00edticos Veracruz","article_publisher":"https:\/\/www.facebook.com\/people\/Notimemes-de-los-Polticos\/61565672886568\/","article_published_time":"2021-01-17T22:38:44+00:00","og_image":[{"width":650,"height":320,"url":"https:\/\/lospoliticosveracruz.com\/wp-content\/uploads\/2020\/12\/Dunyaska1.jpeg","type":"image\/jpeg"}],"author":"Lo viste en Los Pol\u00edticos","twitter_card":"summary_large_image","twitter_creator":"@LosPoliticosVer","twitter_site":"@LosPoliticosVer","twitter_misc":{"Escrito por":"Lo viste en Los Pol\u00edticos","Tiempo de lectura":"2 minutos"},"schema":{"@context":"https:\/\/schema.org","@graph":[{"@type":"Article","@id":"https:\/\/lospoliticosveracruz.com\/?p=66748#article","isPartOf":{"@id":"https:\/\/lospoliticosveracruz.com\/?p=66748"},"author":{"name":"Lo viste en Los Pol\u00edticos","@id":"https:\/\/lospoliticosveracruz.com\/#\/schema\/person\/b8702bb0e538456e6efd07080bf2a4a2"},"headline":"AMLO busca pleito con Biden","datePublished":"2021-01-17T22:38:44+00:00","mainEntityOfPage":{"@id":"https:\/\/lospoliticosveracruz.com\/?p=66748"},"wordCount":464,"commentCount":0,"publisher":{"@id":"https:\/\/lospoliticosveracruz.com\/#organization"},"image":{"@id":"https:\/\/lospoliticosveracruz.com\/?p=66748#primaryimage"},"thumbnailUrl":"https:\/\/lospoliticosveracruz.com\/wp-content\/uploads\/2020\/12\/Dunyaska1.jpeg","keywords":["C\u00e9sar Duarte","DEA","Departamento de justicia","Fiscal\u00eda General de la Rep\u00fablica","General Salvador Cienfuegos","Joe Biden","Mariana Dunyanska Garc\u00eda Rojas","Trump","Veracruz"],"articleSection":["De Boleto"],"inLanguage":"es","potentialAction":[{"@type":"CommentAction","name":"Comment","target":["https:\/\/lospoliticosveracruz.com\/?p=66748#respond"]}]},{"@type":"WebPage","@id":"https:\/\/lospoliticosveracruz.com\/?p=66748","url":"https:\/\/lospoliticosveracruz.com\/?p=66748","name":"AMLO busca pleito con Biden - Los pol\u00edticos Veracruz","isPartOf":{"@id":"https:\/\/lospoliticosveracruz.com\/#website"},"primaryImageOfPage":{"@id":"https:\/\/lospoliticosveracruz.com\/?p=66748#primaryimage"},"image":{"@id":"https:\/\/lospoliticosveracruz.com\/?p=66748#primaryimage"},"thumbnailUrl":"https:\/\/lospoliticosveracruz.com\/wp-content\/uploads\/2020\/12\/Dunyaska1.jpeg","datePublished":"2021-01-17T22:38:44+00:00","breadcrumb":{"@id":"https:\/\/lospoliticosveracruz.com\/?p=66748#breadcrumb"},"inLanguage":"es","potentialAction":[{"@type":"ReadAction","target":["https:\/\/lospoliticosveracruz.com\/?p=66748"]}]},{"@type":"ImageObject","inLanguage":"es","@id":"https:\/\/lospoliticosveracruz.com\/?p=66748#primaryimage","url":"https:\/\/lospoliticosveracruz.com\/wp-content\/uploads\/2020\/12\/Dunyaska1.jpeg","contentUrl":"https:\/\/lospoliticosveracruz.com\/wp-content\/uploads\/2020\/12\/Dunyaska1.jpeg","width":650,"height":320},{"@type":"BreadcrumbList","@id":"https:\/\/lospoliticosveracruz.com\/?p=66748#breadcrumb","itemListElement":[{"@type":"ListItem","position":1,"name":"Portada","item":"https:\/\/lospoliticosveracruz.com\/"},{"@type":"ListItem","position":2,"name":"AMLO busca pleito con Biden"}]},{"@type":"WebSite","@id":"https:\/\/lospoliticosveracruz.com\/#website","url":"https:\/\/lospoliticosveracruz.com\/","name":"Los pol\u00edticos Veracruz","description":"","publisher":{"@id":"https:\/\/lospoliticosveracruz.com\/#organization"},"potentialAction":[{"@type":"SearchAction","target":{"@type":"EntryPoint","urlTemplate":"https:\/\/lospoliticosveracruz.com\/?s={search_term_string}"},"query-input":{"@type":"PropertyValueSpecification","valueRequired":true,"valueName":"search_term_string"}}],"inLanguage":"es"},{"@type":"Organization","@id":"https:\/\/lospoliticosveracruz.com\/#organization","name":"Los pol\u00edticos Veracruz","url":"https:\/\/lospoliticosveracruz.com\/","logo":{"@type":"ImageObject","inLanguage":"es","@id":"https:\/\/lospoliticosveracruz.com\/#\/schema\/logo\/image\/","url":"https:\/\/lospoliticosveracruz.com\/wp-content\/uploads\/2025\/12\/Logo-Nuevo-LOS-POLITICOS-1.jpg","contentUrl":"https:\/\/lospoliticosveracruz.com\/wp-content\/uploads\/2025\/12\/Logo-Nuevo-LOS-POLITICOS-1.jpg","width":260,"height":70,"caption":"Los pol\u00edticos Veracruz"},"image":{"@id":"https:\/\/lospoliticosveracruz.com\/#\/schema\/logo\/image\/"},"sameAs":["https:\/\/www.facebook.com\/people\/Notimemes-de-los-Polticos\/61565672886568\/","https:\/\/x.com\/LosPoliticosVer"]},{"@type":"Person","@id":"https:\/\/lospoliticosveracruz.com\/#\/schema\/person\/b8702bb0e538456e6efd07080bf2a4a2","name":"Lo viste en Los Pol\u00edticos","image":{"@type":"ImageObject","inLanguage":"es","@id":"https:\/\/secure.gravatar.com\/avatar\/3a8de04a2656d44082be478bd6c086daa447c4651605818287b9532d3d0bd435?s=96&d=mm&r=g","url":"https:\/\/secure.gravatar.com\/avatar\/3a8de04a2656d44082be478bd6c086daa447c4651605818287b9532d3d0bd435?s=96&d=mm&r=g","contentUrl":"https:\/\/secure.gravatar.com\/avatar\/3a8de04a2656d44082be478bd6c086daa447c4651605818287b9532d3d0bd435?s=96&d=mm&r=g","caption":"Lo viste en Los Pol\u00edticos"},"url":"https:\/\/lospoliticosveracruz.com\/?author=2"}]}},"_links":{"self":[{"href":"https:\/\/lospoliticosveracruz.com\/index.php?rest_route=\/wp\/v2\/posts\/66748","targetHints":{"allow":["GET"]}}],"collection":[{"href":"https:\/\/lospoliticosveracruz.com\/index.php?rest_route=\/wp\/v2\/posts"}],"about":[{"href":"https:\/\/lospoliticosveracruz.com\/index.php?rest_route=\/wp\/v2\/types\/post"}],"author":[{"embeddable":true,"href":"https:\/\/lospoliticosveracruz.com\/index.php?rest_route=\/wp\/v2\/users\/2"}],"replies":[{"embeddable":true,"href":"https:\/\/lospoliticosveracruz.com\/index.php?rest_route=%2Fwp%2Fv2%2Fcomments&post=66748"}],"version-history":[{"count":1,"href":"https:\/\/lospoliticosveracruz.com\/index.php?rest_route=\/wp\/v2\/posts\/66748\/revisions"}],"predecessor-version":[{"id":66749,"href":"https:\/\/lospoliticosveracruz.com\/index.php?rest_route=\/wp\/v2\/posts\/66748\/revisions\/66749"}],"wp:featuredmedia":[{"embeddable":true,"href":"https:\/\/lospoliticosveracruz.com\/index.php?rest_route=\/wp\/v2\/media\/65482"}],"wp:attachment":[{"href":"https:\/\/lospoliticosveracruz.com\/index.php?rest_route=%2Fwp%2Fv2%2Fmedia&parent=66748"}],"wp:term":[{"taxonomy":"category","embeddable":true,"href":"https:\/\/lospoliticosveracruz.com\/index.php?rest_route=%2Fwp%2Fv2%2Fcategories&post=66748"},{"taxonomy":"post_tag","embeddable":true,"href":"https:\/\/lospoliticosveracruz.com\/index.php?rest_route=%2Fwp%2Fv2%2Ftags&post=66748"}],"curies":[{"name":"wp","href":"https:\/\/api.w.org\/{rel}","templated":true}]}}