{"id":66757,"date":"2021-01-17T22:49:27","date_gmt":"2021-01-18T04:49:27","guid":{"rendered":"http:\/\/www.lospoliticosveracruz.com.mx\/?p=66757"},"modified":"2021-01-17T22:49:27","modified_gmt":"2021-01-18T04:49:27","slug":"no-se-equivoque-don-ricardo","status":"publish","type":"post","link":"https:\/\/lospoliticosveracruz.com\/?p=66757","title":{"rendered":"No se equivoque, don Ricardo"},"content":{"rendered":"<p><strong>Salvador Mu\u00f1oz<\/strong><\/p>\n<p><em>Los Pol\u00edticos<\/em><\/p>\n<p>No lo s\u00e9 a ciencia cierta\u2026 pero trato de imaginarlo enfrent\u00e1ndose cada ma\u00f1ana a s\u00ed mismo, vi\u00e9ndose en el espejo y cuestion\u00e1ndose \u201c\u00bfQu\u00e9 hice? \u00bfQu\u00e9 hice?\u201d<br \/>\nSi bien, esta misma pregunta se la pueden hacer muchos que apostaron a un cambio por Motu Proprio, en su caso es distinto. Su figura, su imagen, su simpat\u00eda, es seguro que convenci\u00f3 a muchos otros ciudadanos a tomar una decisi\u00f3n que si bien es cierto, se conjuga con buenas intenciones, pretensiones, al final, lo sabemos, es un albur la cruz en una boleta.<br \/>\nII<br \/>\nHace unos d\u00edas, desde Morena, me advert\u00edan que \u201chabr\u00e1 una sorpresa\u201d para la candidatura por la presidencia municipal de Xalapa. Que el mutismo de Dorheny Garc\u00eda Cayetano y Rosalinda Galindo ten\u00eda una raz\u00f3n. Que desde M\u00e9xico, no del Partido, no Mario Delgado, sino desde m\u00e1s arriba, ya hab\u00edan decidido al candidato en la figura de Ricardo Ahued, alguna vez comentado ac\u00e1, en este mismo espacio, como el Pol\u00edtico CocaCola, porque era el remedio para todo mal: que para sustituir a Cuitl\u00e1huac, que para sustituir a Bola 8, que para mantener en manos de Morena, la presidencia municipal de Xalapa&#8230;<br \/>\nS\u00ed, al parecer esa misma visi\u00f3n simplista es la que en Morena, desde el Altiplano, le est\u00e1n dando al actual Senador Ricardo Ahued: un remedio.<br \/>\nIII<br \/>\nEl asunto para Morena es totalmente en sentido inverso de lo que pretende el xalape\u00f1o. Mientras que por un lado, el partido en el poder busca a toda costa mantener el poder con base al prestigio de un ciudadano, los ciudadanos pretendemos devolverle a Xalapa, su dignidad como Ciudad Capital, que lejos est\u00e1 de verse como tal desde la administraci\u00f3n de Hip\u00f3lito Rodr\u00edguez Herrero. Logrando ese punto, lo dem\u00e1s es por decanto.<br \/>\nHasta donde se sabe, son varias las ocasiones y voces del partido de Morena en que \u201cle insistieron\u201d a Ricardo Ahued que deje la senadur\u00eda para postularse como candidato a la alcald\u00eda y la respuesta ha sido la misma por el \u201cempresario pl\u00e1stico\u201d: No. Sin embargo, ahora, \u201clas indicaciones\u201d est\u00e1n alcanzando niveles m\u00e1s altos para \u201csugerirle\u201d a don Ricardo que haga un servicio a la Naci\u00f3n\u2026 as\u00ed, justamente cuando tuvo que dejar de presionar a la CFE para buscar mismo trato a los veracruzanos que recib\u00edan los tabasque\u00f1os en el cobro de tarifas por el servicio de electricidad\u2026 as\u00ed, justamente cuando \u201ccumpli\u00f3 con el tiempo establecido\u201d en Aduanas y regres\u00f3 al Senado\u2026 as\u00ed, justamente cuando ahora se mantiene alejado de reflectores y el estridente escenario de las precandidaturas&#8230;<br \/>\nIV<br \/>\nOjal\u00e1 don Ricardo esta ocasi\u00f3n, no se equivoque\u2026 aceptar la candidatura de la presidencia municipal de ese modo, no es garant\u00eda de enderezarle el barco ni a Morena ni a Xalapa por razones simples: por un lado, estar\u00eda sujeto a las decisiones que tomara desde la esquina de Palacio de Gobierno su vecino, y s\u00ed, no es precisamente el Gobernador a quien nos referimos\u2026 y a como van las cosas, es seguro que en lugar de intentar bajar recursos del Altiplano, surgieran dos escenarios: tener que \u201cdevolver\u201d recursos, o hacer antesala para \u201cmendigarlos\u201d en Palacio de Gobierno, porque por all\u00e1 van las cosas.<br \/>\nEn serio, ojal\u00e1 don Ricardo no se equivoque\u2026 se trata de Xalapa&#8230; de los xalape\u00f1os&#8230; no de un partido, no de mantener el poder por el poder\u2026 se trata de que no se vuelva a equivocar como muchos, que creyeron realmente en un cambio, \u00a1que se est\u00e1 dando! pero no es el esperado.<\/p>\n<p>smcainito@gmail.com<\/p>\n","protected":false},"excerpt":{"rendered":"<p>Salvador Mu\u00f1oz Los Pol\u00edticos No lo s\u00e9 a ciencia cierta\u2026 pero trato de imaginarlo enfrent\u00e1ndose cada ma\u00f1ana a s\u00ed mismo, vi\u00e9ndose en el espejo y cuestion\u00e1ndose \u201c\u00bfQu\u00e9 hice? \u00bfQu\u00e9 hice?\u201d Si bien, esta misma pregunta se la pueden hacer muchos que apostaron a un cambio por Motu Proprio, en su caso es distinto. Su figura, [&hellip;]<\/p>\n","protected":false},"author":2,"featured_media":0,"comment_status":"open","ping_status":"open","sticky":false,"template":"","format":"standard","meta":{"tdm_status":"","tdm_grid_status":"","footnotes":""},"categories":[70],"tags":[1122,4973,1563,13952,25316,7620,19542,12596,1026,25317,20608,25318,876,11799,2646],"class_list":{"0":"post-66757","1":"post","2":"type-post","3":"status-publish","4":"format-standard","6":"category-de-opinion","7":"tag-candidaturas","8":"tag-cfe","9":"tag-cuitlahuac-garcia-jimenez","10":"tag-dorheny-garcia-cayetano","11":"tag-figura","12":"tag-hipolito-rodriguez-herrero","13":"tag-imagen","14":"tag-mario-delgado","15":"tag-morena","16":"tag-politico-cocacola","17":"tag-presidencia-municipal-de-xalapa","18":"tag-remedio","19":"tag-ricardo-ahued","20":"tag-rosalinda-galindo","21":"tag-salvador-munoz"},"yoast_head":"<!-- This site is optimized with the Yoast SEO plugin v27.4 - https:\/\/yoast.com\/product\/yoast-seo-wordpress\/ -->\n<title>No se equivoque, don Ricardo - Los pol\u00edticos Veracruz<\/title>\n<meta name=\"robots\" content=\"index, follow, max-snippet:-1, max-image-preview:large, max-video-preview:-1\" \/>\n<link rel=\"canonical\" href=\"https:\/\/lospoliticosveracruz.com\/?p=66757\" \/>\n<meta property=\"og:locale\" content=\"es_ES\" \/>\n<meta property=\"og:type\" content=\"article\" \/>\n<meta property=\"og:title\" content=\"No se equivoque, don Ricardo - Los pol\u00edticos Veracruz\" \/>\n<meta property=\"og:description\" content=\"Salvador Mu\u00f1oz Los Pol\u00edticos No lo s\u00e9 a ciencia cierta\u2026 pero trato de imaginarlo enfrent\u00e1ndose cada ma\u00f1ana a s\u00ed mismo, vi\u00e9ndose en el espejo y cuestion\u00e1ndose \u201c\u00bfQu\u00e9 hice? \u00bfQu\u00e9 hice?\u201d Si bien, esta misma pregunta se la pueden hacer muchos que apostaron a un cambio por Motu Proprio, en su caso es distinto. Su figura, [&hellip;]\" \/>\n<meta property=\"og:url\" content=\"https:\/\/lospoliticosveracruz.com\/?p=66757\" \/>\n<meta property=\"og:site_name\" content=\"Los pol\u00edticos Veracruz\" \/>\n<meta property=\"article:publisher\" content=\"https:\/\/www.facebook.com\/people\/Notimemes-de-los-Polticos\/61565672886568\/\" \/>\n<meta property=\"article:published_time\" content=\"2021-01-18T04:49:27+00:00\" \/>\n<meta property=\"og:image\" content=\"https:\/\/lospoliticosveracruz.com\/wp-content\/uploads\/2016\/07\/Logo-Dor.jpg\" \/>\n\t<meta property=\"og:image:width\" content=\"200\" \/>\n\t<meta property=\"og:image:height\" content=\"200\" \/>\n\t<meta property=\"og:image:type\" content=\"image\/jpeg\" \/>\n<meta name=\"author\" content=\"Lo viste en Los Pol\u00edticos\" \/>\n<meta name=\"twitter:card\" content=\"summary_large_image\" \/>\n<meta name=\"twitter:creator\" content=\"@LosPoliticosVer\" \/>\n<meta name=\"twitter:site\" content=\"@LosPoliticosVer\" \/>\n<meta name=\"twitter:label1\" content=\"Escrito por\" \/>\n\t<meta name=\"twitter:data1\" content=\"Lo viste en Los Pol\u00edticos\" \/>\n\t<meta name=\"twitter:label2\" content=\"Tiempo de lectura\" \/>\n\t<meta name=\"twitter:data2\" content=\"3 minutos\" \/>\n<script type=\"application\/ld+json\" class=\"yoast-schema-graph\">{\"@context\":\"https:\\\/\\\/schema.org\",\"@graph\":[{\"@type\":\"Article\",\"@id\":\"https:\\\/\\\/lospoliticosveracruz.com\\\/?p=66757#article\",\"isPartOf\":{\"@id\":\"https:\\\/\\\/lospoliticosveracruz.com\\\/?p=66757\"},\"author\":{\"name\":\"Lo viste en Los Pol\u00edticos\",\"@id\":\"https:\\\/\\\/lospoliticosveracruz.com\\\/#\\\/schema\\\/person\\\/b8702bb0e538456e6efd07080bf2a4a2\"},\"headline\":\"No se equivoque, don Ricardo\",\"datePublished\":\"2021-01-18T04:49:27+00:00\",\"mainEntityOfPage\":{\"@id\":\"https:\\\/\\\/lospoliticosveracruz.com\\\/?p=66757\"},\"wordCount\":621,\"commentCount\":0,\"publisher\":{\"@id\":\"https:\\\/\\\/lospoliticosveracruz.com\\\/#organization\"},\"keywords\":[\"candidaturas\",\"CFE\",\"Cuitl\u00e1huac Garc\u00eda Jim\u00e9nez\",\"Dorheny Garc\u00eda Cayetano\",\"Figura\",\"Hip\u00f3lito Rodr\u00edguez Herrero\",\"Imagen\",\"Mario Delgado\",\"Morena\",\"Pol\u00edtico CocaCola\",\"Presidencia municipal de Xalapa\",\"Remedio\",\"Ricardo Ahued\",\"Rosalinda Galindo\",\"Salvador Mu\u00f1oz\"],\"articleSection\":[\"De Opini\u00f3n\"],\"inLanguage\":\"es\",\"potentialAction\":[{\"@type\":\"CommentAction\",\"name\":\"Comment\",\"target\":[\"https:\\\/\\\/lospoliticosveracruz.com\\\/?p=66757#respond\"]}]},{\"@type\":\"WebPage\",\"@id\":\"https:\\\/\\\/lospoliticosveracruz.com\\\/?p=66757\",\"url\":\"https:\\\/\\\/lospoliticosveracruz.com\\\/?p=66757\",\"name\":\"No se equivoque, don Ricardo - Los pol\u00edticos Veracruz\",\"isPartOf\":{\"@id\":\"https:\\\/\\\/lospoliticosveracruz.com\\\/#website\"},\"datePublished\":\"2021-01-18T04:49:27+00:00\",\"breadcrumb\":{\"@id\":\"https:\\\/\\\/lospoliticosveracruz.com\\\/?p=66757#breadcrumb\"},\"inLanguage\":\"es\",\"potentialAction\":[{\"@type\":\"ReadAction\",\"target\":[\"https:\\\/\\\/lospoliticosveracruz.com\\\/?p=66757\"]}]},{\"@type\":\"BreadcrumbList\",\"@id\":\"https:\\\/\\\/lospoliticosveracruz.com\\\/?p=66757#breadcrumb\",\"itemListElement\":[{\"@type\":\"ListItem\",\"position\":1,\"name\":\"Portada\",\"item\":\"https:\\\/\\\/lospoliticosveracruz.com\\\/\"},{\"@type\":\"ListItem\",\"position\":2,\"name\":\"No se equivoque, don Ricardo\"}]},{\"@type\":\"WebSite\",\"@id\":\"https:\\\/\\\/lospoliticosveracruz.com\\\/#website\",\"url\":\"https:\\\/\\\/lospoliticosveracruz.com\\\/\",\"name\":\"Los pol\u00edticos Veracruz\",\"description\":\"\",\"publisher\":{\"@id\":\"https:\\\/\\\/lospoliticosveracruz.com\\\/#organization\"},\"potentialAction\":[{\"@type\":\"SearchAction\",\"target\":{\"@type\":\"EntryPoint\",\"urlTemplate\":\"https:\\\/\\\/lospoliticosveracruz.com\\\/?s={search_term_string}\"},\"query-input\":{\"@type\":\"PropertyValueSpecification\",\"valueRequired\":true,\"valueName\":\"search_term_string\"}}],\"inLanguage\":\"es\"},{\"@type\":\"Organization\",\"@id\":\"https:\\\/\\\/lospoliticosveracruz.com\\\/#organization\",\"name\":\"Los pol\u00edticos Veracruz\",\"url\":\"https:\\\/\\\/lospoliticosveracruz.com\\\/\",\"logo\":{\"@type\":\"ImageObject\",\"inLanguage\":\"es\",\"@id\":\"https:\\\/\\\/lospoliticosveracruz.com\\\/#\\\/schema\\\/logo\\\/image\\\/\",\"url\":\"https:\\\/\\\/lospoliticosveracruz.com\\\/wp-content\\\/uploads\\\/2025\\\/12\\\/Logo-Nuevo-LOS-POLITICOS-1.jpg\",\"contentUrl\":\"https:\\\/\\\/lospoliticosveracruz.com\\\/wp-content\\\/uploads\\\/2025\\\/12\\\/Logo-Nuevo-LOS-POLITICOS-1.jpg\",\"width\":260,\"height\":70,\"caption\":\"Los pol\u00edticos Veracruz\"},\"image\":{\"@id\":\"https:\\\/\\\/lospoliticosveracruz.com\\\/#\\\/schema\\\/logo\\\/image\\\/\"},\"sameAs\":[\"https:\\\/\\\/www.facebook.com\\\/people\\\/Notimemes-de-los-Polticos\\\/61565672886568\\\/\",\"https:\\\/\\\/x.com\\\/LosPoliticosVer\"]},{\"@type\":\"Person\",\"@id\":\"https:\\\/\\\/lospoliticosveracruz.com\\\/#\\\/schema\\\/person\\\/b8702bb0e538456e6efd07080bf2a4a2\",\"name\":\"Lo viste en Los Pol\u00edticos\",\"image\":{\"@type\":\"ImageObject\",\"inLanguage\":\"es\",\"@id\":\"https:\\\/\\\/secure.gravatar.com\\\/avatar\\\/3a8de04a2656d44082be478bd6c086daa447c4651605818287b9532d3d0bd435?s=96&d=mm&r=g\",\"url\":\"https:\\\/\\\/secure.gravatar.com\\\/avatar\\\/3a8de04a2656d44082be478bd6c086daa447c4651605818287b9532d3d0bd435?s=96&d=mm&r=g\",\"contentUrl\":\"https:\\\/\\\/secure.gravatar.com\\\/avatar\\\/3a8de04a2656d44082be478bd6c086daa447c4651605818287b9532d3d0bd435?s=96&d=mm&r=g\",\"caption\":\"Lo viste en Los Pol\u00edticos\"},\"url\":\"https:\\\/\\\/lospoliticosveracruz.com\\\/?author=2\"}]}<\/script>\n<!-- \/ Yoast SEO plugin. -->","yoast_head_json":{"title":"No se equivoque, don Ricardo - Los pol\u00edticos Veracruz","robots":{"index":"index","follow":"follow","max-snippet":"max-snippet:-1","max-image-preview":"max-image-preview:large","max-video-preview":"max-video-preview:-1"},"canonical":"https:\/\/lospoliticosveracruz.com\/?p=66757","og_locale":"es_ES","og_type":"article","og_title":"No se equivoque, don Ricardo - Los pol\u00edticos Veracruz","og_description":"Salvador Mu\u00f1oz Los Pol\u00edticos No lo s\u00e9 a ciencia cierta\u2026 pero trato de imaginarlo enfrent\u00e1ndose cada ma\u00f1ana a s\u00ed mismo, vi\u00e9ndose en el espejo y cuestion\u00e1ndose \u201c\u00bfQu\u00e9 hice? \u00bfQu\u00e9 hice?\u201d Si bien, esta misma pregunta se la pueden hacer muchos que apostaron a un cambio por Motu Proprio, en su caso es distinto. Su figura, [&hellip;]","og_url":"https:\/\/lospoliticosveracruz.com\/?p=66757","og_site_name":"Los pol\u00edticos Veracruz","article_publisher":"https:\/\/www.facebook.com\/people\/Notimemes-de-los-Polticos\/61565672886568\/","article_published_time":"2021-01-18T04:49:27+00:00","og_image":[{"width":200,"height":200,"url":"https:\/\/lospoliticosveracruz.com\/wp-content\/uploads\/2016\/07\/Logo-Dor.jpg","type":"image\/jpeg"}],"author":"Lo viste en Los Pol\u00edticos","twitter_card":"summary_large_image","twitter_creator":"@LosPoliticosVer","twitter_site":"@LosPoliticosVer","twitter_misc":{"Escrito por":"Lo viste en Los Pol\u00edticos","Tiempo de lectura":"3 minutos"},"schema":{"@context":"https:\/\/schema.org","@graph":[{"@type":"Article","@id":"https:\/\/lospoliticosveracruz.com\/?p=66757#article","isPartOf":{"@id":"https:\/\/lospoliticosveracruz.com\/?p=66757"},"author":{"name":"Lo viste en Los Pol\u00edticos","@id":"https:\/\/lospoliticosveracruz.com\/#\/schema\/person\/b8702bb0e538456e6efd07080bf2a4a2"},"headline":"No se equivoque, don Ricardo","datePublished":"2021-01-18T04:49:27+00:00","mainEntityOfPage":{"@id":"https:\/\/lospoliticosveracruz.com\/?p=66757"},"wordCount":621,"commentCount":0,"publisher":{"@id":"https:\/\/lospoliticosveracruz.com\/#organization"},"keywords":["candidaturas","CFE","Cuitl\u00e1huac Garc\u00eda Jim\u00e9nez","Dorheny Garc\u00eda Cayetano","Figura","Hip\u00f3lito Rodr\u00edguez Herrero","Imagen","Mario Delgado","Morena","Pol\u00edtico CocaCola","Presidencia municipal de Xalapa","Remedio","Ricardo Ahued","Rosalinda Galindo","Salvador Mu\u00f1oz"],"articleSection":["De Opini\u00f3n"],"inLanguage":"es","potentialAction":[{"@type":"CommentAction","name":"Comment","target":["https:\/\/lospoliticosveracruz.com\/?p=66757#respond"]}]},{"@type":"WebPage","@id":"https:\/\/lospoliticosveracruz.com\/?p=66757","url":"https:\/\/lospoliticosveracruz.com\/?p=66757","name":"No se equivoque, don Ricardo - Los pol\u00edticos Veracruz","isPartOf":{"@id":"https:\/\/lospoliticosveracruz.com\/#website"},"datePublished":"2021-01-18T04:49:27+00:00","breadcrumb":{"@id":"https:\/\/lospoliticosveracruz.com\/?p=66757#breadcrumb"},"inLanguage":"es","potentialAction":[{"@type":"ReadAction","target":["https:\/\/lospoliticosveracruz.com\/?p=66757"]}]},{"@type":"BreadcrumbList","@id":"https:\/\/lospoliticosveracruz.com\/?p=66757#breadcrumb","itemListElement":[{"@type":"ListItem","position":1,"name":"Portada","item":"https:\/\/lospoliticosveracruz.com\/"},{"@type":"ListItem","position":2,"name":"No se equivoque, don Ricardo"}]},{"@type":"WebSite","@id":"https:\/\/lospoliticosveracruz.com\/#website","url":"https:\/\/lospoliticosveracruz.com\/","name":"Los pol\u00edticos Veracruz","description":"","publisher":{"@id":"https:\/\/lospoliticosveracruz.com\/#organization"},"potentialAction":[{"@type":"SearchAction","target":{"@type":"EntryPoint","urlTemplate":"https:\/\/lospoliticosveracruz.com\/?s={search_term_string}"},"query-input":{"@type":"PropertyValueSpecification","valueRequired":true,"valueName":"search_term_string"}}],"inLanguage":"es"},{"@type":"Organization","@id":"https:\/\/lospoliticosveracruz.com\/#organization","name":"Los pol\u00edticos Veracruz","url":"https:\/\/lospoliticosveracruz.com\/","logo":{"@type":"ImageObject","inLanguage":"es","@id":"https:\/\/lospoliticosveracruz.com\/#\/schema\/logo\/image\/","url":"https:\/\/lospoliticosveracruz.com\/wp-content\/uploads\/2025\/12\/Logo-Nuevo-LOS-POLITICOS-1.jpg","contentUrl":"https:\/\/lospoliticosveracruz.com\/wp-content\/uploads\/2025\/12\/Logo-Nuevo-LOS-POLITICOS-1.jpg","width":260,"height":70,"caption":"Los pol\u00edticos Veracruz"},"image":{"@id":"https:\/\/lospoliticosveracruz.com\/#\/schema\/logo\/image\/"},"sameAs":["https:\/\/www.facebook.com\/people\/Notimemes-de-los-Polticos\/61565672886568\/","https:\/\/x.com\/LosPoliticosVer"]},{"@type":"Person","@id":"https:\/\/lospoliticosveracruz.com\/#\/schema\/person\/b8702bb0e538456e6efd07080bf2a4a2","name":"Lo viste en Los Pol\u00edticos","image":{"@type":"ImageObject","inLanguage":"es","@id":"https:\/\/secure.gravatar.com\/avatar\/3a8de04a2656d44082be478bd6c086daa447c4651605818287b9532d3d0bd435?s=96&d=mm&r=g","url":"https:\/\/secure.gravatar.com\/avatar\/3a8de04a2656d44082be478bd6c086daa447c4651605818287b9532d3d0bd435?s=96&d=mm&r=g","contentUrl":"https:\/\/secure.gravatar.com\/avatar\/3a8de04a2656d44082be478bd6c086daa447c4651605818287b9532d3d0bd435?s=96&d=mm&r=g","caption":"Lo viste en Los Pol\u00edticos"},"url":"https:\/\/lospoliticosveracruz.com\/?author=2"}]}},"_links":{"self":[{"href":"https:\/\/lospoliticosveracruz.com\/index.php?rest_route=\/wp\/v2\/posts\/66757","targetHints":{"allow":["GET"]}}],"collection":[{"href":"https:\/\/lospoliticosveracruz.com\/index.php?rest_route=\/wp\/v2\/posts"}],"about":[{"href":"https:\/\/lospoliticosveracruz.com\/index.php?rest_route=\/wp\/v2\/types\/post"}],"author":[{"embeddable":true,"href":"https:\/\/lospoliticosveracruz.com\/index.php?rest_route=\/wp\/v2\/users\/2"}],"replies":[{"embeddable":true,"href":"https:\/\/lospoliticosveracruz.com\/index.php?rest_route=%2Fwp%2Fv2%2Fcomments&post=66757"}],"version-history":[{"count":1,"href":"https:\/\/lospoliticosveracruz.com\/index.php?rest_route=\/wp\/v2\/posts\/66757\/revisions"}],"predecessor-version":[{"id":66758,"href":"https:\/\/lospoliticosveracruz.com\/index.php?rest_route=\/wp\/v2\/posts\/66757\/revisions\/66758"}],"wp:attachment":[{"href":"https:\/\/lospoliticosveracruz.com\/index.php?rest_route=%2Fwp%2Fv2%2Fmedia&parent=66757"}],"wp:term":[{"taxonomy":"category","embeddable":true,"href":"https:\/\/lospoliticosveracruz.com\/index.php?rest_route=%2Fwp%2Fv2%2Fcategories&post=66757"},{"taxonomy":"post_tag","embeddable":true,"href":"https:\/\/lospoliticosveracruz.com\/index.php?rest_route=%2Fwp%2Fv2%2Ftags&post=66757"}],"curies":[{"name":"wp","href":"https:\/\/api.w.org\/{rel}","templated":true}]}}