{"id":66796,"date":"2021-01-18T19:18:00","date_gmt":"2021-01-19T01:18:00","guid":{"rendered":"http:\/\/www.lospoliticosveracruz.com.mx\/?p=66796"},"modified":"2021-01-18T19:18:00","modified_gmt":"2021-01-19T01:18:00","slug":"acelerados","status":"publish","type":"post","link":"https:\/\/lospoliticosveracruz.com\/?p=66796","title":{"rendered":"\u00a1Acelerados!"},"content":{"rendered":"<p><strong>Jorge Arturo Rodr\u00edguez<\/strong><\/p>\n<p><em>Tierra de Babel<\/em><\/p>\n<p>El mundo da vueltas, pero m\u00e1s vueltas da el cerebro de uno que gira a lo estupidez. Un m\u00e9dico amigo me dijo que no entiende por qu\u00e9 la gente no entiende y sigue como si no entendieran y el mundo gira normal, as\u00ed como si nada. Claro, hasta que te toca. No tuve comentario alguno. Le\u00ed el art\u00edculo: \u201cEn 2020 la Tierra se aceler\u00f3 m\u00e1s de lo normal y en 2021 ser\u00e1 peor; \u00bfc\u00f3mo nos afectar\u00e1?\u201d. He ah\u00ed la cuesti\u00f3n. Y dice en un p\u00e1rrafo: \u201cLa Tierra ha estado girando inusualmente r\u00e1pido en los \u00faltimos a\u00f1os, especialmente durante el \u00faltimo a\u00f1o, que fue un a\u00f1o muy complicado para toda la humanidad. El 2020 incluy\u00f3 los 28 d\u00edas m\u00e1s cortos desde 1960, y se prev\u00e9 que el a\u00f1o 2021 ser\u00e1 a\u00fan peor, y posiblemente ser\u00e1 el a\u00f1o m\u00e1s corto en d\u00e9cadas\u201d.<br \/>\nCreo que los cient\u00edficos no mienten \u2013espero- y sin embargo\u2026 actuamos como si nada. Hace poco me enter\u00e9 de un ni\u00f1o tomando clases encerrado y grit\u00f3 a su abuelita: -\u00bfqui\u00e9n si no?-: \u201cEstoy harto de ese celular, no joda\u2026 siete tareas, no joda, Rosa. Eso es mucho, abuelita\u201d. Estamos de acuerdo. Nada nos detiene hacia la nada. Es triste ver que la ni\u00f1ez no tiene futuro y en caso que s\u00ed, \u00bfcu\u00e1l? \u00bfEs el tiempo o nosotros mismos? Ah, pero eso s\u00ed, nos encanta lo desconocido, aun sin conocer al pr\u00f3jimo: \u201cEl 2021 tendr\u00e1 misiones espaciales importantes, si bien Space X seguir\u00e1 realizando pruebas de sus cohetes y tecnolog\u00eda, adem\u00e1s de llevar turistas al espacio, en febrero arribar\u00e1n a Marte tres misiones distintas, as\u00ed como m\u00faltiples m\u00e1s relacionadas con la Luna. Sin embargo, entre las misiones m\u00e1s esperadas est\u00e1 la puesta en \u00f3rbita del Telescopio Espacial James Webb, proyecto que sustituir\u00e1 al Hubble y en el que se ha trabajado por d\u00e9cadas y reprogramado su lanzamiento una y otra vez\u201d. Ah\u00ed la llevamos.<br \/>\nAqu\u00ed en tierra, pregunten a cualquier precandidato por qu\u00e9 madres quiere ser gobernador, legislador, alcalde \u2013sin distinci\u00f3n de g\u00e9nero-, les aseguro que contestar\u00e1n casi lo mismo, con expresiones gastadas y a veces ret\u00f3ricas, retorcidas pa\u2019 que no entienda el pueblo o lo hagan m\u00e1s pendejo\u2026 y la sociedad seguir\u00e1 siendo la misma.<br \/>\nComo es principio de a\u00f1o y no me gusta ser malag\u00fcero o aguafiestas, aqu\u00ed la dejamos, luego continuamos a abrirles la mente\u2026 a ver qu\u00e9 madres contiene. Va pa\u2019 todos. Incluy\u00e9ndome.<br \/>\nVersific\u00f3 Salvador Novo -\u00bflo han le\u00eddo?-:<br \/>\n\u201cMiro la vida con mortal enojo;<br \/>\ny todo esto me pasa, due\u00f1o m\u00edo,<br \/>\nporque hace una semana que no cojo.\u201d<br \/>\nPerdonen castos o\u00eddos.<\/p>\n<p><em><strong>Los d\u00edas y los temas<\/strong><\/em><\/p>\n<p>Batalla electoral: todos a sus puestos\u2026 \u00a1Cu\u00e1nto se hubiera re\u00eddo Charles Chaplin! Pero ahora hay t\u00f3mbola y encuestas y consultas y d\u00e9dalo\u2026<\/p>\n<p><em><strong>De cinismo y anexas<\/strong><\/em><\/p>\n<p>\u201cNos morimos en realidad o nos morimos en la realidad\u201d, me dijo mi amigo el taxista Cris\u00f3foro.<br \/>\nAh\u00ed se ve.<\/p>\n","protected":false},"excerpt":{"rendered":"<p>Jorge Arturo Rodr\u00edguez Tierra de Babel El mundo da vueltas, pero m\u00e1s vueltas da el cerebro de uno que gira a lo estupidez. Un m\u00e9dico amigo me dijo que no entiende por qu\u00e9 la gente no entiende y sigue como si no entendieran y el mundo gira normal, as\u00ed como si nada. Claro, hasta que [&hellip;]<\/p>\n","protected":false},"author":2,"featured_media":0,"comment_status":"open","ping_status":"open","sticky":false,"template":"","format":"standard","meta":{"tdm_status":"","tdm_grid_status":"","footnotes":""},"categories":[70],"tags":[451,25338,2677,25339,4338,24977,25337],"class_list":{"0":"post-66796","1":"post","2":"type-post","3":"status-publish","4":"format-standard","6":"category-de-opinion","7":"tag-gobernador","8":"tag-hubble","9":"tag-jorge-arturo-rodriguez","10":"tag-legislador","11":"tag-medico","12":"tag-precandidato","13":"tag-telescopio-espacial-james-webb"},"yoast_head":"<!-- This site is optimized with the Yoast SEO plugin v27.4 - https:\/\/yoast.com\/product\/yoast-seo-wordpress\/ -->\n<title>\u00a1Acelerados! - Los pol\u00edticos Veracruz<\/title>\n<meta name=\"robots\" content=\"index, follow, max-snippet:-1, max-image-preview:large, max-video-preview:-1\" \/>\n<link rel=\"canonical\" href=\"https:\/\/lospoliticosveracruz.com\/?p=66796\" \/>\n<meta property=\"og:locale\" content=\"es_ES\" \/>\n<meta property=\"og:type\" content=\"article\" \/>\n<meta property=\"og:title\" content=\"\u00a1Acelerados! - Los pol\u00edticos Veracruz\" \/>\n<meta property=\"og:description\" content=\"Jorge Arturo Rodr\u00edguez Tierra de Babel El mundo da vueltas, pero m\u00e1s vueltas da el cerebro de uno que gira a lo estupidez. Un m\u00e9dico amigo me dijo que no entiende por qu\u00e9 la gente no entiende y sigue como si no entendieran y el mundo gira normal, as\u00ed como si nada. Claro, hasta que [&hellip;]\" \/>\n<meta property=\"og:url\" content=\"https:\/\/lospoliticosveracruz.com\/?p=66796\" \/>\n<meta property=\"og:site_name\" content=\"Los pol\u00edticos Veracruz\" \/>\n<meta property=\"article:publisher\" content=\"https:\/\/www.facebook.com\/people\/Notimemes-de-los-Polticos\/61565672886568\/\" \/>\n<meta property=\"article:published_time\" content=\"2021-01-19T01:18:00+00:00\" \/>\n<meta property=\"og:image\" content=\"https:\/\/lospoliticosveracruz.com\/wp-content\/uploads\/2016\/07\/Logo-Dor.jpg\" \/>\n\t<meta property=\"og:image:width\" content=\"200\" \/>\n\t<meta property=\"og:image:height\" content=\"200\" \/>\n\t<meta property=\"og:image:type\" content=\"image\/jpeg\" \/>\n<meta name=\"author\" content=\"Lo viste en Los Pol\u00edticos\" \/>\n<meta name=\"twitter:card\" content=\"summary_large_image\" \/>\n<meta name=\"twitter:creator\" content=\"@LosPoliticosVer\" \/>\n<meta name=\"twitter:site\" content=\"@LosPoliticosVer\" \/>\n<meta name=\"twitter:label1\" content=\"Escrito por\" \/>\n\t<meta name=\"twitter:data1\" content=\"Lo viste en Los Pol\u00edticos\" \/>\n\t<meta name=\"twitter:label2\" content=\"Tiempo de lectura\" \/>\n\t<meta name=\"twitter:data2\" content=\"3 minutos\" \/>\n<script type=\"application\/ld+json\" class=\"yoast-schema-graph\">{\"@context\":\"https:\\\/\\\/schema.org\",\"@graph\":[{\"@type\":\"Article\",\"@id\":\"https:\\\/\\\/lospoliticosveracruz.com\\\/?p=66796#article\",\"isPartOf\":{\"@id\":\"https:\\\/\\\/lospoliticosveracruz.com\\\/?p=66796\"},\"author\":{\"name\":\"Lo viste en Los Pol\u00edticos\",\"@id\":\"https:\\\/\\\/lospoliticosveracruz.com\\\/#\\\/schema\\\/person\\\/b8702bb0e538456e6efd07080bf2a4a2\"},\"headline\":\"\u00a1Acelerados!\",\"datePublished\":\"2021-01-19T01:18:00+00:00\",\"mainEntityOfPage\":{\"@id\":\"https:\\\/\\\/lospoliticosveracruz.com\\\/?p=66796\"},\"wordCount\":530,\"commentCount\":0,\"publisher\":{\"@id\":\"https:\\\/\\\/lospoliticosveracruz.com\\\/#organization\"},\"keywords\":[\"gobernador\",\"Hubble\",\"Jorge Arturo Rodr\u00edguez\",\"legislador\",\"m\u00e9dico\",\"Precandidato\",\"Telescopio Espacial James Webb\"],\"articleSection\":[\"De Opini\u00f3n\"],\"inLanguage\":\"es\",\"potentialAction\":[{\"@type\":\"CommentAction\",\"name\":\"Comment\",\"target\":[\"https:\\\/\\\/lospoliticosveracruz.com\\\/?p=66796#respond\"]}]},{\"@type\":\"WebPage\",\"@id\":\"https:\\\/\\\/lospoliticosveracruz.com\\\/?p=66796\",\"url\":\"https:\\\/\\\/lospoliticosveracruz.com\\\/?p=66796\",\"name\":\"\u00a1Acelerados! - Los pol\u00edticos Veracruz\",\"isPartOf\":{\"@id\":\"https:\\\/\\\/lospoliticosveracruz.com\\\/#website\"},\"datePublished\":\"2021-01-19T01:18:00+00:00\",\"breadcrumb\":{\"@id\":\"https:\\\/\\\/lospoliticosveracruz.com\\\/?p=66796#breadcrumb\"},\"inLanguage\":\"es\",\"potentialAction\":[{\"@type\":\"ReadAction\",\"target\":[\"https:\\\/\\\/lospoliticosveracruz.com\\\/?p=66796\"]}]},{\"@type\":\"BreadcrumbList\",\"@id\":\"https:\\\/\\\/lospoliticosveracruz.com\\\/?p=66796#breadcrumb\",\"itemListElement\":[{\"@type\":\"ListItem\",\"position\":1,\"name\":\"Portada\",\"item\":\"https:\\\/\\\/lospoliticosveracruz.com\\\/\"},{\"@type\":\"ListItem\",\"position\":2,\"name\":\"\u00a1Acelerados!\"}]},{\"@type\":\"WebSite\",\"@id\":\"https:\\\/\\\/lospoliticosveracruz.com\\\/#website\",\"url\":\"https:\\\/\\\/lospoliticosveracruz.com\\\/\",\"name\":\"Los pol\u00edticos Veracruz\",\"description\":\"\",\"publisher\":{\"@id\":\"https:\\\/\\\/lospoliticosveracruz.com\\\/#organization\"},\"potentialAction\":[{\"@type\":\"SearchAction\",\"target\":{\"@type\":\"EntryPoint\",\"urlTemplate\":\"https:\\\/\\\/lospoliticosveracruz.com\\\/?s={search_term_string}\"},\"query-input\":{\"@type\":\"PropertyValueSpecification\",\"valueRequired\":true,\"valueName\":\"search_term_string\"}}],\"inLanguage\":\"es\"},{\"@type\":\"Organization\",\"@id\":\"https:\\\/\\\/lospoliticosveracruz.com\\\/#organization\",\"name\":\"Los pol\u00edticos Veracruz\",\"url\":\"https:\\\/\\\/lospoliticosveracruz.com\\\/\",\"logo\":{\"@type\":\"ImageObject\",\"inLanguage\":\"es\",\"@id\":\"https:\\\/\\\/lospoliticosveracruz.com\\\/#\\\/schema\\\/logo\\\/image\\\/\",\"url\":\"https:\\\/\\\/lospoliticosveracruz.com\\\/wp-content\\\/uploads\\\/2025\\\/12\\\/Logo-Nuevo-LOS-POLITICOS-1.jpg\",\"contentUrl\":\"https:\\\/\\\/lospoliticosveracruz.com\\\/wp-content\\\/uploads\\\/2025\\\/12\\\/Logo-Nuevo-LOS-POLITICOS-1.jpg\",\"width\":260,\"height\":70,\"caption\":\"Los pol\u00edticos Veracruz\"},\"image\":{\"@id\":\"https:\\\/\\\/lospoliticosveracruz.com\\\/#\\\/schema\\\/logo\\\/image\\\/\"},\"sameAs\":[\"https:\\\/\\\/www.facebook.com\\\/people\\\/Notimemes-de-los-Polticos\\\/61565672886568\\\/\",\"https:\\\/\\\/x.com\\\/LosPoliticosVer\"]},{\"@type\":\"Person\",\"@id\":\"https:\\\/\\\/lospoliticosveracruz.com\\\/#\\\/schema\\\/person\\\/b8702bb0e538456e6efd07080bf2a4a2\",\"name\":\"Lo viste en Los Pol\u00edticos\",\"image\":{\"@type\":\"ImageObject\",\"inLanguage\":\"es\",\"@id\":\"https:\\\/\\\/secure.gravatar.com\\\/avatar\\\/3a8de04a2656d44082be478bd6c086daa447c4651605818287b9532d3d0bd435?s=96&d=mm&r=g\",\"url\":\"https:\\\/\\\/secure.gravatar.com\\\/avatar\\\/3a8de04a2656d44082be478bd6c086daa447c4651605818287b9532d3d0bd435?s=96&d=mm&r=g\",\"contentUrl\":\"https:\\\/\\\/secure.gravatar.com\\\/avatar\\\/3a8de04a2656d44082be478bd6c086daa447c4651605818287b9532d3d0bd435?s=96&d=mm&r=g\",\"caption\":\"Lo viste en Los Pol\u00edticos\"},\"url\":\"https:\\\/\\\/lospoliticosveracruz.com\\\/?author=2\"}]}<\/script>\n<!-- \/ Yoast SEO plugin. -->","yoast_head_json":{"title":"\u00a1Acelerados! - Los pol\u00edticos Veracruz","robots":{"index":"index","follow":"follow","max-snippet":"max-snippet:-1","max-image-preview":"max-image-preview:large","max-video-preview":"max-video-preview:-1"},"canonical":"https:\/\/lospoliticosveracruz.com\/?p=66796","og_locale":"es_ES","og_type":"article","og_title":"\u00a1Acelerados! - Los pol\u00edticos Veracruz","og_description":"Jorge Arturo Rodr\u00edguez Tierra de Babel El mundo da vueltas, pero m\u00e1s vueltas da el cerebro de uno que gira a lo estupidez. Un m\u00e9dico amigo me dijo que no entiende por qu\u00e9 la gente no entiende y sigue como si no entendieran y el mundo gira normal, as\u00ed como si nada. Claro, hasta que [&hellip;]","og_url":"https:\/\/lospoliticosveracruz.com\/?p=66796","og_site_name":"Los pol\u00edticos Veracruz","article_publisher":"https:\/\/www.facebook.com\/people\/Notimemes-de-los-Polticos\/61565672886568\/","article_published_time":"2021-01-19T01:18:00+00:00","og_image":[{"width":200,"height":200,"url":"https:\/\/lospoliticosveracruz.com\/wp-content\/uploads\/2016\/07\/Logo-Dor.jpg","type":"image\/jpeg"}],"author":"Lo viste en Los Pol\u00edticos","twitter_card":"summary_large_image","twitter_creator":"@LosPoliticosVer","twitter_site":"@LosPoliticosVer","twitter_misc":{"Escrito por":"Lo viste en Los Pol\u00edticos","Tiempo de lectura":"3 minutos"},"schema":{"@context":"https:\/\/schema.org","@graph":[{"@type":"Article","@id":"https:\/\/lospoliticosveracruz.com\/?p=66796#article","isPartOf":{"@id":"https:\/\/lospoliticosveracruz.com\/?p=66796"},"author":{"name":"Lo viste en Los Pol\u00edticos","@id":"https:\/\/lospoliticosveracruz.com\/#\/schema\/person\/b8702bb0e538456e6efd07080bf2a4a2"},"headline":"\u00a1Acelerados!","datePublished":"2021-01-19T01:18:00+00:00","mainEntityOfPage":{"@id":"https:\/\/lospoliticosveracruz.com\/?p=66796"},"wordCount":530,"commentCount":0,"publisher":{"@id":"https:\/\/lospoliticosveracruz.com\/#organization"},"keywords":["gobernador","Hubble","Jorge Arturo Rodr\u00edguez","legislador","m\u00e9dico","Precandidato","Telescopio Espacial James Webb"],"articleSection":["De Opini\u00f3n"],"inLanguage":"es","potentialAction":[{"@type":"CommentAction","name":"Comment","target":["https:\/\/lospoliticosveracruz.com\/?p=66796#respond"]}]},{"@type":"WebPage","@id":"https:\/\/lospoliticosveracruz.com\/?p=66796","url":"https:\/\/lospoliticosveracruz.com\/?p=66796","name":"\u00a1Acelerados! - Los pol\u00edticos Veracruz","isPartOf":{"@id":"https:\/\/lospoliticosveracruz.com\/#website"},"datePublished":"2021-01-19T01:18:00+00:00","breadcrumb":{"@id":"https:\/\/lospoliticosveracruz.com\/?p=66796#breadcrumb"},"inLanguage":"es","potentialAction":[{"@type":"ReadAction","target":["https:\/\/lospoliticosveracruz.com\/?p=66796"]}]},{"@type":"BreadcrumbList","@id":"https:\/\/lospoliticosveracruz.com\/?p=66796#breadcrumb","itemListElement":[{"@type":"ListItem","position":1,"name":"Portada","item":"https:\/\/lospoliticosveracruz.com\/"},{"@type":"ListItem","position":2,"name":"\u00a1Acelerados!"}]},{"@type":"WebSite","@id":"https:\/\/lospoliticosveracruz.com\/#website","url":"https:\/\/lospoliticosveracruz.com\/","name":"Los pol\u00edticos Veracruz","description":"","publisher":{"@id":"https:\/\/lospoliticosveracruz.com\/#organization"},"potentialAction":[{"@type":"SearchAction","target":{"@type":"EntryPoint","urlTemplate":"https:\/\/lospoliticosveracruz.com\/?s={search_term_string}"},"query-input":{"@type":"PropertyValueSpecification","valueRequired":true,"valueName":"search_term_string"}}],"inLanguage":"es"},{"@type":"Organization","@id":"https:\/\/lospoliticosveracruz.com\/#organization","name":"Los pol\u00edticos Veracruz","url":"https:\/\/lospoliticosveracruz.com\/","logo":{"@type":"ImageObject","inLanguage":"es","@id":"https:\/\/lospoliticosveracruz.com\/#\/schema\/logo\/image\/","url":"https:\/\/lospoliticosveracruz.com\/wp-content\/uploads\/2025\/12\/Logo-Nuevo-LOS-POLITICOS-1.jpg","contentUrl":"https:\/\/lospoliticosveracruz.com\/wp-content\/uploads\/2025\/12\/Logo-Nuevo-LOS-POLITICOS-1.jpg","width":260,"height":70,"caption":"Los pol\u00edticos Veracruz"},"image":{"@id":"https:\/\/lospoliticosveracruz.com\/#\/schema\/logo\/image\/"},"sameAs":["https:\/\/www.facebook.com\/people\/Notimemes-de-los-Polticos\/61565672886568\/","https:\/\/x.com\/LosPoliticosVer"]},{"@type":"Person","@id":"https:\/\/lospoliticosveracruz.com\/#\/schema\/person\/b8702bb0e538456e6efd07080bf2a4a2","name":"Lo viste en Los Pol\u00edticos","image":{"@type":"ImageObject","inLanguage":"es","@id":"https:\/\/secure.gravatar.com\/avatar\/3a8de04a2656d44082be478bd6c086daa447c4651605818287b9532d3d0bd435?s=96&d=mm&r=g","url":"https:\/\/secure.gravatar.com\/avatar\/3a8de04a2656d44082be478bd6c086daa447c4651605818287b9532d3d0bd435?s=96&d=mm&r=g","contentUrl":"https:\/\/secure.gravatar.com\/avatar\/3a8de04a2656d44082be478bd6c086daa447c4651605818287b9532d3d0bd435?s=96&d=mm&r=g","caption":"Lo viste en Los Pol\u00edticos"},"url":"https:\/\/lospoliticosveracruz.com\/?author=2"}]}},"_links":{"self":[{"href":"https:\/\/lospoliticosveracruz.com\/index.php?rest_route=\/wp\/v2\/posts\/66796","targetHints":{"allow":["GET"]}}],"collection":[{"href":"https:\/\/lospoliticosveracruz.com\/index.php?rest_route=\/wp\/v2\/posts"}],"about":[{"href":"https:\/\/lospoliticosveracruz.com\/index.php?rest_route=\/wp\/v2\/types\/post"}],"author":[{"embeddable":true,"href":"https:\/\/lospoliticosveracruz.com\/index.php?rest_route=\/wp\/v2\/users\/2"}],"replies":[{"embeddable":true,"href":"https:\/\/lospoliticosveracruz.com\/index.php?rest_route=%2Fwp%2Fv2%2Fcomments&post=66796"}],"version-history":[{"count":1,"href":"https:\/\/lospoliticosveracruz.com\/index.php?rest_route=\/wp\/v2\/posts\/66796\/revisions"}],"predecessor-version":[{"id":66798,"href":"https:\/\/lospoliticosveracruz.com\/index.php?rest_route=\/wp\/v2\/posts\/66796\/revisions\/66798"}],"wp:attachment":[{"href":"https:\/\/lospoliticosveracruz.com\/index.php?rest_route=%2Fwp%2Fv2%2Fmedia&parent=66796"}],"wp:term":[{"taxonomy":"category","embeddable":true,"href":"https:\/\/lospoliticosveracruz.com\/index.php?rest_route=%2Fwp%2Fv2%2Fcategories&post=66796"},{"taxonomy":"post_tag","embeddable":true,"href":"https:\/\/lospoliticosveracruz.com\/index.php?rest_route=%2Fwp%2Fv2%2Ftags&post=66796"}],"curies":[{"name":"wp","href":"https:\/\/api.w.org\/{rel}","templated":true}]}}