{"id":66819,"date":"2021-01-19T08:12:43","date_gmt":"2021-01-19T14:12:43","guid":{"rendered":"http:\/\/www.lospoliticosveracruz.com.mx\/?p=66819"},"modified":"2021-01-19T08:12:43","modified_gmt":"2021-01-19T14:12:43","slug":"acabar-con-el-mito","status":"publish","type":"post","link":"https:\/\/lospoliticosveracruz.com\/?p=66819","title":{"rendered":"Acabar con el Mito"},"content":{"rendered":"<p><strong>Ricardo Ch\u00faa<\/strong><br \/>\n<em>Sale y Vale<\/em><\/p>\n<p>LA \u00abHUELLA\u00bb FIEL&#8230; La gran mayor\u00eda, por no decir todos, los aspirantes que participar\u00e1n en el proceso local o federal por el distrito de Xalapa en 2021&#8230; Son hechura o terminaron de formarse pol\u00edticamente durante el sexenio del ex gobernador, Fidel Herrera Beltr\u00e1n&#8230; Empezando por el propio senador, Ricardo Ahued,&#8230; Hay que recordar que todo empez\u00f3 por Reinaldo Escobar, que se afilia a la \u00abFidelidad\u00bb siendo alcalde de Xalapa por Convergencia de Dante y fue El \u00abRey\u00bb quien hace a Ahued, en esos momentos, un \u00abfidelista\u00bb aliado en 2004&#8230;<\/p>\n<p>Despu\u00e9s el propio Reinaldo Escobar siendo secretario de Gobierno con Fidel Herrera&#8230;. Es el que forma pol\u00edticamente a David Velasco Chedraui para impulsarlo como alcalde de Xalapa, sucesor de Ahued&#8230; El mismo Reinaldo junto con Ricardo Ahued forman a Elizabeth Morales, haci\u00e9ndola diputada federal y luego alcaldesa de la capital&#8230; Am\u00e9rico lo forma Fidel desde que era el secretario del Trabajo en su sexenio y junto con Reinaldo, lo impulsan como diputado local en 2010&#8230; Todos traen la \u00abHuella Fiel\u00bb&#8230;<\/p>\n<p>De esa manera, todos los que van estar en esta contienda electoral federal o local, son ex alcaldes xalape\u00f1os&#8230; Vienen del mismo \u00abtronco com\u00fan\u00bb: Fidel Herrera-Reinaldo Escobar P\u00e9rez&#8230; \u00abLa Fidelidad por Veracruz\u00bb ahora vuelve por sus fueros por el distrito de Xalapa.. Est\u00e9n en MORENA o PRIAN&#8230; Su origen es el \u00abT\u00edo Fide\u00bb, que fue un formador de pol\u00edticos durante su gobierno&#8230; Unos le salieron buenos, otros malos y otros muy malos tirando a peores&#8230; Digan lo que digan y haiga sido como haiga sido&#8230;. Xalapa es \u00abFiel\u00bb&#8230; TAN.. TAN&#8230;<\/p>\n<p>AHUED, LA HISTORIA DETR\u00c1S DEL MITO&#8230; Despu\u00e9s del pronunciamiento hecho por diputados locales de MORENA para OFRECERLE la candidatura a Ricardo Ahued a la alcald\u00eda de Xalapa (Lo que no se entiende es que hac\u00eda Juan Javier G\u00f3mez Cazar\u00edn en ese lugar, si para efectos, Cazar\u00edn nada tiene que ver con la capital del Estado, su distrito es San Andr\u00e9s Tuxtla, no Xalapa)&#8230; \u00abEl Garganta Profunda\u00bb m\u00e1s poderoso de Los Morenos, confiesa: \u00abLa candidatura para Ricardo Ahued, no es un premio, es un castigo\u00bb&#8230;<\/p>\n<p>La informaci\u00f3n de este personaje se\u00f1ala que el regresarlo a \u00abjugar\u00bb la capital del Estado&#8230; Es un castigo del Presidente, Andr\u00e9s Manuel L\u00f3pez Obrador, por el tema que dej\u00f3 pendiente en la Direcci\u00f3n de Aduanas de SHyCP&#8230; Por lo tanto, mandarlo a Xalapa es una SANCI\u00d3N porque a un Presidente de M\u00e9xico, nadie le renuncia, \u00e9l los quita&#8230; Y m\u00e1s un mandatario totalitario como AMLO y lo manda porque Ahued puede PERDER la elecci\u00f3n si al frente en alianza opositora va David Velasco Chedraui&#8230; Ya son otros tiempos&#8230;<br \/>\nSin embargo, la realidad es que Ahued es el \u00fanico que le puede dar competencia a Velasco Chedraui por MORENA&#8230; A cualquier otro, el empresario de los t\u00edos multimillonarios, \u00ablos barre\u00bb&#8230; Por eso mandan al senador al \u00absacrificio\u00bb&#8230; Saben que perdiendo se ACABA EL MITO DEL INVENCIBLE y quedar\u00eda fuera de la contienda al 2024 para gobernador, desde este 2021&#8230; David se gastar\u00eda el dinero necesario para derrotarlo&#8230; Si le gana a Ahued, \u00e9l quedar\u00eda como el m\u00e1s viable opositor para el 2024&#8230; M\u00e1s que cualquier Yunes \u00abRojo o Azul\u00bb&#8230;<br \/>\nTodo esto aunado a que el gobierno municipal de Hipo-Crito Rodr\u00edguez no ayuda en nada&#8230; Ya que no s\u00f3lo tiene a la sociedad e intelectuales en contra, sino tambi\u00e9n a los millonarios de la capital&#8230; Y de invertirle dinero a una contienda de Ahued.. A d\u00f3nde creen, que va a ir a parar su dinero, pues, a un Chedraui&#8230; Si han visto que con los Morenos, pues, no hay oportunidad de seguir generando riqueza&#8230; As\u00ed que la postulaci\u00f3n de David es el peor \u00abh\u00e1ndicap\u00bb de Ahued junto con el gobierno de Hip\u00f3lito&#8230; Ni pa donde moverse&#8230;<br \/>\nPero la estrategia que tienen planteada desde Palacio Nacional es sencilla&#8230; Mandan Ricardo Ahued, pide licencia y viene a Xalapa&#8230; Hace campa\u00f1a y si llegar\u00e1 a ganar, regresa al Senado y deja la alcald\u00eda, al suplente (Dicen que ser\u00eda Eric Cisneros Burgos, pero es dif\u00edcil esta situaci\u00f3n porque ya no se va de Palacio de Gobierno)&#8230; Si pierde Ahued de todos modos regresa al Senado con otra suerte&#8230; As\u00ed que el importante aqu\u00ed, es el SUPLENTE, de ganar, \u00e9l ser\u00e1 el alcalde.. Al menos, eso es lo que dice \u00abGarganta Profunda\u00bb&#8230; CONSUMATUM EST&#8230;.<\/p>\n<p>NAMIKO EXHIBIDA&#8230; Nos cuentan que despu\u00e9s de que fue exhibida en notas period\u00edsticas, la actual presidenta de la Comisi\u00f3n Estatal de Derechos Humanos, Namiko Matzumoto, de presionar a organizaciones que trabajan de la mano con La comisi\u00f3n, para que la apoyen en su reelecci\u00f3n al cargo&#8230; Busco la manera de desvirtuar las informaciones al respecto, aprovechando la buena fe de medios de comunicaci\u00f3n para desmentir tales hechos&#8230; Pero lo que la actual titular de la CEDH no contaba&#8230; Es que HAY AUDIOS de la denuncia&#8230;<br \/>\nAs\u00ed que ahora Matzumoto tiene TRES PROBLEMAS que resolver, aparte de su reelecci\u00f3n&#8230; Que al parecer, los diputados locales tienen la mira puesta en un abogado del puerto de Veracruz para que se quede en el cargo&#8230; Obvio un abogado aliado a MORENA&#8230; Con poca relaci\u00f3n con los Yunes Azules&#8230; El primero es con los periodistas que trat\u00f3 de exhibir como mentirosos&#8230;. El segundo con los periodistas, de los cuales se aprovecho de su buena fe para mandar desmentidos v\u00eda la COPIPEV&#8230; Ya se \u00abquem\u00f3\u00bb nunca espero que hubiera audio&#8230;<br \/>\nPero el asunto m\u00e1s pol\u00e9mico es que qued\u00f3 al descubierto la presi\u00f3n que hace a organizaciones como la Coalici\u00f3n de Pensionistas Independientes del Estado de Veracruz&#8230; De como son objeto de esas acciones de un funcionario con tal de quedarse en el cargo&#8230; Obvio, los agremiados no quieren represiones, pero al provocar ataques entre periodistas, el tema a Matzumoto se le sali\u00f3 del control&#8230; Ah\u00ed las consecuencias&#8230; Por eso, en su momento los \u00abYunistas\u00bb la acusaron de \u00abDuartista\u00bb y los Morenos la acusan de \u00abYunista\u00bb&#8230; ESTO SE ACAB\u00d3&#8230; AMEN&#8230;<\/p>\n","protected":false},"excerpt":{"rendered":"<p>Ricardo Ch\u00faa Sale y Vale LA \u00abHUELLA\u00bb FIEL&#8230; La gran mayor\u00eda, por no decir todos, los aspirantes que participar\u00e1n en el proceso local o federal por el distrito de Xalapa en 2021&#8230; Son hechura o terminaron de formarse pol\u00edticamente durante el sexenio del ex gobernador, Fidel Herrera Beltr\u00e1n&#8230; Empezando por el propio senador, Ricardo Ahued,&#8230; [&hellip;]<\/p>\n","protected":false},"author":2,"featured_media":0,"comment_status":"open","ping_status":"open","sticky":false,"template":"","format":"standard","meta":{"tdm_status":"","tdm_grid_status":"","footnotes":""},"categories":[70],"tags":[4813,7829,23413,407,12299,25355,7620,12695,1026,4467,876,25354,96],"class_list":{"0":"post-66819","1":"post","2":"type-post","3":"status-publish","4":"format-standard","6":"category-de-opinion","7":"tag-cedh","8":"tag-coalicion","9":"tag-contienda-electoral","10":"tag-david-velasco-chedraui","11":"tag-eric-cisneros-burgos","12":"tag-fuera-de-la-contienda","13":"tag-hipolito-rodriguez-herrero","14":"tag-juan-javier-gomez-cazarin","15":"tag-morena","16":"tag-namiko-matsumoto","17":"tag-ricardo-ahued","18":"tag-shycp","19":"tag-xalapa"},"yoast_head":"<!-- This site is optimized with the Yoast SEO plugin v27.4 - https:\/\/yoast.com\/product\/yoast-seo-wordpress\/ -->\n<title>Acabar con el Mito - Los pol\u00edticos Veracruz<\/title>\n<meta name=\"robots\" content=\"index, follow, max-snippet:-1, max-image-preview:large, max-video-preview:-1\" \/>\n<link rel=\"canonical\" href=\"https:\/\/lospoliticosveracruz.com\/?p=66819\" \/>\n<meta property=\"og:locale\" content=\"es_ES\" \/>\n<meta property=\"og:type\" content=\"article\" \/>\n<meta property=\"og:title\" content=\"Acabar con el Mito - Los pol\u00edticos Veracruz\" \/>\n<meta property=\"og:description\" content=\"Ricardo Ch\u00faa Sale y Vale LA \u00abHUELLA\u00bb FIEL&#8230; La gran mayor\u00eda, por no decir todos, los aspirantes que participar\u00e1n en el proceso local o federal por el distrito de Xalapa en 2021&#8230; Son hechura o terminaron de formarse pol\u00edticamente durante el sexenio del ex gobernador, Fidel Herrera Beltr\u00e1n&#8230; Empezando por el propio senador, Ricardo Ahued,&#8230; [&hellip;]\" \/>\n<meta property=\"og:url\" content=\"https:\/\/lospoliticosveracruz.com\/?p=66819\" \/>\n<meta property=\"og:site_name\" content=\"Los pol\u00edticos Veracruz\" \/>\n<meta property=\"article:publisher\" content=\"https:\/\/www.facebook.com\/people\/Notimemes-de-los-Polticos\/61565672886568\/\" \/>\n<meta property=\"article:published_time\" content=\"2021-01-19T14:12:43+00:00\" \/>\n<meta property=\"og:image\" content=\"https:\/\/lospoliticosveracruz.com\/wp-content\/uploads\/2016\/07\/Logo-Dor.jpg\" \/>\n\t<meta property=\"og:image:width\" content=\"200\" \/>\n\t<meta property=\"og:image:height\" content=\"200\" \/>\n\t<meta property=\"og:image:type\" content=\"image\/jpeg\" \/>\n<meta name=\"author\" content=\"Lo viste en Los Pol\u00edticos\" \/>\n<meta name=\"twitter:card\" content=\"summary_large_image\" \/>\n<meta name=\"twitter:creator\" content=\"@LosPoliticosVer\" \/>\n<meta name=\"twitter:site\" content=\"@LosPoliticosVer\" \/>\n<meta name=\"twitter:label1\" content=\"Escrito por\" \/>\n\t<meta name=\"twitter:data1\" content=\"Lo viste en Los Pol\u00edticos\" \/>\n\t<meta name=\"twitter:label2\" content=\"Tiempo de lectura\" \/>\n\t<meta name=\"twitter:data2\" content=\"5 minutos\" \/>\n<script type=\"application\/ld+json\" class=\"yoast-schema-graph\">{\"@context\":\"https:\\\/\\\/schema.org\",\"@graph\":[{\"@type\":\"Article\",\"@id\":\"https:\\\/\\\/lospoliticosveracruz.com\\\/?p=66819#article\",\"isPartOf\":{\"@id\":\"https:\\\/\\\/lospoliticosveracruz.com\\\/?p=66819\"},\"author\":{\"name\":\"Lo viste en Los Pol\u00edticos\",\"@id\":\"https:\\\/\\\/lospoliticosveracruz.com\\\/#\\\/schema\\\/person\\\/b8702bb0e538456e6efd07080bf2a4a2\"},\"headline\":\"Acabar con el Mito\",\"datePublished\":\"2021-01-19T14:12:43+00:00\",\"mainEntityOfPage\":{\"@id\":\"https:\\\/\\\/lospoliticosveracruz.com\\\/?p=66819\"},\"wordCount\":1041,\"commentCount\":0,\"publisher\":{\"@id\":\"https:\\\/\\\/lospoliticosveracruz.com\\\/#organization\"},\"keywords\":[\"CEDH\",\"Coalici\u00f3n\",\"Contienda electoral\",\"David Velasco Chedraui\",\"Eric Cisneros Burgos\",\"Fuera de la contienda\",\"Hip\u00f3lito Rodr\u00edguez Herrero\",\"Juan Javier G\u00f3mez Cazar\u00edn\",\"Morena\",\"Namiko Matsumoto\",\"Ricardo Ahued\",\"SHyCP\",\"Xalapa\"],\"articleSection\":[\"De Opini\u00f3n\"],\"inLanguage\":\"es\",\"potentialAction\":[{\"@type\":\"CommentAction\",\"name\":\"Comment\",\"target\":[\"https:\\\/\\\/lospoliticosveracruz.com\\\/?p=66819#respond\"]}]},{\"@type\":\"WebPage\",\"@id\":\"https:\\\/\\\/lospoliticosveracruz.com\\\/?p=66819\",\"url\":\"https:\\\/\\\/lospoliticosveracruz.com\\\/?p=66819\",\"name\":\"Acabar con el Mito - Los pol\u00edticos Veracruz\",\"isPartOf\":{\"@id\":\"https:\\\/\\\/lospoliticosveracruz.com\\\/#website\"},\"datePublished\":\"2021-01-19T14:12:43+00:00\",\"breadcrumb\":{\"@id\":\"https:\\\/\\\/lospoliticosveracruz.com\\\/?p=66819#breadcrumb\"},\"inLanguage\":\"es\",\"potentialAction\":[{\"@type\":\"ReadAction\",\"target\":[\"https:\\\/\\\/lospoliticosveracruz.com\\\/?p=66819\"]}]},{\"@type\":\"BreadcrumbList\",\"@id\":\"https:\\\/\\\/lospoliticosveracruz.com\\\/?p=66819#breadcrumb\",\"itemListElement\":[{\"@type\":\"ListItem\",\"position\":1,\"name\":\"Portada\",\"item\":\"https:\\\/\\\/lospoliticosveracruz.com\\\/\"},{\"@type\":\"ListItem\",\"position\":2,\"name\":\"Acabar con el Mito\"}]},{\"@type\":\"WebSite\",\"@id\":\"https:\\\/\\\/lospoliticosveracruz.com\\\/#website\",\"url\":\"https:\\\/\\\/lospoliticosveracruz.com\\\/\",\"name\":\"Los pol\u00edticos Veracruz\",\"description\":\"\",\"publisher\":{\"@id\":\"https:\\\/\\\/lospoliticosveracruz.com\\\/#organization\"},\"potentialAction\":[{\"@type\":\"SearchAction\",\"target\":{\"@type\":\"EntryPoint\",\"urlTemplate\":\"https:\\\/\\\/lospoliticosveracruz.com\\\/?s={search_term_string}\"},\"query-input\":{\"@type\":\"PropertyValueSpecification\",\"valueRequired\":true,\"valueName\":\"search_term_string\"}}],\"inLanguage\":\"es\"},{\"@type\":\"Organization\",\"@id\":\"https:\\\/\\\/lospoliticosveracruz.com\\\/#organization\",\"name\":\"Los pol\u00edticos Veracruz\",\"url\":\"https:\\\/\\\/lospoliticosveracruz.com\\\/\",\"logo\":{\"@type\":\"ImageObject\",\"inLanguage\":\"es\",\"@id\":\"https:\\\/\\\/lospoliticosveracruz.com\\\/#\\\/schema\\\/logo\\\/image\\\/\",\"url\":\"https:\\\/\\\/lospoliticosveracruz.com\\\/wp-content\\\/uploads\\\/2025\\\/12\\\/Logo-Nuevo-LOS-POLITICOS-1.jpg\",\"contentUrl\":\"https:\\\/\\\/lospoliticosveracruz.com\\\/wp-content\\\/uploads\\\/2025\\\/12\\\/Logo-Nuevo-LOS-POLITICOS-1.jpg\",\"width\":260,\"height\":70,\"caption\":\"Los pol\u00edticos Veracruz\"},\"image\":{\"@id\":\"https:\\\/\\\/lospoliticosveracruz.com\\\/#\\\/schema\\\/logo\\\/image\\\/\"},\"sameAs\":[\"https:\\\/\\\/www.facebook.com\\\/people\\\/Notimemes-de-los-Polticos\\\/61565672886568\\\/\",\"https:\\\/\\\/x.com\\\/LosPoliticosVer\"]},{\"@type\":\"Person\",\"@id\":\"https:\\\/\\\/lospoliticosveracruz.com\\\/#\\\/schema\\\/person\\\/b8702bb0e538456e6efd07080bf2a4a2\",\"name\":\"Lo viste en Los Pol\u00edticos\",\"image\":{\"@type\":\"ImageObject\",\"inLanguage\":\"es\",\"@id\":\"https:\\\/\\\/secure.gravatar.com\\\/avatar\\\/3a8de04a2656d44082be478bd6c086daa447c4651605818287b9532d3d0bd435?s=96&d=mm&r=g\",\"url\":\"https:\\\/\\\/secure.gravatar.com\\\/avatar\\\/3a8de04a2656d44082be478bd6c086daa447c4651605818287b9532d3d0bd435?s=96&d=mm&r=g\",\"contentUrl\":\"https:\\\/\\\/secure.gravatar.com\\\/avatar\\\/3a8de04a2656d44082be478bd6c086daa447c4651605818287b9532d3d0bd435?s=96&d=mm&r=g\",\"caption\":\"Lo viste en Los Pol\u00edticos\"},\"url\":\"https:\\\/\\\/lospoliticosveracruz.com\\\/?author=2\"}]}<\/script>\n<!-- \/ Yoast SEO plugin. -->","yoast_head_json":{"title":"Acabar con el Mito - Los pol\u00edticos Veracruz","robots":{"index":"index","follow":"follow","max-snippet":"max-snippet:-1","max-image-preview":"max-image-preview:large","max-video-preview":"max-video-preview:-1"},"canonical":"https:\/\/lospoliticosveracruz.com\/?p=66819","og_locale":"es_ES","og_type":"article","og_title":"Acabar con el Mito - Los pol\u00edticos Veracruz","og_description":"Ricardo Ch\u00faa Sale y Vale LA \u00abHUELLA\u00bb FIEL&#8230; La gran mayor\u00eda, por no decir todos, los aspirantes que participar\u00e1n en el proceso local o federal por el distrito de Xalapa en 2021&#8230; Son hechura o terminaron de formarse pol\u00edticamente durante el sexenio del ex gobernador, Fidel Herrera Beltr\u00e1n&#8230; Empezando por el propio senador, Ricardo Ahued,&#8230; [&hellip;]","og_url":"https:\/\/lospoliticosveracruz.com\/?p=66819","og_site_name":"Los pol\u00edticos Veracruz","article_publisher":"https:\/\/www.facebook.com\/people\/Notimemes-de-los-Polticos\/61565672886568\/","article_published_time":"2021-01-19T14:12:43+00:00","og_image":[{"width":200,"height":200,"url":"https:\/\/lospoliticosveracruz.com\/wp-content\/uploads\/2016\/07\/Logo-Dor.jpg","type":"image\/jpeg"}],"author":"Lo viste en Los Pol\u00edticos","twitter_card":"summary_large_image","twitter_creator":"@LosPoliticosVer","twitter_site":"@LosPoliticosVer","twitter_misc":{"Escrito por":"Lo viste en Los Pol\u00edticos","Tiempo de lectura":"5 minutos"},"schema":{"@context":"https:\/\/schema.org","@graph":[{"@type":"Article","@id":"https:\/\/lospoliticosveracruz.com\/?p=66819#article","isPartOf":{"@id":"https:\/\/lospoliticosveracruz.com\/?p=66819"},"author":{"name":"Lo viste en Los Pol\u00edticos","@id":"https:\/\/lospoliticosveracruz.com\/#\/schema\/person\/b8702bb0e538456e6efd07080bf2a4a2"},"headline":"Acabar con el Mito","datePublished":"2021-01-19T14:12:43+00:00","mainEntityOfPage":{"@id":"https:\/\/lospoliticosveracruz.com\/?p=66819"},"wordCount":1041,"commentCount":0,"publisher":{"@id":"https:\/\/lospoliticosveracruz.com\/#organization"},"keywords":["CEDH","Coalici\u00f3n","Contienda electoral","David Velasco Chedraui","Eric Cisneros Burgos","Fuera de la contienda","Hip\u00f3lito Rodr\u00edguez Herrero","Juan Javier G\u00f3mez Cazar\u00edn","Morena","Namiko Matsumoto","Ricardo Ahued","SHyCP","Xalapa"],"articleSection":["De Opini\u00f3n"],"inLanguage":"es","potentialAction":[{"@type":"CommentAction","name":"Comment","target":["https:\/\/lospoliticosveracruz.com\/?p=66819#respond"]}]},{"@type":"WebPage","@id":"https:\/\/lospoliticosveracruz.com\/?p=66819","url":"https:\/\/lospoliticosveracruz.com\/?p=66819","name":"Acabar con el Mito - Los pol\u00edticos Veracruz","isPartOf":{"@id":"https:\/\/lospoliticosveracruz.com\/#website"},"datePublished":"2021-01-19T14:12:43+00:00","breadcrumb":{"@id":"https:\/\/lospoliticosveracruz.com\/?p=66819#breadcrumb"},"inLanguage":"es","potentialAction":[{"@type":"ReadAction","target":["https:\/\/lospoliticosveracruz.com\/?p=66819"]}]},{"@type":"BreadcrumbList","@id":"https:\/\/lospoliticosveracruz.com\/?p=66819#breadcrumb","itemListElement":[{"@type":"ListItem","position":1,"name":"Portada","item":"https:\/\/lospoliticosveracruz.com\/"},{"@type":"ListItem","position":2,"name":"Acabar con el Mito"}]},{"@type":"WebSite","@id":"https:\/\/lospoliticosveracruz.com\/#website","url":"https:\/\/lospoliticosveracruz.com\/","name":"Los pol\u00edticos Veracruz","description":"","publisher":{"@id":"https:\/\/lospoliticosveracruz.com\/#organization"},"potentialAction":[{"@type":"SearchAction","target":{"@type":"EntryPoint","urlTemplate":"https:\/\/lospoliticosveracruz.com\/?s={search_term_string}"},"query-input":{"@type":"PropertyValueSpecification","valueRequired":true,"valueName":"search_term_string"}}],"inLanguage":"es"},{"@type":"Organization","@id":"https:\/\/lospoliticosveracruz.com\/#organization","name":"Los pol\u00edticos Veracruz","url":"https:\/\/lospoliticosveracruz.com\/","logo":{"@type":"ImageObject","inLanguage":"es","@id":"https:\/\/lospoliticosveracruz.com\/#\/schema\/logo\/image\/","url":"https:\/\/lospoliticosveracruz.com\/wp-content\/uploads\/2025\/12\/Logo-Nuevo-LOS-POLITICOS-1.jpg","contentUrl":"https:\/\/lospoliticosveracruz.com\/wp-content\/uploads\/2025\/12\/Logo-Nuevo-LOS-POLITICOS-1.jpg","width":260,"height":70,"caption":"Los pol\u00edticos Veracruz"},"image":{"@id":"https:\/\/lospoliticosveracruz.com\/#\/schema\/logo\/image\/"},"sameAs":["https:\/\/www.facebook.com\/people\/Notimemes-de-los-Polticos\/61565672886568\/","https:\/\/x.com\/LosPoliticosVer"]},{"@type":"Person","@id":"https:\/\/lospoliticosveracruz.com\/#\/schema\/person\/b8702bb0e538456e6efd07080bf2a4a2","name":"Lo viste en Los Pol\u00edticos","image":{"@type":"ImageObject","inLanguage":"es","@id":"https:\/\/secure.gravatar.com\/avatar\/3a8de04a2656d44082be478bd6c086daa447c4651605818287b9532d3d0bd435?s=96&d=mm&r=g","url":"https:\/\/secure.gravatar.com\/avatar\/3a8de04a2656d44082be478bd6c086daa447c4651605818287b9532d3d0bd435?s=96&d=mm&r=g","contentUrl":"https:\/\/secure.gravatar.com\/avatar\/3a8de04a2656d44082be478bd6c086daa447c4651605818287b9532d3d0bd435?s=96&d=mm&r=g","caption":"Lo viste en Los Pol\u00edticos"},"url":"https:\/\/lospoliticosveracruz.com\/?author=2"}]}},"_links":{"self":[{"href":"https:\/\/lospoliticosveracruz.com\/index.php?rest_route=\/wp\/v2\/posts\/66819","targetHints":{"allow":["GET"]}}],"collection":[{"href":"https:\/\/lospoliticosveracruz.com\/index.php?rest_route=\/wp\/v2\/posts"}],"about":[{"href":"https:\/\/lospoliticosveracruz.com\/index.php?rest_route=\/wp\/v2\/types\/post"}],"author":[{"embeddable":true,"href":"https:\/\/lospoliticosveracruz.com\/index.php?rest_route=\/wp\/v2\/users\/2"}],"replies":[{"embeddable":true,"href":"https:\/\/lospoliticosveracruz.com\/index.php?rest_route=%2Fwp%2Fv2%2Fcomments&post=66819"}],"version-history":[{"count":1,"href":"https:\/\/lospoliticosveracruz.com\/index.php?rest_route=\/wp\/v2\/posts\/66819\/revisions"}],"predecessor-version":[{"id":66823,"href":"https:\/\/lospoliticosveracruz.com\/index.php?rest_route=\/wp\/v2\/posts\/66819\/revisions\/66823"}],"wp:attachment":[{"href":"https:\/\/lospoliticosveracruz.com\/index.php?rest_route=%2Fwp%2Fv2%2Fmedia&parent=66819"}],"wp:term":[{"taxonomy":"category","embeddable":true,"href":"https:\/\/lospoliticosveracruz.com\/index.php?rest_route=%2Fwp%2Fv2%2Fcategories&post=66819"},{"taxonomy":"post_tag","embeddable":true,"href":"https:\/\/lospoliticosveracruz.com\/index.php?rest_route=%2Fwp%2Fv2%2Ftags&post=66819"}],"curies":[{"name":"wp","href":"https:\/\/api.w.org\/{rel}","templated":true}]}}