{"id":66942,"date":"2021-01-21T08:05:38","date_gmt":"2021-01-21T14:05:38","guid":{"rendered":"http:\/\/www.lospoliticosveracruz.com.mx\/?p=66942"},"modified":"2021-01-21T08:05:38","modified_gmt":"2021-01-21T14:05:38","slug":"preparate-ahi-vienen","status":"publish","type":"post","link":"https:\/\/lospoliticosveracruz.com\/?p=66942","title":{"rendered":"Prep\u00e1rate, ah\u00ed vienen!"},"content":{"rendered":"<p><strong>Eduardo Venegas Naranjo <\/strong><br \/>\n<em>Aqu\u00ed Entre Nos&#8230;<\/em><\/p>\n<p>Un destacado cuenque\u00f1o es Mauricio Carl\u00edn Castillo, oriundo de Carlos A Carrillo, es un pol\u00edtico joven que se ha mantenido en el Partido Revolucionario Institucional, es un hombre de convicciones, cercano al Presidente del Comit\u00e9 Directivo Estatal del PRI Marl\u00f3n Ramirez Mar\u00edn.<br \/>\nMauricio viene de una cuna humilde, donde todo lo que ha logrado  es a base de esfuerzo, proviene de una familia conservadora, es nieto de un obrero del Ingenio San Crist\u00f3bal, Don Mauricio Castillo, quien le inculc\u00f3 valores y amor por la familia; Mauri es su orgullo, su  pap\u00e1 don Cecilio Carl\u00edn Villegas un destacado dentista  carrillense que ha estado cerca de su hijo, ahora disfruta de ver  a su hijo convertido en un exitoso profesionista, su mam\u00e1 es Do\u00f1a Edna Castillo una maestra que ha dedicado su vida a educar en el nivel primaria a las nuevas generaciones en el estado vecino de Tamaulipas. Hemos tenido la oportunidad de conversar con Mauricio y su familia es sus sost\u00e9n es su base; casado con Iris de Los \u00c1ngeles Cruz de Carl\u00edn procrearon a tres hombres, Mauricio, Kevin y Alejandro; hoy la vida le ha dado la oportunidad de estar en el PRI estatal recorriendo el estado, haciendo acuerdos y alianzas para que el priismo resurja y la gente conf\u00ede en  el partido. El nombre de Mauricio suena fuerte en su regi\u00f3n es querido y aceptado su gente lo respalda. <\/p>\n<p><strong>Guadalupe Sosa, para la alcald\u00eda de Isla <\/strong><\/p>\n<p>Hoy fue d\u00eda de destapes, en Isla se confirm\u00f3 lo que ya se sab\u00eda, la Se\u00f1ora Guadalupe Sosa de Molina se separ\u00f3 de sus funciones como presidenta del DIF Municipal, para buscar la alcald\u00eda de la Perla Pi\u00f1era.<br \/>\nIsla tendr\u00e1 una buena candidata,  comprometida, una mujer de trabajo, que conoce las necesidades de su gente. La licenciada Guadalupe es sensible, en el DIF logr\u00f3 aterrizar importantes recursos durante sus tres a\u00f1os de gesti\u00f3n se coron\u00f3 con la Unidad B\u00e1sica de Rehabilitaci\u00f3n, un gran obra donde puso todo su empe\u00f1o. La ciudadan\u00eda la respalda es una aspirante fuerte.<br \/>\nDo\u00f1a Guadalupe Sosa brilla por su trabajo es conocida a lo largo y ancho de Isla, ha caminado bien por municipio, sabe que es lo que necesita de manera apremiante su gente, si en el DIF fue buena, como alcaldesa puede ser mejor, la ciudadan\u00eda tendr\u00e1 la \u00faltima palabra. <\/p>\n<p><strong>El \u201cimpostor\u201d, T\u00edto Delfin con una imagen desgastada <\/strong><\/p>\n<p>Tito Delfin Cano es el actual Secretario General del Partido Acci\u00f3n Nacional en el estado de Veracruz, viejo lobo de mar, sabe moverse con astucia, ya impuso a su hija como Sindica en la planilla de PAN en Medell\u00edn, municipio donde ha podido hacer y deshacer, el panismo en este municipio no lo quieren, saben sus ma\u00f1as; solo lleva agua a su molino.<br \/>\nEn Tlacotalpan en el 2017 meti\u00f3 las manos e impuso algunos cargos, ahora este 2021 vuelve a aparecer en escena, busca la regidur\u00eda primera para una muy cercana \u201ccolaboradora\u201d, palabras textuales de los mismos panistas que reprueban que Delf\u00edn Cano meta las manos en el escenario pol\u00edtico tlacotalpe\u00f1o.<br \/>\nT\u00edto Delfin cree que la Cuenca es su basti\u00f3n, su tiempo ya pas\u00f3, no goza la simpat\u00eda de los militantes  ni alcaldes panistas de la regi\u00f3n, en fin; esto apenas inicia y este personaje con su desgastada imagen ya est\u00e1 dando de qu\u00e9 hablar. <\/p>\n<p><strong>\u00a1Tavo Ruiz con todo, por Alvarado!<\/strong><\/p>\n<p>Octavio Ruiz Barroso se perfila de manera fuerte para busca la presidencia municipal de Alvarado;  es un hombre con capacidad; conoce bien su municipio; es aceptado por sus paisanos.<br \/>\nTavo como es conocido cari\u00f1osamente, sabe de la administraci\u00f3n p\u00fablica; actores pol\u00edticos importantes se le est\u00e1n sumando a su proyecto en unos d\u00edas su pronunciamiento importante ser\u00e1 noticia en Alvarado.<br \/>\nEl proyecto abanderado por Tavo Ruiz es el bueno, con su visi\u00f3n el municipio podr\u00eda salir adelante. La ciudadan\u00eda merece que al Ayuntamiento llegue gente con ganas de proyectar y detonar a Alvarado.<\/p>\n","protected":false},"excerpt":{"rendered":"<p>Eduardo Venegas Naranjo Aqu\u00ed Entre Nos&#8230; Un destacado cuenque\u00f1o es Mauricio Carl\u00edn Castillo, oriundo de Carlos A Carrillo, es un pol\u00edtico joven que se ha mantenido en el Partido Revolucionario Institucional, es un hombre de convicciones, cercano al Presidente del Comit\u00e9 Directivo Estatal del PRI Marl\u00f3n Ramirez Mar\u00edn. Mauricio viene de una cuna humilde, donde [&hellip;]<\/p>\n","protected":false},"author":2,"featured_media":0,"comment_status":"open","ping_status":"open","sticky":false,"template":"","format":"standard","meta":{"tdm_status":"","tdm_grid_status":"","footnotes":""},"categories":[70],"tags":[1818,13170,19753,5174,3526,7518],"class_list":{"0":"post-66942","1":"post","2":"type-post","3":"status-publish","4":"format-standard","6":"category-de-opinion","7":"tag-candidatos","8":"tag-eduardo-venegas-naranjo","9":"tag-guadalupe-sosa-de-molina","10":"tag-mauricio-carlin-castillo","11":"tag-octavio-ruiz-barroso","12":"tag-tito-delfin-cano"},"yoast_head":"<!-- This site is optimized with the Yoast SEO plugin v27.4 - https:\/\/yoast.com\/product\/yoast-seo-wordpress\/ -->\n<title>Prep\u00e1rate, ah\u00ed vienen! - Los pol\u00edticos Veracruz<\/title>\n<meta name=\"robots\" content=\"index, follow, max-snippet:-1, max-image-preview:large, max-video-preview:-1\" \/>\n<link rel=\"canonical\" href=\"https:\/\/lospoliticosveracruz.com\/?p=66942\" \/>\n<meta property=\"og:locale\" content=\"es_ES\" \/>\n<meta property=\"og:type\" content=\"article\" \/>\n<meta property=\"og:title\" content=\"Prep\u00e1rate, ah\u00ed vienen! - Los pol\u00edticos Veracruz\" \/>\n<meta property=\"og:description\" content=\"Eduardo Venegas Naranjo Aqu\u00ed Entre Nos&#8230; Un destacado cuenque\u00f1o es Mauricio Carl\u00edn Castillo, oriundo de Carlos A Carrillo, es un pol\u00edtico joven que se ha mantenido en el Partido Revolucionario Institucional, es un hombre de convicciones, cercano al Presidente del Comit\u00e9 Directivo Estatal del PRI Marl\u00f3n Ramirez Mar\u00edn. Mauricio viene de una cuna humilde, donde [&hellip;]\" \/>\n<meta property=\"og:url\" content=\"https:\/\/lospoliticosveracruz.com\/?p=66942\" \/>\n<meta property=\"og:site_name\" content=\"Los pol\u00edticos Veracruz\" \/>\n<meta property=\"article:publisher\" content=\"https:\/\/www.facebook.com\/people\/Notimemes-de-los-Polticos\/61565672886568\/\" \/>\n<meta property=\"article:published_time\" content=\"2021-01-21T14:05:38+00:00\" \/>\n<meta property=\"og:image\" content=\"https:\/\/lospoliticosveracruz.com\/wp-content\/uploads\/2016\/07\/Logo-Dor.jpg\" \/>\n\t<meta property=\"og:image:width\" content=\"200\" \/>\n\t<meta property=\"og:image:height\" content=\"200\" \/>\n\t<meta property=\"og:image:type\" content=\"image\/jpeg\" \/>\n<meta name=\"author\" content=\"Lo viste en Los Pol\u00edticos\" \/>\n<meta name=\"twitter:card\" content=\"summary_large_image\" \/>\n<meta name=\"twitter:creator\" content=\"@LosPoliticosVer\" \/>\n<meta name=\"twitter:site\" content=\"@LosPoliticosVer\" \/>\n<meta name=\"twitter:label1\" content=\"Escrito por\" \/>\n\t<meta name=\"twitter:data1\" content=\"Lo viste en Los Pol\u00edticos\" \/>\n\t<meta name=\"twitter:label2\" content=\"Tiempo de lectura\" \/>\n\t<meta name=\"twitter:data2\" content=\"3 minutos\" \/>\n<script type=\"application\/ld+json\" class=\"yoast-schema-graph\">{\"@context\":\"https:\\\/\\\/schema.org\",\"@graph\":[{\"@type\":\"Article\",\"@id\":\"https:\\\/\\\/lospoliticosveracruz.com\\\/?p=66942#article\",\"isPartOf\":{\"@id\":\"https:\\\/\\\/lospoliticosveracruz.com\\\/?p=66942\"},\"author\":{\"name\":\"Lo viste en Los Pol\u00edticos\",\"@id\":\"https:\\\/\\\/lospoliticosveracruz.com\\\/#\\\/schema\\\/person\\\/b8702bb0e538456e6efd07080bf2a4a2\"},\"headline\":\"Prep\u00e1rate, ah\u00ed vienen!\",\"datePublished\":\"2021-01-21T14:05:38+00:00\",\"mainEntityOfPage\":{\"@id\":\"https:\\\/\\\/lospoliticosveracruz.com\\\/?p=66942\"},\"wordCount\":700,\"commentCount\":0,\"publisher\":{\"@id\":\"https:\\\/\\\/lospoliticosveracruz.com\\\/#organization\"},\"keywords\":[\"candidatos\",\"Eduardo Venegas Naranjo\",\"Guadalupe Sosa de Molina\",\"Mauricio Carl\u00edn Castillo\",\"Octavio Ruiz Barroso\",\"Tito Delf\u00edn Cano\"],\"articleSection\":[\"De Opini\u00f3n\"],\"inLanguage\":\"es\",\"potentialAction\":[{\"@type\":\"CommentAction\",\"name\":\"Comment\",\"target\":[\"https:\\\/\\\/lospoliticosveracruz.com\\\/?p=66942#respond\"]}]},{\"@type\":\"WebPage\",\"@id\":\"https:\\\/\\\/lospoliticosveracruz.com\\\/?p=66942\",\"url\":\"https:\\\/\\\/lospoliticosveracruz.com\\\/?p=66942\",\"name\":\"Prep\u00e1rate, ah\u00ed vienen! - Los pol\u00edticos Veracruz\",\"isPartOf\":{\"@id\":\"https:\\\/\\\/lospoliticosveracruz.com\\\/#website\"},\"datePublished\":\"2021-01-21T14:05:38+00:00\",\"breadcrumb\":{\"@id\":\"https:\\\/\\\/lospoliticosveracruz.com\\\/?p=66942#breadcrumb\"},\"inLanguage\":\"es\",\"potentialAction\":[{\"@type\":\"ReadAction\",\"target\":[\"https:\\\/\\\/lospoliticosveracruz.com\\\/?p=66942\"]}]},{\"@type\":\"BreadcrumbList\",\"@id\":\"https:\\\/\\\/lospoliticosveracruz.com\\\/?p=66942#breadcrumb\",\"itemListElement\":[{\"@type\":\"ListItem\",\"position\":1,\"name\":\"Portada\",\"item\":\"https:\\\/\\\/lospoliticosveracruz.com\\\/\"},{\"@type\":\"ListItem\",\"position\":2,\"name\":\"Prep\u00e1rate, ah\u00ed vienen!\"}]},{\"@type\":\"WebSite\",\"@id\":\"https:\\\/\\\/lospoliticosveracruz.com\\\/#website\",\"url\":\"https:\\\/\\\/lospoliticosveracruz.com\\\/\",\"name\":\"Los pol\u00edticos Veracruz\",\"description\":\"\",\"publisher\":{\"@id\":\"https:\\\/\\\/lospoliticosveracruz.com\\\/#organization\"},\"potentialAction\":[{\"@type\":\"SearchAction\",\"target\":{\"@type\":\"EntryPoint\",\"urlTemplate\":\"https:\\\/\\\/lospoliticosveracruz.com\\\/?s={search_term_string}\"},\"query-input\":{\"@type\":\"PropertyValueSpecification\",\"valueRequired\":true,\"valueName\":\"search_term_string\"}}],\"inLanguage\":\"es\"},{\"@type\":\"Organization\",\"@id\":\"https:\\\/\\\/lospoliticosveracruz.com\\\/#organization\",\"name\":\"Los pol\u00edticos Veracruz\",\"url\":\"https:\\\/\\\/lospoliticosveracruz.com\\\/\",\"logo\":{\"@type\":\"ImageObject\",\"inLanguage\":\"es\",\"@id\":\"https:\\\/\\\/lospoliticosveracruz.com\\\/#\\\/schema\\\/logo\\\/image\\\/\",\"url\":\"https:\\\/\\\/lospoliticosveracruz.com\\\/wp-content\\\/uploads\\\/2025\\\/12\\\/Logo-Nuevo-LOS-POLITICOS-1.jpg\",\"contentUrl\":\"https:\\\/\\\/lospoliticosveracruz.com\\\/wp-content\\\/uploads\\\/2025\\\/12\\\/Logo-Nuevo-LOS-POLITICOS-1.jpg\",\"width\":260,\"height\":70,\"caption\":\"Los pol\u00edticos Veracruz\"},\"image\":{\"@id\":\"https:\\\/\\\/lospoliticosveracruz.com\\\/#\\\/schema\\\/logo\\\/image\\\/\"},\"sameAs\":[\"https:\\\/\\\/www.facebook.com\\\/people\\\/Notimemes-de-los-Polticos\\\/61565672886568\\\/\",\"https:\\\/\\\/x.com\\\/LosPoliticosVer\"]},{\"@type\":\"Person\",\"@id\":\"https:\\\/\\\/lospoliticosveracruz.com\\\/#\\\/schema\\\/person\\\/b8702bb0e538456e6efd07080bf2a4a2\",\"name\":\"Lo viste en Los Pol\u00edticos\",\"image\":{\"@type\":\"ImageObject\",\"inLanguage\":\"es\",\"@id\":\"https:\\\/\\\/secure.gravatar.com\\\/avatar\\\/3a8de04a2656d44082be478bd6c086daa447c4651605818287b9532d3d0bd435?s=96&d=mm&r=g\",\"url\":\"https:\\\/\\\/secure.gravatar.com\\\/avatar\\\/3a8de04a2656d44082be478bd6c086daa447c4651605818287b9532d3d0bd435?s=96&d=mm&r=g\",\"contentUrl\":\"https:\\\/\\\/secure.gravatar.com\\\/avatar\\\/3a8de04a2656d44082be478bd6c086daa447c4651605818287b9532d3d0bd435?s=96&d=mm&r=g\",\"caption\":\"Lo viste en Los Pol\u00edticos\"},\"url\":\"https:\\\/\\\/lospoliticosveracruz.com\\\/?author=2\"}]}<\/script>\n<!-- \/ Yoast SEO plugin. -->","yoast_head_json":{"title":"Prep\u00e1rate, ah\u00ed vienen! - Los pol\u00edticos Veracruz","robots":{"index":"index","follow":"follow","max-snippet":"max-snippet:-1","max-image-preview":"max-image-preview:large","max-video-preview":"max-video-preview:-1"},"canonical":"https:\/\/lospoliticosveracruz.com\/?p=66942","og_locale":"es_ES","og_type":"article","og_title":"Prep\u00e1rate, ah\u00ed vienen! - Los pol\u00edticos Veracruz","og_description":"Eduardo Venegas Naranjo Aqu\u00ed Entre Nos&#8230; Un destacado cuenque\u00f1o es Mauricio Carl\u00edn Castillo, oriundo de Carlos A Carrillo, es un pol\u00edtico joven que se ha mantenido en el Partido Revolucionario Institucional, es un hombre de convicciones, cercano al Presidente del Comit\u00e9 Directivo Estatal del PRI Marl\u00f3n Ramirez Mar\u00edn. Mauricio viene de una cuna humilde, donde [&hellip;]","og_url":"https:\/\/lospoliticosveracruz.com\/?p=66942","og_site_name":"Los pol\u00edticos Veracruz","article_publisher":"https:\/\/www.facebook.com\/people\/Notimemes-de-los-Polticos\/61565672886568\/","article_published_time":"2021-01-21T14:05:38+00:00","og_image":[{"width":200,"height":200,"url":"https:\/\/lospoliticosveracruz.com\/wp-content\/uploads\/2016\/07\/Logo-Dor.jpg","type":"image\/jpeg"}],"author":"Lo viste en Los Pol\u00edticos","twitter_card":"summary_large_image","twitter_creator":"@LosPoliticosVer","twitter_site":"@LosPoliticosVer","twitter_misc":{"Escrito por":"Lo viste en Los Pol\u00edticos","Tiempo de lectura":"3 minutos"},"schema":{"@context":"https:\/\/schema.org","@graph":[{"@type":"Article","@id":"https:\/\/lospoliticosveracruz.com\/?p=66942#article","isPartOf":{"@id":"https:\/\/lospoliticosveracruz.com\/?p=66942"},"author":{"name":"Lo viste en Los Pol\u00edticos","@id":"https:\/\/lospoliticosveracruz.com\/#\/schema\/person\/b8702bb0e538456e6efd07080bf2a4a2"},"headline":"Prep\u00e1rate, ah\u00ed vienen!","datePublished":"2021-01-21T14:05:38+00:00","mainEntityOfPage":{"@id":"https:\/\/lospoliticosveracruz.com\/?p=66942"},"wordCount":700,"commentCount":0,"publisher":{"@id":"https:\/\/lospoliticosveracruz.com\/#organization"},"keywords":["candidatos","Eduardo Venegas Naranjo","Guadalupe Sosa de Molina","Mauricio Carl\u00edn Castillo","Octavio Ruiz Barroso","Tito Delf\u00edn Cano"],"articleSection":["De Opini\u00f3n"],"inLanguage":"es","potentialAction":[{"@type":"CommentAction","name":"Comment","target":["https:\/\/lospoliticosveracruz.com\/?p=66942#respond"]}]},{"@type":"WebPage","@id":"https:\/\/lospoliticosveracruz.com\/?p=66942","url":"https:\/\/lospoliticosveracruz.com\/?p=66942","name":"Prep\u00e1rate, ah\u00ed vienen! - Los pol\u00edticos Veracruz","isPartOf":{"@id":"https:\/\/lospoliticosveracruz.com\/#website"},"datePublished":"2021-01-21T14:05:38+00:00","breadcrumb":{"@id":"https:\/\/lospoliticosveracruz.com\/?p=66942#breadcrumb"},"inLanguage":"es","potentialAction":[{"@type":"ReadAction","target":["https:\/\/lospoliticosveracruz.com\/?p=66942"]}]},{"@type":"BreadcrumbList","@id":"https:\/\/lospoliticosveracruz.com\/?p=66942#breadcrumb","itemListElement":[{"@type":"ListItem","position":1,"name":"Portada","item":"https:\/\/lospoliticosveracruz.com\/"},{"@type":"ListItem","position":2,"name":"Prep\u00e1rate, ah\u00ed vienen!"}]},{"@type":"WebSite","@id":"https:\/\/lospoliticosveracruz.com\/#website","url":"https:\/\/lospoliticosveracruz.com\/","name":"Los pol\u00edticos Veracruz","description":"","publisher":{"@id":"https:\/\/lospoliticosveracruz.com\/#organization"},"potentialAction":[{"@type":"SearchAction","target":{"@type":"EntryPoint","urlTemplate":"https:\/\/lospoliticosveracruz.com\/?s={search_term_string}"},"query-input":{"@type":"PropertyValueSpecification","valueRequired":true,"valueName":"search_term_string"}}],"inLanguage":"es"},{"@type":"Organization","@id":"https:\/\/lospoliticosveracruz.com\/#organization","name":"Los pol\u00edticos Veracruz","url":"https:\/\/lospoliticosveracruz.com\/","logo":{"@type":"ImageObject","inLanguage":"es","@id":"https:\/\/lospoliticosveracruz.com\/#\/schema\/logo\/image\/","url":"https:\/\/lospoliticosveracruz.com\/wp-content\/uploads\/2025\/12\/Logo-Nuevo-LOS-POLITICOS-1.jpg","contentUrl":"https:\/\/lospoliticosveracruz.com\/wp-content\/uploads\/2025\/12\/Logo-Nuevo-LOS-POLITICOS-1.jpg","width":260,"height":70,"caption":"Los pol\u00edticos Veracruz"},"image":{"@id":"https:\/\/lospoliticosveracruz.com\/#\/schema\/logo\/image\/"},"sameAs":["https:\/\/www.facebook.com\/people\/Notimemes-de-los-Polticos\/61565672886568\/","https:\/\/x.com\/LosPoliticosVer"]},{"@type":"Person","@id":"https:\/\/lospoliticosveracruz.com\/#\/schema\/person\/b8702bb0e538456e6efd07080bf2a4a2","name":"Lo viste en Los Pol\u00edticos","image":{"@type":"ImageObject","inLanguage":"es","@id":"https:\/\/secure.gravatar.com\/avatar\/3a8de04a2656d44082be478bd6c086daa447c4651605818287b9532d3d0bd435?s=96&d=mm&r=g","url":"https:\/\/secure.gravatar.com\/avatar\/3a8de04a2656d44082be478bd6c086daa447c4651605818287b9532d3d0bd435?s=96&d=mm&r=g","contentUrl":"https:\/\/secure.gravatar.com\/avatar\/3a8de04a2656d44082be478bd6c086daa447c4651605818287b9532d3d0bd435?s=96&d=mm&r=g","caption":"Lo viste en Los Pol\u00edticos"},"url":"https:\/\/lospoliticosveracruz.com\/?author=2"}]}},"_links":{"self":[{"href":"https:\/\/lospoliticosveracruz.com\/index.php?rest_route=\/wp\/v2\/posts\/66942","targetHints":{"allow":["GET"]}}],"collection":[{"href":"https:\/\/lospoliticosveracruz.com\/index.php?rest_route=\/wp\/v2\/posts"}],"about":[{"href":"https:\/\/lospoliticosveracruz.com\/index.php?rest_route=\/wp\/v2\/types\/post"}],"author":[{"embeddable":true,"href":"https:\/\/lospoliticosveracruz.com\/index.php?rest_route=\/wp\/v2\/users\/2"}],"replies":[{"embeddable":true,"href":"https:\/\/lospoliticosveracruz.com\/index.php?rest_route=%2Fwp%2Fv2%2Fcomments&post=66942"}],"version-history":[{"count":1,"href":"https:\/\/lospoliticosveracruz.com\/index.php?rest_route=\/wp\/v2\/posts\/66942\/revisions"}],"predecessor-version":[{"id":66943,"href":"https:\/\/lospoliticosveracruz.com\/index.php?rest_route=\/wp\/v2\/posts\/66942\/revisions\/66943"}],"wp:attachment":[{"href":"https:\/\/lospoliticosveracruz.com\/index.php?rest_route=%2Fwp%2Fv2%2Fmedia&parent=66942"}],"wp:term":[{"taxonomy":"category","embeddable":true,"href":"https:\/\/lospoliticosveracruz.com\/index.php?rest_route=%2Fwp%2Fv2%2Fcategories&post=66942"},{"taxonomy":"post_tag","embeddable":true,"href":"https:\/\/lospoliticosveracruz.com\/index.php?rest_route=%2Fwp%2Fv2%2Ftags&post=66942"}],"curies":[{"name":"wp","href":"https:\/\/api.w.org\/{rel}","templated":true}]}}