{"id":67002,"date":"2021-01-21T22:29:47","date_gmt":"2021-01-22T04:29:47","guid":{"rendered":"http:\/\/www.lospoliticosveracruz.com.mx\/?p=67002"},"modified":"2021-01-21T22:29:47","modified_gmt":"2021-01-22T04:29:47","slug":"partidos-personajes-y-politicos","status":"publish","type":"post","link":"https:\/\/lospoliticosveracruz.com\/?p=67002","title":{"rendered":"Partidos, personajes y pol\u00edticos"},"content":{"rendered":"<p>&nbsp;<\/p>\n<p><strong>Salvador Mu\u00f1oz<\/strong><\/p>\n<p><em>Los Pol\u00edticos<\/em><\/p>\n<p>Conforme pasan los d\u00edas, quienes gustan del ajedrez pol\u00edtico, podr\u00e1n ver c\u00f3mo cada partido va moviendo sus piezas y de paso, dando una probadita de qui\u00e9nes podr\u00edan abanderar su causa. Como en la vi\u00f1a del Se\u00f1or, tenemos de todo\u2026 hay los que gustan de perfiles pol\u00edticos, como los que tambi\u00e9n optan por hacer uso del Art\u00edculo 35, garant\u00eda de que en este juego de la democracia, todos tenemos cabida: Todos tenemos derecho a votar en las elecciones populares pero tambi\u00e9n a ser votados para todos los cargos de elecci\u00f3n popular.<br \/>\nMovimiento Ciudadano, por ejemplo, de entrada, mete a Giovanni Arcos como aspirante a la candidatura por el distrito 11 de Xalapa\u2026 cantante y empresario, identificado por Los Joao pero tambi\u00e9n porque con Grupo Jaleo va labrando su propio camino\u2026<br \/>\nTambi\u00e9n est\u00e1 Luis Sardi\u00f1a Salgado, el famoso Co\u00f1o Loco\u2026 pol\u00edtico de cepa. \u00bfY cu\u00e1l es la singularidad? \u00a1Ah! Es que buscar\u00e1 ser candidato por la alcald\u00eda de Xalapa alguien \u00a1con acento jarocho!<br \/>\nYa no hablamos de esa enorme posibilidad de que tengamos a Paquita la del Barrio, grit\u00e1ndole a uno que otro \u201cRata de dos patas\u201d o \u201c\u00bfMe est\u00e1s oyendo, in\u00fatil?\u201d si es que se confirma ese rum-rum de que va por el distrito de Misantla.<br \/>\nAunque la que hizo mucho ruido fue Sof\u00eda Yunes, quien plasm\u00f3 con su registro, el inter\u00e9s de ser candidata por el distrito de Medell\u00edn\u2026 la dama se desenvuelve en las redes, sea Twitter e Instagram donde por cierto, fue muy comentado, con negativos y positivos, su registro como aspirante a esa curul que hoy ocupa Maleno Rosales (Morena) y mismo espacio que pretende el alcalde Polo Deschamps (por el PAN).<br \/>\nPor el lado del PES (Partido Encuentro Solidario\u2026 nada que ver con la Percepci\u00f3n Extra Sensorial de la que nos platicaba Kalim\u00e1n), todo indica que, a diferencia de sus hom\u00f3logos de otros estados, el dirigente veracruzano Gonzalo Gu\u00edzar Valladares va a apostar a ciudadanos de renombre, prestigio y ahora s\u00ed, como quien dice, y otra cosita, como por ejemplo, el siguiente: por la alcald\u00eda de Xalapa, suena el nombre de Jos\u00e9 Alberto P\u00e9rez Fuentes, el famoso \u201cChoco\u201d P\u00e9rez, una leyenda del futbol local y adem\u00e1s, personajazo de El Dique. Muchos lo llaman, adem\u00e1s de El Choco, \u201cEl Rey Midas\u201d del Balompi\u00e9 local por haber hilvanado en los \u00faltimos a\u00f1os, tres campeonatos en diferentes categor\u00edas y torneos, ya fuera dirigiendo o jugando. Abusados, porque si se hace realidad, el PES tendr\u00e1 a un aut\u00e9ntico personaje popular contendiendo por la alcald\u00eda.<br \/>\nHasta donde yo s\u00e9, el PRD tiene intenciones de tener a Jazz Bustamante como representante en el Palacio de Encanto&#8230; aguerrida defensora de los derechos humanos y de la diversidad. Por supuesto, hay que agregar que en su lucha ciudadana, ha llegado a la pol\u00e9mica y a muchos puede gustar su estilo como a otros no\u2026 por eso habl\u00e1bamos al inicio de la vi\u00f1a del Se\u00f1or.<br \/>\n\u00a1Ojo! los partidos citados intercalan a personajes singulares, sea por su labor, por su imagen, fama o alguna peculiaridad, con pol\u00edticos\u2026 en el caso del PAN y del PRI, hasta el momento, prefieren buscar un espacio apostando al pol\u00edtico 100 por ciento y por all\u00ed, uno que otro ciudadano o \u201cexterno\u201d. Un ejemplo: En la Sesi\u00f3n Pol\u00edtica Permanente del Consejo Pol\u00edtico Nacional de ayer jueves, donde se aprob\u00f3 en la mesa de la Alianza VaXM\u00e9xico que el PRI encabece las candidaturas de los distritos federales de C\u00f3rdoba y Coatza en conjunto con los aliados, sonaron dos nombres para los 30 Caballeros: Tom\u00e1s L\u00f3pez Landero y Janeth Garc\u00eda Cruz.<br \/>\nEn caso de que fuera el var\u00f3n, se podr\u00eda hablar de un escenario estrat\u00e9gico teniendo a la hermana como alcaldesa (del PAN), siempre y cuando se sigan llevando\u2026 ahora que si a C\u00f3rdoba lo alcanza la cuesti\u00f3n de g\u00e9nero, Janeth cuenta con Antorcha Campesina, que sin lugar a dudas en C\u00f3rdoba es significativa su fuerza.<br \/>\n\u00a1Ouch! El espacio se nos acab\u00f3\u2026 para la pr\u00f3xima, seguimos con el PAN\u2026 porque tambi\u00e9n all\u00ed, hay de todo, como en la vi\u00f1a del Se\u00f1or.<\/p>\n<p>smcainito@gmail.com<\/p>\n","protected":false},"excerpt":{"rendered":"<p>&nbsp; Salvador Mu\u00f1oz Los Pol\u00edticos Conforme pasan los d\u00edas, quienes gustan del ajedrez pol\u00edtico, podr\u00e1n ver c\u00f3mo cada partido va moviendo sus piezas y de paso, dando una probadita de qui\u00e9nes podr\u00edan abanderar su causa. Como en la vi\u00f1a del Se\u00f1or, tenemos de todo\u2026 hay los que gustan de perfiles pol\u00edticos, como los que tambi\u00e9n [&hellip;]<\/p>\n","protected":false},"author":2,"featured_media":0,"comment_status":"open","ping_status":"open","sticky":false,"template":"","format":"standard","meta":{"tdm_status":"","tdm_grid_status":"","footnotes":""},"categories":[70],"tags":[3625,25454,25457,751,25453,4628,438,5328,10479,25455,4630,16074,13812,1026,266,5659,437,7517,107,251,2646,4809,4056,2285],"class_list":{"0":"post-67002","1":"post","2":"type-post","3":"status-publish","4":"format-standard","6":"category-de-opinion","7":"tag-antorcha-campesina","8":"tag-cono-loco","9":"tag-consejo-politico-nacional","10":"tag-cordoba","11":"tag-elecciones-populares","12":"tag-giovanni-arcos","13":"tag-gonzalo-guizar-valladares","14":"tag-janeth-garcia-cruz","15":"tag-jazz-bustamante","16":"tag-jose-alberto-perez-fuentes","17":"tag-los-joao","18":"tag-luis-sardina-salgado","19":"tag-maleno-rosales","20":"tag-morena","21":"tag-pan","22":"tag-paquita-la-del-barrio","23":"tag-pes","24":"tag-polo-deschamps","25":"tag-prd","26":"tag-pri","27":"tag-salvador-munoz","28":"tag-sofia-yunes","29":"tag-tomas-lopez-landero","30":"tag-voto"},"yoast_head":"<!-- This site is optimized with the Yoast SEO plugin v27.4 - https:\/\/yoast.com\/product\/yoast-seo-wordpress\/ -->\n<title>Partidos, personajes y pol\u00edticos - Los pol\u00edticos Veracruz<\/title>\n<meta name=\"robots\" content=\"index, follow, max-snippet:-1, max-image-preview:large, max-video-preview:-1\" \/>\n<link rel=\"canonical\" href=\"https:\/\/lospoliticosveracruz.com\/?p=67002\" \/>\n<meta property=\"og:locale\" content=\"es_ES\" \/>\n<meta property=\"og:type\" content=\"article\" \/>\n<meta property=\"og:title\" content=\"Partidos, personajes y pol\u00edticos - Los pol\u00edticos Veracruz\" \/>\n<meta property=\"og:description\" content=\"&nbsp; Salvador Mu\u00f1oz Los Pol\u00edticos Conforme pasan los d\u00edas, quienes gustan del ajedrez pol\u00edtico, podr\u00e1n ver c\u00f3mo cada partido va moviendo sus piezas y de paso, dando una probadita de qui\u00e9nes podr\u00edan abanderar su causa. Como en la vi\u00f1a del Se\u00f1or, tenemos de todo\u2026 hay los que gustan de perfiles pol\u00edticos, como los que tambi\u00e9n [&hellip;]\" \/>\n<meta property=\"og:url\" content=\"https:\/\/lospoliticosveracruz.com\/?p=67002\" \/>\n<meta property=\"og:site_name\" content=\"Los pol\u00edticos Veracruz\" \/>\n<meta property=\"article:publisher\" content=\"https:\/\/www.facebook.com\/people\/Notimemes-de-los-Polticos\/61565672886568\/\" \/>\n<meta property=\"article:published_time\" content=\"2021-01-22T04:29:47+00:00\" \/>\n<meta property=\"og:image\" content=\"https:\/\/lospoliticosveracruz.com\/wp-content\/uploads\/2016\/07\/Logo-Dor.jpg\" \/>\n\t<meta property=\"og:image:width\" content=\"200\" \/>\n\t<meta property=\"og:image:height\" content=\"200\" \/>\n\t<meta property=\"og:image:type\" content=\"image\/jpeg\" \/>\n<meta name=\"author\" content=\"Lo viste en Los Pol\u00edticos\" \/>\n<meta name=\"twitter:card\" content=\"summary_large_image\" \/>\n<meta name=\"twitter:creator\" content=\"@LosPoliticosVer\" \/>\n<meta name=\"twitter:site\" content=\"@LosPoliticosVer\" \/>\n<meta name=\"twitter:label1\" content=\"Escrito por\" \/>\n\t<meta name=\"twitter:data1\" content=\"Lo viste en Los Pol\u00edticos\" \/>\n\t<meta name=\"twitter:label2\" content=\"Tiempo de lectura\" \/>\n\t<meta name=\"twitter:data2\" content=\"4 minutos\" \/>\n<script type=\"application\/ld+json\" class=\"yoast-schema-graph\">{\"@context\":\"https:\\\/\\\/schema.org\",\"@graph\":[{\"@type\":\"Article\",\"@id\":\"https:\\\/\\\/lospoliticosveracruz.com\\\/?p=67002#article\",\"isPartOf\":{\"@id\":\"https:\\\/\\\/lospoliticosveracruz.com\\\/?p=67002\"},\"author\":{\"name\":\"Lo viste en Los Pol\u00edticos\",\"@id\":\"https:\\\/\\\/lospoliticosveracruz.com\\\/#\\\/schema\\\/person\\\/b8702bb0e538456e6efd07080bf2a4a2\"},\"headline\":\"Partidos, personajes y pol\u00edticos\",\"datePublished\":\"2021-01-22T04:29:47+00:00\",\"mainEntityOfPage\":{\"@id\":\"https:\\\/\\\/lospoliticosveracruz.com\\\/?p=67002\"},\"wordCount\":744,\"commentCount\":0,\"publisher\":{\"@id\":\"https:\\\/\\\/lospoliticosveracruz.com\\\/#organization\"},\"keywords\":[\"Antorcha Campesina\",\"Co\u00f1o Loco\",\"Consejo Pol\u00edtico Nacional\",\"C\u00f3rdoba\",\"elecciones populares\",\"Giovanni Arcos\",\"Gonzalo Gu\u00edzar Valladares\",\"Janeth Garc\u00eda Cruz\",\"Jazz Bustamante\",\"Jos\u00e9 Alberto P\u00e9rez Fuentes\",\"Los Joao\",\"Luis Sardi\u00f1a Salgado\",\"Maleno Rosales\",\"Morena\",\"PAN\",\"Paquita la del Barrio\",\"PES\",\"Polo Deschamps\",\"PRD\",\"PRI\",\"Salvador Mu\u00f1oz\",\"Sofia Yunes\",\"Tom\u00e1s L\u00f3pez Landero\",\"Voto\"],\"articleSection\":[\"De Opini\u00f3n\"],\"inLanguage\":\"es\",\"potentialAction\":[{\"@type\":\"CommentAction\",\"name\":\"Comment\",\"target\":[\"https:\\\/\\\/lospoliticosveracruz.com\\\/?p=67002#respond\"]}]},{\"@type\":\"WebPage\",\"@id\":\"https:\\\/\\\/lospoliticosveracruz.com\\\/?p=67002\",\"url\":\"https:\\\/\\\/lospoliticosveracruz.com\\\/?p=67002\",\"name\":\"Partidos, personajes y pol\u00edticos - Los pol\u00edticos Veracruz\",\"isPartOf\":{\"@id\":\"https:\\\/\\\/lospoliticosveracruz.com\\\/#website\"},\"datePublished\":\"2021-01-22T04:29:47+00:00\",\"breadcrumb\":{\"@id\":\"https:\\\/\\\/lospoliticosveracruz.com\\\/?p=67002#breadcrumb\"},\"inLanguage\":\"es\",\"potentialAction\":[{\"@type\":\"ReadAction\",\"target\":[\"https:\\\/\\\/lospoliticosveracruz.com\\\/?p=67002\"]}]},{\"@type\":\"BreadcrumbList\",\"@id\":\"https:\\\/\\\/lospoliticosveracruz.com\\\/?p=67002#breadcrumb\",\"itemListElement\":[{\"@type\":\"ListItem\",\"position\":1,\"name\":\"Portada\",\"item\":\"https:\\\/\\\/lospoliticosveracruz.com\\\/\"},{\"@type\":\"ListItem\",\"position\":2,\"name\":\"Partidos, personajes y pol\u00edticos\"}]},{\"@type\":\"WebSite\",\"@id\":\"https:\\\/\\\/lospoliticosveracruz.com\\\/#website\",\"url\":\"https:\\\/\\\/lospoliticosveracruz.com\\\/\",\"name\":\"Los pol\u00edticos Veracruz\",\"description\":\"\",\"publisher\":{\"@id\":\"https:\\\/\\\/lospoliticosveracruz.com\\\/#organization\"},\"potentialAction\":[{\"@type\":\"SearchAction\",\"target\":{\"@type\":\"EntryPoint\",\"urlTemplate\":\"https:\\\/\\\/lospoliticosveracruz.com\\\/?s={search_term_string}\"},\"query-input\":{\"@type\":\"PropertyValueSpecification\",\"valueRequired\":true,\"valueName\":\"search_term_string\"}}],\"inLanguage\":\"es\"},{\"@type\":\"Organization\",\"@id\":\"https:\\\/\\\/lospoliticosveracruz.com\\\/#organization\",\"name\":\"Los pol\u00edticos Veracruz\",\"url\":\"https:\\\/\\\/lospoliticosveracruz.com\\\/\",\"logo\":{\"@type\":\"ImageObject\",\"inLanguage\":\"es\",\"@id\":\"https:\\\/\\\/lospoliticosveracruz.com\\\/#\\\/schema\\\/logo\\\/image\\\/\",\"url\":\"https:\\\/\\\/lospoliticosveracruz.com\\\/wp-content\\\/uploads\\\/2025\\\/12\\\/Logo-Nuevo-LOS-POLITICOS-1.jpg\",\"contentUrl\":\"https:\\\/\\\/lospoliticosveracruz.com\\\/wp-content\\\/uploads\\\/2025\\\/12\\\/Logo-Nuevo-LOS-POLITICOS-1.jpg\",\"width\":260,\"height\":70,\"caption\":\"Los pol\u00edticos Veracruz\"},\"image\":{\"@id\":\"https:\\\/\\\/lospoliticosveracruz.com\\\/#\\\/schema\\\/logo\\\/image\\\/\"},\"sameAs\":[\"https:\\\/\\\/www.facebook.com\\\/people\\\/Notimemes-de-los-Polticos\\\/61565672886568\\\/\",\"https:\\\/\\\/x.com\\\/LosPoliticosVer\"]},{\"@type\":\"Person\",\"@id\":\"https:\\\/\\\/lospoliticosveracruz.com\\\/#\\\/schema\\\/person\\\/b8702bb0e538456e6efd07080bf2a4a2\",\"name\":\"Lo viste en Los Pol\u00edticos\",\"image\":{\"@type\":\"ImageObject\",\"inLanguage\":\"es\",\"@id\":\"https:\\\/\\\/secure.gravatar.com\\\/avatar\\\/3a8de04a2656d44082be478bd6c086daa447c4651605818287b9532d3d0bd435?s=96&d=mm&r=g\",\"url\":\"https:\\\/\\\/secure.gravatar.com\\\/avatar\\\/3a8de04a2656d44082be478bd6c086daa447c4651605818287b9532d3d0bd435?s=96&d=mm&r=g\",\"contentUrl\":\"https:\\\/\\\/secure.gravatar.com\\\/avatar\\\/3a8de04a2656d44082be478bd6c086daa447c4651605818287b9532d3d0bd435?s=96&d=mm&r=g\",\"caption\":\"Lo viste en Los Pol\u00edticos\"},\"url\":\"https:\\\/\\\/lospoliticosveracruz.com\\\/?author=2\"}]}<\/script>\n<!-- \/ Yoast SEO plugin. -->","yoast_head_json":{"title":"Partidos, personajes y pol\u00edticos - Los pol\u00edticos Veracruz","robots":{"index":"index","follow":"follow","max-snippet":"max-snippet:-1","max-image-preview":"max-image-preview:large","max-video-preview":"max-video-preview:-1"},"canonical":"https:\/\/lospoliticosveracruz.com\/?p=67002","og_locale":"es_ES","og_type":"article","og_title":"Partidos, personajes y pol\u00edticos - Los pol\u00edticos Veracruz","og_description":"&nbsp; Salvador Mu\u00f1oz Los Pol\u00edticos Conforme pasan los d\u00edas, quienes gustan del ajedrez pol\u00edtico, podr\u00e1n ver c\u00f3mo cada partido va moviendo sus piezas y de paso, dando una probadita de qui\u00e9nes podr\u00edan abanderar su causa. Como en la vi\u00f1a del Se\u00f1or, tenemos de todo\u2026 hay los que gustan de perfiles pol\u00edticos, como los que tambi\u00e9n [&hellip;]","og_url":"https:\/\/lospoliticosveracruz.com\/?p=67002","og_site_name":"Los pol\u00edticos Veracruz","article_publisher":"https:\/\/www.facebook.com\/people\/Notimemes-de-los-Polticos\/61565672886568\/","article_published_time":"2021-01-22T04:29:47+00:00","og_image":[{"width":200,"height":200,"url":"https:\/\/lospoliticosveracruz.com\/wp-content\/uploads\/2016\/07\/Logo-Dor.jpg","type":"image\/jpeg"}],"author":"Lo viste en Los Pol\u00edticos","twitter_card":"summary_large_image","twitter_creator":"@LosPoliticosVer","twitter_site":"@LosPoliticosVer","twitter_misc":{"Escrito por":"Lo viste en Los Pol\u00edticos","Tiempo de lectura":"4 minutos"},"schema":{"@context":"https:\/\/schema.org","@graph":[{"@type":"Article","@id":"https:\/\/lospoliticosveracruz.com\/?p=67002#article","isPartOf":{"@id":"https:\/\/lospoliticosveracruz.com\/?p=67002"},"author":{"name":"Lo viste en Los Pol\u00edticos","@id":"https:\/\/lospoliticosveracruz.com\/#\/schema\/person\/b8702bb0e538456e6efd07080bf2a4a2"},"headline":"Partidos, personajes y pol\u00edticos","datePublished":"2021-01-22T04:29:47+00:00","mainEntityOfPage":{"@id":"https:\/\/lospoliticosveracruz.com\/?p=67002"},"wordCount":744,"commentCount":0,"publisher":{"@id":"https:\/\/lospoliticosveracruz.com\/#organization"},"keywords":["Antorcha Campesina","Co\u00f1o Loco","Consejo Pol\u00edtico Nacional","C\u00f3rdoba","elecciones populares","Giovanni Arcos","Gonzalo Gu\u00edzar Valladares","Janeth Garc\u00eda Cruz","Jazz Bustamante","Jos\u00e9 Alberto P\u00e9rez Fuentes","Los Joao","Luis Sardi\u00f1a Salgado","Maleno Rosales","Morena","PAN","Paquita la del Barrio","PES","Polo Deschamps","PRD","PRI","Salvador Mu\u00f1oz","Sofia Yunes","Tom\u00e1s L\u00f3pez Landero","Voto"],"articleSection":["De Opini\u00f3n"],"inLanguage":"es","potentialAction":[{"@type":"CommentAction","name":"Comment","target":["https:\/\/lospoliticosveracruz.com\/?p=67002#respond"]}]},{"@type":"WebPage","@id":"https:\/\/lospoliticosveracruz.com\/?p=67002","url":"https:\/\/lospoliticosveracruz.com\/?p=67002","name":"Partidos, personajes y pol\u00edticos - Los pol\u00edticos Veracruz","isPartOf":{"@id":"https:\/\/lospoliticosveracruz.com\/#website"},"datePublished":"2021-01-22T04:29:47+00:00","breadcrumb":{"@id":"https:\/\/lospoliticosveracruz.com\/?p=67002#breadcrumb"},"inLanguage":"es","potentialAction":[{"@type":"ReadAction","target":["https:\/\/lospoliticosveracruz.com\/?p=67002"]}]},{"@type":"BreadcrumbList","@id":"https:\/\/lospoliticosveracruz.com\/?p=67002#breadcrumb","itemListElement":[{"@type":"ListItem","position":1,"name":"Portada","item":"https:\/\/lospoliticosveracruz.com\/"},{"@type":"ListItem","position":2,"name":"Partidos, personajes y pol\u00edticos"}]},{"@type":"WebSite","@id":"https:\/\/lospoliticosveracruz.com\/#website","url":"https:\/\/lospoliticosveracruz.com\/","name":"Los pol\u00edticos Veracruz","description":"","publisher":{"@id":"https:\/\/lospoliticosveracruz.com\/#organization"},"potentialAction":[{"@type":"SearchAction","target":{"@type":"EntryPoint","urlTemplate":"https:\/\/lospoliticosveracruz.com\/?s={search_term_string}"},"query-input":{"@type":"PropertyValueSpecification","valueRequired":true,"valueName":"search_term_string"}}],"inLanguage":"es"},{"@type":"Organization","@id":"https:\/\/lospoliticosveracruz.com\/#organization","name":"Los pol\u00edticos Veracruz","url":"https:\/\/lospoliticosveracruz.com\/","logo":{"@type":"ImageObject","inLanguage":"es","@id":"https:\/\/lospoliticosveracruz.com\/#\/schema\/logo\/image\/","url":"https:\/\/lospoliticosveracruz.com\/wp-content\/uploads\/2025\/12\/Logo-Nuevo-LOS-POLITICOS-1.jpg","contentUrl":"https:\/\/lospoliticosveracruz.com\/wp-content\/uploads\/2025\/12\/Logo-Nuevo-LOS-POLITICOS-1.jpg","width":260,"height":70,"caption":"Los pol\u00edticos Veracruz"},"image":{"@id":"https:\/\/lospoliticosveracruz.com\/#\/schema\/logo\/image\/"},"sameAs":["https:\/\/www.facebook.com\/people\/Notimemes-de-los-Polticos\/61565672886568\/","https:\/\/x.com\/LosPoliticosVer"]},{"@type":"Person","@id":"https:\/\/lospoliticosveracruz.com\/#\/schema\/person\/b8702bb0e538456e6efd07080bf2a4a2","name":"Lo viste en Los Pol\u00edticos","image":{"@type":"ImageObject","inLanguage":"es","@id":"https:\/\/secure.gravatar.com\/avatar\/3a8de04a2656d44082be478bd6c086daa447c4651605818287b9532d3d0bd435?s=96&d=mm&r=g","url":"https:\/\/secure.gravatar.com\/avatar\/3a8de04a2656d44082be478bd6c086daa447c4651605818287b9532d3d0bd435?s=96&d=mm&r=g","contentUrl":"https:\/\/secure.gravatar.com\/avatar\/3a8de04a2656d44082be478bd6c086daa447c4651605818287b9532d3d0bd435?s=96&d=mm&r=g","caption":"Lo viste en Los Pol\u00edticos"},"url":"https:\/\/lospoliticosveracruz.com\/?author=2"}]}},"_links":{"self":[{"href":"https:\/\/lospoliticosveracruz.com\/index.php?rest_route=\/wp\/v2\/posts\/67002","targetHints":{"allow":["GET"]}}],"collection":[{"href":"https:\/\/lospoliticosveracruz.com\/index.php?rest_route=\/wp\/v2\/posts"}],"about":[{"href":"https:\/\/lospoliticosveracruz.com\/index.php?rest_route=\/wp\/v2\/types\/post"}],"author":[{"embeddable":true,"href":"https:\/\/lospoliticosveracruz.com\/index.php?rest_route=\/wp\/v2\/users\/2"}],"replies":[{"embeddable":true,"href":"https:\/\/lospoliticosveracruz.com\/index.php?rest_route=%2Fwp%2Fv2%2Fcomments&post=67002"}],"version-history":[{"count":1,"href":"https:\/\/lospoliticosveracruz.com\/index.php?rest_route=\/wp\/v2\/posts\/67002\/revisions"}],"predecessor-version":[{"id":67004,"href":"https:\/\/lospoliticosveracruz.com\/index.php?rest_route=\/wp\/v2\/posts\/67002\/revisions\/67004"}],"wp:attachment":[{"href":"https:\/\/lospoliticosveracruz.com\/index.php?rest_route=%2Fwp%2Fv2%2Fmedia&parent=67002"}],"wp:term":[{"taxonomy":"category","embeddable":true,"href":"https:\/\/lospoliticosveracruz.com\/index.php?rest_route=%2Fwp%2Fv2%2Fcategories&post=67002"},{"taxonomy":"post_tag","embeddable":true,"href":"https:\/\/lospoliticosveracruz.com\/index.php?rest_route=%2Fwp%2Fv2%2Ftags&post=67002"}],"curies":[{"name":"wp","href":"https:\/\/api.w.org\/{rel}","templated":true}]}}