{"id":67005,"date":"2021-01-22T07:26:14","date_gmt":"2021-01-22T13:26:14","guid":{"rendered":"http:\/\/www.lospoliticosveracruz.com.mx\/?p=67005"},"modified":"2021-01-22T07:26:14","modified_gmt":"2021-01-22T13:26:14","slug":"la-vacunacion-en-mexico-enfoque-irresponsabilidad-o-crimen","status":"publish","type":"post","link":"https:\/\/lospoliticosveracruz.com\/?p=67005","title":{"rendered":"La vacunaci\u00f3n en M\u00e9xico: enfoque, (i)rresponsabilidad o crimen"},"content":{"rendered":"<p><strong>Felipe de Jes\u00fas Fern\u00e1ndez Basilio<\/strong><\/p>\n<p><em>Desde A Janela<\/em><\/p>\n<p>Enfrentamos una enfermedad muy contagiosa y en muchos casos mortal, misma que adem\u00e1s es incontenible y que como consecuencia de ello, los intentos por detener los contagios, aparte de ser ineficaces causan da\u00f1os colaterales en lo econ\u00f3mico y en lo social.<br \/>\nPor ello la \u00fanica respuesta que la ciencia puede verdaderamente dar es la creaci\u00f3n de vacunas y anticuerpos que destruyan o debiliten a la enfermedad, sin embargo, su creaci\u00f3n, producci\u00f3n y distribuci\u00f3n requieren de mucho esfuerzo tanto intelectual como log\u00edstico, lo que hace que se requiera tiempo tanto para aprobarlas como para distribuirlas.<br \/>\nPor la situaci\u00f3n que el mundo vive, las vacunas que se han creado han tenido que liberarse de manera un tanto precipitada mas no por ello se puede decir que no sirvan o que sean ineficaces, lo que s\u00ed puede cuestionarse es su procedencia; ya que no es lo mismo que vengan de laboratorios serios con un prestigio de d\u00e9cadas o hasta siglos y que han desarrollado tratamientos para otras enfermedades iguales o peores que la de ahora a que vengan de laboratorios de pa\u00edses cuyo r\u00e9gimen es totalmente opaco y que solo dicen lo que quieren sin que nadie los cuestione como es el caso de China y en menor grado de Rusia, ya que simplemente no existe credibilidad en su ciencia debido a que los datos que ofrecen no son contrastables con la realidad.<br \/>\nAhora bien, como ya sabemos existen muchas vacunas que se est\u00e1n distribuyendo en el mundo y cada pa\u00eds de acuerdo a sus posibilidades trata de vacunar a la mayor cantidad de poblaci\u00f3n en el menor tiempo posible y M\u00e9xico no es la excepci\u00f3n.<br \/>\nEl problema viene cuando vemos el m\u00e9todo de vacunaci\u00f3n dispuesto por el gobierno mexicano, el cual consiste en que solo el Estado va a comprar y distribuir las vacunas y lo va de acuerdo a las modalidades y los plazos que se autoimpuso pero que consisten en distribuirlas a la poblaci\u00f3n en general por meses y de acuerdo a su edad y aparte distribuirlas a los beneficiarios de programas sociales junto con su \u00abayuda\u00bb econ\u00f3mica.<br \/>\nY es ah\u00ed en donde entran los conceptos con los que se titula esta colaboraci\u00f3n, mismos que refieren a diversos niveles de necesidad y por ende de cumplimiento de la funci\u00f3n gubernamental con la censura que corresponda de acuerdo a la intenci\u00f3n con la que se hace.<br \/>\nEmpecemos por el m\u00e1s leve que es el que la vacunaci\u00f3n se hace como una cuesti\u00f3n de enfoque ideol\u00f3gico y por ello fue dise\u00f1ada de la manera en que se est\u00e1 haciendo y como el presidente cree firmemente que primero van los que \u00e9l cree que son los m\u00e1s pobres, por ello junto a sus \u00abapoyos sociales\u00bb les llevar\u00e1 hasta la puerta de su casa la vacuna en primer lugar y como adem\u00e1s cree tambi\u00e9n tiene la plena convicci\u00f3n de que el Estado es el \u00fanico que debe de cargar con tal responsabilidad, porque los particulares son todos corruptos e ineficientes, solamente \u00e9l y su gobierno van a vacunar a todo el pa\u00eds y como es \u00abahorrador y austero\u00bb lo va a hacer con las vacunas m\u00e1s baratas que encuentre en el mercado.<br \/>\nEl problema con la cuesti\u00f3n de enfoque program\u00e1tico o ideol\u00f3gico es que \u00e9ste es v\u00e1lido como una expresi\u00f3n de la democracia, sin embargo aplica para gobernar en tiempos normales, es decir, no de crisis generalizada como la que ahora tenemos y el anteponer la ideolog\u00eda sobre las necesidades generales nos lleva necesariamente al siguiente nivel que es la responsabilidad del Estado.<br \/>\nY as\u00ed es, el Estado tiene como una de sus responsabilidades principales el proveer de todos los servicios de salud con la mejor calidad posible a sus gobernados, as\u00ed como tambi\u00e9n tiene la responsabilidad de responder ante cualquier crisis que sobrevenga con todos los recursos que tenga a su alcance y es ah\u00ed cuando se olvidan las ideolog\u00edas y se enfrenta al problema con todo lo que se pueda.<br \/>\nSiendo ah\u00ed en donde es notoria la irresponsabilidad que est\u00e1 teniendo el Estado mexicano respecto a la vacunaci\u00f3n, porque en primer lugar no est\u00e1 usando todos los recursos que dispone para hacerlo debido a que, al querer monopolizar la vacunaci\u00f3n en lugar de facilitarse el trabajo, se lo complica.<br \/>\nMe explico, una de las razones por las que las sociedades liberales son m\u00e1s exitosas que las estatistas es que el Estado se apoya en sus ciudadanos, quienes a trav\u00e9s de emprendimientos coadyuvan en la tarea que tienen que realizar y en este caso, si los particulares pudieran importar y distribuir la vacuna por su cuenta desahogar\u00edan buena parte del trabajo por hacer, ya que quienes pudieran y tuvieran prisa por vacunarse, lo har\u00edan y los servicios de salud tendr\u00edan menos carga de trabajo y podr\u00edan vacunar m\u00e1s r\u00e1pidamente a otras personas que realmente lo necesiten.<br \/>\nTambi\u00e9n vemos otra falta de responsabilidad en comprar con cautela vacunas a laboratorios serios que ya la tienen muy avanzada para especular con la compra de vacunas m\u00e1s baratas de dudosa procedencia y solo por ahorrarse unos pesos para gastar en programas sociales, cuando debiera de tirar la casa por la ventana y comprar todas las vacunas con la mejor calidad posible, aunque los programas tengan que esperar.<br \/>\nLo parad\u00f3jico del asunto es que el resultado va a ser justo lo contrario a lo deseado por el presidente, ya que los que tengan los medios se van a vacunar cuando quieran y en el pa\u00eds que quieran mientras que los que los m\u00e1s pobres se tendr\u00e1n que conformar con las vacunas de dudosa calidad que piensan comprar.<br \/>\nPero cuando el gobierno no cumple con su responsabilidad a sabiendas de que puede hacerlo, entonces llegamos al siguiente nivel que es el que su actitud se vuelve criminal y es que resulta que M\u00e9xico a\u00fan es de las principales econom\u00edas del mundo y en consecuencia tiene los medios para vacunar de una manera mucho m\u00e1s eficiente que lo que est\u00e1 planeado.<br \/>\nYa que por una parte cuenta con un sector privado que puede ser bastante eficaz tanto para adquirir vacunas como para distribuirlas y por la otra tambi\u00e9n el erario p\u00fablico tiene los recursos suficientes para comprar vacunas solo a los laboratorios confiables y al no permitir lo primero y no hacer lo segundo, francamente puede decirse que el gobierno est\u00e1 teniendo una actitud criminal y si a ello le sumamos el evidente uso electoral que le pretenden dar a la vacunaci\u00f3n, la conclusi\u00f3n no puede ser m\u00e1s que estamos frente a un gobierno que se est\u00e1 comportando de manera criminal.<br \/>\nfelfebas@gmail.com<br \/>\nTwitter: @FelipeFBasilio<\/p>\n","protected":false},"excerpt":{"rendered":"<p>Felipe de Jes\u00fas Fern\u00e1ndez Basilio Desde A Janela Enfrentamos una enfermedad muy contagiosa y en muchos casos mortal, misma que adem\u00e1s es incontenible y que como consecuencia de ello, los intentos por detener los contagios, aparte de ser ineficaces causan da\u00f1os colaterales en lo econ\u00f3mico y en lo social. Por ello la \u00fanica respuesta que [&hellip;]<\/p>\n","protected":false},"author":2,"featured_media":0,"comment_status":"open","ping_status":"open","sticky":false,"template":"","format":"standard","meta":{"tdm_status":"","tdm_grid_status":"","footnotes":""},"categories":[70],"tags":[17813,19328,395,10070,616,19347],"class_list":{"0":"post-67005","1":"post","2":"type-post","3":"status-publish","4":"format-standard","6":"category-de-opinion","7":"tag-contagios","8":"tag-ineficacia","9":"tag-mexico","10":"tag-programas-sociales","11":"tag-vacuna","12":"tag-vacunacion"},"yoast_head":"<!-- This site is optimized with the Yoast SEO plugin v27.4 - https:\/\/yoast.com\/product\/yoast-seo-wordpress\/ -->\n<title>La vacunaci\u00f3n en M\u00e9xico: enfoque, (i)rresponsabilidad o crimen - Los pol\u00edticos Veracruz<\/title>\n<meta name=\"robots\" content=\"index, follow, max-snippet:-1, max-image-preview:large, max-video-preview:-1\" \/>\n<link rel=\"canonical\" href=\"https:\/\/lospoliticosveracruz.com\/?p=67005\" \/>\n<meta property=\"og:locale\" content=\"es_ES\" \/>\n<meta property=\"og:type\" content=\"article\" \/>\n<meta property=\"og:title\" content=\"La vacunaci\u00f3n en M\u00e9xico: enfoque, (i)rresponsabilidad o crimen - Los pol\u00edticos Veracruz\" \/>\n<meta property=\"og:description\" content=\"Felipe de Jes\u00fas Fern\u00e1ndez Basilio Desde A Janela Enfrentamos una enfermedad muy contagiosa y en muchos casos mortal, misma que adem\u00e1s es incontenible y que como consecuencia de ello, los intentos por detener los contagios, aparte de ser ineficaces causan da\u00f1os colaterales en lo econ\u00f3mico y en lo social. Por ello la \u00fanica respuesta que [&hellip;]\" \/>\n<meta property=\"og:url\" content=\"https:\/\/lospoliticosveracruz.com\/?p=67005\" \/>\n<meta property=\"og:site_name\" content=\"Los pol\u00edticos Veracruz\" \/>\n<meta property=\"article:publisher\" content=\"https:\/\/www.facebook.com\/people\/Notimemes-de-los-Polticos\/61565672886568\/\" \/>\n<meta property=\"article:published_time\" content=\"2021-01-22T13:26:14+00:00\" \/>\n<meta property=\"og:image\" content=\"https:\/\/lospoliticosveracruz.com\/wp-content\/uploads\/2016\/07\/Logo-Dor.jpg\" \/>\n\t<meta property=\"og:image:width\" content=\"200\" \/>\n\t<meta property=\"og:image:height\" content=\"200\" \/>\n\t<meta property=\"og:image:type\" content=\"image\/jpeg\" \/>\n<meta name=\"author\" content=\"Lo viste en Los Pol\u00edticos\" \/>\n<meta name=\"twitter:card\" content=\"summary_large_image\" \/>\n<meta name=\"twitter:creator\" content=\"@LosPoliticosVer\" \/>\n<meta name=\"twitter:site\" content=\"@LosPoliticosVer\" \/>\n<meta name=\"twitter:label1\" content=\"Escrito por\" \/>\n\t<meta name=\"twitter:data1\" content=\"Lo viste en Los Pol\u00edticos\" \/>\n\t<meta name=\"twitter:label2\" content=\"Tiempo de lectura\" \/>\n\t<meta name=\"twitter:data2\" content=\"6 minutos\" \/>\n<script type=\"application\/ld+json\" class=\"yoast-schema-graph\">{\"@context\":\"https:\\\/\\\/schema.org\",\"@graph\":[{\"@type\":\"Article\",\"@id\":\"https:\\\/\\\/lospoliticosveracruz.com\\\/?p=67005#article\",\"isPartOf\":{\"@id\":\"https:\\\/\\\/lospoliticosveracruz.com\\\/?p=67005\"},\"author\":{\"name\":\"Lo viste en Los Pol\u00edticos\",\"@id\":\"https:\\\/\\\/lospoliticosveracruz.com\\\/#\\\/schema\\\/person\\\/b8702bb0e538456e6efd07080bf2a4a2\"},\"headline\":\"La vacunaci\u00f3n en M\u00e9xico: enfoque, (i)rresponsabilidad o crimen\",\"datePublished\":\"2021-01-22T13:26:14+00:00\",\"mainEntityOfPage\":{\"@id\":\"https:\\\/\\\/lospoliticosveracruz.com\\\/?p=67005\"},\"wordCount\":1186,\"commentCount\":0,\"publisher\":{\"@id\":\"https:\\\/\\\/lospoliticosveracruz.com\\\/#organization\"},\"keywords\":[\"contagios\",\"Ineficacia\",\"M\u00e9xico\",\"programas sociales\",\"vacuna\",\"Vacunaci\u00f3n\"],\"articleSection\":[\"De Opini\u00f3n\"],\"inLanguage\":\"es\",\"potentialAction\":[{\"@type\":\"CommentAction\",\"name\":\"Comment\",\"target\":[\"https:\\\/\\\/lospoliticosveracruz.com\\\/?p=67005#respond\"]}]},{\"@type\":\"WebPage\",\"@id\":\"https:\\\/\\\/lospoliticosveracruz.com\\\/?p=67005\",\"url\":\"https:\\\/\\\/lospoliticosveracruz.com\\\/?p=67005\",\"name\":\"La vacunaci\u00f3n en M\u00e9xico: enfoque, (i)rresponsabilidad o crimen - Los pol\u00edticos Veracruz\",\"isPartOf\":{\"@id\":\"https:\\\/\\\/lospoliticosveracruz.com\\\/#website\"},\"datePublished\":\"2021-01-22T13:26:14+00:00\",\"breadcrumb\":{\"@id\":\"https:\\\/\\\/lospoliticosveracruz.com\\\/?p=67005#breadcrumb\"},\"inLanguage\":\"es\",\"potentialAction\":[{\"@type\":\"ReadAction\",\"target\":[\"https:\\\/\\\/lospoliticosveracruz.com\\\/?p=67005\"]}]},{\"@type\":\"BreadcrumbList\",\"@id\":\"https:\\\/\\\/lospoliticosveracruz.com\\\/?p=67005#breadcrumb\",\"itemListElement\":[{\"@type\":\"ListItem\",\"position\":1,\"name\":\"Portada\",\"item\":\"https:\\\/\\\/lospoliticosveracruz.com\\\/\"},{\"@type\":\"ListItem\",\"position\":2,\"name\":\"La vacunaci\u00f3n en M\u00e9xico: enfoque, (i)rresponsabilidad o crimen\"}]},{\"@type\":\"WebSite\",\"@id\":\"https:\\\/\\\/lospoliticosveracruz.com\\\/#website\",\"url\":\"https:\\\/\\\/lospoliticosveracruz.com\\\/\",\"name\":\"Los pol\u00edticos Veracruz\",\"description\":\"\",\"publisher\":{\"@id\":\"https:\\\/\\\/lospoliticosveracruz.com\\\/#organization\"},\"potentialAction\":[{\"@type\":\"SearchAction\",\"target\":{\"@type\":\"EntryPoint\",\"urlTemplate\":\"https:\\\/\\\/lospoliticosveracruz.com\\\/?s={search_term_string}\"},\"query-input\":{\"@type\":\"PropertyValueSpecification\",\"valueRequired\":true,\"valueName\":\"search_term_string\"}}],\"inLanguage\":\"es\"},{\"@type\":\"Organization\",\"@id\":\"https:\\\/\\\/lospoliticosveracruz.com\\\/#organization\",\"name\":\"Los pol\u00edticos Veracruz\",\"url\":\"https:\\\/\\\/lospoliticosveracruz.com\\\/\",\"logo\":{\"@type\":\"ImageObject\",\"inLanguage\":\"es\",\"@id\":\"https:\\\/\\\/lospoliticosveracruz.com\\\/#\\\/schema\\\/logo\\\/image\\\/\",\"url\":\"https:\\\/\\\/lospoliticosveracruz.com\\\/wp-content\\\/uploads\\\/2025\\\/12\\\/Logo-Nuevo-LOS-POLITICOS-1.jpg\",\"contentUrl\":\"https:\\\/\\\/lospoliticosveracruz.com\\\/wp-content\\\/uploads\\\/2025\\\/12\\\/Logo-Nuevo-LOS-POLITICOS-1.jpg\",\"width\":260,\"height\":70,\"caption\":\"Los pol\u00edticos Veracruz\"},\"image\":{\"@id\":\"https:\\\/\\\/lospoliticosveracruz.com\\\/#\\\/schema\\\/logo\\\/image\\\/\"},\"sameAs\":[\"https:\\\/\\\/www.facebook.com\\\/people\\\/Notimemes-de-los-Polticos\\\/61565672886568\\\/\",\"https:\\\/\\\/x.com\\\/LosPoliticosVer\"]},{\"@type\":\"Person\",\"@id\":\"https:\\\/\\\/lospoliticosveracruz.com\\\/#\\\/schema\\\/person\\\/b8702bb0e538456e6efd07080bf2a4a2\",\"name\":\"Lo viste en Los Pol\u00edticos\",\"image\":{\"@type\":\"ImageObject\",\"inLanguage\":\"es\",\"@id\":\"https:\\\/\\\/secure.gravatar.com\\\/avatar\\\/3a8de04a2656d44082be478bd6c086daa447c4651605818287b9532d3d0bd435?s=96&d=mm&r=g\",\"url\":\"https:\\\/\\\/secure.gravatar.com\\\/avatar\\\/3a8de04a2656d44082be478bd6c086daa447c4651605818287b9532d3d0bd435?s=96&d=mm&r=g\",\"contentUrl\":\"https:\\\/\\\/secure.gravatar.com\\\/avatar\\\/3a8de04a2656d44082be478bd6c086daa447c4651605818287b9532d3d0bd435?s=96&d=mm&r=g\",\"caption\":\"Lo viste en Los Pol\u00edticos\"},\"url\":\"https:\\\/\\\/lospoliticosveracruz.com\\\/?author=2\"}]}<\/script>\n<!-- \/ Yoast SEO plugin. -->","yoast_head_json":{"title":"La vacunaci\u00f3n en M\u00e9xico: enfoque, (i)rresponsabilidad o crimen - Los pol\u00edticos Veracruz","robots":{"index":"index","follow":"follow","max-snippet":"max-snippet:-1","max-image-preview":"max-image-preview:large","max-video-preview":"max-video-preview:-1"},"canonical":"https:\/\/lospoliticosveracruz.com\/?p=67005","og_locale":"es_ES","og_type":"article","og_title":"La vacunaci\u00f3n en M\u00e9xico: enfoque, (i)rresponsabilidad o crimen - Los pol\u00edticos Veracruz","og_description":"Felipe de Jes\u00fas Fern\u00e1ndez Basilio Desde A Janela Enfrentamos una enfermedad muy contagiosa y en muchos casos mortal, misma que adem\u00e1s es incontenible y que como consecuencia de ello, los intentos por detener los contagios, aparte de ser ineficaces causan da\u00f1os colaterales en lo econ\u00f3mico y en lo social. Por ello la \u00fanica respuesta que [&hellip;]","og_url":"https:\/\/lospoliticosveracruz.com\/?p=67005","og_site_name":"Los pol\u00edticos Veracruz","article_publisher":"https:\/\/www.facebook.com\/people\/Notimemes-de-los-Polticos\/61565672886568\/","article_published_time":"2021-01-22T13:26:14+00:00","og_image":[{"width":200,"height":200,"url":"https:\/\/lospoliticosveracruz.com\/wp-content\/uploads\/2016\/07\/Logo-Dor.jpg","type":"image\/jpeg"}],"author":"Lo viste en Los Pol\u00edticos","twitter_card":"summary_large_image","twitter_creator":"@LosPoliticosVer","twitter_site":"@LosPoliticosVer","twitter_misc":{"Escrito por":"Lo viste en Los Pol\u00edticos","Tiempo de lectura":"6 minutos"},"schema":{"@context":"https:\/\/schema.org","@graph":[{"@type":"Article","@id":"https:\/\/lospoliticosveracruz.com\/?p=67005#article","isPartOf":{"@id":"https:\/\/lospoliticosveracruz.com\/?p=67005"},"author":{"name":"Lo viste en Los Pol\u00edticos","@id":"https:\/\/lospoliticosveracruz.com\/#\/schema\/person\/b8702bb0e538456e6efd07080bf2a4a2"},"headline":"La vacunaci\u00f3n en M\u00e9xico: enfoque, (i)rresponsabilidad o crimen","datePublished":"2021-01-22T13:26:14+00:00","mainEntityOfPage":{"@id":"https:\/\/lospoliticosveracruz.com\/?p=67005"},"wordCount":1186,"commentCount":0,"publisher":{"@id":"https:\/\/lospoliticosveracruz.com\/#organization"},"keywords":["contagios","Ineficacia","M\u00e9xico","programas sociales","vacuna","Vacunaci\u00f3n"],"articleSection":["De Opini\u00f3n"],"inLanguage":"es","potentialAction":[{"@type":"CommentAction","name":"Comment","target":["https:\/\/lospoliticosveracruz.com\/?p=67005#respond"]}]},{"@type":"WebPage","@id":"https:\/\/lospoliticosveracruz.com\/?p=67005","url":"https:\/\/lospoliticosveracruz.com\/?p=67005","name":"La vacunaci\u00f3n en M\u00e9xico: enfoque, (i)rresponsabilidad o crimen - Los pol\u00edticos Veracruz","isPartOf":{"@id":"https:\/\/lospoliticosveracruz.com\/#website"},"datePublished":"2021-01-22T13:26:14+00:00","breadcrumb":{"@id":"https:\/\/lospoliticosveracruz.com\/?p=67005#breadcrumb"},"inLanguage":"es","potentialAction":[{"@type":"ReadAction","target":["https:\/\/lospoliticosveracruz.com\/?p=67005"]}]},{"@type":"BreadcrumbList","@id":"https:\/\/lospoliticosveracruz.com\/?p=67005#breadcrumb","itemListElement":[{"@type":"ListItem","position":1,"name":"Portada","item":"https:\/\/lospoliticosveracruz.com\/"},{"@type":"ListItem","position":2,"name":"La vacunaci\u00f3n en M\u00e9xico: enfoque, (i)rresponsabilidad o crimen"}]},{"@type":"WebSite","@id":"https:\/\/lospoliticosveracruz.com\/#website","url":"https:\/\/lospoliticosveracruz.com\/","name":"Los pol\u00edticos Veracruz","description":"","publisher":{"@id":"https:\/\/lospoliticosveracruz.com\/#organization"},"potentialAction":[{"@type":"SearchAction","target":{"@type":"EntryPoint","urlTemplate":"https:\/\/lospoliticosveracruz.com\/?s={search_term_string}"},"query-input":{"@type":"PropertyValueSpecification","valueRequired":true,"valueName":"search_term_string"}}],"inLanguage":"es"},{"@type":"Organization","@id":"https:\/\/lospoliticosveracruz.com\/#organization","name":"Los pol\u00edticos Veracruz","url":"https:\/\/lospoliticosveracruz.com\/","logo":{"@type":"ImageObject","inLanguage":"es","@id":"https:\/\/lospoliticosveracruz.com\/#\/schema\/logo\/image\/","url":"https:\/\/lospoliticosveracruz.com\/wp-content\/uploads\/2025\/12\/Logo-Nuevo-LOS-POLITICOS-1.jpg","contentUrl":"https:\/\/lospoliticosveracruz.com\/wp-content\/uploads\/2025\/12\/Logo-Nuevo-LOS-POLITICOS-1.jpg","width":260,"height":70,"caption":"Los pol\u00edticos Veracruz"},"image":{"@id":"https:\/\/lospoliticosveracruz.com\/#\/schema\/logo\/image\/"},"sameAs":["https:\/\/www.facebook.com\/people\/Notimemes-de-los-Polticos\/61565672886568\/","https:\/\/x.com\/LosPoliticosVer"]},{"@type":"Person","@id":"https:\/\/lospoliticosveracruz.com\/#\/schema\/person\/b8702bb0e538456e6efd07080bf2a4a2","name":"Lo viste en Los Pol\u00edticos","image":{"@type":"ImageObject","inLanguage":"es","@id":"https:\/\/secure.gravatar.com\/avatar\/3a8de04a2656d44082be478bd6c086daa447c4651605818287b9532d3d0bd435?s=96&d=mm&r=g","url":"https:\/\/secure.gravatar.com\/avatar\/3a8de04a2656d44082be478bd6c086daa447c4651605818287b9532d3d0bd435?s=96&d=mm&r=g","contentUrl":"https:\/\/secure.gravatar.com\/avatar\/3a8de04a2656d44082be478bd6c086daa447c4651605818287b9532d3d0bd435?s=96&d=mm&r=g","caption":"Lo viste en Los Pol\u00edticos"},"url":"https:\/\/lospoliticosveracruz.com\/?author=2"}]}},"_links":{"self":[{"href":"https:\/\/lospoliticosveracruz.com\/index.php?rest_route=\/wp\/v2\/posts\/67005","targetHints":{"allow":["GET"]}}],"collection":[{"href":"https:\/\/lospoliticosveracruz.com\/index.php?rest_route=\/wp\/v2\/posts"}],"about":[{"href":"https:\/\/lospoliticosveracruz.com\/index.php?rest_route=\/wp\/v2\/types\/post"}],"author":[{"embeddable":true,"href":"https:\/\/lospoliticosveracruz.com\/index.php?rest_route=\/wp\/v2\/users\/2"}],"replies":[{"embeddable":true,"href":"https:\/\/lospoliticosveracruz.com\/index.php?rest_route=%2Fwp%2Fv2%2Fcomments&post=67005"}],"version-history":[{"count":1,"href":"https:\/\/lospoliticosveracruz.com\/index.php?rest_route=\/wp\/v2\/posts\/67005\/revisions"}],"predecessor-version":[{"id":67007,"href":"https:\/\/lospoliticosveracruz.com\/index.php?rest_route=\/wp\/v2\/posts\/67005\/revisions\/67007"}],"wp:attachment":[{"href":"https:\/\/lospoliticosveracruz.com\/index.php?rest_route=%2Fwp%2Fv2%2Fmedia&parent=67005"}],"wp:term":[{"taxonomy":"category","embeddable":true,"href":"https:\/\/lospoliticosveracruz.com\/index.php?rest_route=%2Fwp%2Fv2%2Fcategories&post=67005"},{"taxonomy":"post_tag","embeddable":true,"href":"https:\/\/lospoliticosveracruz.com\/index.php?rest_route=%2Fwp%2Fv2%2Ftags&post=67005"}],"curies":[{"name":"wp","href":"https:\/\/api.w.org\/{rel}","templated":true}]}}