{"id":67041,"date":"2021-01-22T11:27:12","date_gmt":"2021-01-22T17:27:12","guid":{"rendered":"http:\/\/www.lospoliticosveracruz.com.mx\/?p=67041"},"modified":"2021-01-22T11:27:12","modified_gmt":"2021-01-22T17:27:12","slug":"orizaba-quiere-vacunar-a-toda-su-poblacion","status":"publish","type":"post","link":"https:\/\/lospoliticosveracruz.com\/?p=67041","title":{"rendered":"Orizaba quiere vacunar a toda su poblaci\u00f3n"},"content":{"rendered":"<p><strong>Orizaba<\/strong><\/p>\n<p>El alcalde de Orizaba, Igor Fidel Roj\u00ed L\u00f3pez anunci\u00f3 que solicitar\u00e1 a la Cofepris, autorizaci\u00f3n para adquirir con recursos propios, 125 mil dosis de vacuna de la farmac\u00e9utica AstraZeneca contra el COVID-19, con el fin de inmunizar a la poblaci\u00f3n Orizabe\u00f1a.<br \/>\nA trav\u00e9s de sus redes sociales que el edil anunci\u00f3, que al contar con los fondos econ\u00f3micos suficientes y luego de que el Presidente de la Republica se\u00f1alara el 5 de enero, que no hay impedimento para adquirir la vacuna COVID-19 se tom\u00f3 la decisi\u00f3n a fin de apoyar en la lucha contra el coronavirus.<br \/>\nEl alcalde de Orizaba adelant\u00f3 que enviar\u00e1 un oficio d\u00f3nde solicitar\u00e1 al<br \/>\nExplic\u00f3 que a trav\u00e9s de un oficio al titular de la Cofepris, Jos\u00e9 Alonso Novelo Baeza le permita comprar un lote de este biol\u00f3gico, luego de que el secretario de Relaciones Exteriores Marcelo Ebrard revelara que el pa\u00eds recibi\u00f3 el activo de la vacuna de AstraZeneca contra el COVID-19 para su producci\u00f3n en el pa\u00eds y que tendr\u00e1 con un costo aproximado de 2.8 d\u00f3lares por vacuna.<br \/>\n\u201cLe solicito su autorizaci\u00f3n para que el municipio de Orizaba, Veracruz adquiera un lote de 125 mil dosis para vacunar a toda nuestra poblaci\u00f3n. La administraci\u00f3n municipal tiene fondos suficientes para la adquisici\u00f3n de la vacuna, adem\u00e1s si nos lo permiten, ser\u00e1 una forma de responder al esfuerzo que realiza el Gobierno de M\u00e9xico en la lucha contra la pandemia\u201d.<br \/>\nPara ello, dispondr\u00e1 de una cantidad que corresponder\u00e1 a los 13 millones 542 mil 10 pesos por ese total de la vacuna.<br \/>\n\u00abEn ese sentido acudimos a usted como autoridad en la materia a fin de ayudar en la log\u00edstica y aplicaci\u00f3n que esta campa\u00f1a de vacunaci\u00f3n ha sido una hist\u00f3rica campa\u00f1a en el pa\u00eds y en el mundo\u201d.<br \/>\nDe aprobarse esa petici\u00f3n, la administraci\u00f3n municipal absorber\u00eda los gastos indirectos de transportaci\u00f3n, almacenamiento y capacitaci\u00f3n al personal de salud para su aplicaci\u00f3n y la log\u00edstica de vacunaci\u00f3n a toda la poblaci\u00f3n orizabe\u00f1a.<br \/>\n\u201cComo autoridad municipal, estoy obligado a realizar todo lo que sea necesario para preservar la salud de mis conciudadanos y sus familias\u201d, concluy\u00f3 en el mensaje.<\/p>\n","protected":false},"excerpt":{"rendered":"<p>Orizaba El alcalde de Orizaba, Igor Fidel Roj\u00ed L\u00f3pez anunci\u00f3 que solicitar\u00e1 a la Cofepris, autorizaci\u00f3n para adquirir con recursos propios, 125 mil dosis de vacuna de la farmac\u00e9utica AstraZeneca contra el COVID-19, con el fin de inmunizar a la poblaci\u00f3n Orizabe\u00f1a. A trav\u00e9s de sus redes sociales que el edil anunci\u00f3, que al contar [&hellip;]<\/p>\n","protected":false},"author":2,"featured_media":0,"comment_status":"open","ping_status":"open","sticky":false,"template":"","format":"standard","meta":{"tdm_status":"","tdm_grid_status":"","footnotes":""},"categories":[6446],"tags":[275,11178,25476,25479,24123,1639,25477,25474],"class_list":{"0":"post-67041","1":"post","2":"type-post","3":"status-publish","4":"format-standard","6":"category-la-nota","7":"tag-cofepris","8":"tag-igor-fidel-roji-lopez","9":"tag-inmunizar","10":"tag-jose-alonso-novelo-baeza","11":"tag-marcelo-ebrad","12":"tag-orizaba","13":"tag-poblacion-orizabena","14":"tag-vacuna-covid"},"yoast_head":"<!-- This site is optimized with the Yoast SEO plugin v27.4 - https:\/\/yoast.com\/product\/yoast-seo-wordpress\/ -->\n<title>Orizaba quiere vacunar a toda su poblaci\u00f3n - Los pol\u00edticos Veracruz<\/title>\n<meta name=\"robots\" content=\"index, follow, max-snippet:-1, max-image-preview:large, max-video-preview:-1\" \/>\n<link rel=\"canonical\" href=\"https:\/\/lospoliticosveracruz.com\/?p=67041\" \/>\n<meta property=\"og:locale\" content=\"es_ES\" \/>\n<meta property=\"og:type\" content=\"article\" \/>\n<meta property=\"og:title\" content=\"Orizaba quiere vacunar a toda su poblaci\u00f3n - Los pol\u00edticos Veracruz\" \/>\n<meta property=\"og:description\" content=\"Orizaba El alcalde de Orizaba, Igor Fidel Roj\u00ed L\u00f3pez anunci\u00f3 que solicitar\u00e1 a la Cofepris, autorizaci\u00f3n para adquirir con recursos propios, 125 mil dosis de vacuna de la farmac\u00e9utica AstraZeneca contra el COVID-19, con el fin de inmunizar a la poblaci\u00f3n Orizabe\u00f1a. A trav\u00e9s de sus redes sociales que el edil anunci\u00f3, que al contar [&hellip;]\" \/>\n<meta property=\"og:url\" content=\"https:\/\/lospoliticosveracruz.com\/?p=67041\" \/>\n<meta property=\"og:site_name\" content=\"Los pol\u00edticos Veracruz\" \/>\n<meta property=\"article:publisher\" content=\"https:\/\/www.facebook.com\/people\/Notimemes-de-los-Polticos\/61565672886568\/\" \/>\n<meta property=\"article:published_time\" content=\"2021-01-22T17:27:12+00:00\" \/>\n<meta property=\"og:image\" content=\"https:\/\/lospoliticosveracruz.com\/wp-content\/uploads\/2016\/07\/Logo-Dor.jpg\" \/>\n\t<meta property=\"og:image:width\" content=\"200\" \/>\n\t<meta property=\"og:image:height\" content=\"200\" \/>\n\t<meta property=\"og:image:type\" content=\"image\/jpeg\" \/>\n<meta name=\"author\" content=\"Lo viste en Los Pol\u00edticos\" \/>\n<meta name=\"twitter:card\" content=\"summary_large_image\" \/>\n<meta name=\"twitter:creator\" content=\"@LosPoliticosVer\" \/>\n<meta name=\"twitter:site\" content=\"@LosPoliticosVer\" \/>\n<meta name=\"twitter:label1\" content=\"Escrito por\" \/>\n\t<meta name=\"twitter:data1\" content=\"Lo viste en Los Pol\u00edticos\" \/>\n\t<meta name=\"twitter:label2\" content=\"Tiempo de lectura\" \/>\n\t<meta name=\"twitter:data2\" content=\"2 minutos\" \/>\n<script type=\"application\/ld+json\" class=\"yoast-schema-graph\">{\"@context\":\"https:\\\/\\\/schema.org\",\"@graph\":[{\"@type\":\"Article\",\"@id\":\"https:\\\/\\\/lospoliticosveracruz.com\\\/?p=67041#article\",\"isPartOf\":{\"@id\":\"https:\\\/\\\/lospoliticosveracruz.com\\\/?p=67041\"},\"author\":{\"name\":\"Lo viste en Los Pol\u00edticos\",\"@id\":\"https:\\\/\\\/lospoliticosveracruz.com\\\/#\\\/schema\\\/person\\\/b8702bb0e538456e6efd07080bf2a4a2\"},\"headline\":\"Orizaba quiere vacunar a toda su poblaci\u00f3n\",\"datePublished\":\"2021-01-22T17:27:12+00:00\",\"mainEntityOfPage\":{\"@id\":\"https:\\\/\\\/lospoliticosveracruz.com\\\/?p=67041\"},\"wordCount\":394,\"commentCount\":0,\"publisher\":{\"@id\":\"https:\\\/\\\/lospoliticosveracruz.com\\\/#organization\"},\"keywords\":[\"Cofepris\",\"Igor Fidel Roj\u00ed L\u00f3pez\",\"inmunizar\",\"Jos\u00e9 Alonso Novelo Baeza\",\"Marcelo Ebrad\",\"Orizaba\",\"poblaci\u00f3n Orizabe\u00f1a\",\"vacuna COVID\"],\"articleSection\":[\"La Nota\"],\"inLanguage\":\"es\",\"potentialAction\":[{\"@type\":\"CommentAction\",\"name\":\"Comment\",\"target\":[\"https:\\\/\\\/lospoliticosveracruz.com\\\/?p=67041#respond\"]}]},{\"@type\":\"WebPage\",\"@id\":\"https:\\\/\\\/lospoliticosveracruz.com\\\/?p=67041\",\"url\":\"https:\\\/\\\/lospoliticosveracruz.com\\\/?p=67041\",\"name\":\"Orizaba quiere vacunar a toda su poblaci\u00f3n - Los pol\u00edticos Veracruz\",\"isPartOf\":{\"@id\":\"https:\\\/\\\/lospoliticosveracruz.com\\\/#website\"},\"datePublished\":\"2021-01-22T17:27:12+00:00\",\"breadcrumb\":{\"@id\":\"https:\\\/\\\/lospoliticosveracruz.com\\\/?p=67041#breadcrumb\"},\"inLanguage\":\"es\",\"potentialAction\":[{\"@type\":\"ReadAction\",\"target\":[\"https:\\\/\\\/lospoliticosveracruz.com\\\/?p=67041\"]}]},{\"@type\":\"BreadcrumbList\",\"@id\":\"https:\\\/\\\/lospoliticosveracruz.com\\\/?p=67041#breadcrumb\",\"itemListElement\":[{\"@type\":\"ListItem\",\"position\":1,\"name\":\"Portada\",\"item\":\"https:\\\/\\\/lospoliticosveracruz.com\\\/\"},{\"@type\":\"ListItem\",\"position\":2,\"name\":\"Orizaba quiere vacunar a toda su poblaci\u00f3n\"}]},{\"@type\":\"WebSite\",\"@id\":\"https:\\\/\\\/lospoliticosveracruz.com\\\/#website\",\"url\":\"https:\\\/\\\/lospoliticosveracruz.com\\\/\",\"name\":\"Los pol\u00edticos Veracruz\",\"description\":\"\",\"publisher\":{\"@id\":\"https:\\\/\\\/lospoliticosveracruz.com\\\/#organization\"},\"potentialAction\":[{\"@type\":\"SearchAction\",\"target\":{\"@type\":\"EntryPoint\",\"urlTemplate\":\"https:\\\/\\\/lospoliticosveracruz.com\\\/?s={search_term_string}\"},\"query-input\":{\"@type\":\"PropertyValueSpecification\",\"valueRequired\":true,\"valueName\":\"search_term_string\"}}],\"inLanguage\":\"es\"},{\"@type\":\"Organization\",\"@id\":\"https:\\\/\\\/lospoliticosveracruz.com\\\/#organization\",\"name\":\"Los pol\u00edticos Veracruz\",\"url\":\"https:\\\/\\\/lospoliticosveracruz.com\\\/\",\"logo\":{\"@type\":\"ImageObject\",\"inLanguage\":\"es\",\"@id\":\"https:\\\/\\\/lospoliticosveracruz.com\\\/#\\\/schema\\\/logo\\\/image\\\/\",\"url\":\"https:\\\/\\\/lospoliticosveracruz.com\\\/wp-content\\\/uploads\\\/2025\\\/12\\\/Logo-Nuevo-LOS-POLITICOS-1.jpg\",\"contentUrl\":\"https:\\\/\\\/lospoliticosveracruz.com\\\/wp-content\\\/uploads\\\/2025\\\/12\\\/Logo-Nuevo-LOS-POLITICOS-1.jpg\",\"width\":260,\"height\":70,\"caption\":\"Los pol\u00edticos Veracruz\"},\"image\":{\"@id\":\"https:\\\/\\\/lospoliticosveracruz.com\\\/#\\\/schema\\\/logo\\\/image\\\/\"},\"sameAs\":[\"https:\\\/\\\/www.facebook.com\\\/people\\\/Notimemes-de-los-Polticos\\\/61565672886568\\\/\",\"https:\\\/\\\/x.com\\\/LosPoliticosVer\"]},{\"@type\":\"Person\",\"@id\":\"https:\\\/\\\/lospoliticosveracruz.com\\\/#\\\/schema\\\/person\\\/b8702bb0e538456e6efd07080bf2a4a2\",\"name\":\"Lo viste en Los Pol\u00edticos\",\"image\":{\"@type\":\"ImageObject\",\"inLanguage\":\"es\",\"@id\":\"https:\\\/\\\/secure.gravatar.com\\\/avatar\\\/3a8de04a2656d44082be478bd6c086daa447c4651605818287b9532d3d0bd435?s=96&d=mm&r=g\",\"url\":\"https:\\\/\\\/secure.gravatar.com\\\/avatar\\\/3a8de04a2656d44082be478bd6c086daa447c4651605818287b9532d3d0bd435?s=96&d=mm&r=g\",\"contentUrl\":\"https:\\\/\\\/secure.gravatar.com\\\/avatar\\\/3a8de04a2656d44082be478bd6c086daa447c4651605818287b9532d3d0bd435?s=96&d=mm&r=g\",\"caption\":\"Lo viste en Los Pol\u00edticos\"},\"url\":\"https:\\\/\\\/lospoliticosveracruz.com\\\/?author=2\"}]}<\/script>\n<!-- \/ Yoast SEO plugin. -->","yoast_head_json":{"title":"Orizaba quiere vacunar a toda su poblaci\u00f3n - Los pol\u00edticos Veracruz","robots":{"index":"index","follow":"follow","max-snippet":"max-snippet:-1","max-image-preview":"max-image-preview:large","max-video-preview":"max-video-preview:-1"},"canonical":"https:\/\/lospoliticosveracruz.com\/?p=67041","og_locale":"es_ES","og_type":"article","og_title":"Orizaba quiere vacunar a toda su poblaci\u00f3n - Los pol\u00edticos Veracruz","og_description":"Orizaba El alcalde de Orizaba, Igor Fidel Roj\u00ed L\u00f3pez anunci\u00f3 que solicitar\u00e1 a la Cofepris, autorizaci\u00f3n para adquirir con recursos propios, 125 mil dosis de vacuna de la farmac\u00e9utica AstraZeneca contra el COVID-19, con el fin de inmunizar a la poblaci\u00f3n Orizabe\u00f1a. A trav\u00e9s de sus redes sociales que el edil anunci\u00f3, que al contar [&hellip;]","og_url":"https:\/\/lospoliticosveracruz.com\/?p=67041","og_site_name":"Los pol\u00edticos Veracruz","article_publisher":"https:\/\/www.facebook.com\/people\/Notimemes-de-los-Polticos\/61565672886568\/","article_published_time":"2021-01-22T17:27:12+00:00","og_image":[{"width":200,"height":200,"url":"https:\/\/lospoliticosveracruz.com\/wp-content\/uploads\/2016\/07\/Logo-Dor.jpg","type":"image\/jpeg"}],"author":"Lo viste en Los Pol\u00edticos","twitter_card":"summary_large_image","twitter_creator":"@LosPoliticosVer","twitter_site":"@LosPoliticosVer","twitter_misc":{"Escrito por":"Lo viste en Los Pol\u00edticos","Tiempo de lectura":"2 minutos"},"schema":{"@context":"https:\/\/schema.org","@graph":[{"@type":"Article","@id":"https:\/\/lospoliticosveracruz.com\/?p=67041#article","isPartOf":{"@id":"https:\/\/lospoliticosveracruz.com\/?p=67041"},"author":{"name":"Lo viste en Los Pol\u00edticos","@id":"https:\/\/lospoliticosveracruz.com\/#\/schema\/person\/b8702bb0e538456e6efd07080bf2a4a2"},"headline":"Orizaba quiere vacunar a toda su poblaci\u00f3n","datePublished":"2021-01-22T17:27:12+00:00","mainEntityOfPage":{"@id":"https:\/\/lospoliticosveracruz.com\/?p=67041"},"wordCount":394,"commentCount":0,"publisher":{"@id":"https:\/\/lospoliticosveracruz.com\/#organization"},"keywords":["Cofepris","Igor Fidel Roj\u00ed L\u00f3pez","inmunizar","Jos\u00e9 Alonso Novelo Baeza","Marcelo Ebrad","Orizaba","poblaci\u00f3n Orizabe\u00f1a","vacuna COVID"],"articleSection":["La Nota"],"inLanguage":"es","potentialAction":[{"@type":"CommentAction","name":"Comment","target":["https:\/\/lospoliticosveracruz.com\/?p=67041#respond"]}]},{"@type":"WebPage","@id":"https:\/\/lospoliticosveracruz.com\/?p=67041","url":"https:\/\/lospoliticosveracruz.com\/?p=67041","name":"Orizaba quiere vacunar a toda su poblaci\u00f3n - Los pol\u00edticos Veracruz","isPartOf":{"@id":"https:\/\/lospoliticosveracruz.com\/#website"},"datePublished":"2021-01-22T17:27:12+00:00","breadcrumb":{"@id":"https:\/\/lospoliticosveracruz.com\/?p=67041#breadcrumb"},"inLanguage":"es","potentialAction":[{"@type":"ReadAction","target":["https:\/\/lospoliticosveracruz.com\/?p=67041"]}]},{"@type":"BreadcrumbList","@id":"https:\/\/lospoliticosveracruz.com\/?p=67041#breadcrumb","itemListElement":[{"@type":"ListItem","position":1,"name":"Portada","item":"https:\/\/lospoliticosveracruz.com\/"},{"@type":"ListItem","position":2,"name":"Orizaba quiere vacunar a toda su poblaci\u00f3n"}]},{"@type":"WebSite","@id":"https:\/\/lospoliticosveracruz.com\/#website","url":"https:\/\/lospoliticosveracruz.com\/","name":"Los pol\u00edticos Veracruz","description":"","publisher":{"@id":"https:\/\/lospoliticosveracruz.com\/#organization"},"potentialAction":[{"@type":"SearchAction","target":{"@type":"EntryPoint","urlTemplate":"https:\/\/lospoliticosveracruz.com\/?s={search_term_string}"},"query-input":{"@type":"PropertyValueSpecification","valueRequired":true,"valueName":"search_term_string"}}],"inLanguage":"es"},{"@type":"Organization","@id":"https:\/\/lospoliticosveracruz.com\/#organization","name":"Los pol\u00edticos Veracruz","url":"https:\/\/lospoliticosveracruz.com\/","logo":{"@type":"ImageObject","inLanguage":"es","@id":"https:\/\/lospoliticosveracruz.com\/#\/schema\/logo\/image\/","url":"https:\/\/lospoliticosveracruz.com\/wp-content\/uploads\/2025\/12\/Logo-Nuevo-LOS-POLITICOS-1.jpg","contentUrl":"https:\/\/lospoliticosveracruz.com\/wp-content\/uploads\/2025\/12\/Logo-Nuevo-LOS-POLITICOS-1.jpg","width":260,"height":70,"caption":"Los pol\u00edticos Veracruz"},"image":{"@id":"https:\/\/lospoliticosveracruz.com\/#\/schema\/logo\/image\/"},"sameAs":["https:\/\/www.facebook.com\/people\/Notimemes-de-los-Polticos\/61565672886568\/","https:\/\/x.com\/LosPoliticosVer"]},{"@type":"Person","@id":"https:\/\/lospoliticosveracruz.com\/#\/schema\/person\/b8702bb0e538456e6efd07080bf2a4a2","name":"Lo viste en Los Pol\u00edticos","image":{"@type":"ImageObject","inLanguage":"es","@id":"https:\/\/secure.gravatar.com\/avatar\/3a8de04a2656d44082be478bd6c086daa447c4651605818287b9532d3d0bd435?s=96&d=mm&r=g","url":"https:\/\/secure.gravatar.com\/avatar\/3a8de04a2656d44082be478bd6c086daa447c4651605818287b9532d3d0bd435?s=96&d=mm&r=g","contentUrl":"https:\/\/secure.gravatar.com\/avatar\/3a8de04a2656d44082be478bd6c086daa447c4651605818287b9532d3d0bd435?s=96&d=mm&r=g","caption":"Lo viste en Los Pol\u00edticos"},"url":"https:\/\/lospoliticosveracruz.com\/?author=2"}]}},"_links":{"self":[{"href":"https:\/\/lospoliticosveracruz.com\/index.php?rest_route=\/wp\/v2\/posts\/67041","targetHints":{"allow":["GET"]}}],"collection":[{"href":"https:\/\/lospoliticosveracruz.com\/index.php?rest_route=\/wp\/v2\/posts"}],"about":[{"href":"https:\/\/lospoliticosveracruz.com\/index.php?rest_route=\/wp\/v2\/types\/post"}],"author":[{"embeddable":true,"href":"https:\/\/lospoliticosveracruz.com\/index.php?rest_route=\/wp\/v2\/users\/2"}],"replies":[{"embeddable":true,"href":"https:\/\/lospoliticosveracruz.com\/index.php?rest_route=%2Fwp%2Fv2%2Fcomments&post=67041"}],"version-history":[{"count":1,"href":"https:\/\/lospoliticosveracruz.com\/index.php?rest_route=\/wp\/v2\/posts\/67041\/revisions"}],"predecessor-version":[{"id":67043,"href":"https:\/\/lospoliticosveracruz.com\/index.php?rest_route=\/wp\/v2\/posts\/67041\/revisions\/67043"}],"wp:attachment":[{"href":"https:\/\/lospoliticosveracruz.com\/index.php?rest_route=%2Fwp%2Fv2%2Fmedia&parent=67041"}],"wp:term":[{"taxonomy":"category","embeddable":true,"href":"https:\/\/lospoliticosveracruz.com\/index.php?rest_route=%2Fwp%2Fv2%2Fcategories&post=67041"},{"taxonomy":"post_tag","embeddable":true,"href":"https:\/\/lospoliticosveracruz.com\/index.php?rest_route=%2Fwp%2Fv2%2Ftags&post=67041"}],"curies":[{"name":"wp","href":"https:\/\/api.w.org\/{rel}","templated":true}]}}