{"id":67083,"date":"2021-01-23T09:07:20","date_gmt":"2021-01-23T15:07:20","guid":{"rendered":"http:\/\/www.lospoliticosveracruz.com.mx\/?p=67083"},"modified":"2021-01-23T09:07:20","modified_gmt":"2021-01-23T15:07:20","slug":"le-interesa-la-vacuna","status":"publish","type":"post","link":"https:\/\/lospoliticosveracruz.com\/?p=67083","title":{"rendered":"\u00bfLe interesa la vacuna?"},"content":{"rendered":"<p><strong>Brenda Caballero<\/strong><\/p>\n<p><em>N\u00fameros Rojos<\/em><\/p>\n<p>&nbsp;<\/p>\n<p>El n\u00famero con lada 784 son\u00f3 en mi celular. De inmediato me preguntaron por mi abuelo. \u00abEstamos hablando de parte del Gobierno Federal para ver si est\u00e1 el se\u00f1or interesado en ponerse la vacuna de Covid\u00bb. \u00a1Vaya, qu\u00e9 emoci\u00f3n! \u2013Pens\u00e9, aunque les dije que mi abuelito no pod\u00eda trasladarse por el momento. \u00abSi est\u00e1 interesado el se\u00f1or, ir\u00eda una brigada a vacunarlo a su casa\u00bb, respondieron. \u00a1Qu\u00e9 felicidad! Volv\u00ed a pensar. \u00bfY mi abuelita? \u2013pregunt\u00e9\u2013 Ella tambi\u00e9n es adulto mayor. \u00abPor el momento le hablo por su abuelito\u00bb.<br \/>\n\u2013\u00bfY cu\u00e1ndo lo vacunar\u00e1n?<br \/>\n\u2013Despu\u00e9s le van a volver a llamar&#8230; \u00fanicamente yo estoy apoyando para hablar y preguntar si est\u00e1 el se\u00f1or interesado en la vacuna.<br \/>\n\u2013Bueno, gracias.<br \/>\nDespu\u00e9s de colgar, de inmediato surgieron las preguntas \u00bfEstar\u00e1n haciendo un padr\u00f3n para ver qui\u00e9n quiere vacunarse y qui\u00e9n no? a estas alturas \u00bfhabr\u00e1 quien no quiera vacunarse? \u00bfDe verdad volver\u00e1n a llamar e ir\u00e1n a vacunar a mi abuelo a su casa?<br \/>\nHace un a\u00f1o ni siquiera pens\u00e1bamos que el tema de vacunaci\u00f3n marcar\u00eda la agenda nacional ni que actualmente ese tema estuviera tan polarizado y que fuera hasta tema electorero.<br \/>\nComo tema nuevo, no tenemos bien definida la reacci\u00f3n de la vacuna contra el Covid (cualquiera que sea el laboratorio), desconocemos si nos dar\u00e1 completa inmunidad, si solamente ser\u00e1 temporal, si evitar\u00e1 grandes complicaciones en la salud de la poblaci\u00f3n y evitar\u00e1 la muerte o simplemente ser\u00e1 un paliativo.<br \/>\nHablar de la vacuna en M\u00e9xico ha sido una luz de esperanza, pero tambi\u00e9n ha sido complicado. Desde el inicio hemos conocido casos de personas que no est\u00e1n en la primera l\u00ednea y han recibido la dosis de Pfizer, mientras personal m\u00e9dico de hospitales privados se han quejado por no tener acceso inmediato a la vacuna. Por fortuna ya iniciaron con la vacunaci\u00f3n a este sector.<br \/>\nAparte de los adultos mayores, los maestros de Campeche (estado que est\u00e1 en verde) ya est\u00e1n en el plan de vacunaci\u00f3n federal, \u00bfpero es seguro que los ni\u00f1os regresen a clases presenciales en un mes? Recordemos que los \u00fanicos vacunados ser\u00e1n los docentes, y los ni\u00f1os conviven con padres, abuelos y familiares que a\u00fan no est\u00e1n vacunados. \u00bfUsted mandar\u00eda a sus hijos?<br \/>\nRegresando al tema de la vacuna, apenas el pasado jueves, el Subsecretario de Salud, Hugo L\u00f3pez Gatell, hab\u00eda dicho que ning\u00fan estado o municipio ten\u00eda permitido adquirir vacunas de manera independiente, pues ir\u00eda en contra del Plan Nacional de Vacunaci\u00f3n; sin embargo, el Presidente en su Ma\u00f1anera, dio luz verde para que los gobiernos estatales, municipales y el sector privado puedan adquirirla.<br \/>\n\u00bfPor qu\u00e9 cambi\u00f3 de decisi\u00f3n? Si bien es cierto, el gobierno federal necesita todo el apoyo de todos los gobiernos y sectores para poder vacunar a millones de mexicanos, por el momento, no se puede adquirir por parte del sector privado una vacuna que est\u00e1 en fase experimental a nivel mundial&#8230; aunque en unos meses s\u00ed, claro, con la autorizaci\u00f3n de la Cofepris.<br \/>\nSin duda, la decisi\u00f3n de apertura del presidente fue correcta, m\u00e1s cuando el sector privado se ha adelantado y ya tiene apalabradas varias vacunas. Con ello, L\u00f3pez Obrador tambi\u00e9n se vacuna de la politizaci\u00f3n del derecho a la salud que tenemos todos los mexicanos.<\/p>\n<p>@NumerosRojos_BC<br \/>\ncaballero_brenda@hotmail.com<\/p>\n","protected":false},"excerpt":{"rendered":"<p>Brenda Caballero N\u00fameros Rojos &nbsp; El n\u00famero con lada 784 son\u00f3 en mi celular. De inmediato me preguntaron por mi abuelo. \u00abEstamos hablando de parte del Gobierno Federal para ver si est\u00e1 el se\u00f1or interesado en ponerse la vacuna de Covid\u00bb. \u00a1Vaya, qu\u00e9 emoci\u00f3n! \u2013Pens\u00e9, aunque les dije que mi abuelito no pod\u00eda trasladarse por [&hellip;]<\/p>\n","protected":false},"author":2,"featured_media":0,"comment_status":"open","ping_status":"open","sticky":false,"template":"","format":"standard","meta":{"tdm_status":"","tdm_grid_status":"","footnotes":""},"categories":[70],"tags":[3237,2687,25504,275,2056,16671,18051,3718,835,24551,25506,25507,25503],"class_list":{"0":"post-67083","1":"post","2":"type-post","3":"status-publish","4":"format-standard","6":"category-de-opinion","7":"tag-adultos-mayores","8":"tag-brenda-caballero","9":"tag-brigada","10":"tag-cofepris","11":"tag-gobierno-federal","12":"tag-hugo-lopez-gatell","13":"tag-inmunidad","14":"tag-maestros","15":"tag-padron","16":"tag-plan-nacional-de-vacunacion","17":"tag-polarizado","18":"tag-tema-electorero","19":"tag-vacuna-de-covid"},"yoast_head":"<!-- This site is optimized with the Yoast SEO plugin v27.4 - https:\/\/yoast.com\/product\/yoast-seo-wordpress\/ -->\n<title>\u00bfLe interesa la vacuna? - Los pol\u00edticos Veracruz<\/title>\n<meta name=\"robots\" content=\"index, follow, max-snippet:-1, max-image-preview:large, max-video-preview:-1\" \/>\n<link rel=\"canonical\" href=\"https:\/\/lospoliticosveracruz.com\/?p=67083\" \/>\n<meta property=\"og:locale\" content=\"es_ES\" \/>\n<meta property=\"og:type\" content=\"article\" \/>\n<meta property=\"og:title\" content=\"\u00bfLe interesa la vacuna? - Los pol\u00edticos Veracruz\" \/>\n<meta property=\"og:description\" content=\"Brenda Caballero N\u00fameros Rojos &nbsp; El n\u00famero con lada 784 son\u00f3 en mi celular. De inmediato me preguntaron por mi abuelo. \u00abEstamos hablando de parte del Gobierno Federal para ver si est\u00e1 el se\u00f1or interesado en ponerse la vacuna de Covid\u00bb. \u00a1Vaya, qu\u00e9 emoci\u00f3n! \u2013Pens\u00e9, aunque les dije que mi abuelito no pod\u00eda trasladarse por [&hellip;]\" \/>\n<meta property=\"og:url\" content=\"https:\/\/lospoliticosveracruz.com\/?p=67083\" \/>\n<meta property=\"og:site_name\" content=\"Los pol\u00edticos Veracruz\" \/>\n<meta property=\"article:publisher\" content=\"https:\/\/www.facebook.com\/people\/Notimemes-de-los-Polticos\/61565672886568\/\" \/>\n<meta property=\"article:published_time\" content=\"2021-01-23T15:07:20+00:00\" \/>\n<meta property=\"og:image\" content=\"https:\/\/lospoliticosveracruz.com\/wp-content\/uploads\/2016\/07\/Logo-Dor.jpg\" \/>\n\t<meta property=\"og:image:width\" content=\"200\" \/>\n\t<meta property=\"og:image:height\" content=\"200\" \/>\n\t<meta property=\"og:image:type\" content=\"image\/jpeg\" \/>\n<meta name=\"author\" content=\"Lo viste en Los Pol\u00edticos\" \/>\n<meta name=\"twitter:card\" content=\"summary_large_image\" \/>\n<meta name=\"twitter:creator\" content=\"@LosPoliticosVer\" \/>\n<meta name=\"twitter:site\" content=\"@LosPoliticosVer\" \/>\n<meta name=\"twitter:label1\" content=\"Escrito por\" \/>\n\t<meta name=\"twitter:data1\" content=\"Lo viste en Los Pol\u00edticos\" \/>\n\t<meta name=\"twitter:label2\" content=\"Tiempo de lectura\" \/>\n\t<meta name=\"twitter:data2\" content=\"3 minutos\" \/>\n<script type=\"application\/ld+json\" class=\"yoast-schema-graph\">{\"@context\":\"https:\\\/\\\/schema.org\",\"@graph\":[{\"@type\":\"Article\",\"@id\":\"https:\\\/\\\/lospoliticosveracruz.com\\\/?p=67083#article\",\"isPartOf\":{\"@id\":\"https:\\\/\\\/lospoliticosveracruz.com\\\/?p=67083\"},\"author\":{\"name\":\"Lo viste en Los Pol\u00edticos\",\"@id\":\"https:\\\/\\\/lospoliticosveracruz.com\\\/#\\\/schema\\\/person\\\/b8702bb0e538456e6efd07080bf2a4a2\"},\"headline\":\"\u00bfLe interesa la vacuna?\",\"datePublished\":\"2021-01-23T15:07:20+00:00\",\"mainEntityOfPage\":{\"@id\":\"https:\\\/\\\/lospoliticosveracruz.com\\\/?p=67083\"},\"wordCount\":602,\"commentCount\":0,\"publisher\":{\"@id\":\"https:\\\/\\\/lospoliticosveracruz.com\\\/#organization\"},\"keywords\":[\"adultos mayores\",\"Brenda Caballero\",\"brigada\",\"Cofepris\",\"Gobierno federal\",\"Hugo L\u00f3pez Gatell\",\"inmunidad\",\"maestros\",\"padr\u00f3n\",\"Plan Nacional de Vacunaci\u00f3n\",\"polarizado\",\"tema electorero\",\"vacuna de Covid\"],\"articleSection\":[\"De Opini\u00f3n\"],\"inLanguage\":\"es\",\"potentialAction\":[{\"@type\":\"CommentAction\",\"name\":\"Comment\",\"target\":[\"https:\\\/\\\/lospoliticosveracruz.com\\\/?p=67083#respond\"]}]},{\"@type\":\"WebPage\",\"@id\":\"https:\\\/\\\/lospoliticosveracruz.com\\\/?p=67083\",\"url\":\"https:\\\/\\\/lospoliticosveracruz.com\\\/?p=67083\",\"name\":\"\u00bfLe interesa la vacuna? - Los pol\u00edticos Veracruz\",\"isPartOf\":{\"@id\":\"https:\\\/\\\/lospoliticosveracruz.com\\\/#website\"},\"datePublished\":\"2021-01-23T15:07:20+00:00\",\"breadcrumb\":{\"@id\":\"https:\\\/\\\/lospoliticosveracruz.com\\\/?p=67083#breadcrumb\"},\"inLanguage\":\"es\",\"potentialAction\":[{\"@type\":\"ReadAction\",\"target\":[\"https:\\\/\\\/lospoliticosveracruz.com\\\/?p=67083\"]}]},{\"@type\":\"BreadcrumbList\",\"@id\":\"https:\\\/\\\/lospoliticosveracruz.com\\\/?p=67083#breadcrumb\",\"itemListElement\":[{\"@type\":\"ListItem\",\"position\":1,\"name\":\"Portada\",\"item\":\"https:\\\/\\\/lospoliticosveracruz.com\\\/\"},{\"@type\":\"ListItem\",\"position\":2,\"name\":\"\u00bfLe interesa la vacuna?\"}]},{\"@type\":\"WebSite\",\"@id\":\"https:\\\/\\\/lospoliticosveracruz.com\\\/#website\",\"url\":\"https:\\\/\\\/lospoliticosveracruz.com\\\/\",\"name\":\"Los pol\u00edticos Veracruz\",\"description\":\"\",\"publisher\":{\"@id\":\"https:\\\/\\\/lospoliticosveracruz.com\\\/#organization\"},\"potentialAction\":[{\"@type\":\"SearchAction\",\"target\":{\"@type\":\"EntryPoint\",\"urlTemplate\":\"https:\\\/\\\/lospoliticosveracruz.com\\\/?s={search_term_string}\"},\"query-input\":{\"@type\":\"PropertyValueSpecification\",\"valueRequired\":true,\"valueName\":\"search_term_string\"}}],\"inLanguage\":\"es\"},{\"@type\":\"Organization\",\"@id\":\"https:\\\/\\\/lospoliticosveracruz.com\\\/#organization\",\"name\":\"Los pol\u00edticos Veracruz\",\"url\":\"https:\\\/\\\/lospoliticosveracruz.com\\\/\",\"logo\":{\"@type\":\"ImageObject\",\"inLanguage\":\"es\",\"@id\":\"https:\\\/\\\/lospoliticosveracruz.com\\\/#\\\/schema\\\/logo\\\/image\\\/\",\"url\":\"https:\\\/\\\/lospoliticosveracruz.com\\\/wp-content\\\/uploads\\\/2025\\\/12\\\/Logo-Nuevo-LOS-POLITICOS-1.jpg\",\"contentUrl\":\"https:\\\/\\\/lospoliticosveracruz.com\\\/wp-content\\\/uploads\\\/2025\\\/12\\\/Logo-Nuevo-LOS-POLITICOS-1.jpg\",\"width\":260,\"height\":70,\"caption\":\"Los pol\u00edticos Veracruz\"},\"image\":{\"@id\":\"https:\\\/\\\/lospoliticosveracruz.com\\\/#\\\/schema\\\/logo\\\/image\\\/\"},\"sameAs\":[\"https:\\\/\\\/www.facebook.com\\\/people\\\/Notimemes-de-los-Polticos\\\/61565672886568\\\/\",\"https:\\\/\\\/x.com\\\/LosPoliticosVer\"]},{\"@type\":\"Person\",\"@id\":\"https:\\\/\\\/lospoliticosveracruz.com\\\/#\\\/schema\\\/person\\\/b8702bb0e538456e6efd07080bf2a4a2\",\"name\":\"Lo viste en Los Pol\u00edticos\",\"image\":{\"@type\":\"ImageObject\",\"inLanguage\":\"es\",\"@id\":\"https:\\\/\\\/secure.gravatar.com\\\/avatar\\\/3a8de04a2656d44082be478bd6c086daa447c4651605818287b9532d3d0bd435?s=96&d=mm&r=g\",\"url\":\"https:\\\/\\\/secure.gravatar.com\\\/avatar\\\/3a8de04a2656d44082be478bd6c086daa447c4651605818287b9532d3d0bd435?s=96&d=mm&r=g\",\"contentUrl\":\"https:\\\/\\\/secure.gravatar.com\\\/avatar\\\/3a8de04a2656d44082be478bd6c086daa447c4651605818287b9532d3d0bd435?s=96&d=mm&r=g\",\"caption\":\"Lo viste en Los Pol\u00edticos\"},\"url\":\"https:\\\/\\\/lospoliticosveracruz.com\\\/?author=2\"}]}<\/script>\n<!-- \/ Yoast SEO plugin. -->","yoast_head_json":{"title":"\u00bfLe interesa la vacuna? - Los pol\u00edticos Veracruz","robots":{"index":"index","follow":"follow","max-snippet":"max-snippet:-1","max-image-preview":"max-image-preview:large","max-video-preview":"max-video-preview:-1"},"canonical":"https:\/\/lospoliticosveracruz.com\/?p=67083","og_locale":"es_ES","og_type":"article","og_title":"\u00bfLe interesa la vacuna? - Los pol\u00edticos Veracruz","og_description":"Brenda Caballero N\u00fameros Rojos &nbsp; El n\u00famero con lada 784 son\u00f3 en mi celular. De inmediato me preguntaron por mi abuelo. \u00abEstamos hablando de parte del Gobierno Federal para ver si est\u00e1 el se\u00f1or interesado en ponerse la vacuna de Covid\u00bb. \u00a1Vaya, qu\u00e9 emoci\u00f3n! \u2013Pens\u00e9, aunque les dije que mi abuelito no pod\u00eda trasladarse por [&hellip;]","og_url":"https:\/\/lospoliticosveracruz.com\/?p=67083","og_site_name":"Los pol\u00edticos Veracruz","article_publisher":"https:\/\/www.facebook.com\/people\/Notimemes-de-los-Polticos\/61565672886568\/","article_published_time":"2021-01-23T15:07:20+00:00","og_image":[{"width":200,"height":200,"url":"https:\/\/lospoliticosveracruz.com\/wp-content\/uploads\/2016\/07\/Logo-Dor.jpg","type":"image\/jpeg"}],"author":"Lo viste en Los Pol\u00edticos","twitter_card":"summary_large_image","twitter_creator":"@LosPoliticosVer","twitter_site":"@LosPoliticosVer","twitter_misc":{"Escrito por":"Lo viste en Los Pol\u00edticos","Tiempo de lectura":"3 minutos"},"schema":{"@context":"https:\/\/schema.org","@graph":[{"@type":"Article","@id":"https:\/\/lospoliticosveracruz.com\/?p=67083#article","isPartOf":{"@id":"https:\/\/lospoliticosveracruz.com\/?p=67083"},"author":{"name":"Lo viste en Los Pol\u00edticos","@id":"https:\/\/lospoliticosveracruz.com\/#\/schema\/person\/b8702bb0e538456e6efd07080bf2a4a2"},"headline":"\u00bfLe interesa la vacuna?","datePublished":"2021-01-23T15:07:20+00:00","mainEntityOfPage":{"@id":"https:\/\/lospoliticosveracruz.com\/?p=67083"},"wordCount":602,"commentCount":0,"publisher":{"@id":"https:\/\/lospoliticosveracruz.com\/#organization"},"keywords":["adultos mayores","Brenda Caballero","brigada","Cofepris","Gobierno federal","Hugo L\u00f3pez Gatell","inmunidad","maestros","padr\u00f3n","Plan Nacional de Vacunaci\u00f3n","polarizado","tema electorero","vacuna de Covid"],"articleSection":["De Opini\u00f3n"],"inLanguage":"es","potentialAction":[{"@type":"CommentAction","name":"Comment","target":["https:\/\/lospoliticosveracruz.com\/?p=67083#respond"]}]},{"@type":"WebPage","@id":"https:\/\/lospoliticosveracruz.com\/?p=67083","url":"https:\/\/lospoliticosveracruz.com\/?p=67083","name":"\u00bfLe interesa la vacuna? - Los pol\u00edticos Veracruz","isPartOf":{"@id":"https:\/\/lospoliticosveracruz.com\/#website"},"datePublished":"2021-01-23T15:07:20+00:00","breadcrumb":{"@id":"https:\/\/lospoliticosveracruz.com\/?p=67083#breadcrumb"},"inLanguage":"es","potentialAction":[{"@type":"ReadAction","target":["https:\/\/lospoliticosveracruz.com\/?p=67083"]}]},{"@type":"BreadcrumbList","@id":"https:\/\/lospoliticosveracruz.com\/?p=67083#breadcrumb","itemListElement":[{"@type":"ListItem","position":1,"name":"Portada","item":"https:\/\/lospoliticosveracruz.com\/"},{"@type":"ListItem","position":2,"name":"\u00bfLe interesa la vacuna?"}]},{"@type":"WebSite","@id":"https:\/\/lospoliticosveracruz.com\/#website","url":"https:\/\/lospoliticosveracruz.com\/","name":"Los pol\u00edticos Veracruz","description":"","publisher":{"@id":"https:\/\/lospoliticosveracruz.com\/#organization"},"potentialAction":[{"@type":"SearchAction","target":{"@type":"EntryPoint","urlTemplate":"https:\/\/lospoliticosveracruz.com\/?s={search_term_string}"},"query-input":{"@type":"PropertyValueSpecification","valueRequired":true,"valueName":"search_term_string"}}],"inLanguage":"es"},{"@type":"Organization","@id":"https:\/\/lospoliticosveracruz.com\/#organization","name":"Los pol\u00edticos Veracruz","url":"https:\/\/lospoliticosveracruz.com\/","logo":{"@type":"ImageObject","inLanguage":"es","@id":"https:\/\/lospoliticosveracruz.com\/#\/schema\/logo\/image\/","url":"https:\/\/lospoliticosveracruz.com\/wp-content\/uploads\/2025\/12\/Logo-Nuevo-LOS-POLITICOS-1.jpg","contentUrl":"https:\/\/lospoliticosveracruz.com\/wp-content\/uploads\/2025\/12\/Logo-Nuevo-LOS-POLITICOS-1.jpg","width":260,"height":70,"caption":"Los pol\u00edticos Veracruz"},"image":{"@id":"https:\/\/lospoliticosveracruz.com\/#\/schema\/logo\/image\/"},"sameAs":["https:\/\/www.facebook.com\/people\/Notimemes-de-los-Polticos\/61565672886568\/","https:\/\/x.com\/LosPoliticosVer"]},{"@type":"Person","@id":"https:\/\/lospoliticosveracruz.com\/#\/schema\/person\/b8702bb0e538456e6efd07080bf2a4a2","name":"Lo viste en Los Pol\u00edticos","image":{"@type":"ImageObject","inLanguage":"es","@id":"https:\/\/secure.gravatar.com\/avatar\/3a8de04a2656d44082be478bd6c086daa447c4651605818287b9532d3d0bd435?s=96&d=mm&r=g","url":"https:\/\/secure.gravatar.com\/avatar\/3a8de04a2656d44082be478bd6c086daa447c4651605818287b9532d3d0bd435?s=96&d=mm&r=g","contentUrl":"https:\/\/secure.gravatar.com\/avatar\/3a8de04a2656d44082be478bd6c086daa447c4651605818287b9532d3d0bd435?s=96&d=mm&r=g","caption":"Lo viste en Los Pol\u00edticos"},"url":"https:\/\/lospoliticosveracruz.com\/?author=2"}]}},"_links":{"self":[{"href":"https:\/\/lospoliticosveracruz.com\/index.php?rest_route=\/wp\/v2\/posts\/67083","targetHints":{"allow":["GET"]}}],"collection":[{"href":"https:\/\/lospoliticosveracruz.com\/index.php?rest_route=\/wp\/v2\/posts"}],"about":[{"href":"https:\/\/lospoliticosveracruz.com\/index.php?rest_route=\/wp\/v2\/types\/post"}],"author":[{"embeddable":true,"href":"https:\/\/lospoliticosveracruz.com\/index.php?rest_route=\/wp\/v2\/users\/2"}],"replies":[{"embeddable":true,"href":"https:\/\/lospoliticosveracruz.com\/index.php?rest_route=%2Fwp%2Fv2%2Fcomments&post=67083"}],"version-history":[{"count":1,"href":"https:\/\/lospoliticosveracruz.com\/index.php?rest_route=\/wp\/v2\/posts\/67083\/revisions"}],"predecessor-version":[{"id":67084,"href":"https:\/\/lospoliticosveracruz.com\/index.php?rest_route=\/wp\/v2\/posts\/67083\/revisions\/67084"}],"wp:attachment":[{"href":"https:\/\/lospoliticosveracruz.com\/index.php?rest_route=%2Fwp%2Fv2%2Fmedia&parent=67083"}],"wp:term":[{"taxonomy":"category","embeddable":true,"href":"https:\/\/lospoliticosveracruz.com\/index.php?rest_route=%2Fwp%2Fv2%2Fcategories&post=67083"},{"taxonomy":"post_tag","embeddable":true,"href":"https:\/\/lospoliticosveracruz.com\/index.php?rest_route=%2Fwp%2Fv2%2Ftags&post=67083"}],"curies":[{"name":"wp","href":"https:\/\/api.w.org\/{rel}","templated":true}]}}