{"id":67087,"date":"2021-01-23T09:21:23","date_gmt":"2021-01-23T15:21:23","guid":{"rendered":"http:\/\/www.lospoliticosveracruz.com.mx\/?p=67087"},"modified":"2021-01-23T09:21:23","modified_gmt":"2021-01-23T15:21:23","slug":"gracias-trillo","status":"publish","type":"post","link":"https:\/\/lospoliticosveracruz.com\/?p=67087","title":{"rendered":"\u00a1Gracias, Trillo!"},"content":{"rendered":"<p><strong>Teresa Carbajal<\/strong><\/p>\n<p><em>Debo, no niego; pago, lo justo<\/em><\/p>\n<p>Las Instituciones del Estado requieren de funcionarios que funcionen, que act\u00faen dentro de sus facultades y con apego a las leyes, con alta vocaci\u00f3n de servicio y que est\u00e9n siempre dispuestos a escuchar a los usuarios, as\u00ed fue Rafael Trillo titular de la Condusef en Veracruz.<br \/>\nCargo en el que se desempe\u00f1\u00f3 hasta la semana pasada. Es importante reconocer los grandes retos que enfrenta esta Instituci\u00f3n a nivel nacional por las constantes quejas de los usuarios ante lo que consideran incorrectas o excesivas pr\u00e1cticas de parte de las entidades financieras en estos momentos en los que, como nunca todos debemos cuidar m\u00e1s nuestro dinero y tener herramientas eficaces de defensa en caso de sufrir alg\u00fan abuso.<br \/>\nSin embargo tambi\u00e9n debemos reconocer y agradecer a Rafael Trillo que en los poco m\u00e1s de siete a\u00f1os que estuvo al servicio de los veracruzanos, se hicieron sinergias importantes con la sociedad civil organizada y con la comunidad acad\u00e9mica.<br \/>\nPor ejemplo en el a\u00f1o 2015 en coordinaci\u00f3n con la Universidad Veracruzana a trav\u00e9s del Instituto de Investigaciones Jur\u00eddicas y con el Barz\u00f3n de Veracruz en el marco de la Semana Nacional de Educaci\u00f3n Financiera (SNEF) se llev\u00f3 a cabo el foro: \u201cLa reforma financiera en M\u00e9xico y su impacto en la Sociedad\u201d, para el a\u00f1o 2016 y por primera vez tuvimos la inauguraci\u00f3n de la SNEF en Xalapa, con un ciclo de conferencias en el que aparte de investigadores de la universidad participaron la Procuradur\u00eda de la Defensa del Contribuyente, el Instituto Federal de Defensor\u00eda P\u00fablica, entre otros especialistas y representantes de Instituciones Financieras como Banamex y Banorte.<br \/>\nAmbos eventos acercaron a la comunidad estudiantil universitaria y a la sociedad en general conocimientos que les dotaron de herramientas para una mejor defensa de sus derechos.<br \/>\nLos procedimientos que fueron de conocimiento de la entonces Delegaci\u00f3n Veracruzana de la Comisi\u00f3n Nacional para la protecci\u00f3n y defensa de los usuarios de servicios financieros, en su mayor\u00eda concluyeron de manera favorable para los usuarios, llev\u00e1ndose en el peor de los casos una correcta asesor\u00eda para quienes no obtuvieron a trav\u00e9s de esa instancia la satisfacci\u00f3n de sus reclamos, por carecer de facultades para ello.<br \/>\nTrillo, es un hombre sencillo pero con una gran capacidad para escuchar, dialogar y generar acuerdos; conoce y entiende el esp\u00edritu de la instituci\u00f3n a la que representa y como \u00e9l dice: \u201cla raz\u00f3n a quien la tenga\u201d.<br \/>\nDurante esos siete a\u00f1os orient\u00f3 tambi\u00e9n a la opini\u00f3n p\u00fablica con sus declaraciones sobre los temas que fueron de cotidiana relevancia para las audiencias, tuvo siempre la facilidad para explicar de forma clara temas complejos, como buen comunicador, por eso considero que la experiencia en su ejercicio profesional y el compromiso para el estudio y la actualizaci\u00f3n le merecen el car\u00e1cter de especialista en el tema.<br \/>\nAunado a ello como buen l\u00edder mantuvo a su equipo de trabajo en la Delegaci\u00f3n unido, cordial y amable, pues esa fue la pauta que siempre marc\u00f3.<br \/>\nRecuerdo que cuando nos encontr\u00e1bamos nos faltaba tiempo para intercambiar puntos de vista sobre los problemas que preocupan a los usuarios, as\u00ed que el debate nunca se terminaba.<br \/>\nY como siempre que nos despedimos de alguien lo hacemos con la promesa de un \u201cdespu\u00e9s\u201d pero sin saber si se concretar\u00e1, as\u00ed fue en el mes de diciembre de 2020 cuando nos despedimos dese\u00e1ndonos feliz a\u00f1o, quien iba a decir que el 2021 comenzar\u00eda con su cambio de adscripci\u00f3n.<br \/>\nNo nos resta m\u00e1s que desear que siga cosechando \u00e9xitos dentro de la Condusef y externar nuestra gratitud por estos siete a\u00f1os de trabajo. \u00a1Hasta siempre Trillo!<\/p>\n<p>Llama al 2281148502 visite <em><strong><a href=\"http:\/\/www.elbarzonrc.org\">www.elbarzonrc.org<\/a><\/strong><\/em> Contacte <a href=\"mailto:elbarzonrc@yahoo.com.mx\"><em><strong>elbarzonrc@yahoo.com.mx<\/strong><\/em><\/a>, O s\u00edgame en @terecarbajal<\/p>\n","protected":false},"excerpt":{"rendered":"<p>Teresa Carbajal Debo, no niego; pago, lo justo Las Instituciones del Estado requieren de funcionarios que funcionen, que act\u00faen dentro de sus facultades y con apego a las leyes, con alta vocaci\u00f3n de servicio y que est\u00e9n siempre dispuestos a escuchar a los usuarios, as\u00ed fue Rafael Trillo titular de la Condusef en Veracruz. Cargo [&hellip;]<\/p>\n","protected":false},"author":2,"featured_media":0,"comment_status":"open","ping_status":"open","sticky":false,"template":"","format":"standard","meta":{"tdm_status":"","tdm_grid_status":"","footnotes":""},"categories":[70],"tags":[8002,25516,15570,195],"class_list":{"0":"post-67087","1":"post","2":"type-post","3":"status-publish","4":"format-standard","6":"category-de-opinion","7":"tag-condusef","8":"tag-rafael-trillo","9":"tag-teresa-carbajal","10":"tag-veracruz"},"yoast_head":"<!-- This site is optimized with the Yoast SEO plugin v27.4 - https:\/\/yoast.com\/product\/yoast-seo-wordpress\/ -->\n<title>\u00a1Gracias, Trillo! - Los pol\u00edticos Veracruz<\/title>\n<meta name=\"robots\" content=\"index, follow, max-snippet:-1, max-image-preview:large, max-video-preview:-1\" \/>\n<link rel=\"canonical\" href=\"https:\/\/lospoliticosveracruz.com\/?p=67087\" \/>\n<meta property=\"og:locale\" content=\"es_ES\" \/>\n<meta property=\"og:type\" content=\"article\" \/>\n<meta property=\"og:title\" content=\"\u00a1Gracias, Trillo! - Los pol\u00edticos Veracruz\" \/>\n<meta property=\"og:description\" content=\"Teresa Carbajal Debo, no niego; pago, lo justo Las Instituciones del Estado requieren de funcionarios que funcionen, que act\u00faen dentro de sus facultades y con apego a las leyes, con alta vocaci\u00f3n de servicio y que est\u00e9n siempre dispuestos a escuchar a los usuarios, as\u00ed fue Rafael Trillo titular de la Condusef en Veracruz. Cargo [&hellip;]\" \/>\n<meta property=\"og:url\" content=\"https:\/\/lospoliticosveracruz.com\/?p=67087\" \/>\n<meta property=\"og:site_name\" content=\"Los pol\u00edticos Veracruz\" \/>\n<meta property=\"article:publisher\" content=\"https:\/\/www.facebook.com\/people\/Notimemes-de-los-Polticos\/61565672886568\/\" \/>\n<meta property=\"article:published_time\" content=\"2021-01-23T15:21:23+00:00\" \/>\n<meta property=\"og:image\" content=\"https:\/\/lospoliticosveracruz.com\/wp-content\/uploads\/2016\/07\/Logo-Dor.jpg\" \/>\n\t<meta property=\"og:image:width\" content=\"200\" \/>\n\t<meta property=\"og:image:height\" content=\"200\" \/>\n\t<meta property=\"og:image:type\" content=\"image\/jpeg\" \/>\n<meta name=\"author\" content=\"Lo viste en Los Pol\u00edticos\" \/>\n<meta name=\"twitter:card\" content=\"summary_large_image\" \/>\n<meta name=\"twitter:creator\" content=\"@LosPoliticosVer\" \/>\n<meta name=\"twitter:site\" content=\"@LosPoliticosVer\" \/>\n<meta name=\"twitter:label1\" content=\"Escrito por\" \/>\n\t<meta name=\"twitter:data1\" content=\"Lo viste en Los Pol\u00edticos\" \/>\n\t<meta name=\"twitter:label2\" content=\"Tiempo de lectura\" \/>\n\t<meta name=\"twitter:data2\" content=\"3 minutos\" \/>\n<script type=\"application\/ld+json\" class=\"yoast-schema-graph\">{\"@context\":\"https:\\\/\\\/schema.org\",\"@graph\":[{\"@type\":\"Article\",\"@id\":\"https:\\\/\\\/lospoliticosveracruz.com\\\/?p=67087#article\",\"isPartOf\":{\"@id\":\"https:\\\/\\\/lospoliticosveracruz.com\\\/?p=67087\"},\"author\":{\"name\":\"Lo viste en Los Pol\u00edticos\",\"@id\":\"https:\\\/\\\/lospoliticosveracruz.com\\\/#\\\/schema\\\/person\\\/b8702bb0e538456e6efd07080bf2a4a2\"},\"headline\":\"\u00a1Gracias, Trillo!\",\"datePublished\":\"2021-01-23T15:21:23+00:00\",\"mainEntityOfPage\":{\"@id\":\"https:\\\/\\\/lospoliticosveracruz.com\\\/?p=67087\"},\"wordCount\":665,\"commentCount\":0,\"publisher\":{\"@id\":\"https:\\\/\\\/lospoliticosveracruz.com\\\/#organization\"},\"keywords\":[\"Condusef\",\"Rafael Trillo\",\"Teresa Carbajal\",\"Veracruz\"],\"articleSection\":[\"De Opini\u00f3n\"],\"inLanguage\":\"es\",\"potentialAction\":[{\"@type\":\"CommentAction\",\"name\":\"Comment\",\"target\":[\"https:\\\/\\\/lospoliticosveracruz.com\\\/?p=67087#respond\"]}]},{\"@type\":\"WebPage\",\"@id\":\"https:\\\/\\\/lospoliticosveracruz.com\\\/?p=67087\",\"url\":\"https:\\\/\\\/lospoliticosveracruz.com\\\/?p=67087\",\"name\":\"\u00a1Gracias, Trillo! - Los pol\u00edticos Veracruz\",\"isPartOf\":{\"@id\":\"https:\\\/\\\/lospoliticosveracruz.com\\\/#website\"},\"datePublished\":\"2021-01-23T15:21:23+00:00\",\"breadcrumb\":{\"@id\":\"https:\\\/\\\/lospoliticosveracruz.com\\\/?p=67087#breadcrumb\"},\"inLanguage\":\"es\",\"potentialAction\":[{\"@type\":\"ReadAction\",\"target\":[\"https:\\\/\\\/lospoliticosveracruz.com\\\/?p=67087\"]}]},{\"@type\":\"BreadcrumbList\",\"@id\":\"https:\\\/\\\/lospoliticosveracruz.com\\\/?p=67087#breadcrumb\",\"itemListElement\":[{\"@type\":\"ListItem\",\"position\":1,\"name\":\"Portada\",\"item\":\"https:\\\/\\\/lospoliticosveracruz.com\\\/\"},{\"@type\":\"ListItem\",\"position\":2,\"name\":\"\u00a1Gracias, Trillo!\"}]},{\"@type\":\"WebSite\",\"@id\":\"https:\\\/\\\/lospoliticosveracruz.com\\\/#website\",\"url\":\"https:\\\/\\\/lospoliticosveracruz.com\\\/\",\"name\":\"Los pol\u00edticos Veracruz\",\"description\":\"\",\"publisher\":{\"@id\":\"https:\\\/\\\/lospoliticosveracruz.com\\\/#organization\"},\"potentialAction\":[{\"@type\":\"SearchAction\",\"target\":{\"@type\":\"EntryPoint\",\"urlTemplate\":\"https:\\\/\\\/lospoliticosveracruz.com\\\/?s={search_term_string}\"},\"query-input\":{\"@type\":\"PropertyValueSpecification\",\"valueRequired\":true,\"valueName\":\"search_term_string\"}}],\"inLanguage\":\"es\"},{\"@type\":\"Organization\",\"@id\":\"https:\\\/\\\/lospoliticosveracruz.com\\\/#organization\",\"name\":\"Los pol\u00edticos Veracruz\",\"url\":\"https:\\\/\\\/lospoliticosveracruz.com\\\/\",\"logo\":{\"@type\":\"ImageObject\",\"inLanguage\":\"es\",\"@id\":\"https:\\\/\\\/lospoliticosveracruz.com\\\/#\\\/schema\\\/logo\\\/image\\\/\",\"url\":\"https:\\\/\\\/lospoliticosveracruz.com\\\/wp-content\\\/uploads\\\/2025\\\/12\\\/Logo-Nuevo-LOS-POLITICOS-1.jpg\",\"contentUrl\":\"https:\\\/\\\/lospoliticosveracruz.com\\\/wp-content\\\/uploads\\\/2025\\\/12\\\/Logo-Nuevo-LOS-POLITICOS-1.jpg\",\"width\":260,\"height\":70,\"caption\":\"Los pol\u00edticos Veracruz\"},\"image\":{\"@id\":\"https:\\\/\\\/lospoliticosveracruz.com\\\/#\\\/schema\\\/logo\\\/image\\\/\"},\"sameAs\":[\"https:\\\/\\\/www.facebook.com\\\/people\\\/Notimemes-de-los-Polticos\\\/61565672886568\\\/\",\"https:\\\/\\\/x.com\\\/LosPoliticosVer\"]},{\"@type\":\"Person\",\"@id\":\"https:\\\/\\\/lospoliticosveracruz.com\\\/#\\\/schema\\\/person\\\/b8702bb0e538456e6efd07080bf2a4a2\",\"name\":\"Lo viste en Los Pol\u00edticos\",\"image\":{\"@type\":\"ImageObject\",\"inLanguage\":\"es\",\"@id\":\"https:\\\/\\\/secure.gravatar.com\\\/avatar\\\/3a8de04a2656d44082be478bd6c086daa447c4651605818287b9532d3d0bd435?s=96&d=mm&r=g\",\"url\":\"https:\\\/\\\/secure.gravatar.com\\\/avatar\\\/3a8de04a2656d44082be478bd6c086daa447c4651605818287b9532d3d0bd435?s=96&d=mm&r=g\",\"contentUrl\":\"https:\\\/\\\/secure.gravatar.com\\\/avatar\\\/3a8de04a2656d44082be478bd6c086daa447c4651605818287b9532d3d0bd435?s=96&d=mm&r=g\",\"caption\":\"Lo viste en Los Pol\u00edticos\"},\"url\":\"https:\\\/\\\/lospoliticosveracruz.com\\\/?author=2\"}]}<\/script>\n<!-- \/ Yoast SEO plugin. -->","yoast_head_json":{"title":"\u00a1Gracias, Trillo! - Los pol\u00edticos Veracruz","robots":{"index":"index","follow":"follow","max-snippet":"max-snippet:-1","max-image-preview":"max-image-preview:large","max-video-preview":"max-video-preview:-1"},"canonical":"https:\/\/lospoliticosveracruz.com\/?p=67087","og_locale":"es_ES","og_type":"article","og_title":"\u00a1Gracias, Trillo! - Los pol\u00edticos Veracruz","og_description":"Teresa Carbajal Debo, no niego; pago, lo justo Las Instituciones del Estado requieren de funcionarios que funcionen, que act\u00faen dentro de sus facultades y con apego a las leyes, con alta vocaci\u00f3n de servicio y que est\u00e9n siempre dispuestos a escuchar a los usuarios, as\u00ed fue Rafael Trillo titular de la Condusef en Veracruz. Cargo [&hellip;]","og_url":"https:\/\/lospoliticosveracruz.com\/?p=67087","og_site_name":"Los pol\u00edticos Veracruz","article_publisher":"https:\/\/www.facebook.com\/people\/Notimemes-de-los-Polticos\/61565672886568\/","article_published_time":"2021-01-23T15:21:23+00:00","og_image":[{"width":200,"height":200,"url":"https:\/\/lospoliticosveracruz.com\/wp-content\/uploads\/2016\/07\/Logo-Dor.jpg","type":"image\/jpeg"}],"author":"Lo viste en Los Pol\u00edticos","twitter_card":"summary_large_image","twitter_creator":"@LosPoliticosVer","twitter_site":"@LosPoliticosVer","twitter_misc":{"Escrito por":"Lo viste en Los Pol\u00edticos","Tiempo de lectura":"3 minutos"},"schema":{"@context":"https:\/\/schema.org","@graph":[{"@type":"Article","@id":"https:\/\/lospoliticosveracruz.com\/?p=67087#article","isPartOf":{"@id":"https:\/\/lospoliticosveracruz.com\/?p=67087"},"author":{"name":"Lo viste en Los Pol\u00edticos","@id":"https:\/\/lospoliticosveracruz.com\/#\/schema\/person\/b8702bb0e538456e6efd07080bf2a4a2"},"headline":"\u00a1Gracias, Trillo!","datePublished":"2021-01-23T15:21:23+00:00","mainEntityOfPage":{"@id":"https:\/\/lospoliticosveracruz.com\/?p=67087"},"wordCount":665,"commentCount":0,"publisher":{"@id":"https:\/\/lospoliticosveracruz.com\/#organization"},"keywords":["Condusef","Rafael Trillo","Teresa Carbajal","Veracruz"],"articleSection":["De Opini\u00f3n"],"inLanguage":"es","potentialAction":[{"@type":"CommentAction","name":"Comment","target":["https:\/\/lospoliticosveracruz.com\/?p=67087#respond"]}]},{"@type":"WebPage","@id":"https:\/\/lospoliticosveracruz.com\/?p=67087","url":"https:\/\/lospoliticosveracruz.com\/?p=67087","name":"\u00a1Gracias, Trillo! - Los pol\u00edticos Veracruz","isPartOf":{"@id":"https:\/\/lospoliticosveracruz.com\/#website"},"datePublished":"2021-01-23T15:21:23+00:00","breadcrumb":{"@id":"https:\/\/lospoliticosveracruz.com\/?p=67087#breadcrumb"},"inLanguage":"es","potentialAction":[{"@type":"ReadAction","target":["https:\/\/lospoliticosveracruz.com\/?p=67087"]}]},{"@type":"BreadcrumbList","@id":"https:\/\/lospoliticosveracruz.com\/?p=67087#breadcrumb","itemListElement":[{"@type":"ListItem","position":1,"name":"Portada","item":"https:\/\/lospoliticosveracruz.com\/"},{"@type":"ListItem","position":2,"name":"\u00a1Gracias, Trillo!"}]},{"@type":"WebSite","@id":"https:\/\/lospoliticosveracruz.com\/#website","url":"https:\/\/lospoliticosveracruz.com\/","name":"Los pol\u00edticos Veracruz","description":"","publisher":{"@id":"https:\/\/lospoliticosveracruz.com\/#organization"},"potentialAction":[{"@type":"SearchAction","target":{"@type":"EntryPoint","urlTemplate":"https:\/\/lospoliticosveracruz.com\/?s={search_term_string}"},"query-input":{"@type":"PropertyValueSpecification","valueRequired":true,"valueName":"search_term_string"}}],"inLanguage":"es"},{"@type":"Organization","@id":"https:\/\/lospoliticosveracruz.com\/#organization","name":"Los pol\u00edticos Veracruz","url":"https:\/\/lospoliticosveracruz.com\/","logo":{"@type":"ImageObject","inLanguage":"es","@id":"https:\/\/lospoliticosveracruz.com\/#\/schema\/logo\/image\/","url":"https:\/\/lospoliticosveracruz.com\/wp-content\/uploads\/2025\/12\/Logo-Nuevo-LOS-POLITICOS-1.jpg","contentUrl":"https:\/\/lospoliticosveracruz.com\/wp-content\/uploads\/2025\/12\/Logo-Nuevo-LOS-POLITICOS-1.jpg","width":260,"height":70,"caption":"Los pol\u00edticos Veracruz"},"image":{"@id":"https:\/\/lospoliticosveracruz.com\/#\/schema\/logo\/image\/"},"sameAs":["https:\/\/www.facebook.com\/people\/Notimemes-de-los-Polticos\/61565672886568\/","https:\/\/x.com\/LosPoliticosVer"]},{"@type":"Person","@id":"https:\/\/lospoliticosveracruz.com\/#\/schema\/person\/b8702bb0e538456e6efd07080bf2a4a2","name":"Lo viste en Los Pol\u00edticos","image":{"@type":"ImageObject","inLanguage":"es","@id":"https:\/\/secure.gravatar.com\/avatar\/3a8de04a2656d44082be478bd6c086daa447c4651605818287b9532d3d0bd435?s=96&d=mm&r=g","url":"https:\/\/secure.gravatar.com\/avatar\/3a8de04a2656d44082be478bd6c086daa447c4651605818287b9532d3d0bd435?s=96&d=mm&r=g","contentUrl":"https:\/\/secure.gravatar.com\/avatar\/3a8de04a2656d44082be478bd6c086daa447c4651605818287b9532d3d0bd435?s=96&d=mm&r=g","caption":"Lo viste en Los Pol\u00edticos"},"url":"https:\/\/lospoliticosveracruz.com\/?author=2"}]}},"_links":{"self":[{"href":"https:\/\/lospoliticosveracruz.com\/index.php?rest_route=\/wp\/v2\/posts\/67087","targetHints":{"allow":["GET"]}}],"collection":[{"href":"https:\/\/lospoliticosveracruz.com\/index.php?rest_route=\/wp\/v2\/posts"}],"about":[{"href":"https:\/\/lospoliticosveracruz.com\/index.php?rest_route=\/wp\/v2\/types\/post"}],"author":[{"embeddable":true,"href":"https:\/\/lospoliticosveracruz.com\/index.php?rest_route=\/wp\/v2\/users\/2"}],"replies":[{"embeddable":true,"href":"https:\/\/lospoliticosveracruz.com\/index.php?rest_route=%2Fwp%2Fv2%2Fcomments&post=67087"}],"version-history":[{"count":1,"href":"https:\/\/lospoliticosveracruz.com\/index.php?rest_route=\/wp\/v2\/posts\/67087\/revisions"}],"predecessor-version":[{"id":67089,"href":"https:\/\/lospoliticosveracruz.com\/index.php?rest_route=\/wp\/v2\/posts\/67087\/revisions\/67089"}],"wp:attachment":[{"href":"https:\/\/lospoliticosveracruz.com\/index.php?rest_route=%2Fwp%2Fv2%2Fmedia&parent=67087"}],"wp:term":[{"taxonomy":"category","embeddable":true,"href":"https:\/\/lospoliticosveracruz.com\/index.php?rest_route=%2Fwp%2Fv2%2Fcategories&post=67087"},{"taxonomy":"post_tag","embeddable":true,"href":"https:\/\/lospoliticosveracruz.com\/index.php?rest_route=%2Fwp%2Fv2%2Ftags&post=67087"}],"curies":[{"name":"wp","href":"https:\/\/api.w.org\/{rel}","templated":true}]}}