{"id":67090,"date":"2021-01-23T10:00:18","date_gmt":"2021-01-23T16:00:18","guid":{"rendered":"http:\/\/www.lospoliticosveracruz.com.mx\/?p=67090"},"modified":"2021-01-23T19:13:56","modified_gmt":"2021-01-24T01:13:56","slug":"sheinbaum-no-sabe","status":"publish","type":"post","link":"https:\/\/lospoliticosveracruz.com\/?p=67090","title":{"rendered":"Sheinbaum no sabe"},"content":{"rendered":"<p><strong>Lorena Pi\u00f1\u00f3n Rivera*<\/strong><\/p>\n<p><em>Consummatum est<\/em><\/p>\n<p>Es tal el tama\u00f1o de la ineptitud a la que me referir\u00e9, que en esta ocasi\u00f3n el pleonasmo y la verdad de Perogrullo son necesarios: hace falta que el gobierno gobierne. El escenario de la toma de decisiones en la primera l\u00ednea del gobierno capitalino es vergonzoso y preocupante. Por un lado un poco la falta de dignidad de parte de Florencia Serran\u00eda que no tiene la grandeza de aceptar sus responsabilidades y renunciar a su encargo como directora del Metro, por otro la tibieza de Claudia Sheinbaum que no se atrevi\u00f3 a cesarla de inmediato.<br \/>\nDurante el \u00faltimo trimestre del 2020, el equipo creativo del libro \u201cMetropolitano\u201d encabezado por Agust\u00edn Danny Jim\u00e9nez, emprendieron sus labores en las instalaciones del metro de la Ciudad de M\u00e9xico, para documentar testimonios y gr\u00e1ficas que fueron incorporados en esta publicaci\u00f3n editada por el Partido Revolucionario Institucional que se present\u00f3 el 29 de diciembre pasado.<br \/>\nEn esas jornadas en donde tomaban fotograf\u00edas y video, fueron remitidos en 3 ocasiones al juzgado, con el pretexto de que ten\u00edan que informar acerca de su actividad en los andenes y convoyes. De manera discreta hubo contacto con los trabajadores del sistema, muchos de ellos refirieron que esa intimidaci\u00f3n de parte de la polic\u00eda, era porque la autoridad tem\u00eda que el PRI documentara el franco deterioro: \u201cen cualquier momento vamos a explotar\u201d, coment\u00f3 un t\u00e9cnico en mantenimiento. Y pas\u00f3 muy pronto.<br \/>\nEl s\u00e1bado 9 de enero de 2021, se desat\u00f3 un gran incendio en una subestaci\u00f3n combinada y un centro de control de tr\u00e1fico de la red del \u201cgusano naranja\u201d. Dado que el sistema en Buen Tono es un centro de control central, las l\u00edneas 1 a 6 del metro se paralizaron. El edificio denominado \u00abDelicias 67\u00bb es el cerebro del metro. Aqu\u00ed se encuentra el centro de control central (PCC), desde el que se programa y supervisa el tr\u00e1fico de trenes, y la subestaci\u00f3n Buen Tono abastece de electricidad. Una mujer polic\u00eda muri\u00f3 y al menos 30 personas resultaron heridas.<br \/>\nLa cr\u00f3nica abreviada que expuse es espeluznante, sobre todo porque hasta ahora no hay un solo responsable -ni una muestra de dignidad y menos de liderazgo-, a pesar de que hay una muerte, personas en estado cr\u00edtico y la movilidad de la capital est\u00e1 colapsada. Esto aunado a la pandemia de Covid-19, desnuda las profundas limitaciones, las incapacidades y las tragedias que puede provocar un gobierno omiso que se envuelve en una austeridad que resulta criminal, pues la falta de mantenimiento pone en riesgo potencial a miles de vidas y compromete la viabilidad de la Ciudad.<br \/>\nClaudia Sheinbaum dijo cuatro horas despu\u00e9s del incendio que no sab\u00eda cuando se reactivar\u00eda el servicio del metro en su totalidad. El problema es que hasta el d\u00eda de hoy sigue en lo mismo: no sabe.<br \/>\nConsummatum: Aplausos para el INE. Que el Presidente se abstenga de emitir opini\u00f3n sobre temas electorales es una victoria de la ciudadan\u00eda para que el Ejecutivo no influya en el proceso electoral. Si AMLO emite juicios sobre alg\u00fan aspirante o las coaliciones electorales es violatorio de las leyes porque sus ma\u00f1aneras son propaganda para \u00e9l y Morena. Por cierto, me adhiero a la exigencia que le hizo el l\u00edder del PRI en CDMX Israel Betanzos a Claudia Sheinbaum para que tenga el valor de destituir a la inepta directora del metro. Tw: @lorenapignon_<br \/>\nSecretaria Nacional de Gesti\u00f3n Social del PRI<\/p>\n","protected":false},"excerpt":{"rendered":"<p>Lorena Pi\u00f1\u00f3n Rivera* Consummatum est Es tal el tama\u00f1o de la ineptitud a la que me referir\u00e9, que en esta ocasi\u00f3n el pleonasmo y la verdad de Perogrullo son necesarios: hace falta que el gobierno gobierne. El escenario de la toma de decisiones en la primera l\u00ednea del gobierno capitalino es vergonzoso y preocupante. Por [&hellip;]<\/p>\n","protected":false},"author":2,"featured_media":0,"comment_status":"open","ping_status":"open","sticky":false,"template":"","format":"standard","meta":{"tdm_status":"","tdm_grid_status":"","footnotes":""},"categories":[70],"tags":[25521,9627,25518,25517,4770,25520],"class_list":{"0":"post-67090","1":"post","2":"type-post","3":"status-publish","4":"format-standard","6":"category-de-opinion","7":"tag-centro-de-control-central","8":"tag-claudia-sheinbaum","9":"tag-directora-del-metro","10":"tag-florencia-serrania","11":"tag-lorena-pinon-rivera","12":"tag-metro-ciudad-de-mexico"},"yoast_head":"<!-- This site is optimized with the Yoast SEO plugin v27.4 - https:\/\/yoast.com\/product\/yoast-seo-wordpress\/ -->\n<title>Sheinbaum no sabe - Los pol\u00edticos Veracruz<\/title>\n<meta name=\"robots\" content=\"index, follow, max-snippet:-1, max-image-preview:large, max-video-preview:-1\" \/>\n<link rel=\"canonical\" href=\"https:\/\/lospoliticosveracruz.com\/?p=67090\" \/>\n<meta property=\"og:locale\" content=\"es_ES\" \/>\n<meta property=\"og:type\" content=\"article\" \/>\n<meta property=\"og:title\" content=\"Sheinbaum no sabe - Los pol\u00edticos Veracruz\" \/>\n<meta property=\"og:description\" content=\"Lorena Pi\u00f1\u00f3n Rivera* Consummatum est Es tal el tama\u00f1o de la ineptitud a la que me referir\u00e9, que en esta ocasi\u00f3n el pleonasmo y la verdad de Perogrullo son necesarios: hace falta que el gobierno gobierne. El escenario de la toma de decisiones en la primera l\u00ednea del gobierno capitalino es vergonzoso y preocupante. Por [&hellip;]\" \/>\n<meta property=\"og:url\" content=\"https:\/\/lospoliticosveracruz.com\/?p=67090\" \/>\n<meta property=\"og:site_name\" content=\"Los pol\u00edticos Veracruz\" \/>\n<meta property=\"article:publisher\" content=\"https:\/\/www.facebook.com\/people\/Notimemes-de-los-Polticos\/61565672886568\/\" \/>\n<meta property=\"article:published_time\" content=\"2021-01-23T16:00:18+00:00\" \/>\n<meta property=\"article:modified_time\" content=\"2021-01-24T01:13:56+00:00\" \/>\n<meta property=\"og:image\" content=\"https:\/\/lospoliticosveracruz.com\/wp-content\/uploads\/2016\/07\/Logo-Dor.jpg\" \/>\n\t<meta property=\"og:image:width\" content=\"200\" \/>\n\t<meta property=\"og:image:height\" content=\"200\" \/>\n\t<meta property=\"og:image:type\" content=\"image\/jpeg\" \/>\n<meta name=\"author\" content=\"Lo viste en Los Pol\u00edticos\" \/>\n<meta name=\"twitter:card\" content=\"summary_large_image\" \/>\n<meta name=\"twitter:creator\" content=\"@LosPoliticosVer\" \/>\n<meta name=\"twitter:site\" content=\"@LosPoliticosVer\" \/>\n<meta name=\"twitter:label1\" content=\"Escrito por\" \/>\n\t<meta name=\"twitter:data1\" content=\"Lo viste en Los Pol\u00edticos\" \/>\n\t<meta name=\"twitter:label2\" content=\"Tiempo de lectura\" \/>\n\t<meta name=\"twitter:data2\" content=\"3 minutos\" \/>\n<script type=\"application\/ld+json\" class=\"yoast-schema-graph\">{\"@context\":\"https:\\\/\\\/schema.org\",\"@graph\":[{\"@type\":\"Article\",\"@id\":\"https:\\\/\\\/lospoliticosveracruz.com\\\/?p=67090#article\",\"isPartOf\":{\"@id\":\"https:\\\/\\\/lospoliticosveracruz.com\\\/?p=67090\"},\"author\":{\"name\":\"Lo viste en Los Pol\u00edticos\",\"@id\":\"https:\\\/\\\/lospoliticosveracruz.com\\\/#\\\/schema\\\/person\\\/b8702bb0e538456e6efd07080bf2a4a2\"},\"headline\":\"Sheinbaum no sabe\",\"datePublished\":\"2021-01-23T16:00:18+00:00\",\"dateModified\":\"2021-01-24T01:13:56+00:00\",\"mainEntityOfPage\":{\"@id\":\"https:\\\/\\\/lospoliticosveracruz.com\\\/?p=67090\"},\"wordCount\":599,\"commentCount\":0,\"publisher\":{\"@id\":\"https:\\\/\\\/lospoliticosveracruz.com\\\/#organization\"},\"keywords\":[\"centro de control central\",\"Claudia Sheinbaum\",\"directora del Metro\",\"Florencia Serran\u00eda\",\"Lorena Pi\u00f1\u00f3n Rivera\",\"Metro ciudad de M\u00e9xico\"],\"articleSection\":[\"De Opini\u00f3n\"],\"inLanguage\":\"es\",\"potentialAction\":[{\"@type\":\"CommentAction\",\"name\":\"Comment\",\"target\":[\"https:\\\/\\\/lospoliticosveracruz.com\\\/?p=67090#respond\"]}]},{\"@type\":\"WebPage\",\"@id\":\"https:\\\/\\\/lospoliticosveracruz.com\\\/?p=67090\",\"url\":\"https:\\\/\\\/lospoliticosveracruz.com\\\/?p=67090\",\"name\":\"Sheinbaum no sabe - Los pol\u00edticos Veracruz\",\"isPartOf\":{\"@id\":\"https:\\\/\\\/lospoliticosveracruz.com\\\/#website\"},\"datePublished\":\"2021-01-23T16:00:18+00:00\",\"dateModified\":\"2021-01-24T01:13:56+00:00\",\"breadcrumb\":{\"@id\":\"https:\\\/\\\/lospoliticosveracruz.com\\\/?p=67090#breadcrumb\"},\"inLanguage\":\"es\",\"potentialAction\":[{\"@type\":\"ReadAction\",\"target\":[\"https:\\\/\\\/lospoliticosveracruz.com\\\/?p=67090\"]}]},{\"@type\":\"BreadcrumbList\",\"@id\":\"https:\\\/\\\/lospoliticosveracruz.com\\\/?p=67090#breadcrumb\",\"itemListElement\":[{\"@type\":\"ListItem\",\"position\":1,\"name\":\"Portada\",\"item\":\"https:\\\/\\\/lospoliticosveracruz.com\\\/\"},{\"@type\":\"ListItem\",\"position\":2,\"name\":\"Sheinbaum no sabe\"}]},{\"@type\":\"WebSite\",\"@id\":\"https:\\\/\\\/lospoliticosveracruz.com\\\/#website\",\"url\":\"https:\\\/\\\/lospoliticosveracruz.com\\\/\",\"name\":\"Los pol\u00edticos Veracruz\",\"description\":\"\",\"publisher\":{\"@id\":\"https:\\\/\\\/lospoliticosveracruz.com\\\/#organization\"},\"potentialAction\":[{\"@type\":\"SearchAction\",\"target\":{\"@type\":\"EntryPoint\",\"urlTemplate\":\"https:\\\/\\\/lospoliticosveracruz.com\\\/?s={search_term_string}\"},\"query-input\":{\"@type\":\"PropertyValueSpecification\",\"valueRequired\":true,\"valueName\":\"search_term_string\"}}],\"inLanguage\":\"es\"},{\"@type\":\"Organization\",\"@id\":\"https:\\\/\\\/lospoliticosveracruz.com\\\/#organization\",\"name\":\"Los pol\u00edticos Veracruz\",\"url\":\"https:\\\/\\\/lospoliticosveracruz.com\\\/\",\"logo\":{\"@type\":\"ImageObject\",\"inLanguage\":\"es\",\"@id\":\"https:\\\/\\\/lospoliticosveracruz.com\\\/#\\\/schema\\\/logo\\\/image\\\/\",\"url\":\"https:\\\/\\\/lospoliticosveracruz.com\\\/wp-content\\\/uploads\\\/2025\\\/12\\\/Logo-Nuevo-LOS-POLITICOS-1.jpg\",\"contentUrl\":\"https:\\\/\\\/lospoliticosveracruz.com\\\/wp-content\\\/uploads\\\/2025\\\/12\\\/Logo-Nuevo-LOS-POLITICOS-1.jpg\",\"width\":260,\"height\":70,\"caption\":\"Los pol\u00edticos Veracruz\"},\"image\":{\"@id\":\"https:\\\/\\\/lospoliticosveracruz.com\\\/#\\\/schema\\\/logo\\\/image\\\/\"},\"sameAs\":[\"https:\\\/\\\/www.facebook.com\\\/people\\\/Notimemes-de-los-Polticos\\\/61565672886568\\\/\",\"https:\\\/\\\/x.com\\\/LosPoliticosVer\"]},{\"@type\":\"Person\",\"@id\":\"https:\\\/\\\/lospoliticosveracruz.com\\\/#\\\/schema\\\/person\\\/b8702bb0e538456e6efd07080bf2a4a2\",\"name\":\"Lo viste en Los Pol\u00edticos\",\"image\":{\"@type\":\"ImageObject\",\"inLanguage\":\"es\",\"@id\":\"https:\\\/\\\/secure.gravatar.com\\\/avatar\\\/3a8de04a2656d44082be478bd6c086daa447c4651605818287b9532d3d0bd435?s=96&d=mm&r=g\",\"url\":\"https:\\\/\\\/secure.gravatar.com\\\/avatar\\\/3a8de04a2656d44082be478bd6c086daa447c4651605818287b9532d3d0bd435?s=96&d=mm&r=g\",\"contentUrl\":\"https:\\\/\\\/secure.gravatar.com\\\/avatar\\\/3a8de04a2656d44082be478bd6c086daa447c4651605818287b9532d3d0bd435?s=96&d=mm&r=g\",\"caption\":\"Lo viste en Los Pol\u00edticos\"},\"url\":\"https:\\\/\\\/lospoliticosveracruz.com\\\/?author=2\"}]}<\/script>\n<!-- \/ Yoast SEO plugin. -->","yoast_head_json":{"title":"Sheinbaum no sabe - Los pol\u00edticos Veracruz","robots":{"index":"index","follow":"follow","max-snippet":"max-snippet:-1","max-image-preview":"max-image-preview:large","max-video-preview":"max-video-preview:-1"},"canonical":"https:\/\/lospoliticosveracruz.com\/?p=67090","og_locale":"es_ES","og_type":"article","og_title":"Sheinbaum no sabe - Los pol\u00edticos Veracruz","og_description":"Lorena Pi\u00f1\u00f3n Rivera* Consummatum est Es tal el tama\u00f1o de la ineptitud a la que me referir\u00e9, que en esta ocasi\u00f3n el pleonasmo y la verdad de Perogrullo son necesarios: hace falta que el gobierno gobierne. El escenario de la toma de decisiones en la primera l\u00ednea del gobierno capitalino es vergonzoso y preocupante. Por [&hellip;]","og_url":"https:\/\/lospoliticosveracruz.com\/?p=67090","og_site_name":"Los pol\u00edticos Veracruz","article_publisher":"https:\/\/www.facebook.com\/people\/Notimemes-de-los-Polticos\/61565672886568\/","article_published_time":"2021-01-23T16:00:18+00:00","article_modified_time":"2021-01-24T01:13:56+00:00","og_image":[{"width":200,"height":200,"url":"https:\/\/lospoliticosveracruz.com\/wp-content\/uploads\/2016\/07\/Logo-Dor.jpg","type":"image\/jpeg"}],"author":"Lo viste en Los Pol\u00edticos","twitter_card":"summary_large_image","twitter_creator":"@LosPoliticosVer","twitter_site":"@LosPoliticosVer","twitter_misc":{"Escrito por":"Lo viste en Los Pol\u00edticos","Tiempo de lectura":"3 minutos"},"schema":{"@context":"https:\/\/schema.org","@graph":[{"@type":"Article","@id":"https:\/\/lospoliticosveracruz.com\/?p=67090#article","isPartOf":{"@id":"https:\/\/lospoliticosveracruz.com\/?p=67090"},"author":{"name":"Lo viste en Los Pol\u00edticos","@id":"https:\/\/lospoliticosveracruz.com\/#\/schema\/person\/b8702bb0e538456e6efd07080bf2a4a2"},"headline":"Sheinbaum no sabe","datePublished":"2021-01-23T16:00:18+00:00","dateModified":"2021-01-24T01:13:56+00:00","mainEntityOfPage":{"@id":"https:\/\/lospoliticosveracruz.com\/?p=67090"},"wordCount":599,"commentCount":0,"publisher":{"@id":"https:\/\/lospoliticosveracruz.com\/#organization"},"keywords":["centro de control central","Claudia Sheinbaum","directora del Metro","Florencia Serran\u00eda","Lorena Pi\u00f1\u00f3n Rivera","Metro ciudad de M\u00e9xico"],"articleSection":["De Opini\u00f3n"],"inLanguage":"es","potentialAction":[{"@type":"CommentAction","name":"Comment","target":["https:\/\/lospoliticosveracruz.com\/?p=67090#respond"]}]},{"@type":"WebPage","@id":"https:\/\/lospoliticosveracruz.com\/?p=67090","url":"https:\/\/lospoliticosveracruz.com\/?p=67090","name":"Sheinbaum no sabe - Los pol\u00edticos Veracruz","isPartOf":{"@id":"https:\/\/lospoliticosveracruz.com\/#website"},"datePublished":"2021-01-23T16:00:18+00:00","dateModified":"2021-01-24T01:13:56+00:00","breadcrumb":{"@id":"https:\/\/lospoliticosveracruz.com\/?p=67090#breadcrumb"},"inLanguage":"es","potentialAction":[{"@type":"ReadAction","target":["https:\/\/lospoliticosveracruz.com\/?p=67090"]}]},{"@type":"BreadcrumbList","@id":"https:\/\/lospoliticosveracruz.com\/?p=67090#breadcrumb","itemListElement":[{"@type":"ListItem","position":1,"name":"Portada","item":"https:\/\/lospoliticosveracruz.com\/"},{"@type":"ListItem","position":2,"name":"Sheinbaum no sabe"}]},{"@type":"WebSite","@id":"https:\/\/lospoliticosveracruz.com\/#website","url":"https:\/\/lospoliticosveracruz.com\/","name":"Los pol\u00edticos Veracruz","description":"","publisher":{"@id":"https:\/\/lospoliticosveracruz.com\/#organization"},"potentialAction":[{"@type":"SearchAction","target":{"@type":"EntryPoint","urlTemplate":"https:\/\/lospoliticosveracruz.com\/?s={search_term_string}"},"query-input":{"@type":"PropertyValueSpecification","valueRequired":true,"valueName":"search_term_string"}}],"inLanguage":"es"},{"@type":"Organization","@id":"https:\/\/lospoliticosveracruz.com\/#organization","name":"Los pol\u00edticos Veracruz","url":"https:\/\/lospoliticosveracruz.com\/","logo":{"@type":"ImageObject","inLanguage":"es","@id":"https:\/\/lospoliticosveracruz.com\/#\/schema\/logo\/image\/","url":"https:\/\/lospoliticosveracruz.com\/wp-content\/uploads\/2025\/12\/Logo-Nuevo-LOS-POLITICOS-1.jpg","contentUrl":"https:\/\/lospoliticosveracruz.com\/wp-content\/uploads\/2025\/12\/Logo-Nuevo-LOS-POLITICOS-1.jpg","width":260,"height":70,"caption":"Los pol\u00edticos Veracruz"},"image":{"@id":"https:\/\/lospoliticosveracruz.com\/#\/schema\/logo\/image\/"},"sameAs":["https:\/\/www.facebook.com\/people\/Notimemes-de-los-Polticos\/61565672886568\/","https:\/\/x.com\/LosPoliticosVer"]},{"@type":"Person","@id":"https:\/\/lospoliticosveracruz.com\/#\/schema\/person\/b8702bb0e538456e6efd07080bf2a4a2","name":"Lo viste en Los Pol\u00edticos","image":{"@type":"ImageObject","inLanguage":"es","@id":"https:\/\/secure.gravatar.com\/avatar\/3a8de04a2656d44082be478bd6c086daa447c4651605818287b9532d3d0bd435?s=96&d=mm&r=g","url":"https:\/\/secure.gravatar.com\/avatar\/3a8de04a2656d44082be478bd6c086daa447c4651605818287b9532d3d0bd435?s=96&d=mm&r=g","contentUrl":"https:\/\/secure.gravatar.com\/avatar\/3a8de04a2656d44082be478bd6c086daa447c4651605818287b9532d3d0bd435?s=96&d=mm&r=g","caption":"Lo viste en Los Pol\u00edticos"},"url":"https:\/\/lospoliticosveracruz.com\/?author=2"}]}},"_links":{"self":[{"href":"https:\/\/lospoliticosveracruz.com\/index.php?rest_route=\/wp\/v2\/posts\/67090","targetHints":{"allow":["GET"]}}],"collection":[{"href":"https:\/\/lospoliticosveracruz.com\/index.php?rest_route=\/wp\/v2\/posts"}],"about":[{"href":"https:\/\/lospoliticosveracruz.com\/index.php?rest_route=\/wp\/v2\/types\/post"}],"author":[{"embeddable":true,"href":"https:\/\/lospoliticosveracruz.com\/index.php?rest_route=\/wp\/v2\/users\/2"}],"replies":[{"embeddable":true,"href":"https:\/\/lospoliticosveracruz.com\/index.php?rest_route=%2Fwp%2Fv2%2Fcomments&post=67090"}],"version-history":[{"count":3,"href":"https:\/\/lospoliticosveracruz.com\/index.php?rest_route=\/wp\/v2\/posts\/67090\/revisions"}],"predecessor-version":[{"id":67120,"href":"https:\/\/lospoliticosveracruz.com\/index.php?rest_route=\/wp\/v2\/posts\/67090\/revisions\/67120"}],"wp:attachment":[{"href":"https:\/\/lospoliticosveracruz.com\/index.php?rest_route=%2Fwp%2Fv2%2Fmedia&parent=67090"}],"wp:term":[{"taxonomy":"category","embeddable":true,"href":"https:\/\/lospoliticosveracruz.com\/index.php?rest_route=%2Fwp%2Fv2%2Fcategories&post=67090"},{"taxonomy":"post_tag","embeddable":true,"href":"https:\/\/lospoliticosveracruz.com\/index.php?rest_route=%2Fwp%2Fv2%2Ftags&post=67090"}],"curies":[{"name":"wp","href":"https:\/\/api.w.org\/{rel}","templated":true}]}}