{"id":67125,"date":"2021-01-24T09:56:12","date_gmt":"2021-01-24T15:56:12","guid":{"rendered":"http:\/\/www.lospoliticosveracruz.com.mx\/?p=67125"},"modified":"2021-01-24T09:56:12","modified_gmt":"2021-01-24T15:56:12","slug":"cossio-la-buena-y-la-mala","status":"publish","type":"post","link":"https:\/\/lospoliticosveracruz.com\/?p=67125","title":{"rendered":"Coss\u00edo: la buena y la mala"},"content":{"rendered":"<p><b>Ricardo\u00a0Ch\u00faa<\/b><\/p>\n<p><i>Sale y Vale<\/i><\/p>\n<p>OJO&#8230; Fiel a su estilo, el PRI sac\u00f3 sus procesos para inscribir a los candidatos a diputados federales en Veracruz, de manera tranquila&#8230; Sobre todo en los distritos que encabeza la alianza opositora con PRD-PAN.. Esto s\u00f3lo da la lectura que van unidos y no habr\u00e1 \u00abfractura\u00bb hasta en donde se inscribieron dos aspirantes a diputaciones federales&#8230; Nos dice \u00abGarganta Profunda Tricolor\u00bb&#8230; Que en las encuestas tanto de pristas, como panistas y perredistas&#8230; Dicen que los 5 distritos los gana el PRI a MORENA &#8230; AMEN&#8230; EL REGRESO DEL DINO&#8230;<\/p>\n<p>COSSIO, LA HISTORIA DETR\u00c1S DEL SPUTNIK&#8230; La acci\u00f3n realizada por el ex diputado local panista y empresario veracruzano, Alejandro Cossio Hern\u00e1ndez, conocido en sus buenos tiempos como \u00abEl B\u00fafalo\u00bb&#8230; De anunciar medi\u00e1ticamente que contaba con la comercializaci\u00f3n para M\u00e9xico, de 2 millones de dosis de la vacuna rusa \u00abSputnik 5\u00bb hace unos d\u00edas y que ten\u00eda el contrato&#8230; Nos dice \u00abEl Garganta Profunda\u00bb provoc\u00f3 que el Presidente de M\u00e9xico, Andr\u00e9s Manuel L\u00f3pez Obrador, permitiera su comercializaci\u00f3n&#8230; MOCOS PETRA&#8230;<\/p>\n<p>Ha Cossio en las \u00faltimas horas&#8230; Lo han \u00abmadreado\u00bb con todo en redes sociales, gobernadores Morenos y de la Alianza Federalista, lo han \u00abtachado\u00bb de mentiroso&#8230; Pareciera que trae los mismos pleitos que sosten\u00eda con Reinaldo Escobar all\u00e1 por el a\u00f1o 2000&#8230; En medios como en lo pol\u00edtico&#8230; El caso es que con esas publicaciones, hizo que el Presidente saliera abrir esa posibilidad de que esta vacuna fuera adquirida de manera particular, por alcaldes, gobernadores o empresarios&#8230; Todo aquel que pudiera importarla, lo hiciera&#8230;<\/p>\n<p>As\u00ed que Alejandro Cossio logr\u00f3 esa situaci\u00f3n a nivel nacional&#8230; Y L\u00f3pez Obrador, no le qued\u00f3 de otra que \u00abdoblar las manos\u00bb, de que quien tuviera los contactos y el dinero, la pudiera importar de las distintas marcas que hay, obvio cumpliendo los requisitos y dem\u00e1s&#8230; Pero tambi\u00e9n es verdad, de que debe haber un DECRETO PRESIDENCIAL porque una cosa es lo que dice AMLO y lo otro, es que ya emita el decreto correspondiente&#8230; Eso es lo que falta&#8230; MIRALOOO&#8230;<\/p>\n<p>Pero OJO, ya que con ese decreto la COFEPRIS dar\u00eda la anuencia para los tr\u00e1mites legales de todos los empresarios, gobiernos municipales y estatales para que puedan adquirir la vacuna contra el COVID-19 con la marca que deseen&#8230; Pero a pesar de ello, Alejandro Cossio est\u00e1 \u00abjugando\u00bb directamente \u00abal filo de la navaja\u00bb&#8230; Ya que ocup\u00f3 sus conocimientos pol\u00edticos y legislativos para estar al \u00abfilo\u00bb del reglamento&#8230; Pero de que logr\u00f3 MOVER a L\u00f3pez Obrador&#8230; Si lo hizo&#8230; El \u00abB\u00fafalo\u00bb avasall\u00f3 como en sus mejores tiempos&#8230; ABROOOONNN&#8230;<\/p>\n<p>Ya que es evidente la reacci\u00f3n en su contra por parte de los Morenos porque Cossio provoca la reacci\u00f3n de L\u00f3pez Obrador, de dar la anuencia p\u00fablica para que particulares y gobiernos de oposici\u00f3n a la 4T, puedan adquirir la vacuna&#8230; Pero hay UN DATO INTERESANTE, que conf\u00eda \u00abGarganta Profunda\u00bb, que es el PRECIO de cu\u00e1nto las adquiri\u00f3&#8230; Con ese costo que da a conocer p\u00fablicamente, el ex diputado local \u00abLE QUEM\u00d3\u00bb el negocio a alguien&#8230; Porque a ese precio de 720 a 800 pesos por dosis lo tienen que vender&#8230; Los trabo comercialmente&#8230;<\/p>\n<p>Esto debido a que con este costo&#8230; Ya nadie lo puede comercializar m\u00e1s alto o m\u00e1s barato&#8230; Les puso una \u00abbarrera\u00bb&#8230; As\u00ed que, sin querer o con -alevosia- le da\u00f1o el negocio a alguien m\u00e1s&#8230; Pero tambi\u00e9n, dice \u00abGarganta Profunda\u00bb, que como Cossio ha sido UN CR\u00cdTICO DE LA 4T sabe muy bien, que en M\u00e9xico, no le van a comprar su producto&#8230; Ni en Veracruz, ni en ning\u00fan lado&#8230; La tendr\u00e1 que vender probablemente en otro pa\u00eds&#8230; De nuevo&#8230; ABROOOONNNNN&#8230;.<\/p>\n<p>Pero si mete en problemas al gobierno de L\u00f3pez Obrador&#8230; Ya que si este no emite el decreto, si la Cofepris no autoriza la entrada de otras empresa de la vacuna contra el Coronavirus&#8230; No s\u00f3lo le cierran las puertas a Cossio, sino a muchos m\u00e1s&#8230; \u00c9l finalmente les deja la \u00abv\u00edbora chillando\u00bb porque debe haber un decreto publicado, pero si AMLO se \u00abecha para atr\u00e1s\u00bb habr\u00e1 conflicto para su persona, gobierno y partido pol\u00edtico&#8230; Ya que el Presidente lo dijo p\u00fablicamente y es un tema delicado&#8230; L\u00f3pez Obrador podr\u00eda ser MORALMENTE DERROTADO&#8230;<\/p>\n<p>Quiz\u00e1s sea fiel a su costumbre&#8230; El Presidente podr\u00e1 desmentir o decir lo que quiera&#8230; Pero de que ya evidenci\u00f3 un tema&#8230; Lo hizo de manera p\u00fablica y en sus \u00abma\u00f1aneras\u00bb.. Dando pauta a que los gobiernos municipales, estatales y empresarios que puedan pagar la vacuna, la consigan de manera directa&#8230; De esa manera, la poblaci\u00f3n no tendr\u00e1 que esperar su turno en el sector salud&#8230; Si tienes \u00abvaro\u00bb la pagas con un doctor particular y listo&#8230; Habr\u00e1 de todos los colores y sabores como \u00abventa de tamales\u00bb&#8230; A qu\u00e9 \u00abB\u00fafalo\u00bb&#8230; AMLO ya te conoci\u00f3&#8230;<\/p>\n<p>Sobre todo si dentro de unas semanas veamos a Alejandro Cossio en alg\u00fan otro pa\u00eds&#8230; Con su foto con el Presidente de esa naci\u00f3n entregando las vacunas porque aqu\u00ed en M\u00e9xico, no lo dejaron venderla, no s\u00f3lo a \u00e9l sino a otras empresas&#8230; ASPTM&#8230; En qu\u00e9 conflicto mete el xalape\u00f1o a todo el sistema de salud en M\u00e9xico&#8230; A meses de las elecciones y Cossio \u00abAnti\u00bb MORENA&#8230; Capaz que lo hacen hasta candidato plurinominal para diputado federal o por qu\u00e9 no&#8230; Su sue\u00f1o no realizado: La alcald\u00eda de Xalapa&#8230;. NO MMN&#8230;<\/p>\n<p>En pocas palabras&#8230; Lo hecho por Cossio Hern\u00e1ndez con la \u00abSputnik 5\u00bb fue el peor \u00abmameyazo\u00bb al gobierno federal de L\u00f3pez Obrador desde marzo del 2020 cuando todo M\u00e9xico se confin\u00f3 por la pandemia del COVID&#8230; El asunto es el DECRETO&#8230; No le queda de otra al Presidente que llevarlo a cabo&#8230; Ya que si no le compran la vacuna en M\u00e9xico, ya los meti\u00f3 en un problema electoral&#8230; M\u00e1s si \u00abEl B\u00fafalo\u00bb las vende en otro pa\u00eds&#8230; Este cuate siempre ha sido echado para adelante&#8230; Al estilo Taibo II&#8230; SE LAS PUEDE DEJAR IR DOBLADA&#8230;<\/p>\n","protected":false},"excerpt":{"rendered":"<p>Ricardo\u00a0Ch\u00faa Sale y Vale OJO&#8230; Fiel a su estilo, el PRI sac\u00f3 sus procesos para inscribir a los candidatos a diputados federales en Veracruz, de manera tranquila&#8230; Sobre todo en los distritos que encabeza la alianza opositora con PRD-PAN.. Esto s\u00f3lo da la lectura que van unidos y no habr\u00e1 \u00abfractura\u00bb hasta en donde se [&hellip;]<\/p>\n","protected":false},"author":2,"featured_media":0,"comment_status":"open","ping_status":"open","sticky":false,"template":"","format":"standard","meta":{"tdm_status":"","tdm_grid_status":"","footnotes":""},"categories":[70],"tags":[16673,25536,6582],"class_list":{"0":"post-67125","1":"post","2":"type-post","3":"status-publish","4":"format-standard","6":"category-de-opinion","7":"tag-covid-19","8":"tag-sputnik","9":"tag-vacunas"},"yoast_head":"<!-- This site is optimized with the Yoast SEO plugin v27.4 - https:\/\/yoast.com\/product\/yoast-seo-wordpress\/ -->\n<title>Coss\u00edo: la buena y la mala - Los pol\u00edticos Veracruz<\/title>\n<meta name=\"robots\" content=\"index, follow, max-snippet:-1, max-image-preview:large, max-video-preview:-1\" \/>\n<link rel=\"canonical\" href=\"https:\/\/lospoliticosveracruz.com\/?p=67125\" \/>\n<meta property=\"og:locale\" content=\"es_ES\" \/>\n<meta property=\"og:type\" content=\"article\" \/>\n<meta property=\"og:title\" content=\"Coss\u00edo: la buena y la mala - Los pol\u00edticos Veracruz\" \/>\n<meta property=\"og:description\" content=\"Ricardo\u00a0Ch\u00faa Sale y Vale OJO&#8230; Fiel a su estilo, el PRI sac\u00f3 sus procesos para inscribir a los candidatos a diputados federales en Veracruz, de manera tranquila&#8230; Sobre todo en los distritos que encabeza la alianza opositora con PRD-PAN.. Esto s\u00f3lo da la lectura que van unidos y no habr\u00e1 \u00abfractura\u00bb hasta en donde se [&hellip;]\" \/>\n<meta property=\"og:url\" content=\"https:\/\/lospoliticosveracruz.com\/?p=67125\" \/>\n<meta property=\"og:site_name\" content=\"Los pol\u00edticos Veracruz\" \/>\n<meta property=\"article:publisher\" content=\"https:\/\/www.facebook.com\/people\/Notimemes-de-los-Polticos\/61565672886568\/\" \/>\n<meta property=\"article:published_time\" content=\"2021-01-24T15:56:12+00:00\" \/>\n<meta property=\"og:image\" content=\"https:\/\/lospoliticosveracruz.com\/wp-content\/uploads\/2016\/07\/Logo-Dor.jpg\" \/>\n\t<meta property=\"og:image:width\" content=\"200\" \/>\n\t<meta property=\"og:image:height\" content=\"200\" \/>\n\t<meta property=\"og:image:type\" content=\"image\/jpeg\" \/>\n<meta name=\"author\" content=\"Lo viste en Los Pol\u00edticos\" \/>\n<meta name=\"twitter:card\" content=\"summary_large_image\" \/>\n<meta name=\"twitter:creator\" content=\"@LosPoliticosVer\" \/>\n<meta name=\"twitter:site\" content=\"@LosPoliticosVer\" \/>\n<meta name=\"twitter:label1\" content=\"Escrito por\" \/>\n\t<meta name=\"twitter:data1\" content=\"Lo viste en Los Pol\u00edticos\" \/>\n\t<meta name=\"twitter:label2\" content=\"Tiempo de lectura\" \/>\n\t<meta name=\"twitter:data2\" content=\"5 minutos\" \/>\n<script type=\"application\/ld+json\" class=\"yoast-schema-graph\">{\"@context\":\"https:\\\/\\\/schema.org\",\"@graph\":[{\"@type\":\"Article\",\"@id\":\"https:\\\/\\\/lospoliticosveracruz.com\\\/?p=67125#article\",\"isPartOf\":{\"@id\":\"https:\\\/\\\/lospoliticosveracruz.com\\\/?p=67125\"},\"author\":{\"name\":\"Lo viste en Los Pol\u00edticos\",\"@id\":\"https:\\\/\\\/lospoliticosveracruz.com\\\/#\\\/schema\\\/person\\\/b8702bb0e538456e6efd07080bf2a4a2\"},\"headline\":\"Coss\u00edo: la buena y la mala\",\"datePublished\":\"2021-01-24T15:56:12+00:00\",\"mainEntityOfPage\":{\"@id\":\"https:\\\/\\\/lospoliticosveracruz.com\\\/?p=67125\"},\"wordCount\":1047,\"commentCount\":0,\"publisher\":{\"@id\":\"https:\\\/\\\/lospoliticosveracruz.com\\\/#organization\"},\"keywords\":[\"Covid 19\",\"Sputnik\",\"Vacunas\"],\"articleSection\":[\"De Opini\u00f3n\"],\"inLanguage\":\"es\",\"potentialAction\":[{\"@type\":\"CommentAction\",\"name\":\"Comment\",\"target\":[\"https:\\\/\\\/lospoliticosveracruz.com\\\/?p=67125#respond\"]}]},{\"@type\":\"WebPage\",\"@id\":\"https:\\\/\\\/lospoliticosveracruz.com\\\/?p=67125\",\"url\":\"https:\\\/\\\/lospoliticosveracruz.com\\\/?p=67125\",\"name\":\"Coss\u00edo: la buena y la mala - Los pol\u00edticos Veracruz\",\"isPartOf\":{\"@id\":\"https:\\\/\\\/lospoliticosveracruz.com\\\/#website\"},\"datePublished\":\"2021-01-24T15:56:12+00:00\",\"breadcrumb\":{\"@id\":\"https:\\\/\\\/lospoliticosveracruz.com\\\/?p=67125#breadcrumb\"},\"inLanguage\":\"es\",\"potentialAction\":[{\"@type\":\"ReadAction\",\"target\":[\"https:\\\/\\\/lospoliticosveracruz.com\\\/?p=67125\"]}]},{\"@type\":\"BreadcrumbList\",\"@id\":\"https:\\\/\\\/lospoliticosveracruz.com\\\/?p=67125#breadcrumb\",\"itemListElement\":[{\"@type\":\"ListItem\",\"position\":1,\"name\":\"Portada\",\"item\":\"https:\\\/\\\/lospoliticosveracruz.com\\\/\"},{\"@type\":\"ListItem\",\"position\":2,\"name\":\"Coss\u00edo: la buena y la mala\"}]},{\"@type\":\"WebSite\",\"@id\":\"https:\\\/\\\/lospoliticosveracruz.com\\\/#website\",\"url\":\"https:\\\/\\\/lospoliticosveracruz.com\\\/\",\"name\":\"Los pol\u00edticos Veracruz\",\"description\":\"\",\"publisher\":{\"@id\":\"https:\\\/\\\/lospoliticosveracruz.com\\\/#organization\"},\"potentialAction\":[{\"@type\":\"SearchAction\",\"target\":{\"@type\":\"EntryPoint\",\"urlTemplate\":\"https:\\\/\\\/lospoliticosveracruz.com\\\/?s={search_term_string}\"},\"query-input\":{\"@type\":\"PropertyValueSpecification\",\"valueRequired\":true,\"valueName\":\"search_term_string\"}}],\"inLanguage\":\"es\"},{\"@type\":\"Organization\",\"@id\":\"https:\\\/\\\/lospoliticosveracruz.com\\\/#organization\",\"name\":\"Los pol\u00edticos Veracruz\",\"url\":\"https:\\\/\\\/lospoliticosveracruz.com\\\/\",\"logo\":{\"@type\":\"ImageObject\",\"inLanguage\":\"es\",\"@id\":\"https:\\\/\\\/lospoliticosveracruz.com\\\/#\\\/schema\\\/logo\\\/image\\\/\",\"url\":\"https:\\\/\\\/lospoliticosveracruz.com\\\/wp-content\\\/uploads\\\/2025\\\/12\\\/Logo-Nuevo-LOS-POLITICOS-1.jpg\",\"contentUrl\":\"https:\\\/\\\/lospoliticosveracruz.com\\\/wp-content\\\/uploads\\\/2025\\\/12\\\/Logo-Nuevo-LOS-POLITICOS-1.jpg\",\"width\":260,\"height\":70,\"caption\":\"Los pol\u00edticos Veracruz\"},\"image\":{\"@id\":\"https:\\\/\\\/lospoliticosveracruz.com\\\/#\\\/schema\\\/logo\\\/image\\\/\"},\"sameAs\":[\"https:\\\/\\\/www.facebook.com\\\/people\\\/Notimemes-de-los-Polticos\\\/61565672886568\\\/\",\"https:\\\/\\\/x.com\\\/LosPoliticosVer\"]},{\"@type\":\"Person\",\"@id\":\"https:\\\/\\\/lospoliticosveracruz.com\\\/#\\\/schema\\\/person\\\/b8702bb0e538456e6efd07080bf2a4a2\",\"name\":\"Lo viste en Los Pol\u00edticos\",\"image\":{\"@type\":\"ImageObject\",\"inLanguage\":\"es\",\"@id\":\"https:\\\/\\\/secure.gravatar.com\\\/avatar\\\/3a8de04a2656d44082be478bd6c086daa447c4651605818287b9532d3d0bd435?s=96&d=mm&r=g\",\"url\":\"https:\\\/\\\/secure.gravatar.com\\\/avatar\\\/3a8de04a2656d44082be478bd6c086daa447c4651605818287b9532d3d0bd435?s=96&d=mm&r=g\",\"contentUrl\":\"https:\\\/\\\/secure.gravatar.com\\\/avatar\\\/3a8de04a2656d44082be478bd6c086daa447c4651605818287b9532d3d0bd435?s=96&d=mm&r=g\",\"caption\":\"Lo viste en Los Pol\u00edticos\"},\"url\":\"https:\\\/\\\/lospoliticosveracruz.com\\\/?author=2\"}]}<\/script>\n<!-- \/ Yoast SEO plugin. -->","yoast_head_json":{"title":"Coss\u00edo: la buena y la mala - Los pol\u00edticos Veracruz","robots":{"index":"index","follow":"follow","max-snippet":"max-snippet:-1","max-image-preview":"max-image-preview:large","max-video-preview":"max-video-preview:-1"},"canonical":"https:\/\/lospoliticosveracruz.com\/?p=67125","og_locale":"es_ES","og_type":"article","og_title":"Coss\u00edo: la buena y la mala - Los pol\u00edticos Veracruz","og_description":"Ricardo\u00a0Ch\u00faa Sale y Vale OJO&#8230; Fiel a su estilo, el PRI sac\u00f3 sus procesos para inscribir a los candidatos a diputados federales en Veracruz, de manera tranquila&#8230; Sobre todo en los distritos que encabeza la alianza opositora con PRD-PAN.. Esto s\u00f3lo da la lectura que van unidos y no habr\u00e1 \u00abfractura\u00bb hasta en donde se [&hellip;]","og_url":"https:\/\/lospoliticosveracruz.com\/?p=67125","og_site_name":"Los pol\u00edticos Veracruz","article_publisher":"https:\/\/www.facebook.com\/people\/Notimemes-de-los-Polticos\/61565672886568\/","article_published_time":"2021-01-24T15:56:12+00:00","og_image":[{"width":200,"height":200,"url":"https:\/\/lospoliticosveracruz.com\/wp-content\/uploads\/2016\/07\/Logo-Dor.jpg","type":"image\/jpeg"}],"author":"Lo viste en Los Pol\u00edticos","twitter_card":"summary_large_image","twitter_creator":"@LosPoliticosVer","twitter_site":"@LosPoliticosVer","twitter_misc":{"Escrito por":"Lo viste en Los Pol\u00edticos","Tiempo de lectura":"5 minutos"},"schema":{"@context":"https:\/\/schema.org","@graph":[{"@type":"Article","@id":"https:\/\/lospoliticosveracruz.com\/?p=67125#article","isPartOf":{"@id":"https:\/\/lospoliticosveracruz.com\/?p=67125"},"author":{"name":"Lo viste en Los Pol\u00edticos","@id":"https:\/\/lospoliticosveracruz.com\/#\/schema\/person\/b8702bb0e538456e6efd07080bf2a4a2"},"headline":"Coss\u00edo: la buena y la mala","datePublished":"2021-01-24T15:56:12+00:00","mainEntityOfPage":{"@id":"https:\/\/lospoliticosveracruz.com\/?p=67125"},"wordCount":1047,"commentCount":0,"publisher":{"@id":"https:\/\/lospoliticosveracruz.com\/#organization"},"keywords":["Covid 19","Sputnik","Vacunas"],"articleSection":["De Opini\u00f3n"],"inLanguage":"es","potentialAction":[{"@type":"CommentAction","name":"Comment","target":["https:\/\/lospoliticosveracruz.com\/?p=67125#respond"]}]},{"@type":"WebPage","@id":"https:\/\/lospoliticosveracruz.com\/?p=67125","url":"https:\/\/lospoliticosveracruz.com\/?p=67125","name":"Coss\u00edo: la buena y la mala - Los pol\u00edticos Veracruz","isPartOf":{"@id":"https:\/\/lospoliticosveracruz.com\/#website"},"datePublished":"2021-01-24T15:56:12+00:00","breadcrumb":{"@id":"https:\/\/lospoliticosveracruz.com\/?p=67125#breadcrumb"},"inLanguage":"es","potentialAction":[{"@type":"ReadAction","target":["https:\/\/lospoliticosveracruz.com\/?p=67125"]}]},{"@type":"BreadcrumbList","@id":"https:\/\/lospoliticosveracruz.com\/?p=67125#breadcrumb","itemListElement":[{"@type":"ListItem","position":1,"name":"Portada","item":"https:\/\/lospoliticosveracruz.com\/"},{"@type":"ListItem","position":2,"name":"Coss\u00edo: la buena y la mala"}]},{"@type":"WebSite","@id":"https:\/\/lospoliticosveracruz.com\/#website","url":"https:\/\/lospoliticosveracruz.com\/","name":"Los pol\u00edticos Veracruz","description":"","publisher":{"@id":"https:\/\/lospoliticosveracruz.com\/#organization"},"potentialAction":[{"@type":"SearchAction","target":{"@type":"EntryPoint","urlTemplate":"https:\/\/lospoliticosveracruz.com\/?s={search_term_string}"},"query-input":{"@type":"PropertyValueSpecification","valueRequired":true,"valueName":"search_term_string"}}],"inLanguage":"es"},{"@type":"Organization","@id":"https:\/\/lospoliticosveracruz.com\/#organization","name":"Los pol\u00edticos Veracruz","url":"https:\/\/lospoliticosveracruz.com\/","logo":{"@type":"ImageObject","inLanguage":"es","@id":"https:\/\/lospoliticosveracruz.com\/#\/schema\/logo\/image\/","url":"https:\/\/lospoliticosveracruz.com\/wp-content\/uploads\/2025\/12\/Logo-Nuevo-LOS-POLITICOS-1.jpg","contentUrl":"https:\/\/lospoliticosveracruz.com\/wp-content\/uploads\/2025\/12\/Logo-Nuevo-LOS-POLITICOS-1.jpg","width":260,"height":70,"caption":"Los pol\u00edticos Veracruz"},"image":{"@id":"https:\/\/lospoliticosveracruz.com\/#\/schema\/logo\/image\/"},"sameAs":["https:\/\/www.facebook.com\/people\/Notimemes-de-los-Polticos\/61565672886568\/","https:\/\/x.com\/LosPoliticosVer"]},{"@type":"Person","@id":"https:\/\/lospoliticosveracruz.com\/#\/schema\/person\/b8702bb0e538456e6efd07080bf2a4a2","name":"Lo viste en Los Pol\u00edticos","image":{"@type":"ImageObject","inLanguage":"es","@id":"https:\/\/secure.gravatar.com\/avatar\/3a8de04a2656d44082be478bd6c086daa447c4651605818287b9532d3d0bd435?s=96&d=mm&r=g","url":"https:\/\/secure.gravatar.com\/avatar\/3a8de04a2656d44082be478bd6c086daa447c4651605818287b9532d3d0bd435?s=96&d=mm&r=g","contentUrl":"https:\/\/secure.gravatar.com\/avatar\/3a8de04a2656d44082be478bd6c086daa447c4651605818287b9532d3d0bd435?s=96&d=mm&r=g","caption":"Lo viste en Los Pol\u00edticos"},"url":"https:\/\/lospoliticosveracruz.com\/?author=2"}]}},"_links":{"self":[{"href":"https:\/\/lospoliticosveracruz.com\/index.php?rest_route=\/wp\/v2\/posts\/67125","targetHints":{"allow":["GET"]}}],"collection":[{"href":"https:\/\/lospoliticosveracruz.com\/index.php?rest_route=\/wp\/v2\/posts"}],"about":[{"href":"https:\/\/lospoliticosveracruz.com\/index.php?rest_route=\/wp\/v2\/types\/post"}],"author":[{"embeddable":true,"href":"https:\/\/lospoliticosveracruz.com\/index.php?rest_route=\/wp\/v2\/users\/2"}],"replies":[{"embeddable":true,"href":"https:\/\/lospoliticosveracruz.com\/index.php?rest_route=%2Fwp%2Fv2%2Fcomments&post=67125"}],"version-history":[{"count":2,"href":"https:\/\/lospoliticosveracruz.com\/index.php?rest_route=\/wp\/v2\/posts\/67125\/revisions"}],"predecessor-version":[{"id":67128,"href":"https:\/\/lospoliticosveracruz.com\/index.php?rest_route=\/wp\/v2\/posts\/67125\/revisions\/67128"}],"wp:attachment":[{"href":"https:\/\/lospoliticosveracruz.com\/index.php?rest_route=%2Fwp%2Fv2%2Fmedia&parent=67125"}],"wp:term":[{"taxonomy":"category","embeddable":true,"href":"https:\/\/lospoliticosveracruz.com\/index.php?rest_route=%2Fwp%2Fv2%2Fcategories&post=67125"},{"taxonomy":"post_tag","embeddable":true,"href":"https:\/\/lospoliticosveracruz.com\/index.php?rest_route=%2Fwp%2Fv2%2Ftags&post=67125"}],"curies":[{"name":"wp","href":"https:\/\/api.w.org\/{rel}","templated":true}]}}