{"id":67156,"date":"2021-01-25T08:41:14","date_gmt":"2021-01-25T14:41:14","guid":{"rendered":"http:\/\/www.lospoliticosveracruz.com.mx\/?p=67156"},"modified":"2021-01-25T08:41:14","modified_gmt":"2021-01-25T14:41:14","slug":"el-tiempo-efimero-del-poder","status":"publish","type":"post","link":"https:\/\/lospoliticosveracruz.com\/?p=67156","title":{"rendered":"El tiempo ef\u00edmero del poder"},"content":{"rendered":"<p><strong>Jorge V\u00e1zquez Sangabriel<\/strong><\/p>\n<p><em>Palimpesto<\/em><\/p>\n<p>Contrario a la frase de que el poder no se comparte; el poder al igual que el pan y la sal, se debe de compartir; de no hacerlo, se pierde o se extrav\u00eda su esencia; condici\u00f3n centralista de los hombres que por azares del destino les coloca a pesar de su cortedad y peque\u00f1ez en la circunstancia de acceder al poder. No cualquiera nace con la capacidad para liderar y liderarse, se requiere para ello de instinto, de astucia, dominio de s\u00ed mismo, de prudencia, de c\u00e1lculo, capacidad para medir los tiempos, conocer y medir a los hombres, y medir al pueblo; la lectura de la escenograf\u00eda social, sus intereses, necesidades y sus circunstancias, es la estrategia en el campo de la pol\u00edtica; admitir que se tiene o no la capacidad para ello, que no todo se puede abarcar, que se necesita de alianzas y aliados, son los primeros datos de prudencia, para ejercer el poder; desde el cual se manda, se hace como que se manda o se deja mandarse, con las consecuencias que de ello deriva; la historia universal est\u00e1 enriquecida con cap\u00edtulos voluminosos que ilustran pasajes de estos.<br \/>\nDe pronto, posterior al duro clima invernal, la profusa humedad, del diluviano aguacero, brotan por doquier, noticias fantasmag\u00f3ricas, que como plaga cubierta de sombras, emergen de la ci\u00e9naga individuos que aparecen a la luz despu\u00e9s del crudo invierno; asoman la testa con los tenues rayos solares, al calor de los deseos de las inquietudes pol\u00edticas, en este El tiempo de la ira, como lo describi\u00f3 Luis Spota en su obra; el miedo m\u00e1s intenso que sociedad alguna ha vivido hasta entonces, se descubre ante una sociedad que se paraliza en constante sufrimiento con el que tropieza haci\u00e9ndole embargar de lamentaciones, con fragmentos de su existencia, vive visiones que desaparecen y vuelven aparecer constantemente en fracciones de tiempo sobre todo en la penumbra de la noche, los recuerdos, la tristeza, la nostalgia y el insomnio, se agolpan, enclaustran, encierran a una sociedad debilitada, desesperada, desesperanzada que siente en carne propia el cataclismo de lo indeseable.<br \/>\nPor ello, muchos, consideran poder ser los redentores de esta cat\u00e1strofe y se aprestan a participar en el \u00fanico proceso civilizado o no que conocemos hasta ahora para dirimir diferencias para contender por el poder, que es, la competencia electoral-electorera; sin experiencia alguna, malhechores ex candidatos que los gobiernos anteriores y, este hicieron a modo; cualquiera cree y siente tener la capacidad y los arrestos para corregir el Infierno de todos, como el t\u00edtulo de la obra de Sergio Pitol; corregir con las propuestas ideol\u00f3gicas, de la responsabilidad social; pero en esto, los hay quienes tienen intereses y no ideolog\u00eda, su origen les delata; la condici\u00f3n ante un Estado debilitado con una estropeada moral de la sociedad, les hace vender la propuesta enga\u00f1osa de que ser\u00e1n los redentores de este desastre.<\/p>\n<p><strong>Sint\u00e1cticas<\/strong><br \/>\nDon Reynaldo Escobar ha dicho que se guarda en esta ciudad los archivos y la memoria de algunos h\u00e1rbanos trapecistas.<br \/>\nLa pol\u00edtica se ha convertido en asunto de mercaderes.<br \/>\nEl Estado\u2026 es el estado que un pueblo quiere.<br \/>\n\u00a1Cu\u00e1ntos articulistas promueven a sus prospectos!<br \/>\nLas tareas superiores a la fuerza de un hombre le debilitan.<br \/>\nDe un Arzobispo a Jevs:<br \/>\nEs tan dif\u00edcil encontrar con quien conversar en estos tiempos, quiz\u00e1 por culpa de la televisi\u00f3n y el internet, hemos dejado morir el placer superior de la charla\u2026Hoy por pereza, ya no se habla; s\u00f3lo se mira o se dicen necedades.<br \/>\nBoccherini. Quarteto Quiroga. Interpreta una pieza in\u00e9dita del m\u00fasico:<br \/>\n<a href=\"https:\/\/www.youtube.com\/watch?v=ov8OZPxMiQs\">https:\/\/www.youtube.com\/watch?v=ov8OZPxMiQs<\/a><\/p>\n","protected":false},"excerpt":{"rendered":"<p>Jorge V\u00e1zquez Sangabriel Palimpesto Contrario a la frase de que el poder no se comparte; el poder al igual que el pan y la sal, se debe de compartir; de no hacerlo, se pierde o se extrav\u00eda su esencia; condici\u00f3n centralista de los hombres que por azares del destino les coloca a pesar de su [&hellip;]<\/p>\n","protected":false},"author":2,"featured_media":0,"comment_status":"open","ping_status":"open","sticky":false,"template":"","format":"video","meta":{"tdm_status":"","tdm_grid_status":"","footnotes":""},"categories":[70],"tags":[25549,10886,5198,17151,10091,25548,1433,1689],"class_list":{"0":"post-67156","1":"post","2":"type-post","3":"status-publish","4":"format-video","6":"category-de-opinion","7":"tag-historia-universal","8":"tag-ideologia","9":"tag-internet","10":"tag-jorge-vazquez-sangabriel","11":"tag-poder","12":"tag-pueblo","13":"tag-reynaldo-escobar","14":"tag-sergio-pitol","15":"post_format-post-format-video"},"yoast_head":"<!-- This site is optimized with the Yoast SEO plugin v27.4 - https:\/\/yoast.com\/product\/yoast-seo-wordpress\/ -->\n<title>El tiempo ef\u00edmero del poder - Los pol\u00edticos Veracruz<\/title>\n<meta name=\"robots\" content=\"index, follow, max-snippet:-1, max-image-preview:large, max-video-preview:-1\" \/>\n<link rel=\"canonical\" href=\"https:\/\/lospoliticosveracruz.com\/?p=67156\" \/>\n<meta property=\"og:locale\" content=\"es_ES\" \/>\n<meta property=\"og:type\" content=\"article\" \/>\n<meta property=\"og:title\" content=\"El tiempo ef\u00edmero del poder - Los pol\u00edticos Veracruz\" \/>\n<meta property=\"og:description\" content=\"Jorge V\u00e1zquez Sangabriel Palimpesto Contrario a la frase de que el poder no se comparte; el poder al igual que el pan y la sal, se debe de compartir; de no hacerlo, se pierde o se extrav\u00eda su esencia; condici\u00f3n centralista de los hombres que por azares del destino les coloca a pesar de su [&hellip;]\" \/>\n<meta property=\"og:url\" content=\"https:\/\/lospoliticosveracruz.com\/?p=67156\" \/>\n<meta property=\"og:site_name\" content=\"Los pol\u00edticos Veracruz\" \/>\n<meta property=\"article:publisher\" content=\"https:\/\/www.facebook.com\/people\/Notimemes-de-los-Polticos\/61565672886568\/\" \/>\n<meta property=\"article:published_time\" content=\"2021-01-25T14:41:14+00:00\" \/>\n<meta property=\"og:image\" content=\"https:\/\/lospoliticosveracruz.com\/wp-content\/uploads\/2016\/07\/Logo-Dor.jpg\" \/>\n\t<meta property=\"og:image:width\" content=\"200\" \/>\n\t<meta property=\"og:image:height\" content=\"200\" \/>\n\t<meta property=\"og:image:type\" content=\"image\/jpeg\" \/>\n<meta name=\"author\" content=\"Lo viste en Los Pol\u00edticos\" \/>\n<meta name=\"twitter:card\" content=\"summary_large_image\" \/>\n<meta name=\"twitter:creator\" content=\"@LosPoliticosVer\" \/>\n<meta name=\"twitter:site\" content=\"@LosPoliticosVer\" \/>\n<meta name=\"twitter:label1\" content=\"Escrito por\" \/>\n\t<meta name=\"twitter:data1\" content=\"Lo viste en Los Pol\u00edticos\" \/>\n\t<meta name=\"twitter:label2\" content=\"Tiempo de lectura\" \/>\n\t<meta name=\"twitter:data2\" content=\"3 minutos\" \/>\n<script type=\"application\/ld+json\" class=\"yoast-schema-graph\">{\"@context\":\"https:\\\/\\\/schema.org\",\"@graph\":[{\"@type\":\"Article\",\"@id\":\"https:\\\/\\\/lospoliticosveracruz.com\\\/?p=67156#article\",\"isPartOf\":{\"@id\":\"https:\\\/\\\/lospoliticosveracruz.com\\\/?p=67156\"},\"author\":{\"name\":\"Lo viste en Los Pol\u00edticos\",\"@id\":\"https:\\\/\\\/lospoliticosveracruz.com\\\/#\\\/schema\\\/person\\\/b8702bb0e538456e6efd07080bf2a4a2\"},\"headline\":\"El tiempo ef\u00edmero del poder\",\"datePublished\":\"2021-01-25T14:41:14+00:00\",\"mainEntityOfPage\":{\"@id\":\"https:\\\/\\\/lospoliticosveracruz.com\\\/?p=67156\"},\"wordCount\":636,\"commentCount\":0,\"publisher\":{\"@id\":\"https:\\\/\\\/lospoliticosveracruz.com\\\/#organization\"},\"keywords\":[\"Historia Universal\",\"Ideolog\u00eda\",\"internet\",\"Jorge V\u00e1zquez Sangabriel\",\"poder\",\"Pueblo\",\"Reynaldo Escobar\",\"Sergio Pitol\"],\"articleSection\":[\"De Opini\u00f3n\"],\"inLanguage\":\"es\",\"potentialAction\":[{\"@type\":\"CommentAction\",\"name\":\"Comment\",\"target\":[\"https:\\\/\\\/lospoliticosveracruz.com\\\/?p=67156#respond\"]}]},{\"@type\":\"WebPage\",\"@id\":\"https:\\\/\\\/lospoliticosveracruz.com\\\/?p=67156\",\"url\":\"https:\\\/\\\/lospoliticosveracruz.com\\\/?p=67156\",\"name\":\"El tiempo ef\u00edmero del poder - Los pol\u00edticos Veracruz\",\"isPartOf\":{\"@id\":\"https:\\\/\\\/lospoliticosveracruz.com\\\/#website\"},\"datePublished\":\"2021-01-25T14:41:14+00:00\",\"breadcrumb\":{\"@id\":\"https:\\\/\\\/lospoliticosveracruz.com\\\/?p=67156#breadcrumb\"},\"inLanguage\":\"es\",\"potentialAction\":[{\"@type\":\"ReadAction\",\"target\":[\"https:\\\/\\\/lospoliticosveracruz.com\\\/?p=67156\"]}]},{\"@type\":\"BreadcrumbList\",\"@id\":\"https:\\\/\\\/lospoliticosveracruz.com\\\/?p=67156#breadcrumb\",\"itemListElement\":[{\"@type\":\"ListItem\",\"position\":1,\"name\":\"Portada\",\"item\":\"https:\\\/\\\/lospoliticosveracruz.com\\\/\"},{\"@type\":\"ListItem\",\"position\":2,\"name\":\"El tiempo ef\u00edmero del poder\"}]},{\"@type\":\"WebSite\",\"@id\":\"https:\\\/\\\/lospoliticosveracruz.com\\\/#website\",\"url\":\"https:\\\/\\\/lospoliticosveracruz.com\\\/\",\"name\":\"Los pol\u00edticos Veracruz\",\"description\":\"\",\"publisher\":{\"@id\":\"https:\\\/\\\/lospoliticosveracruz.com\\\/#organization\"},\"potentialAction\":[{\"@type\":\"SearchAction\",\"target\":{\"@type\":\"EntryPoint\",\"urlTemplate\":\"https:\\\/\\\/lospoliticosveracruz.com\\\/?s={search_term_string}\"},\"query-input\":{\"@type\":\"PropertyValueSpecification\",\"valueRequired\":true,\"valueName\":\"search_term_string\"}}],\"inLanguage\":\"es\"},{\"@type\":\"Organization\",\"@id\":\"https:\\\/\\\/lospoliticosveracruz.com\\\/#organization\",\"name\":\"Los pol\u00edticos Veracruz\",\"url\":\"https:\\\/\\\/lospoliticosveracruz.com\\\/\",\"logo\":{\"@type\":\"ImageObject\",\"inLanguage\":\"es\",\"@id\":\"https:\\\/\\\/lospoliticosveracruz.com\\\/#\\\/schema\\\/logo\\\/image\\\/\",\"url\":\"https:\\\/\\\/lospoliticosveracruz.com\\\/wp-content\\\/uploads\\\/2025\\\/12\\\/Logo-Nuevo-LOS-POLITICOS-1.jpg\",\"contentUrl\":\"https:\\\/\\\/lospoliticosveracruz.com\\\/wp-content\\\/uploads\\\/2025\\\/12\\\/Logo-Nuevo-LOS-POLITICOS-1.jpg\",\"width\":260,\"height\":70,\"caption\":\"Los pol\u00edticos Veracruz\"},\"image\":{\"@id\":\"https:\\\/\\\/lospoliticosveracruz.com\\\/#\\\/schema\\\/logo\\\/image\\\/\"},\"sameAs\":[\"https:\\\/\\\/www.facebook.com\\\/people\\\/Notimemes-de-los-Polticos\\\/61565672886568\\\/\",\"https:\\\/\\\/x.com\\\/LosPoliticosVer\"]},{\"@type\":\"Person\",\"@id\":\"https:\\\/\\\/lospoliticosveracruz.com\\\/#\\\/schema\\\/person\\\/b8702bb0e538456e6efd07080bf2a4a2\",\"name\":\"Lo viste en Los Pol\u00edticos\",\"image\":{\"@type\":\"ImageObject\",\"inLanguage\":\"es\",\"@id\":\"https:\\\/\\\/secure.gravatar.com\\\/avatar\\\/3a8de04a2656d44082be478bd6c086daa447c4651605818287b9532d3d0bd435?s=96&d=mm&r=g\",\"url\":\"https:\\\/\\\/secure.gravatar.com\\\/avatar\\\/3a8de04a2656d44082be478bd6c086daa447c4651605818287b9532d3d0bd435?s=96&d=mm&r=g\",\"contentUrl\":\"https:\\\/\\\/secure.gravatar.com\\\/avatar\\\/3a8de04a2656d44082be478bd6c086daa447c4651605818287b9532d3d0bd435?s=96&d=mm&r=g\",\"caption\":\"Lo viste en Los Pol\u00edticos\"},\"url\":\"https:\\\/\\\/lospoliticosveracruz.com\\\/?author=2\"}]}<\/script>\n<!-- \/ Yoast SEO plugin. -->","yoast_head_json":{"title":"El tiempo ef\u00edmero del poder - Los pol\u00edticos Veracruz","robots":{"index":"index","follow":"follow","max-snippet":"max-snippet:-1","max-image-preview":"max-image-preview:large","max-video-preview":"max-video-preview:-1"},"canonical":"https:\/\/lospoliticosveracruz.com\/?p=67156","og_locale":"es_ES","og_type":"article","og_title":"El tiempo ef\u00edmero del poder - Los pol\u00edticos Veracruz","og_description":"Jorge V\u00e1zquez Sangabriel Palimpesto Contrario a la frase de que el poder no se comparte; el poder al igual que el pan y la sal, se debe de compartir; de no hacerlo, se pierde o se extrav\u00eda su esencia; condici\u00f3n centralista de los hombres que por azares del destino les coloca a pesar de su [&hellip;]","og_url":"https:\/\/lospoliticosveracruz.com\/?p=67156","og_site_name":"Los pol\u00edticos Veracruz","article_publisher":"https:\/\/www.facebook.com\/people\/Notimemes-de-los-Polticos\/61565672886568\/","article_published_time":"2021-01-25T14:41:14+00:00","og_image":[{"width":200,"height":200,"url":"https:\/\/lospoliticosveracruz.com\/wp-content\/uploads\/2016\/07\/Logo-Dor.jpg","type":"image\/jpeg"}],"author":"Lo viste en Los Pol\u00edticos","twitter_card":"summary_large_image","twitter_creator":"@LosPoliticosVer","twitter_site":"@LosPoliticosVer","twitter_misc":{"Escrito por":"Lo viste en Los Pol\u00edticos","Tiempo de lectura":"3 minutos"},"schema":{"@context":"https:\/\/schema.org","@graph":[{"@type":"Article","@id":"https:\/\/lospoliticosveracruz.com\/?p=67156#article","isPartOf":{"@id":"https:\/\/lospoliticosveracruz.com\/?p=67156"},"author":{"name":"Lo viste en Los Pol\u00edticos","@id":"https:\/\/lospoliticosveracruz.com\/#\/schema\/person\/b8702bb0e538456e6efd07080bf2a4a2"},"headline":"El tiempo ef\u00edmero del poder","datePublished":"2021-01-25T14:41:14+00:00","mainEntityOfPage":{"@id":"https:\/\/lospoliticosveracruz.com\/?p=67156"},"wordCount":636,"commentCount":0,"publisher":{"@id":"https:\/\/lospoliticosveracruz.com\/#organization"},"keywords":["Historia Universal","Ideolog\u00eda","internet","Jorge V\u00e1zquez Sangabriel","poder","Pueblo","Reynaldo Escobar","Sergio Pitol"],"articleSection":["De Opini\u00f3n"],"inLanguage":"es","potentialAction":[{"@type":"CommentAction","name":"Comment","target":["https:\/\/lospoliticosveracruz.com\/?p=67156#respond"]}]},{"@type":"WebPage","@id":"https:\/\/lospoliticosveracruz.com\/?p=67156","url":"https:\/\/lospoliticosveracruz.com\/?p=67156","name":"El tiempo ef\u00edmero del poder - Los pol\u00edticos Veracruz","isPartOf":{"@id":"https:\/\/lospoliticosveracruz.com\/#website"},"datePublished":"2021-01-25T14:41:14+00:00","breadcrumb":{"@id":"https:\/\/lospoliticosveracruz.com\/?p=67156#breadcrumb"},"inLanguage":"es","potentialAction":[{"@type":"ReadAction","target":["https:\/\/lospoliticosveracruz.com\/?p=67156"]}]},{"@type":"BreadcrumbList","@id":"https:\/\/lospoliticosveracruz.com\/?p=67156#breadcrumb","itemListElement":[{"@type":"ListItem","position":1,"name":"Portada","item":"https:\/\/lospoliticosveracruz.com\/"},{"@type":"ListItem","position":2,"name":"El tiempo ef\u00edmero del poder"}]},{"@type":"WebSite","@id":"https:\/\/lospoliticosveracruz.com\/#website","url":"https:\/\/lospoliticosveracruz.com\/","name":"Los pol\u00edticos Veracruz","description":"","publisher":{"@id":"https:\/\/lospoliticosveracruz.com\/#organization"},"potentialAction":[{"@type":"SearchAction","target":{"@type":"EntryPoint","urlTemplate":"https:\/\/lospoliticosveracruz.com\/?s={search_term_string}"},"query-input":{"@type":"PropertyValueSpecification","valueRequired":true,"valueName":"search_term_string"}}],"inLanguage":"es"},{"@type":"Organization","@id":"https:\/\/lospoliticosveracruz.com\/#organization","name":"Los pol\u00edticos Veracruz","url":"https:\/\/lospoliticosveracruz.com\/","logo":{"@type":"ImageObject","inLanguage":"es","@id":"https:\/\/lospoliticosveracruz.com\/#\/schema\/logo\/image\/","url":"https:\/\/lospoliticosveracruz.com\/wp-content\/uploads\/2025\/12\/Logo-Nuevo-LOS-POLITICOS-1.jpg","contentUrl":"https:\/\/lospoliticosveracruz.com\/wp-content\/uploads\/2025\/12\/Logo-Nuevo-LOS-POLITICOS-1.jpg","width":260,"height":70,"caption":"Los pol\u00edticos Veracruz"},"image":{"@id":"https:\/\/lospoliticosveracruz.com\/#\/schema\/logo\/image\/"},"sameAs":["https:\/\/www.facebook.com\/people\/Notimemes-de-los-Polticos\/61565672886568\/","https:\/\/x.com\/LosPoliticosVer"]},{"@type":"Person","@id":"https:\/\/lospoliticosveracruz.com\/#\/schema\/person\/b8702bb0e538456e6efd07080bf2a4a2","name":"Lo viste en Los Pol\u00edticos","image":{"@type":"ImageObject","inLanguage":"es","@id":"https:\/\/secure.gravatar.com\/avatar\/3a8de04a2656d44082be478bd6c086daa447c4651605818287b9532d3d0bd435?s=96&d=mm&r=g","url":"https:\/\/secure.gravatar.com\/avatar\/3a8de04a2656d44082be478bd6c086daa447c4651605818287b9532d3d0bd435?s=96&d=mm&r=g","contentUrl":"https:\/\/secure.gravatar.com\/avatar\/3a8de04a2656d44082be478bd6c086daa447c4651605818287b9532d3d0bd435?s=96&d=mm&r=g","caption":"Lo viste en Los Pol\u00edticos"},"url":"https:\/\/lospoliticosveracruz.com\/?author=2"}]}},"_links":{"self":[{"href":"https:\/\/lospoliticosveracruz.com\/index.php?rest_route=\/wp\/v2\/posts\/67156","targetHints":{"allow":["GET"]}}],"collection":[{"href":"https:\/\/lospoliticosveracruz.com\/index.php?rest_route=\/wp\/v2\/posts"}],"about":[{"href":"https:\/\/lospoliticosveracruz.com\/index.php?rest_route=\/wp\/v2\/types\/post"}],"author":[{"embeddable":true,"href":"https:\/\/lospoliticosveracruz.com\/index.php?rest_route=\/wp\/v2\/users\/2"}],"replies":[{"embeddable":true,"href":"https:\/\/lospoliticosveracruz.com\/index.php?rest_route=%2Fwp%2Fv2%2Fcomments&post=67156"}],"version-history":[{"count":1,"href":"https:\/\/lospoliticosveracruz.com\/index.php?rest_route=\/wp\/v2\/posts\/67156\/revisions"}],"predecessor-version":[{"id":67158,"href":"https:\/\/lospoliticosveracruz.com\/index.php?rest_route=\/wp\/v2\/posts\/67156\/revisions\/67158"}],"wp:attachment":[{"href":"https:\/\/lospoliticosveracruz.com\/index.php?rest_route=%2Fwp%2Fv2%2Fmedia&parent=67156"}],"wp:term":[{"taxonomy":"category","embeddable":true,"href":"https:\/\/lospoliticosveracruz.com\/index.php?rest_route=%2Fwp%2Fv2%2Fcategories&post=67156"},{"taxonomy":"post_tag","embeddable":true,"href":"https:\/\/lospoliticosveracruz.com\/index.php?rest_route=%2Fwp%2Fv2%2Ftags&post=67156"}],"curies":[{"name":"wp","href":"https:\/\/api.w.org\/{rel}","templated":true}]}}