{"id":67240,"date":"2021-01-26T15:50:46","date_gmt":"2021-01-26T21:50:46","guid":{"rendered":"http:\/\/www.lospoliticosveracruz.com.mx\/?p=67240"},"modified":"2021-01-26T15:50:46","modified_gmt":"2021-01-26T21:50:46","slug":"paridad-para-que","status":"publish","type":"post","link":"https:\/\/lospoliticosveracruz.com\/?p=67240","title":{"rendered":"Paridad, \u00bfpara qu\u00e9?"},"content":{"rendered":"<p>&nbsp;<br \/>\n<strong>M\u00f3nica Mendoza Madrigal<\/strong><\/p>\n<p>&nbsp;<\/p>\n<p>Las sufragistas de hace un siglo so\u00f1aban con que a las mujeres se nos permitiera votar y ser votadas. Ellas pensaban que si las mujeres pod\u00edamos ocupar los cargos de representaci\u00f3n popular, seguramente tomar\u00edamos decisiones p\u00fablicas que beneficiaran a las mujeres en general, mismas que no eran tomadas en cuenta en ninguna de las decisiones p\u00fablicas adoptadas por quienes hasta entonces eran los \u00fanicos ocupantes de los esca\u00f1os y otras posiciones de poder.<br \/>\nEllas, tan revolucionarias y avanzadas para su \u00e9poca, entend\u00edan perfectamente el profundo significado de la palabra incidir, que es de lo que se trata la acci\u00f3n p\u00fablica: de tomar acciones que puedan significar alg\u00fan impacto que beneficie a la poblaci\u00f3n representada.<br \/>\nAquellas mujeres que luchaban por el derecho al voto sab\u00edan perfectamente \u2013a\u00fan sin nombrarlo- lo que significaba tener perspectiva de g\u00e9nero. Entend\u00edan que si los hombres tomaban decisiones p\u00fablicas con las que pasaban por alto nuestros derechos y no tomaban en cuenta los impactos que sus decisiones implicaban, era porque no pod\u00edan ponerse en el lugar de nosotras, por lo que para atenuar esa desventaja lo que hab\u00eda que hacer era postular mujeres que s\u00ed pudieran tomar decisiones p\u00fablicas, mirando la realidad desde la perspectiva femenina.<br \/>\nPero lo que las sufragistas jam\u00e1s imaginaron es que un siglo despu\u00e9s de su proeza, las mujeres no tan solo tendr\u00edamos voz y voto, sino que por ley tendr\u00edamos el derecho a acceder en forma paritaria a todos los cargos de elecci\u00f3n popular en disputa.<br \/>\nNuestro presente supera y por mucho, el sue\u00f1o de las mujeres de ayer y es nuestro deber con ellas y con nosotras, hacerlo valer.<br \/>\nEjercer la paridad implica distintos retos. El primero es sin duda con nosotras mismas. El ejercicio del liderazgo para la funci\u00f3n p\u00fablica implica que las mujeres hayamos, de entrada, superado rezagos culturales y de autoestima que nos permitan reconocer nuestra val\u00eda y confiar en nuestra propia capacidad.<br \/>\nEsto podr\u00eda sonar algo demasiado elemental, pero pertenecientes que somos a una cultura patriarcal que hist\u00f3ricamente nos ha confinado al hogar y que nos cobra cara la osad\u00eda de no reproducir el rol socialmente asignado para todas, esa es la primera barrera que hay que superar.<br \/>\nLuego est\u00e1 la de los partidos pol\u00edticos, que son instituciones patriarcales por antonomasia y que imponen m\u00faltiples candados que limitan el acceso de las mujeres en general y en particular de aquellas que rompen con el prototipo que los grupos de poder imponen.<br \/>\nSuperar estas barreras es la misi\u00f3n de las mujeres que contender\u00e1n en 2021 por un cargo de elecci\u00f3n popular. Por eso es tan importante que ah\u00ed estemos presentes las mujeres con trabajo pol\u00edtico, con representaci\u00f3n comunitaria, con identificaci\u00f3n con la ciudadan\u00eda, con deseos de servir y con formaci\u00f3n pol\u00edtica.<br \/>\nSi bien es cierto que a los hombres no se les ha exigido nunca demostrar capacidad y talento para arribar a los cargos p\u00fablicos, nosotras no podemos darnos el lujo de desperdiciar los espacios por los que tanto hemos luchado.<br \/>\nLa paridad sirve claro para que todas las que quieran y puedan, accedan. A\u00fan aquellas que no enaltecen a su g\u00e9nero sino al machismo m\u00e1s rancio, reproduciendo sus formas y sirviendo a sus intereses.<br \/>\nPero cuidado, porque las trampas del patriarcado se ocupar\u00e1n de querer imponerse a cualquier precio, malbaratando cada espacio para evidenciar \u201cque la ciudadan\u00eda no vota por mujeres\u201d, \u201cque no sabemos gobernar\u201d, \u201cque la pol\u00edtica no es para nosotras\u201d. Y para ello es que eligen a quienes verdaderamente no saben, porque su trabajo ha sido otro y la pol\u00edtica les es absolutamente circunstancial y solo es parte de las bondades que su fama p\u00fablica les ha obsequiado, pues a ellas lo mismo les da ganar que no ganar.<br \/>\nLos partidos har\u00e1n su juego buscando obtener votos a como d\u00e9 lugar. Por eso postulan a la far\u00e1ndula en pleno, ya sea del \u00e1mbito deportivo, art\u00edstico o popular para hacer frente a un proceso electoral que adem\u00e1s de todo, estar\u00e1 atravesado por una pandemia que impide concentraciones masivas y el trabajo electoral habitual, as\u00ed que le apuestan al posicionamiento de quienes tienen muchos fans y no a la agenda pol\u00edtica, rellenando candidaturas con la persona m\u00e1s famosa y no con la que mejor les represente.<br \/>\n\u00bfTienen derecho estas personas a ser candidatas? Claro, tambi\u00e9n para eso las sufragistas lucharon: para que todas las mujeres pudi\u00e9ramos acceder a nuestros derechos pol\u00edticos.<br \/>\nPero para los partidos \u00e9ste es un juego perverso.<br \/>\nSer\u00e1 tarea de la ciudadan\u00eda decidir si ese nivel de candidaturas son las que quiere y necesita. O si prefiere seguir admirando belleza y fama en su propio contexto, eligiendo opciones pol\u00edticas que s\u00ed le permitan sentirse representado.<br \/>\nHay una amplia agenda de pendientes sobre los que las mujeres necesitamos que se legisle y se gobierne, que no podemos seguir postergando. Para ello es que necesitamos legisladoras y alcaldesas que hagan ese trabajo.<br \/>\nNo podemos desperdiciar la paridad que tanto nos cost\u00f3 ganar.<\/p>\n","protected":false},"excerpt":{"rendered":"<p>&nbsp; M\u00f3nica Mendoza Madrigal &nbsp; Las sufragistas de hace un siglo so\u00f1aban con que a las mujeres se nos permitiera votar y ser votadas. Ellas pensaban que si las mujeres pod\u00edamos ocupar los cargos de representaci\u00f3n popular, seguramente tomar\u00edamos decisiones p\u00fablicas que beneficiaran a las mujeres en general, mismas que no eran tomadas en cuenta [&hellip;]<\/p>\n","protected":false},"author":2,"featured_media":0,"comment_status":"open","ping_status":"open","sticky":false,"template":"","format":"standard","meta":{"tdm_status":"","tdm_grid_status":"","footnotes":""},"categories":[70],"tags":[174,25600,553,4842,2828,1547,25601],"class_list":{"0":"post-67240","1":"post","2":"type-post","3":"status-publish","4":"format-standard","6":"category-de-opinion","7":"tag-candidatas","8":"tag-decisiones-publicas","9":"tag-eleccion-popular","10":"tag-paridad","11":"tag-patriarcado","12":"tag-representacion-popular","13":"tag-rol"},"yoast_head":"<!-- This site is optimized with the Yoast SEO plugin v27.4 - https:\/\/yoast.com\/product\/yoast-seo-wordpress\/ -->\n<title>Paridad, \u00bfpara qu\u00e9? - Los pol\u00edticos Veracruz<\/title>\n<meta name=\"robots\" content=\"index, follow, max-snippet:-1, max-image-preview:large, max-video-preview:-1\" \/>\n<link rel=\"canonical\" href=\"https:\/\/lospoliticosveracruz.com\/?p=67240\" \/>\n<meta property=\"og:locale\" content=\"es_ES\" \/>\n<meta property=\"og:type\" content=\"article\" \/>\n<meta property=\"og:title\" content=\"Paridad, \u00bfpara qu\u00e9? - Los pol\u00edticos Veracruz\" \/>\n<meta property=\"og:description\" content=\"&nbsp; M\u00f3nica Mendoza Madrigal &nbsp; Las sufragistas de hace un siglo so\u00f1aban con que a las mujeres se nos permitiera votar y ser votadas. Ellas pensaban que si las mujeres pod\u00edamos ocupar los cargos de representaci\u00f3n popular, seguramente tomar\u00edamos decisiones p\u00fablicas que beneficiaran a las mujeres en general, mismas que no eran tomadas en cuenta [&hellip;]\" \/>\n<meta property=\"og:url\" content=\"https:\/\/lospoliticosveracruz.com\/?p=67240\" \/>\n<meta property=\"og:site_name\" content=\"Los pol\u00edticos Veracruz\" \/>\n<meta property=\"article:publisher\" content=\"https:\/\/www.facebook.com\/people\/Notimemes-de-los-Polticos\/61565672886568\/\" \/>\n<meta property=\"article:published_time\" content=\"2021-01-26T21:50:46+00:00\" \/>\n<meta property=\"og:image\" content=\"https:\/\/lospoliticosveracruz.com\/wp-content\/uploads\/2016\/07\/Logo-Dor.jpg\" \/>\n\t<meta property=\"og:image:width\" content=\"200\" \/>\n\t<meta property=\"og:image:height\" content=\"200\" \/>\n\t<meta property=\"og:image:type\" content=\"image\/jpeg\" \/>\n<meta name=\"author\" content=\"Lo viste en Los Pol\u00edticos\" \/>\n<meta name=\"twitter:card\" content=\"summary_large_image\" \/>\n<meta name=\"twitter:creator\" content=\"@LosPoliticosVer\" \/>\n<meta name=\"twitter:site\" content=\"@LosPoliticosVer\" \/>\n<meta name=\"twitter:label1\" content=\"Escrito por\" \/>\n\t<meta name=\"twitter:data1\" content=\"Lo viste en Los Pol\u00edticos\" \/>\n\t<meta name=\"twitter:label2\" content=\"Tiempo de lectura\" \/>\n\t<meta name=\"twitter:data2\" content=\"4 minutos\" \/>\n<script type=\"application\/ld+json\" class=\"yoast-schema-graph\">{\"@context\":\"https:\\\/\\\/schema.org\",\"@graph\":[{\"@type\":\"Article\",\"@id\":\"https:\\\/\\\/lospoliticosveracruz.com\\\/?p=67240#article\",\"isPartOf\":{\"@id\":\"https:\\\/\\\/lospoliticosveracruz.com\\\/?p=67240\"},\"author\":{\"name\":\"Lo viste en Los Pol\u00edticos\",\"@id\":\"https:\\\/\\\/lospoliticosveracruz.com\\\/#\\\/schema\\\/person\\\/b8702bb0e538456e6efd07080bf2a4a2\"},\"headline\":\"Paridad, \u00bfpara qu\u00e9?\",\"datePublished\":\"2021-01-26T21:50:46+00:00\",\"mainEntityOfPage\":{\"@id\":\"https:\\\/\\\/lospoliticosveracruz.com\\\/?p=67240\"},\"wordCount\":888,\"commentCount\":0,\"publisher\":{\"@id\":\"https:\\\/\\\/lospoliticosveracruz.com\\\/#organization\"},\"keywords\":[\"candidatas\",\"Decisiones p\u00fablicas\",\"elecci\u00f3n popular\",\"paridad\",\"Patriarcado\",\"representaci\u00f3n popular\",\"Rol\"],\"articleSection\":[\"De Opini\u00f3n\"],\"inLanguage\":\"es\",\"potentialAction\":[{\"@type\":\"CommentAction\",\"name\":\"Comment\",\"target\":[\"https:\\\/\\\/lospoliticosveracruz.com\\\/?p=67240#respond\"]}]},{\"@type\":\"WebPage\",\"@id\":\"https:\\\/\\\/lospoliticosveracruz.com\\\/?p=67240\",\"url\":\"https:\\\/\\\/lospoliticosveracruz.com\\\/?p=67240\",\"name\":\"Paridad, \u00bfpara qu\u00e9? - Los pol\u00edticos Veracruz\",\"isPartOf\":{\"@id\":\"https:\\\/\\\/lospoliticosveracruz.com\\\/#website\"},\"datePublished\":\"2021-01-26T21:50:46+00:00\",\"breadcrumb\":{\"@id\":\"https:\\\/\\\/lospoliticosveracruz.com\\\/?p=67240#breadcrumb\"},\"inLanguage\":\"es\",\"potentialAction\":[{\"@type\":\"ReadAction\",\"target\":[\"https:\\\/\\\/lospoliticosveracruz.com\\\/?p=67240\"]}]},{\"@type\":\"BreadcrumbList\",\"@id\":\"https:\\\/\\\/lospoliticosveracruz.com\\\/?p=67240#breadcrumb\",\"itemListElement\":[{\"@type\":\"ListItem\",\"position\":1,\"name\":\"Portada\",\"item\":\"https:\\\/\\\/lospoliticosveracruz.com\\\/\"},{\"@type\":\"ListItem\",\"position\":2,\"name\":\"Paridad, \u00bfpara qu\u00e9?\"}]},{\"@type\":\"WebSite\",\"@id\":\"https:\\\/\\\/lospoliticosveracruz.com\\\/#website\",\"url\":\"https:\\\/\\\/lospoliticosveracruz.com\\\/\",\"name\":\"Los pol\u00edticos Veracruz\",\"description\":\"\",\"publisher\":{\"@id\":\"https:\\\/\\\/lospoliticosveracruz.com\\\/#organization\"},\"potentialAction\":[{\"@type\":\"SearchAction\",\"target\":{\"@type\":\"EntryPoint\",\"urlTemplate\":\"https:\\\/\\\/lospoliticosveracruz.com\\\/?s={search_term_string}\"},\"query-input\":{\"@type\":\"PropertyValueSpecification\",\"valueRequired\":true,\"valueName\":\"search_term_string\"}}],\"inLanguage\":\"es\"},{\"@type\":\"Organization\",\"@id\":\"https:\\\/\\\/lospoliticosveracruz.com\\\/#organization\",\"name\":\"Los pol\u00edticos Veracruz\",\"url\":\"https:\\\/\\\/lospoliticosveracruz.com\\\/\",\"logo\":{\"@type\":\"ImageObject\",\"inLanguage\":\"es\",\"@id\":\"https:\\\/\\\/lospoliticosveracruz.com\\\/#\\\/schema\\\/logo\\\/image\\\/\",\"url\":\"https:\\\/\\\/lospoliticosveracruz.com\\\/wp-content\\\/uploads\\\/2025\\\/12\\\/Logo-Nuevo-LOS-POLITICOS-1.jpg\",\"contentUrl\":\"https:\\\/\\\/lospoliticosveracruz.com\\\/wp-content\\\/uploads\\\/2025\\\/12\\\/Logo-Nuevo-LOS-POLITICOS-1.jpg\",\"width\":260,\"height\":70,\"caption\":\"Los pol\u00edticos Veracruz\"},\"image\":{\"@id\":\"https:\\\/\\\/lospoliticosveracruz.com\\\/#\\\/schema\\\/logo\\\/image\\\/\"},\"sameAs\":[\"https:\\\/\\\/www.facebook.com\\\/people\\\/Notimemes-de-los-Polticos\\\/61565672886568\\\/\",\"https:\\\/\\\/x.com\\\/LosPoliticosVer\"]},{\"@type\":\"Person\",\"@id\":\"https:\\\/\\\/lospoliticosveracruz.com\\\/#\\\/schema\\\/person\\\/b8702bb0e538456e6efd07080bf2a4a2\",\"name\":\"Lo viste en Los Pol\u00edticos\",\"image\":{\"@type\":\"ImageObject\",\"inLanguage\":\"es\",\"@id\":\"https:\\\/\\\/secure.gravatar.com\\\/avatar\\\/3a8de04a2656d44082be478bd6c086daa447c4651605818287b9532d3d0bd435?s=96&d=mm&r=g\",\"url\":\"https:\\\/\\\/secure.gravatar.com\\\/avatar\\\/3a8de04a2656d44082be478bd6c086daa447c4651605818287b9532d3d0bd435?s=96&d=mm&r=g\",\"contentUrl\":\"https:\\\/\\\/secure.gravatar.com\\\/avatar\\\/3a8de04a2656d44082be478bd6c086daa447c4651605818287b9532d3d0bd435?s=96&d=mm&r=g\",\"caption\":\"Lo viste en Los Pol\u00edticos\"},\"url\":\"https:\\\/\\\/lospoliticosveracruz.com\\\/?author=2\"}]}<\/script>\n<!-- \/ Yoast SEO plugin. -->","yoast_head_json":{"title":"Paridad, \u00bfpara qu\u00e9? - Los pol\u00edticos Veracruz","robots":{"index":"index","follow":"follow","max-snippet":"max-snippet:-1","max-image-preview":"max-image-preview:large","max-video-preview":"max-video-preview:-1"},"canonical":"https:\/\/lospoliticosveracruz.com\/?p=67240","og_locale":"es_ES","og_type":"article","og_title":"Paridad, \u00bfpara qu\u00e9? - Los pol\u00edticos Veracruz","og_description":"&nbsp; M\u00f3nica Mendoza Madrigal &nbsp; Las sufragistas de hace un siglo so\u00f1aban con que a las mujeres se nos permitiera votar y ser votadas. Ellas pensaban que si las mujeres pod\u00edamos ocupar los cargos de representaci\u00f3n popular, seguramente tomar\u00edamos decisiones p\u00fablicas que beneficiaran a las mujeres en general, mismas que no eran tomadas en cuenta [&hellip;]","og_url":"https:\/\/lospoliticosveracruz.com\/?p=67240","og_site_name":"Los pol\u00edticos Veracruz","article_publisher":"https:\/\/www.facebook.com\/people\/Notimemes-de-los-Polticos\/61565672886568\/","article_published_time":"2021-01-26T21:50:46+00:00","og_image":[{"width":200,"height":200,"url":"https:\/\/lospoliticosveracruz.com\/wp-content\/uploads\/2016\/07\/Logo-Dor.jpg","type":"image\/jpeg"}],"author":"Lo viste en Los Pol\u00edticos","twitter_card":"summary_large_image","twitter_creator":"@LosPoliticosVer","twitter_site":"@LosPoliticosVer","twitter_misc":{"Escrito por":"Lo viste en Los Pol\u00edticos","Tiempo de lectura":"4 minutos"},"schema":{"@context":"https:\/\/schema.org","@graph":[{"@type":"Article","@id":"https:\/\/lospoliticosveracruz.com\/?p=67240#article","isPartOf":{"@id":"https:\/\/lospoliticosveracruz.com\/?p=67240"},"author":{"name":"Lo viste en Los Pol\u00edticos","@id":"https:\/\/lospoliticosveracruz.com\/#\/schema\/person\/b8702bb0e538456e6efd07080bf2a4a2"},"headline":"Paridad, \u00bfpara qu\u00e9?","datePublished":"2021-01-26T21:50:46+00:00","mainEntityOfPage":{"@id":"https:\/\/lospoliticosveracruz.com\/?p=67240"},"wordCount":888,"commentCount":0,"publisher":{"@id":"https:\/\/lospoliticosveracruz.com\/#organization"},"keywords":["candidatas","Decisiones p\u00fablicas","elecci\u00f3n popular","paridad","Patriarcado","representaci\u00f3n popular","Rol"],"articleSection":["De Opini\u00f3n"],"inLanguage":"es","potentialAction":[{"@type":"CommentAction","name":"Comment","target":["https:\/\/lospoliticosveracruz.com\/?p=67240#respond"]}]},{"@type":"WebPage","@id":"https:\/\/lospoliticosveracruz.com\/?p=67240","url":"https:\/\/lospoliticosveracruz.com\/?p=67240","name":"Paridad, \u00bfpara qu\u00e9? - Los pol\u00edticos Veracruz","isPartOf":{"@id":"https:\/\/lospoliticosveracruz.com\/#website"},"datePublished":"2021-01-26T21:50:46+00:00","breadcrumb":{"@id":"https:\/\/lospoliticosveracruz.com\/?p=67240#breadcrumb"},"inLanguage":"es","potentialAction":[{"@type":"ReadAction","target":["https:\/\/lospoliticosveracruz.com\/?p=67240"]}]},{"@type":"BreadcrumbList","@id":"https:\/\/lospoliticosveracruz.com\/?p=67240#breadcrumb","itemListElement":[{"@type":"ListItem","position":1,"name":"Portada","item":"https:\/\/lospoliticosveracruz.com\/"},{"@type":"ListItem","position":2,"name":"Paridad, \u00bfpara qu\u00e9?"}]},{"@type":"WebSite","@id":"https:\/\/lospoliticosveracruz.com\/#website","url":"https:\/\/lospoliticosveracruz.com\/","name":"Los pol\u00edticos Veracruz","description":"","publisher":{"@id":"https:\/\/lospoliticosveracruz.com\/#organization"},"potentialAction":[{"@type":"SearchAction","target":{"@type":"EntryPoint","urlTemplate":"https:\/\/lospoliticosveracruz.com\/?s={search_term_string}"},"query-input":{"@type":"PropertyValueSpecification","valueRequired":true,"valueName":"search_term_string"}}],"inLanguage":"es"},{"@type":"Organization","@id":"https:\/\/lospoliticosveracruz.com\/#organization","name":"Los pol\u00edticos Veracruz","url":"https:\/\/lospoliticosveracruz.com\/","logo":{"@type":"ImageObject","inLanguage":"es","@id":"https:\/\/lospoliticosveracruz.com\/#\/schema\/logo\/image\/","url":"https:\/\/lospoliticosveracruz.com\/wp-content\/uploads\/2025\/12\/Logo-Nuevo-LOS-POLITICOS-1.jpg","contentUrl":"https:\/\/lospoliticosveracruz.com\/wp-content\/uploads\/2025\/12\/Logo-Nuevo-LOS-POLITICOS-1.jpg","width":260,"height":70,"caption":"Los pol\u00edticos Veracruz"},"image":{"@id":"https:\/\/lospoliticosveracruz.com\/#\/schema\/logo\/image\/"},"sameAs":["https:\/\/www.facebook.com\/people\/Notimemes-de-los-Polticos\/61565672886568\/","https:\/\/x.com\/LosPoliticosVer"]},{"@type":"Person","@id":"https:\/\/lospoliticosveracruz.com\/#\/schema\/person\/b8702bb0e538456e6efd07080bf2a4a2","name":"Lo viste en Los Pol\u00edticos","image":{"@type":"ImageObject","inLanguage":"es","@id":"https:\/\/secure.gravatar.com\/avatar\/3a8de04a2656d44082be478bd6c086daa447c4651605818287b9532d3d0bd435?s=96&d=mm&r=g","url":"https:\/\/secure.gravatar.com\/avatar\/3a8de04a2656d44082be478bd6c086daa447c4651605818287b9532d3d0bd435?s=96&d=mm&r=g","contentUrl":"https:\/\/secure.gravatar.com\/avatar\/3a8de04a2656d44082be478bd6c086daa447c4651605818287b9532d3d0bd435?s=96&d=mm&r=g","caption":"Lo viste en Los Pol\u00edticos"},"url":"https:\/\/lospoliticosveracruz.com\/?author=2"}]}},"_links":{"self":[{"href":"https:\/\/lospoliticosveracruz.com\/index.php?rest_route=\/wp\/v2\/posts\/67240","targetHints":{"allow":["GET"]}}],"collection":[{"href":"https:\/\/lospoliticosveracruz.com\/index.php?rest_route=\/wp\/v2\/posts"}],"about":[{"href":"https:\/\/lospoliticosveracruz.com\/index.php?rest_route=\/wp\/v2\/types\/post"}],"author":[{"embeddable":true,"href":"https:\/\/lospoliticosveracruz.com\/index.php?rest_route=\/wp\/v2\/users\/2"}],"replies":[{"embeddable":true,"href":"https:\/\/lospoliticosveracruz.com\/index.php?rest_route=%2Fwp%2Fv2%2Fcomments&post=67240"}],"version-history":[{"count":1,"href":"https:\/\/lospoliticosveracruz.com\/index.php?rest_route=\/wp\/v2\/posts\/67240\/revisions"}],"predecessor-version":[{"id":67241,"href":"https:\/\/lospoliticosveracruz.com\/index.php?rest_route=\/wp\/v2\/posts\/67240\/revisions\/67241"}],"wp:attachment":[{"href":"https:\/\/lospoliticosveracruz.com\/index.php?rest_route=%2Fwp%2Fv2%2Fmedia&parent=67240"}],"wp:term":[{"taxonomy":"category","embeddable":true,"href":"https:\/\/lospoliticosveracruz.com\/index.php?rest_route=%2Fwp%2Fv2%2Fcategories&post=67240"},{"taxonomy":"post_tag","embeddable":true,"href":"https:\/\/lospoliticosveracruz.com\/index.php?rest_route=%2Fwp%2Fv2%2Ftags&post=67240"}],"curies":[{"name":"wp","href":"https:\/\/api.w.org\/{rel}","templated":true}]}}