{"id":67282,"date":"2021-01-27T09:38:57","date_gmt":"2021-01-27T15:38:57","guid":{"rendered":"http:\/\/www.lospoliticosveracruz.com.mx\/?p=67282"},"modified":"2021-01-27T09:38:57","modified_gmt":"2021-01-27T15:38:57","slug":"pepe-valencia-precandidato","status":"publish","type":"post","link":"https:\/\/lospoliticosveracruz.com\/?p=67282","title":{"rendered":"Pepe Valencia, precandidato"},"content":{"rendered":"<p><strong>Sergio Gonz\u00e1lez Levet<br \/>\n<\/strong><br \/>\n<em>Sin tacto<\/em><\/p>\n<p>Tengo noticia cierta de que el periodista Jos\u00e9 Valencia S\u00e1nchez se ha anotado como aspirante a ser candidato de la alianza PAN-PRD-PRI a la diputaci\u00f3n local por el Distrito X, Xalapa Urbano.<br \/>\n\tEl colega y muy estimado amigo ya ha sido candidato antes, y busca ahora la curul por la mitad de la capital de todos los veracruzanos, con lo que el gremio period\u00edstico estar\u00eda m\u00e1s que bien representado. Se sabe que Pepe Valencia ha sido un palad\u00edn en defensa de los derechos laborales de los reporteros y un defensor apasionado de la libertad de expresi\u00f3n, que \u00e9l mismo ha ejercido con propiedad y honestidad.<br \/>\n\tCuando el Gobierno de Cuitl\u00e1huac Garc\u00eda design\u00f3 a los nuevos integrantes de la Comisi\u00f3n Estatal de Atenci\u00f3n y Protecci\u00f3n de los Periodistas (y la mayor\u00eda de diputados morrenistas hizo como que eleg\u00eda a los integrantes de manera democr\u00e1tica), muchos se quedaron esperando que el periodista oriundo de Acayucan fuera incluido, tanto por su prestigio personal como por la confianza que se le tiene en el gremio. Y ya de afecto y admiraci\u00f3n ni hablamos.<br \/>\n\tComo periodista, Valencia S\u00e1nchez pertenece a dos agrupaciones gremiales a las que da lustre: el Grupo de los Diez y la Asociaci\u00f3n de Comunicadores de Veracruz; esta \u00faltima la preside con talento y entusiasmo.<br \/>\n\tDecir Jos\u00e9 Valencia S\u00e1nchez es hablar de un referente en el periodismo estatal. Su larga y destacada carrera inici\u00f3 en el Diario de Acayucan con el legendario \u00c1ngel Leodegario Guti\u00e9rrez Castellanos y se consolid\u00f3 en Diario de Xalapa, bajo las ense\u00f1anzas de Froyl\u00e1n Flores Cancela y Rub\u00e9n Pabello Acosta. De reportero de informaci\u00f3n general, Pepe subi\u00f3 a Jefe de Redacci\u00f3n y lleg\u00f3 a la m\u00e1s alta cima period\u00edstica cuando fue nombrado Director del Vocero de la Provincia.<br \/>\n\tNuestro estimado personaje ha dirigido tambi\u00e9n otros medios importantes, como El Sol de C\u00f3rdoba, El Sol de Orizaba, El Heraldo de Xalapa.<br \/>\n\tEs un reportero en toda la extensi\u00f3n de la palabra, y un periodista sin tacha en el desempe\u00f1o de su profesi\u00f3n.<br \/>\n\tPero ha tenido tambi\u00e9n inter\u00e9s de participar activamente en pol\u00edtica. Fue candidato a la alcald\u00eda de Xalapa y a una diputaci\u00f3n. Es una persona conocida y reconocida en el medio xalape\u00f1o, y su persona atrae un buen caudal de votos.<br \/>\n\tPor eso lo est\u00e1n tomando muy en cuenta los presidentes de los partidos de la alianza, el panista Joaqu\u00edn Guzm\u00e1n Avil\u00e9s, el perredista Sergio Cadena Mart\u00ednez y el priista Marlon Ram\u00edrez Mar\u00edn, y por eso la gente que sabe de esto le augura que llegar\u00e1 a ser el abanderado aliancista, con muchas posibilidades de ganar el Distrito.<br \/>\n\tEl periodismo veracruzano estar\u00eda de pl\u00e1cemes en seguir y apoyar con entusiasmo la campa\u00f1a del candidato Jos\u00e9 Valencia S\u00e1nchez, si se diera el caso.<br \/>\n\tEn verdad, solamente faltan unos detalles, y que se terminen de poner de acuerdo\u2026<\/p>\n<p>sglevet@gmail.com<\/p>\n","protected":false},"excerpt":{"rendered":"<p>Sergio Gonz\u00e1lez Levet Sin tacto Tengo noticia cierta de que el periodista Jos\u00e9 Valencia S\u00e1nchez se ha anotado como aspirante a ser candidato de la alianza PAN-PRD-PRI a la diputaci\u00f3n local por el Distrito X, Xalapa Urbano. El colega y muy estimado amigo ya ha sido candidato antes, y busca ahora la curul por la [&hellip;]<\/p>\n","protected":false},"author":2,"featured_media":0,"comment_status":"open","ping_status":"open","sticky":false,"template":"","format":"standard","meta":{"tdm_status":"","tdm_grid_status":"","footnotes":""},"categories":[70],"tags":[450,1681,1866,1282,96],"class_list":{"0":"post-67282","1":"post","2":"type-post","3":"status-publish","4":"format-standard","6":"category-de-opinion","7":"tag-candidato","8":"tag-cuitlahuac-garcia","9":"tag-jose-valencia-sanchez","10":"tag-sergio-gonzalez-levet","11":"tag-xalapa"},"yoast_head":"<!-- This site is optimized with the Yoast SEO plugin v27.4 - https:\/\/yoast.com\/product\/yoast-seo-wordpress\/ -->\n<title>Pepe Valencia, precandidato - Los pol\u00edticos Veracruz<\/title>\n<meta name=\"robots\" content=\"index, follow, max-snippet:-1, max-image-preview:large, max-video-preview:-1\" \/>\n<link rel=\"canonical\" href=\"https:\/\/lospoliticosveracruz.com\/?p=67282\" \/>\n<meta property=\"og:locale\" content=\"es_ES\" \/>\n<meta property=\"og:type\" content=\"article\" \/>\n<meta property=\"og:title\" content=\"Pepe Valencia, precandidato - Los pol\u00edticos Veracruz\" \/>\n<meta property=\"og:description\" content=\"Sergio Gonz\u00e1lez Levet Sin tacto Tengo noticia cierta de que el periodista Jos\u00e9 Valencia S\u00e1nchez se ha anotado como aspirante a ser candidato de la alianza PAN-PRD-PRI a la diputaci\u00f3n local por el Distrito X, Xalapa Urbano. El colega y muy estimado amigo ya ha sido candidato antes, y busca ahora la curul por la [&hellip;]\" \/>\n<meta property=\"og:url\" content=\"https:\/\/lospoliticosveracruz.com\/?p=67282\" \/>\n<meta property=\"og:site_name\" content=\"Los pol\u00edticos Veracruz\" \/>\n<meta property=\"article:publisher\" content=\"https:\/\/www.facebook.com\/people\/Notimemes-de-los-Polticos\/61565672886568\/\" \/>\n<meta property=\"article:published_time\" content=\"2021-01-27T15:38:57+00:00\" \/>\n<meta property=\"og:image\" content=\"https:\/\/lospoliticosveracruz.com\/wp-content\/uploads\/2016\/07\/Logo-Dor.jpg\" \/>\n\t<meta property=\"og:image:width\" content=\"200\" \/>\n\t<meta property=\"og:image:height\" content=\"200\" \/>\n\t<meta property=\"og:image:type\" content=\"image\/jpeg\" \/>\n<meta name=\"author\" content=\"Lo viste en Los Pol\u00edticos\" \/>\n<meta name=\"twitter:card\" content=\"summary_large_image\" \/>\n<meta name=\"twitter:creator\" content=\"@LosPoliticosVer\" \/>\n<meta name=\"twitter:site\" content=\"@LosPoliticosVer\" \/>\n<meta name=\"twitter:label1\" content=\"Escrito por\" \/>\n\t<meta name=\"twitter:data1\" content=\"Lo viste en Los Pol\u00edticos\" \/>\n\t<meta name=\"twitter:label2\" content=\"Tiempo de lectura\" \/>\n\t<meta name=\"twitter:data2\" content=\"3 minutos\" \/>\n<script type=\"application\/ld+json\" class=\"yoast-schema-graph\">{\"@context\":\"https:\\\/\\\/schema.org\",\"@graph\":[{\"@type\":\"Article\",\"@id\":\"https:\\\/\\\/lospoliticosveracruz.com\\\/?p=67282#article\",\"isPartOf\":{\"@id\":\"https:\\\/\\\/lospoliticosveracruz.com\\\/?p=67282\"},\"author\":{\"name\":\"Lo viste en Los Pol\u00edticos\",\"@id\":\"https:\\\/\\\/lospoliticosveracruz.com\\\/#\\\/schema\\\/person\\\/b8702bb0e538456e6efd07080bf2a4a2\"},\"headline\":\"Pepe Valencia, precandidato\",\"datePublished\":\"2021-01-27T15:38:57+00:00\",\"mainEntityOfPage\":{\"@id\":\"https:\\\/\\\/lospoliticosveracruz.com\\\/?p=67282\"},\"wordCount\":529,\"commentCount\":0,\"publisher\":{\"@id\":\"https:\\\/\\\/lospoliticosveracruz.com\\\/#organization\"},\"keywords\":[\"candidato\",\"Cuitl\u00e1huac Garc\u00eda\",\"Jos\u00e9 Valencia S\u00e1nchez\",\"Sergio Gonz\u00e1lez Levet\",\"Xalapa\"],\"articleSection\":[\"De Opini\u00f3n\"],\"inLanguage\":\"es\",\"potentialAction\":[{\"@type\":\"CommentAction\",\"name\":\"Comment\",\"target\":[\"https:\\\/\\\/lospoliticosveracruz.com\\\/?p=67282#respond\"]}]},{\"@type\":\"WebPage\",\"@id\":\"https:\\\/\\\/lospoliticosveracruz.com\\\/?p=67282\",\"url\":\"https:\\\/\\\/lospoliticosveracruz.com\\\/?p=67282\",\"name\":\"Pepe Valencia, precandidato - Los pol\u00edticos Veracruz\",\"isPartOf\":{\"@id\":\"https:\\\/\\\/lospoliticosveracruz.com\\\/#website\"},\"datePublished\":\"2021-01-27T15:38:57+00:00\",\"breadcrumb\":{\"@id\":\"https:\\\/\\\/lospoliticosveracruz.com\\\/?p=67282#breadcrumb\"},\"inLanguage\":\"es\",\"potentialAction\":[{\"@type\":\"ReadAction\",\"target\":[\"https:\\\/\\\/lospoliticosveracruz.com\\\/?p=67282\"]}]},{\"@type\":\"BreadcrumbList\",\"@id\":\"https:\\\/\\\/lospoliticosveracruz.com\\\/?p=67282#breadcrumb\",\"itemListElement\":[{\"@type\":\"ListItem\",\"position\":1,\"name\":\"Portada\",\"item\":\"https:\\\/\\\/lospoliticosveracruz.com\\\/\"},{\"@type\":\"ListItem\",\"position\":2,\"name\":\"Pepe Valencia, precandidato\"}]},{\"@type\":\"WebSite\",\"@id\":\"https:\\\/\\\/lospoliticosveracruz.com\\\/#website\",\"url\":\"https:\\\/\\\/lospoliticosveracruz.com\\\/\",\"name\":\"Los pol\u00edticos Veracruz\",\"description\":\"\",\"publisher\":{\"@id\":\"https:\\\/\\\/lospoliticosveracruz.com\\\/#organization\"},\"potentialAction\":[{\"@type\":\"SearchAction\",\"target\":{\"@type\":\"EntryPoint\",\"urlTemplate\":\"https:\\\/\\\/lospoliticosveracruz.com\\\/?s={search_term_string}\"},\"query-input\":{\"@type\":\"PropertyValueSpecification\",\"valueRequired\":true,\"valueName\":\"search_term_string\"}}],\"inLanguage\":\"es\"},{\"@type\":\"Organization\",\"@id\":\"https:\\\/\\\/lospoliticosveracruz.com\\\/#organization\",\"name\":\"Los pol\u00edticos Veracruz\",\"url\":\"https:\\\/\\\/lospoliticosveracruz.com\\\/\",\"logo\":{\"@type\":\"ImageObject\",\"inLanguage\":\"es\",\"@id\":\"https:\\\/\\\/lospoliticosveracruz.com\\\/#\\\/schema\\\/logo\\\/image\\\/\",\"url\":\"https:\\\/\\\/lospoliticosveracruz.com\\\/wp-content\\\/uploads\\\/2025\\\/12\\\/Logo-Nuevo-LOS-POLITICOS-1.jpg\",\"contentUrl\":\"https:\\\/\\\/lospoliticosveracruz.com\\\/wp-content\\\/uploads\\\/2025\\\/12\\\/Logo-Nuevo-LOS-POLITICOS-1.jpg\",\"width\":260,\"height\":70,\"caption\":\"Los pol\u00edticos Veracruz\"},\"image\":{\"@id\":\"https:\\\/\\\/lospoliticosveracruz.com\\\/#\\\/schema\\\/logo\\\/image\\\/\"},\"sameAs\":[\"https:\\\/\\\/www.facebook.com\\\/people\\\/Notimemes-de-los-Polticos\\\/61565672886568\\\/\",\"https:\\\/\\\/x.com\\\/LosPoliticosVer\"]},{\"@type\":\"Person\",\"@id\":\"https:\\\/\\\/lospoliticosveracruz.com\\\/#\\\/schema\\\/person\\\/b8702bb0e538456e6efd07080bf2a4a2\",\"name\":\"Lo viste en Los Pol\u00edticos\",\"image\":{\"@type\":\"ImageObject\",\"inLanguage\":\"es\",\"@id\":\"https:\\\/\\\/secure.gravatar.com\\\/avatar\\\/3a8de04a2656d44082be478bd6c086daa447c4651605818287b9532d3d0bd435?s=96&d=mm&r=g\",\"url\":\"https:\\\/\\\/secure.gravatar.com\\\/avatar\\\/3a8de04a2656d44082be478bd6c086daa447c4651605818287b9532d3d0bd435?s=96&d=mm&r=g\",\"contentUrl\":\"https:\\\/\\\/secure.gravatar.com\\\/avatar\\\/3a8de04a2656d44082be478bd6c086daa447c4651605818287b9532d3d0bd435?s=96&d=mm&r=g\",\"caption\":\"Lo viste en Los Pol\u00edticos\"},\"url\":\"https:\\\/\\\/lospoliticosveracruz.com\\\/?author=2\"}]}<\/script>\n<!-- \/ Yoast SEO plugin. -->","yoast_head_json":{"title":"Pepe Valencia, precandidato - Los pol\u00edticos Veracruz","robots":{"index":"index","follow":"follow","max-snippet":"max-snippet:-1","max-image-preview":"max-image-preview:large","max-video-preview":"max-video-preview:-1"},"canonical":"https:\/\/lospoliticosveracruz.com\/?p=67282","og_locale":"es_ES","og_type":"article","og_title":"Pepe Valencia, precandidato - Los pol\u00edticos Veracruz","og_description":"Sergio Gonz\u00e1lez Levet Sin tacto Tengo noticia cierta de que el periodista Jos\u00e9 Valencia S\u00e1nchez se ha anotado como aspirante a ser candidato de la alianza PAN-PRD-PRI a la diputaci\u00f3n local por el Distrito X, Xalapa Urbano. El colega y muy estimado amigo ya ha sido candidato antes, y busca ahora la curul por la [&hellip;]","og_url":"https:\/\/lospoliticosveracruz.com\/?p=67282","og_site_name":"Los pol\u00edticos Veracruz","article_publisher":"https:\/\/www.facebook.com\/people\/Notimemes-de-los-Polticos\/61565672886568\/","article_published_time":"2021-01-27T15:38:57+00:00","og_image":[{"width":200,"height":200,"url":"https:\/\/lospoliticosveracruz.com\/wp-content\/uploads\/2016\/07\/Logo-Dor.jpg","type":"image\/jpeg"}],"author":"Lo viste en Los Pol\u00edticos","twitter_card":"summary_large_image","twitter_creator":"@LosPoliticosVer","twitter_site":"@LosPoliticosVer","twitter_misc":{"Escrito por":"Lo viste en Los Pol\u00edticos","Tiempo de lectura":"3 minutos"},"schema":{"@context":"https:\/\/schema.org","@graph":[{"@type":"Article","@id":"https:\/\/lospoliticosveracruz.com\/?p=67282#article","isPartOf":{"@id":"https:\/\/lospoliticosveracruz.com\/?p=67282"},"author":{"name":"Lo viste en Los Pol\u00edticos","@id":"https:\/\/lospoliticosveracruz.com\/#\/schema\/person\/b8702bb0e538456e6efd07080bf2a4a2"},"headline":"Pepe Valencia, precandidato","datePublished":"2021-01-27T15:38:57+00:00","mainEntityOfPage":{"@id":"https:\/\/lospoliticosveracruz.com\/?p=67282"},"wordCount":529,"commentCount":0,"publisher":{"@id":"https:\/\/lospoliticosveracruz.com\/#organization"},"keywords":["candidato","Cuitl\u00e1huac Garc\u00eda","Jos\u00e9 Valencia S\u00e1nchez","Sergio Gonz\u00e1lez Levet","Xalapa"],"articleSection":["De Opini\u00f3n"],"inLanguage":"es","potentialAction":[{"@type":"CommentAction","name":"Comment","target":["https:\/\/lospoliticosveracruz.com\/?p=67282#respond"]}]},{"@type":"WebPage","@id":"https:\/\/lospoliticosveracruz.com\/?p=67282","url":"https:\/\/lospoliticosveracruz.com\/?p=67282","name":"Pepe Valencia, precandidato - Los pol\u00edticos Veracruz","isPartOf":{"@id":"https:\/\/lospoliticosveracruz.com\/#website"},"datePublished":"2021-01-27T15:38:57+00:00","breadcrumb":{"@id":"https:\/\/lospoliticosveracruz.com\/?p=67282#breadcrumb"},"inLanguage":"es","potentialAction":[{"@type":"ReadAction","target":["https:\/\/lospoliticosveracruz.com\/?p=67282"]}]},{"@type":"BreadcrumbList","@id":"https:\/\/lospoliticosveracruz.com\/?p=67282#breadcrumb","itemListElement":[{"@type":"ListItem","position":1,"name":"Portada","item":"https:\/\/lospoliticosveracruz.com\/"},{"@type":"ListItem","position":2,"name":"Pepe Valencia, precandidato"}]},{"@type":"WebSite","@id":"https:\/\/lospoliticosveracruz.com\/#website","url":"https:\/\/lospoliticosveracruz.com\/","name":"Los pol\u00edticos Veracruz","description":"","publisher":{"@id":"https:\/\/lospoliticosveracruz.com\/#organization"},"potentialAction":[{"@type":"SearchAction","target":{"@type":"EntryPoint","urlTemplate":"https:\/\/lospoliticosveracruz.com\/?s={search_term_string}"},"query-input":{"@type":"PropertyValueSpecification","valueRequired":true,"valueName":"search_term_string"}}],"inLanguage":"es"},{"@type":"Organization","@id":"https:\/\/lospoliticosveracruz.com\/#organization","name":"Los pol\u00edticos Veracruz","url":"https:\/\/lospoliticosveracruz.com\/","logo":{"@type":"ImageObject","inLanguage":"es","@id":"https:\/\/lospoliticosveracruz.com\/#\/schema\/logo\/image\/","url":"https:\/\/lospoliticosveracruz.com\/wp-content\/uploads\/2025\/12\/Logo-Nuevo-LOS-POLITICOS-1.jpg","contentUrl":"https:\/\/lospoliticosveracruz.com\/wp-content\/uploads\/2025\/12\/Logo-Nuevo-LOS-POLITICOS-1.jpg","width":260,"height":70,"caption":"Los pol\u00edticos Veracruz"},"image":{"@id":"https:\/\/lospoliticosveracruz.com\/#\/schema\/logo\/image\/"},"sameAs":["https:\/\/www.facebook.com\/people\/Notimemes-de-los-Polticos\/61565672886568\/","https:\/\/x.com\/LosPoliticosVer"]},{"@type":"Person","@id":"https:\/\/lospoliticosveracruz.com\/#\/schema\/person\/b8702bb0e538456e6efd07080bf2a4a2","name":"Lo viste en Los Pol\u00edticos","image":{"@type":"ImageObject","inLanguage":"es","@id":"https:\/\/secure.gravatar.com\/avatar\/3a8de04a2656d44082be478bd6c086daa447c4651605818287b9532d3d0bd435?s=96&d=mm&r=g","url":"https:\/\/secure.gravatar.com\/avatar\/3a8de04a2656d44082be478bd6c086daa447c4651605818287b9532d3d0bd435?s=96&d=mm&r=g","contentUrl":"https:\/\/secure.gravatar.com\/avatar\/3a8de04a2656d44082be478bd6c086daa447c4651605818287b9532d3d0bd435?s=96&d=mm&r=g","caption":"Lo viste en Los Pol\u00edticos"},"url":"https:\/\/lospoliticosveracruz.com\/?author=2"}]}},"_links":{"self":[{"href":"https:\/\/lospoliticosveracruz.com\/index.php?rest_route=\/wp\/v2\/posts\/67282","targetHints":{"allow":["GET"]}}],"collection":[{"href":"https:\/\/lospoliticosveracruz.com\/index.php?rest_route=\/wp\/v2\/posts"}],"about":[{"href":"https:\/\/lospoliticosveracruz.com\/index.php?rest_route=\/wp\/v2\/types\/post"}],"author":[{"embeddable":true,"href":"https:\/\/lospoliticosveracruz.com\/index.php?rest_route=\/wp\/v2\/users\/2"}],"replies":[{"embeddable":true,"href":"https:\/\/lospoliticosveracruz.com\/index.php?rest_route=%2Fwp%2Fv2%2Fcomments&post=67282"}],"version-history":[{"count":1,"href":"https:\/\/lospoliticosveracruz.com\/index.php?rest_route=\/wp\/v2\/posts\/67282\/revisions"}],"predecessor-version":[{"id":67283,"href":"https:\/\/lospoliticosveracruz.com\/index.php?rest_route=\/wp\/v2\/posts\/67282\/revisions\/67283"}],"wp:attachment":[{"href":"https:\/\/lospoliticosveracruz.com\/index.php?rest_route=%2Fwp%2Fv2%2Fmedia&parent=67282"}],"wp:term":[{"taxonomy":"category","embeddable":true,"href":"https:\/\/lospoliticosveracruz.com\/index.php?rest_route=%2Fwp%2Fv2%2Fcategories&post=67282"},{"taxonomy":"post_tag","embeddable":true,"href":"https:\/\/lospoliticosveracruz.com\/index.php?rest_route=%2Fwp%2Fv2%2Ftags&post=67282"}],"curies":[{"name":"wp","href":"https:\/\/api.w.org\/{rel}","templated":true}]}}