{"id":67290,"date":"2021-01-27T13:02:49","date_gmt":"2021-01-27T19:02:49","guid":{"rendered":"http:\/\/www.lospoliticosveracruz.com.mx\/?p=67290"},"modified":"2021-01-27T13:02:49","modified_gmt":"2021-01-27T19:02:49","slug":"xalapa-sin-alianza","status":"publish","type":"post","link":"https:\/\/lospoliticosveracruz.com\/?p=67290","title":{"rendered":"Xalapa, sin alianza"},"content":{"rendered":"<p><strong>Salvador Mu\u00f1oz<\/strong><\/p>\n<p><em>Los Politicos<\/em><\/p>\n<p>Al momento de escribir estas l\u00edneas, en el Altiplano, tratan de hacer entender a la Alianza VaXM\u00e9xico, que si se quiere dar un paso para el 2024 y sacar a Morena de Palacio de Gobierno, es necesario ganar la capital de Veracruz, pero yendo unidos PAN, PRI y PRD\u2026 si cada quien va por separado, de acuerdo a los n\u00fameros que traen los dos \u00faltimos, no les alcanza\u2026 al parecer en el blanquiazul, dijera el \u00ednclito: \u201ctienen otros datos\u201d.<br \/>\nEsta decisi\u00f3n podr\u00eda en un momento dado, hacer que se bajara de la contienda el mismo David Velasco Chedraui porque percibe que la Alianza es definitiva para lograr el prop\u00f3sito primario. Lo grave del asunto es que si Vicho desiste, hay que esperar entonces la reacci\u00f3n del grupo de empresarios que lo rodean y apoyan.<br \/>\nEl asunto son las repercusiones que la decisi\u00f3n del PAN por ir solo, pudiera generar, no en estas elecciones, sino todav\u00eda m\u00e1s a futuro.<br \/>\nA sabiendas que pasado el proceso electoral inicia en el PAN otro proceso, ahora interno, \u00bfqui\u00e9n ser\u00eda el primer interesado en postularse para competir contra el Chapito por la dirigencia estatal del partido? Hay quienes enfilan a Fernando Yunes M\u00e1rquez en este escenario\u2026 ya se imaginan la idea, \u00bfno? Luego entonces, si el inter\u00e9s est\u00e1 enfocado a las riendas del PAN, se necesitan dos escenarios posibles:<br \/>\n1.- Que Guzm\u00e1n Avil\u00e9s fracase en estos pr\u00f3ximos comicios en puntos clave del estado como es la capital de Xalapa y por supuesto, en el n\u00famero de curules locales.<br \/>\n2.- Ahora, el otro escenario, el amable en lo que parece ser una inminente candidatura sin alianza, es el que Sergio Hern\u00e1ndez Hern\u00e1ndez gane la capital y entonces se proclame un triunfo yunista y no chapista.<br \/>\nPor supuesto, el hecho de que haya una alta probabilidad de que se esfume la alianza para ir por la alcald\u00eda de Xalapa, ya genera en el mismo dirigente blanquiazul un espectro de debilidad, apretado entonces primero por los Yunes y luego hasta por los Titos y Quiques, que lo dejaron hasta sin \u201cpluris\u201d&#8230; es decir \u201cdes-pluri-mado\u201d.<br \/>\nAgreguemos que si no hay Alianza VaxXalapa, si hay divisi\u00f3n de fuerzas, lo \u00fanico que necesita Morena es un candidato o una candidata conocido o conocida, con estructura, que conozca la ciudad, y que le permita entonces al partido en el Poder, dar batalla en una guerra que hasta hoy, en este momento, parec\u00eda perdida.<\/p>\n<p>smcainito@gmail.com<\/p>\n","protected":false},"excerpt":{"rendered":"<p>Salvador Mu\u00f1oz Los Politicos Al momento de escribir estas l\u00edneas, en el Altiplano, tratan de hacer entender a la Alianza VaXM\u00e9xico, que si se quiere dar un paso para el 2024 y sacar a Morena de Palacio de Gobierno, es necesario ganar la capital de Veracruz, pero yendo unidos PAN, PRI y PRD\u2026 si cada [&hellip;]<\/p>\n","protected":false},"author":2,"featured_media":0,"comment_status":"open","ping_status":"open","sticky":false,"template":"","format":"standard","meta":{"tdm_status":"","tdm_grid_status":"","footnotes":""},"categories":[70],"tags":[4206,25631,22026,15051,407,818,14260,3288,1026,266,107,251,2646,6481,96],"class_list":{"0":"post-67290","1":"post","2":"type-post","3":"status-publish","4":"format-standard","6":"category-de-opinion","7":"tag-candidato-del-pri","8":"tag-candidatura-sin-alianza","9":"tag-capital-del-estado","10":"tag-chapito","11":"tag-david-velasco-chedraui","12":"tag-fernando-yunes-marquez","13":"tag-guerra","14":"tag-joaquin-guzman-aviles","15":"tag-morena","16":"tag-pan","17":"tag-prd","18":"tag-pri","19":"tag-salvador-munoz","20":"tag-sergio-hernandez-hernandez","21":"tag-xalapa"},"yoast_head":"<!-- This site is optimized with the Yoast SEO plugin v27.4 - https:\/\/yoast.com\/product\/yoast-seo-wordpress\/ -->\n<title>Xalapa, sin alianza - Los pol\u00edticos Veracruz<\/title>\n<meta name=\"robots\" content=\"index, follow, max-snippet:-1, max-image-preview:large, max-video-preview:-1\" \/>\n<link rel=\"canonical\" href=\"https:\/\/lospoliticosveracruz.com\/?p=67290\" \/>\n<meta property=\"og:locale\" content=\"es_ES\" \/>\n<meta property=\"og:type\" content=\"article\" \/>\n<meta property=\"og:title\" content=\"Xalapa, sin alianza - Los pol\u00edticos Veracruz\" \/>\n<meta property=\"og:description\" content=\"Salvador Mu\u00f1oz Los Politicos Al momento de escribir estas l\u00edneas, en el Altiplano, tratan de hacer entender a la Alianza VaXM\u00e9xico, que si se quiere dar un paso para el 2024 y sacar a Morena de Palacio de Gobierno, es necesario ganar la capital de Veracruz, pero yendo unidos PAN, PRI y PRD\u2026 si cada [&hellip;]\" \/>\n<meta property=\"og:url\" content=\"https:\/\/lospoliticosveracruz.com\/?p=67290\" \/>\n<meta property=\"og:site_name\" content=\"Los pol\u00edticos Veracruz\" \/>\n<meta property=\"article:publisher\" content=\"https:\/\/www.facebook.com\/people\/Notimemes-de-los-Polticos\/61565672886568\/\" \/>\n<meta property=\"article:published_time\" content=\"2021-01-27T19:02:49+00:00\" \/>\n<meta property=\"og:image\" content=\"https:\/\/lospoliticosveracruz.com\/wp-content\/uploads\/2016\/07\/Logo-Dor.jpg\" \/>\n\t<meta property=\"og:image:width\" content=\"200\" \/>\n\t<meta property=\"og:image:height\" content=\"200\" \/>\n\t<meta property=\"og:image:type\" content=\"image\/jpeg\" \/>\n<meta name=\"author\" content=\"Lo viste en Los Pol\u00edticos\" \/>\n<meta name=\"twitter:card\" content=\"summary_large_image\" \/>\n<meta name=\"twitter:creator\" content=\"@LosPoliticosVer\" \/>\n<meta name=\"twitter:site\" content=\"@LosPoliticosVer\" \/>\n<meta name=\"twitter:label1\" content=\"Escrito por\" \/>\n\t<meta name=\"twitter:data1\" content=\"Lo viste en Los Pol\u00edticos\" \/>\n\t<meta name=\"twitter:label2\" content=\"Tiempo de lectura\" \/>\n\t<meta name=\"twitter:data2\" content=\"2 minutos\" \/>\n<script type=\"application\/ld+json\" class=\"yoast-schema-graph\">{\"@context\":\"https:\\\/\\\/schema.org\",\"@graph\":[{\"@type\":\"Article\",\"@id\":\"https:\\\/\\\/lospoliticosveracruz.com\\\/?p=67290#article\",\"isPartOf\":{\"@id\":\"https:\\\/\\\/lospoliticosveracruz.com\\\/?p=67290\"},\"author\":{\"name\":\"Lo viste en Los Pol\u00edticos\",\"@id\":\"https:\\\/\\\/lospoliticosveracruz.com\\\/#\\\/schema\\\/person\\\/b8702bb0e538456e6efd07080bf2a4a2\"},\"headline\":\"Xalapa, sin alianza\",\"datePublished\":\"2021-01-27T19:02:49+00:00\",\"mainEntityOfPage\":{\"@id\":\"https:\\\/\\\/lospoliticosveracruz.com\\\/?p=67290\"},\"wordCount\":434,\"commentCount\":0,\"publisher\":{\"@id\":\"https:\\\/\\\/lospoliticosveracruz.com\\\/#organization\"},\"keywords\":[\"candidato del PRI\",\"candidatura sin alianza\",\"Capital del Estado.\",\"Chapito\",\"David Velasco Chedraui\",\"Fernando Yunes M\u00e1rquez\",\"Guerra\",\"Joaqu\u00edn Guzm\u00e1n Avil\u00e9s\",\"Morena\",\"PAN\",\"PRD\",\"PRI\",\"Salvador Mu\u00f1oz\",\"Sergio Hern\u00e1ndez Hern\u00e1ndez\",\"Xalapa\"],\"articleSection\":[\"De Opini\u00f3n\"],\"inLanguage\":\"es\",\"potentialAction\":[{\"@type\":\"CommentAction\",\"name\":\"Comment\",\"target\":[\"https:\\\/\\\/lospoliticosveracruz.com\\\/?p=67290#respond\"]}]},{\"@type\":\"WebPage\",\"@id\":\"https:\\\/\\\/lospoliticosveracruz.com\\\/?p=67290\",\"url\":\"https:\\\/\\\/lospoliticosveracruz.com\\\/?p=67290\",\"name\":\"Xalapa, sin alianza - Los pol\u00edticos Veracruz\",\"isPartOf\":{\"@id\":\"https:\\\/\\\/lospoliticosveracruz.com\\\/#website\"},\"datePublished\":\"2021-01-27T19:02:49+00:00\",\"breadcrumb\":{\"@id\":\"https:\\\/\\\/lospoliticosveracruz.com\\\/?p=67290#breadcrumb\"},\"inLanguage\":\"es\",\"potentialAction\":[{\"@type\":\"ReadAction\",\"target\":[\"https:\\\/\\\/lospoliticosveracruz.com\\\/?p=67290\"]}]},{\"@type\":\"BreadcrumbList\",\"@id\":\"https:\\\/\\\/lospoliticosveracruz.com\\\/?p=67290#breadcrumb\",\"itemListElement\":[{\"@type\":\"ListItem\",\"position\":1,\"name\":\"Portada\",\"item\":\"https:\\\/\\\/lospoliticosveracruz.com\\\/\"},{\"@type\":\"ListItem\",\"position\":2,\"name\":\"Xalapa, sin alianza\"}]},{\"@type\":\"WebSite\",\"@id\":\"https:\\\/\\\/lospoliticosveracruz.com\\\/#website\",\"url\":\"https:\\\/\\\/lospoliticosveracruz.com\\\/\",\"name\":\"Los pol\u00edticos Veracruz\",\"description\":\"\",\"publisher\":{\"@id\":\"https:\\\/\\\/lospoliticosveracruz.com\\\/#organization\"},\"potentialAction\":[{\"@type\":\"SearchAction\",\"target\":{\"@type\":\"EntryPoint\",\"urlTemplate\":\"https:\\\/\\\/lospoliticosveracruz.com\\\/?s={search_term_string}\"},\"query-input\":{\"@type\":\"PropertyValueSpecification\",\"valueRequired\":true,\"valueName\":\"search_term_string\"}}],\"inLanguage\":\"es\"},{\"@type\":\"Organization\",\"@id\":\"https:\\\/\\\/lospoliticosveracruz.com\\\/#organization\",\"name\":\"Los pol\u00edticos Veracruz\",\"url\":\"https:\\\/\\\/lospoliticosveracruz.com\\\/\",\"logo\":{\"@type\":\"ImageObject\",\"inLanguage\":\"es\",\"@id\":\"https:\\\/\\\/lospoliticosveracruz.com\\\/#\\\/schema\\\/logo\\\/image\\\/\",\"url\":\"https:\\\/\\\/lospoliticosveracruz.com\\\/wp-content\\\/uploads\\\/2025\\\/12\\\/Logo-Nuevo-LOS-POLITICOS-1.jpg\",\"contentUrl\":\"https:\\\/\\\/lospoliticosveracruz.com\\\/wp-content\\\/uploads\\\/2025\\\/12\\\/Logo-Nuevo-LOS-POLITICOS-1.jpg\",\"width\":260,\"height\":70,\"caption\":\"Los pol\u00edticos Veracruz\"},\"image\":{\"@id\":\"https:\\\/\\\/lospoliticosveracruz.com\\\/#\\\/schema\\\/logo\\\/image\\\/\"},\"sameAs\":[\"https:\\\/\\\/www.facebook.com\\\/people\\\/Notimemes-de-los-Polticos\\\/61565672886568\\\/\",\"https:\\\/\\\/x.com\\\/LosPoliticosVer\"]},{\"@type\":\"Person\",\"@id\":\"https:\\\/\\\/lospoliticosveracruz.com\\\/#\\\/schema\\\/person\\\/b8702bb0e538456e6efd07080bf2a4a2\",\"name\":\"Lo viste en Los Pol\u00edticos\",\"image\":{\"@type\":\"ImageObject\",\"inLanguage\":\"es\",\"@id\":\"https:\\\/\\\/secure.gravatar.com\\\/avatar\\\/3a8de04a2656d44082be478bd6c086daa447c4651605818287b9532d3d0bd435?s=96&d=mm&r=g\",\"url\":\"https:\\\/\\\/secure.gravatar.com\\\/avatar\\\/3a8de04a2656d44082be478bd6c086daa447c4651605818287b9532d3d0bd435?s=96&d=mm&r=g\",\"contentUrl\":\"https:\\\/\\\/secure.gravatar.com\\\/avatar\\\/3a8de04a2656d44082be478bd6c086daa447c4651605818287b9532d3d0bd435?s=96&d=mm&r=g\",\"caption\":\"Lo viste en Los Pol\u00edticos\"},\"url\":\"https:\\\/\\\/lospoliticosveracruz.com\\\/?author=2\"}]}<\/script>\n<!-- \/ Yoast SEO plugin. -->","yoast_head_json":{"title":"Xalapa, sin alianza - Los pol\u00edticos Veracruz","robots":{"index":"index","follow":"follow","max-snippet":"max-snippet:-1","max-image-preview":"max-image-preview:large","max-video-preview":"max-video-preview:-1"},"canonical":"https:\/\/lospoliticosveracruz.com\/?p=67290","og_locale":"es_ES","og_type":"article","og_title":"Xalapa, sin alianza - Los pol\u00edticos Veracruz","og_description":"Salvador Mu\u00f1oz Los Politicos Al momento de escribir estas l\u00edneas, en el Altiplano, tratan de hacer entender a la Alianza VaXM\u00e9xico, que si se quiere dar un paso para el 2024 y sacar a Morena de Palacio de Gobierno, es necesario ganar la capital de Veracruz, pero yendo unidos PAN, PRI y PRD\u2026 si cada [&hellip;]","og_url":"https:\/\/lospoliticosveracruz.com\/?p=67290","og_site_name":"Los pol\u00edticos Veracruz","article_publisher":"https:\/\/www.facebook.com\/people\/Notimemes-de-los-Polticos\/61565672886568\/","article_published_time":"2021-01-27T19:02:49+00:00","og_image":[{"width":200,"height":200,"url":"https:\/\/lospoliticosveracruz.com\/wp-content\/uploads\/2016\/07\/Logo-Dor.jpg","type":"image\/jpeg"}],"author":"Lo viste en Los Pol\u00edticos","twitter_card":"summary_large_image","twitter_creator":"@LosPoliticosVer","twitter_site":"@LosPoliticosVer","twitter_misc":{"Escrito por":"Lo viste en Los Pol\u00edticos","Tiempo de lectura":"2 minutos"},"schema":{"@context":"https:\/\/schema.org","@graph":[{"@type":"Article","@id":"https:\/\/lospoliticosveracruz.com\/?p=67290#article","isPartOf":{"@id":"https:\/\/lospoliticosveracruz.com\/?p=67290"},"author":{"name":"Lo viste en Los Pol\u00edticos","@id":"https:\/\/lospoliticosveracruz.com\/#\/schema\/person\/b8702bb0e538456e6efd07080bf2a4a2"},"headline":"Xalapa, sin alianza","datePublished":"2021-01-27T19:02:49+00:00","mainEntityOfPage":{"@id":"https:\/\/lospoliticosveracruz.com\/?p=67290"},"wordCount":434,"commentCount":0,"publisher":{"@id":"https:\/\/lospoliticosveracruz.com\/#organization"},"keywords":["candidato del PRI","candidatura sin alianza","Capital del Estado.","Chapito","David Velasco Chedraui","Fernando Yunes M\u00e1rquez","Guerra","Joaqu\u00edn Guzm\u00e1n Avil\u00e9s","Morena","PAN","PRD","PRI","Salvador Mu\u00f1oz","Sergio Hern\u00e1ndez Hern\u00e1ndez","Xalapa"],"articleSection":["De Opini\u00f3n"],"inLanguage":"es","potentialAction":[{"@type":"CommentAction","name":"Comment","target":["https:\/\/lospoliticosveracruz.com\/?p=67290#respond"]}]},{"@type":"WebPage","@id":"https:\/\/lospoliticosveracruz.com\/?p=67290","url":"https:\/\/lospoliticosveracruz.com\/?p=67290","name":"Xalapa, sin alianza - Los pol\u00edticos Veracruz","isPartOf":{"@id":"https:\/\/lospoliticosveracruz.com\/#website"},"datePublished":"2021-01-27T19:02:49+00:00","breadcrumb":{"@id":"https:\/\/lospoliticosveracruz.com\/?p=67290#breadcrumb"},"inLanguage":"es","potentialAction":[{"@type":"ReadAction","target":["https:\/\/lospoliticosveracruz.com\/?p=67290"]}]},{"@type":"BreadcrumbList","@id":"https:\/\/lospoliticosveracruz.com\/?p=67290#breadcrumb","itemListElement":[{"@type":"ListItem","position":1,"name":"Portada","item":"https:\/\/lospoliticosveracruz.com\/"},{"@type":"ListItem","position":2,"name":"Xalapa, sin alianza"}]},{"@type":"WebSite","@id":"https:\/\/lospoliticosveracruz.com\/#website","url":"https:\/\/lospoliticosveracruz.com\/","name":"Los pol\u00edticos Veracruz","description":"","publisher":{"@id":"https:\/\/lospoliticosveracruz.com\/#organization"},"potentialAction":[{"@type":"SearchAction","target":{"@type":"EntryPoint","urlTemplate":"https:\/\/lospoliticosveracruz.com\/?s={search_term_string}"},"query-input":{"@type":"PropertyValueSpecification","valueRequired":true,"valueName":"search_term_string"}}],"inLanguage":"es"},{"@type":"Organization","@id":"https:\/\/lospoliticosveracruz.com\/#organization","name":"Los pol\u00edticos Veracruz","url":"https:\/\/lospoliticosveracruz.com\/","logo":{"@type":"ImageObject","inLanguage":"es","@id":"https:\/\/lospoliticosveracruz.com\/#\/schema\/logo\/image\/","url":"https:\/\/lospoliticosveracruz.com\/wp-content\/uploads\/2025\/12\/Logo-Nuevo-LOS-POLITICOS-1.jpg","contentUrl":"https:\/\/lospoliticosveracruz.com\/wp-content\/uploads\/2025\/12\/Logo-Nuevo-LOS-POLITICOS-1.jpg","width":260,"height":70,"caption":"Los pol\u00edticos Veracruz"},"image":{"@id":"https:\/\/lospoliticosveracruz.com\/#\/schema\/logo\/image\/"},"sameAs":["https:\/\/www.facebook.com\/people\/Notimemes-de-los-Polticos\/61565672886568\/","https:\/\/x.com\/LosPoliticosVer"]},{"@type":"Person","@id":"https:\/\/lospoliticosveracruz.com\/#\/schema\/person\/b8702bb0e538456e6efd07080bf2a4a2","name":"Lo viste en Los Pol\u00edticos","image":{"@type":"ImageObject","inLanguage":"es","@id":"https:\/\/secure.gravatar.com\/avatar\/3a8de04a2656d44082be478bd6c086daa447c4651605818287b9532d3d0bd435?s=96&d=mm&r=g","url":"https:\/\/secure.gravatar.com\/avatar\/3a8de04a2656d44082be478bd6c086daa447c4651605818287b9532d3d0bd435?s=96&d=mm&r=g","contentUrl":"https:\/\/secure.gravatar.com\/avatar\/3a8de04a2656d44082be478bd6c086daa447c4651605818287b9532d3d0bd435?s=96&d=mm&r=g","caption":"Lo viste en Los Pol\u00edticos"},"url":"https:\/\/lospoliticosveracruz.com\/?author=2"}]}},"_links":{"self":[{"href":"https:\/\/lospoliticosveracruz.com\/index.php?rest_route=\/wp\/v2\/posts\/67290","targetHints":{"allow":["GET"]}}],"collection":[{"href":"https:\/\/lospoliticosveracruz.com\/index.php?rest_route=\/wp\/v2\/posts"}],"about":[{"href":"https:\/\/lospoliticosveracruz.com\/index.php?rest_route=\/wp\/v2\/types\/post"}],"author":[{"embeddable":true,"href":"https:\/\/lospoliticosveracruz.com\/index.php?rest_route=\/wp\/v2\/users\/2"}],"replies":[{"embeddable":true,"href":"https:\/\/lospoliticosveracruz.com\/index.php?rest_route=%2Fwp%2Fv2%2Fcomments&post=67290"}],"version-history":[{"count":1,"href":"https:\/\/lospoliticosveracruz.com\/index.php?rest_route=\/wp\/v2\/posts\/67290\/revisions"}],"predecessor-version":[{"id":67292,"href":"https:\/\/lospoliticosveracruz.com\/index.php?rest_route=\/wp\/v2\/posts\/67290\/revisions\/67292"}],"wp:attachment":[{"href":"https:\/\/lospoliticosveracruz.com\/index.php?rest_route=%2Fwp%2Fv2%2Fmedia&parent=67290"}],"wp:term":[{"taxonomy":"category","embeddable":true,"href":"https:\/\/lospoliticosveracruz.com\/index.php?rest_route=%2Fwp%2Fv2%2Fcategories&post=67290"},{"taxonomy":"post_tag","embeddable":true,"href":"https:\/\/lospoliticosveracruz.com\/index.php?rest_route=%2Fwp%2Fv2%2Ftags&post=67290"}],"curies":[{"name":"wp","href":"https:\/\/api.w.org\/{rel}","templated":true}]}}