{"id":67371,"date":"2021-01-28T13:29:33","date_gmt":"2021-01-28T19:29:33","guid":{"rendered":"http:\/\/www.lospoliticosveracruz.com.mx\/?p=67371"},"modified":"2021-01-28T13:29:33","modified_gmt":"2021-01-28T19:29:33","slug":"van-planillas-del-sol-para-190-municipios","status":"publish","type":"post","link":"https:\/\/lospoliticosveracruz.com\/?p=67371","title":{"rendered":"Van planillas del Sol para 190 municipios"},"content":{"rendered":"<p>&nbsp;<br \/>\n<strong>Xalapa <\/strong><br \/>\nEl Partido de la Revoluci\u00f3n Democr\u00e1tica en Veracruz recupera su identidad y se posiciona ante la sociedad como un partido pol\u00edtico que lucha por las causas de la gente, como la verdadera izquierda que es, lo que qued\u00f3 demostrado en d\u00edas pasados al registrar en su sede estatal la intenci\u00f3n de poco m\u00e1s de 190 planillas internas que buscan encabezar y formar parte de los cabildos de igual n\u00famero de municipios, destac\u00f3 Sergio Cadena Mart\u00ednez, Presidente de la Direcci\u00f3n Estatal Ejecutiva.<br \/>\nEl dirigente del partido del Sol Azteca detall\u00f3 que producto de las negociaciones llevadas a cabo en las mesas de la alianza con otras fuerzas pol\u00edticas, en 24 municipios el PRD va a encabezar las formulas y en 139 presentar\u00e1 a mujeres y hombres valiosos, trabajadores y comprometidos con Veracruz emanados de sus filas, quienes har\u00e1n un excelente papel y ser\u00e1n dignos contendientes y representantes de las causas ciudadanas.<br \/>\nCadena Mart\u00ednez celebr\u00f3 el \u00e1nimo de participaci\u00f3n y la gran afluencia de representantes de los distintos sectores sociales que quieren recuperar a Veracruz y reorientarlo hacia un mejor futuro, respondiendo al llamado del PRD de conformar una alianza social digna, s\u00f3lida, con altura de miras por lo que en la pr\u00f3xima elecci\u00f3n va a presentar caras nuevas, mujeres, hombres y sobre todo j\u00f3venes valiosos que tienen el compromiso y convicci\u00f3n de luchar por las causas sociales de M\u00e9xico y de Veracruz.<br \/>\n\u00abDe esta manera vamos a contribuir a combatir la corrupci\u00f3n en todas sus formas, la pobreza, debemos acabar con el nepotismo, ese es el gran compromiso que asume el PRD, por lo que celebramos la aceptaci\u00f3n que el partido ha recuperado a lo largo y ancho de Veracruz, con candidatos dignos a diputados federales y locales vamos a dar la gran batalla electoral y no tenemos duda que los resultados ser\u00e1n a favor de Veracruz\u00bb, apunt\u00f3.<br \/>\nFinalmente, dej\u00f3 en claro que su partido participar\u00e1 con la firme intenci\u00f3n de equilibrar fuerzas al interior de las C\u00e1maras de Diputados local y federal en los comicios de junio pr\u00f3ximo, puntualizando que no se trata de una coalici\u00f3n formada para derrotar a nadie, sino para rescatar a M\u00e9xico y a Veracruz.<\/p>\n","protected":false},"excerpt":{"rendered":"<p>&nbsp; Xalapa El Partido de la Revoluci\u00f3n Democr\u00e1tica en Veracruz recupera su identidad y se posiciona ante la sociedad como un partido pol\u00edtico que lucha por las causas de la gente, como la verdadera izquierda que es, lo que qued\u00f3 demostrado en d\u00edas pasados al registrar en su sede estatal la intenci\u00f3n de poco m\u00e1s [&hellip;]<\/p>\n","protected":false},"author":2,"featured_media":0,"comment_status":"open","ping_status":"open","sticky":false,"template":"","format":"standard","meta":{"tdm_status":"","tdm_grid_status":"","footnotes":""},"categories":[6446],"tags":[3199,25679,14133,107,7887,14641,195],"class_list":{"0":"post-67371","1":"post","2":"type-post","3":"status-publish","4":"format-standard","6":"category-la-nota","7":"tag-alianza","8":"tag-fuerzas-politicas","9":"tag-nepotismo","10":"tag-prd","11":"tag-sergio-cadena-martinez","12":"tag-sol-azteca","13":"tag-veracruz"},"yoast_head":"<!-- This site is optimized with the Yoast SEO plugin v27.4 - https:\/\/yoast.com\/product\/yoast-seo-wordpress\/ -->\n<title>Van planillas del Sol para 190 municipios - Los pol\u00edticos Veracruz<\/title>\n<meta name=\"robots\" content=\"index, follow, max-snippet:-1, max-image-preview:large, max-video-preview:-1\" \/>\n<link rel=\"canonical\" href=\"https:\/\/lospoliticosveracruz.com\/?p=67371\" \/>\n<meta property=\"og:locale\" content=\"es_ES\" \/>\n<meta property=\"og:type\" content=\"article\" \/>\n<meta property=\"og:title\" content=\"Van planillas del Sol para 190 municipios - Los pol\u00edticos Veracruz\" \/>\n<meta property=\"og:description\" content=\"&nbsp; Xalapa El Partido de la Revoluci\u00f3n Democr\u00e1tica en Veracruz recupera su identidad y se posiciona ante la sociedad como un partido pol\u00edtico que lucha por las causas de la gente, como la verdadera izquierda que es, lo que qued\u00f3 demostrado en d\u00edas pasados al registrar en su sede estatal la intenci\u00f3n de poco m\u00e1s [&hellip;]\" \/>\n<meta property=\"og:url\" content=\"https:\/\/lospoliticosveracruz.com\/?p=67371\" \/>\n<meta property=\"og:site_name\" content=\"Los pol\u00edticos Veracruz\" \/>\n<meta property=\"article:publisher\" content=\"https:\/\/www.facebook.com\/people\/Notimemes-de-los-Polticos\/61565672886568\/\" \/>\n<meta property=\"article:published_time\" content=\"2021-01-28T19:29:33+00:00\" \/>\n<meta property=\"og:image\" content=\"https:\/\/lospoliticosveracruz.com\/wp-content\/uploads\/2016\/07\/Logo-Dor.jpg\" \/>\n\t<meta property=\"og:image:width\" content=\"200\" \/>\n\t<meta property=\"og:image:height\" content=\"200\" \/>\n\t<meta property=\"og:image:type\" content=\"image\/jpeg\" \/>\n<meta name=\"author\" content=\"Lo viste en Los Pol\u00edticos\" \/>\n<meta name=\"twitter:card\" content=\"summary_large_image\" \/>\n<meta name=\"twitter:creator\" content=\"@LosPoliticosVer\" \/>\n<meta name=\"twitter:site\" content=\"@LosPoliticosVer\" \/>\n<meta name=\"twitter:label1\" content=\"Escrito por\" \/>\n\t<meta name=\"twitter:data1\" content=\"Lo viste en Los Pol\u00edticos\" \/>\n\t<meta name=\"twitter:label2\" content=\"Tiempo de lectura\" \/>\n\t<meta name=\"twitter:data2\" content=\"2 minutos\" \/>\n<script type=\"application\/ld+json\" class=\"yoast-schema-graph\">{\"@context\":\"https:\\\/\\\/schema.org\",\"@graph\":[{\"@type\":\"Article\",\"@id\":\"https:\\\/\\\/lospoliticosveracruz.com\\\/?p=67371#article\",\"isPartOf\":{\"@id\":\"https:\\\/\\\/lospoliticosveracruz.com\\\/?p=67371\"},\"author\":{\"name\":\"Lo viste en Los Pol\u00edticos\",\"@id\":\"https:\\\/\\\/lospoliticosveracruz.com\\\/#\\\/schema\\\/person\\\/b8702bb0e538456e6efd07080bf2a4a2\"},\"headline\":\"Van planillas del Sol para 190 municipios\",\"datePublished\":\"2021-01-28T19:29:33+00:00\",\"mainEntityOfPage\":{\"@id\":\"https:\\\/\\\/lospoliticosveracruz.com\\\/?p=67371\"},\"wordCount\":392,\"commentCount\":0,\"publisher\":{\"@id\":\"https:\\\/\\\/lospoliticosveracruz.com\\\/#organization\"},\"keywords\":[\"alianza\",\"fuerzas pol\u00edticas\",\"nepotismo\",\"PRD\",\"Sergio Cadena Mart\u00ednez\",\"Sol Azteca\",\"Veracruz\"],\"articleSection\":[\"La Nota\"],\"inLanguage\":\"es\",\"potentialAction\":[{\"@type\":\"CommentAction\",\"name\":\"Comment\",\"target\":[\"https:\\\/\\\/lospoliticosveracruz.com\\\/?p=67371#respond\"]}]},{\"@type\":\"WebPage\",\"@id\":\"https:\\\/\\\/lospoliticosveracruz.com\\\/?p=67371\",\"url\":\"https:\\\/\\\/lospoliticosveracruz.com\\\/?p=67371\",\"name\":\"Van planillas del Sol para 190 municipios - Los pol\u00edticos Veracruz\",\"isPartOf\":{\"@id\":\"https:\\\/\\\/lospoliticosveracruz.com\\\/#website\"},\"datePublished\":\"2021-01-28T19:29:33+00:00\",\"breadcrumb\":{\"@id\":\"https:\\\/\\\/lospoliticosveracruz.com\\\/?p=67371#breadcrumb\"},\"inLanguage\":\"es\",\"potentialAction\":[{\"@type\":\"ReadAction\",\"target\":[\"https:\\\/\\\/lospoliticosveracruz.com\\\/?p=67371\"]}]},{\"@type\":\"BreadcrumbList\",\"@id\":\"https:\\\/\\\/lospoliticosveracruz.com\\\/?p=67371#breadcrumb\",\"itemListElement\":[{\"@type\":\"ListItem\",\"position\":1,\"name\":\"Portada\",\"item\":\"https:\\\/\\\/lospoliticosveracruz.com\\\/\"},{\"@type\":\"ListItem\",\"position\":2,\"name\":\"Van planillas del Sol para 190 municipios\"}]},{\"@type\":\"WebSite\",\"@id\":\"https:\\\/\\\/lospoliticosveracruz.com\\\/#website\",\"url\":\"https:\\\/\\\/lospoliticosveracruz.com\\\/\",\"name\":\"Los pol\u00edticos Veracruz\",\"description\":\"\",\"publisher\":{\"@id\":\"https:\\\/\\\/lospoliticosveracruz.com\\\/#organization\"},\"potentialAction\":[{\"@type\":\"SearchAction\",\"target\":{\"@type\":\"EntryPoint\",\"urlTemplate\":\"https:\\\/\\\/lospoliticosveracruz.com\\\/?s={search_term_string}\"},\"query-input\":{\"@type\":\"PropertyValueSpecification\",\"valueRequired\":true,\"valueName\":\"search_term_string\"}}],\"inLanguage\":\"es\"},{\"@type\":\"Organization\",\"@id\":\"https:\\\/\\\/lospoliticosveracruz.com\\\/#organization\",\"name\":\"Los pol\u00edticos Veracruz\",\"url\":\"https:\\\/\\\/lospoliticosveracruz.com\\\/\",\"logo\":{\"@type\":\"ImageObject\",\"inLanguage\":\"es\",\"@id\":\"https:\\\/\\\/lospoliticosveracruz.com\\\/#\\\/schema\\\/logo\\\/image\\\/\",\"url\":\"https:\\\/\\\/lospoliticosveracruz.com\\\/wp-content\\\/uploads\\\/2025\\\/12\\\/Logo-Nuevo-LOS-POLITICOS-1.jpg\",\"contentUrl\":\"https:\\\/\\\/lospoliticosveracruz.com\\\/wp-content\\\/uploads\\\/2025\\\/12\\\/Logo-Nuevo-LOS-POLITICOS-1.jpg\",\"width\":260,\"height\":70,\"caption\":\"Los pol\u00edticos Veracruz\"},\"image\":{\"@id\":\"https:\\\/\\\/lospoliticosveracruz.com\\\/#\\\/schema\\\/logo\\\/image\\\/\"},\"sameAs\":[\"https:\\\/\\\/www.facebook.com\\\/people\\\/Notimemes-de-los-Polticos\\\/61565672886568\\\/\",\"https:\\\/\\\/x.com\\\/LosPoliticosVer\"]},{\"@type\":\"Person\",\"@id\":\"https:\\\/\\\/lospoliticosveracruz.com\\\/#\\\/schema\\\/person\\\/b8702bb0e538456e6efd07080bf2a4a2\",\"name\":\"Lo viste en Los Pol\u00edticos\",\"image\":{\"@type\":\"ImageObject\",\"inLanguage\":\"es\",\"@id\":\"https:\\\/\\\/secure.gravatar.com\\\/avatar\\\/3a8de04a2656d44082be478bd6c086daa447c4651605818287b9532d3d0bd435?s=96&d=mm&r=g\",\"url\":\"https:\\\/\\\/secure.gravatar.com\\\/avatar\\\/3a8de04a2656d44082be478bd6c086daa447c4651605818287b9532d3d0bd435?s=96&d=mm&r=g\",\"contentUrl\":\"https:\\\/\\\/secure.gravatar.com\\\/avatar\\\/3a8de04a2656d44082be478bd6c086daa447c4651605818287b9532d3d0bd435?s=96&d=mm&r=g\",\"caption\":\"Lo viste en Los Pol\u00edticos\"},\"url\":\"https:\\\/\\\/lospoliticosveracruz.com\\\/?author=2\"}]}<\/script>\n<!-- \/ Yoast SEO plugin. -->","yoast_head_json":{"title":"Van planillas del Sol para 190 municipios - Los pol\u00edticos Veracruz","robots":{"index":"index","follow":"follow","max-snippet":"max-snippet:-1","max-image-preview":"max-image-preview:large","max-video-preview":"max-video-preview:-1"},"canonical":"https:\/\/lospoliticosveracruz.com\/?p=67371","og_locale":"es_ES","og_type":"article","og_title":"Van planillas del Sol para 190 municipios - Los pol\u00edticos Veracruz","og_description":"&nbsp; Xalapa El Partido de la Revoluci\u00f3n Democr\u00e1tica en Veracruz recupera su identidad y se posiciona ante la sociedad como un partido pol\u00edtico que lucha por las causas de la gente, como la verdadera izquierda que es, lo que qued\u00f3 demostrado en d\u00edas pasados al registrar en su sede estatal la intenci\u00f3n de poco m\u00e1s [&hellip;]","og_url":"https:\/\/lospoliticosveracruz.com\/?p=67371","og_site_name":"Los pol\u00edticos Veracruz","article_publisher":"https:\/\/www.facebook.com\/people\/Notimemes-de-los-Polticos\/61565672886568\/","article_published_time":"2021-01-28T19:29:33+00:00","og_image":[{"width":200,"height":200,"url":"https:\/\/lospoliticosveracruz.com\/wp-content\/uploads\/2016\/07\/Logo-Dor.jpg","type":"image\/jpeg"}],"author":"Lo viste en Los Pol\u00edticos","twitter_card":"summary_large_image","twitter_creator":"@LosPoliticosVer","twitter_site":"@LosPoliticosVer","twitter_misc":{"Escrito por":"Lo viste en Los Pol\u00edticos","Tiempo de lectura":"2 minutos"},"schema":{"@context":"https:\/\/schema.org","@graph":[{"@type":"Article","@id":"https:\/\/lospoliticosveracruz.com\/?p=67371#article","isPartOf":{"@id":"https:\/\/lospoliticosveracruz.com\/?p=67371"},"author":{"name":"Lo viste en Los Pol\u00edticos","@id":"https:\/\/lospoliticosveracruz.com\/#\/schema\/person\/b8702bb0e538456e6efd07080bf2a4a2"},"headline":"Van planillas del Sol para 190 municipios","datePublished":"2021-01-28T19:29:33+00:00","mainEntityOfPage":{"@id":"https:\/\/lospoliticosveracruz.com\/?p=67371"},"wordCount":392,"commentCount":0,"publisher":{"@id":"https:\/\/lospoliticosveracruz.com\/#organization"},"keywords":["alianza","fuerzas pol\u00edticas","nepotismo","PRD","Sergio Cadena Mart\u00ednez","Sol Azteca","Veracruz"],"articleSection":["La Nota"],"inLanguage":"es","potentialAction":[{"@type":"CommentAction","name":"Comment","target":["https:\/\/lospoliticosveracruz.com\/?p=67371#respond"]}]},{"@type":"WebPage","@id":"https:\/\/lospoliticosveracruz.com\/?p=67371","url":"https:\/\/lospoliticosveracruz.com\/?p=67371","name":"Van planillas del Sol para 190 municipios - Los pol\u00edticos Veracruz","isPartOf":{"@id":"https:\/\/lospoliticosveracruz.com\/#website"},"datePublished":"2021-01-28T19:29:33+00:00","breadcrumb":{"@id":"https:\/\/lospoliticosveracruz.com\/?p=67371#breadcrumb"},"inLanguage":"es","potentialAction":[{"@type":"ReadAction","target":["https:\/\/lospoliticosveracruz.com\/?p=67371"]}]},{"@type":"BreadcrumbList","@id":"https:\/\/lospoliticosveracruz.com\/?p=67371#breadcrumb","itemListElement":[{"@type":"ListItem","position":1,"name":"Portada","item":"https:\/\/lospoliticosveracruz.com\/"},{"@type":"ListItem","position":2,"name":"Van planillas del Sol para 190 municipios"}]},{"@type":"WebSite","@id":"https:\/\/lospoliticosveracruz.com\/#website","url":"https:\/\/lospoliticosveracruz.com\/","name":"Los pol\u00edticos Veracruz","description":"","publisher":{"@id":"https:\/\/lospoliticosveracruz.com\/#organization"},"potentialAction":[{"@type":"SearchAction","target":{"@type":"EntryPoint","urlTemplate":"https:\/\/lospoliticosveracruz.com\/?s={search_term_string}"},"query-input":{"@type":"PropertyValueSpecification","valueRequired":true,"valueName":"search_term_string"}}],"inLanguage":"es"},{"@type":"Organization","@id":"https:\/\/lospoliticosveracruz.com\/#organization","name":"Los pol\u00edticos Veracruz","url":"https:\/\/lospoliticosveracruz.com\/","logo":{"@type":"ImageObject","inLanguage":"es","@id":"https:\/\/lospoliticosveracruz.com\/#\/schema\/logo\/image\/","url":"https:\/\/lospoliticosveracruz.com\/wp-content\/uploads\/2025\/12\/Logo-Nuevo-LOS-POLITICOS-1.jpg","contentUrl":"https:\/\/lospoliticosveracruz.com\/wp-content\/uploads\/2025\/12\/Logo-Nuevo-LOS-POLITICOS-1.jpg","width":260,"height":70,"caption":"Los pol\u00edticos Veracruz"},"image":{"@id":"https:\/\/lospoliticosveracruz.com\/#\/schema\/logo\/image\/"},"sameAs":["https:\/\/www.facebook.com\/people\/Notimemes-de-los-Polticos\/61565672886568\/","https:\/\/x.com\/LosPoliticosVer"]},{"@type":"Person","@id":"https:\/\/lospoliticosveracruz.com\/#\/schema\/person\/b8702bb0e538456e6efd07080bf2a4a2","name":"Lo viste en Los Pol\u00edticos","image":{"@type":"ImageObject","inLanguage":"es","@id":"https:\/\/secure.gravatar.com\/avatar\/3a8de04a2656d44082be478bd6c086daa447c4651605818287b9532d3d0bd435?s=96&d=mm&r=g","url":"https:\/\/secure.gravatar.com\/avatar\/3a8de04a2656d44082be478bd6c086daa447c4651605818287b9532d3d0bd435?s=96&d=mm&r=g","contentUrl":"https:\/\/secure.gravatar.com\/avatar\/3a8de04a2656d44082be478bd6c086daa447c4651605818287b9532d3d0bd435?s=96&d=mm&r=g","caption":"Lo viste en Los Pol\u00edticos"},"url":"https:\/\/lospoliticosveracruz.com\/?author=2"}]}},"_links":{"self":[{"href":"https:\/\/lospoliticosveracruz.com\/index.php?rest_route=\/wp\/v2\/posts\/67371","targetHints":{"allow":["GET"]}}],"collection":[{"href":"https:\/\/lospoliticosveracruz.com\/index.php?rest_route=\/wp\/v2\/posts"}],"about":[{"href":"https:\/\/lospoliticosveracruz.com\/index.php?rest_route=\/wp\/v2\/types\/post"}],"author":[{"embeddable":true,"href":"https:\/\/lospoliticosveracruz.com\/index.php?rest_route=\/wp\/v2\/users\/2"}],"replies":[{"embeddable":true,"href":"https:\/\/lospoliticosveracruz.com\/index.php?rest_route=%2Fwp%2Fv2%2Fcomments&post=67371"}],"version-history":[{"count":1,"href":"https:\/\/lospoliticosveracruz.com\/index.php?rest_route=\/wp\/v2\/posts\/67371\/revisions"}],"predecessor-version":[{"id":67373,"href":"https:\/\/lospoliticosveracruz.com\/index.php?rest_route=\/wp\/v2\/posts\/67371\/revisions\/67373"}],"wp:attachment":[{"href":"https:\/\/lospoliticosveracruz.com\/index.php?rest_route=%2Fwp%2Fv2%2Fmedia&parent=67371"}],"wp:term":[{"taxonomy":"category","embeddable":true,"href":"https:\/\/lospoliticosveracruz.com\/index.php?rest_route=%2Fwp%2Fv2%2Fcategories&post=67371"},{"taxonomy":"post_tag","embeddable":true,"href":"https:\/\/lospoliticosveracruz.com\/index.php?rest_route=%2Fwp%2Fv2%2Ftags&post=67371"}],"curies":[{"name":"wp","href":"https:\/\/api.w.org\/{rel}","templated":true}]}}