{"id":67430,"date":"2021-01-29T08:40:06","date_gmt":"2021-01-29T14:40:06","guid":{"rendered":"http:\/\/www.lospoliticosveracruz.com.mx\/?p=67430"},"modified":"2021-01-29T08:40:06","modified_gmt":"2021-01-29T14:40:06","slug":"destapes-en-la-cuenca","status":"publish","type":"post","link":"https:\/\/lospoliticosveracruz.com\/?p=67430","title":{"rendered":"Destapes en la Cuenca"},"content":{"rendered":"<p><strong>Eduardo Venegas Naranjo<\/strong><\/p>\n<p>&nbsp;<\/p>\n<p>Ser firm\u00f3 la alianza \u201cJuntos Haremos Historia\u201d donde van juntos MORENA, Partido Verde Ecologista de M\u00e9xico y el Partido del Trabajo. En la Cuenca del Papaloapan se empiezan a confirmar algunas aspiraciones, la pelea por el poder en algunos municipios ha estado cerrada, sin embargo en el municipio de Acula, la candidata ser\u00e1 Roc\u00edo Cruz Dom\u00ednguez, quien es abanderada por el Partido Verde, en alianza con MORENA y el PT, Chio tiene todas las preferencias electorales, es la sucesora de su esposo Felipe Pineda Barradas quien ha realizado un extraordinario y pulcro trabajo.<br \/>\nEn Carlos A Carrillo le toca proponer al Partido del Trabajo y Gonzalo Molina Arrioja es el abanderado en alianza con MORENA y el Verde, Chalo es hermano del actual presidente municipal Francisco Javier Molina Arrioja.<br \/>\nEn el municipio de Amatitl\u00e1n de igual forma meter\u00e1 sus manos y ser\u00e1 el PT quien proponga, el actual y desastroso gobierno encabezado por Pedro Luis Vergara Galo, quien no ha dado resultados obtuvo el triunfo en 2017 por el Partido del Trabajo.<br \/>\nEn Chacaltianguis va Bertha Isabel Mu\u00f1oz Torres por la alianza \u201cJuntos Haremos Historia\u201d Morena es su partido es una joven audaz, ya tuvo la oportunidad de estar en el DIF Municipal por tres a\u00f1os, conoce a su pueblo, lo m\u00e1s importante, sabe trabajar.<br \/>\nTuxtilla es otro municipio donde esa alianza trae a Leidy del Carmen Vergara Andrade como candidata por MORENA una joven sensible que conoce las necesidades de su pueblo, cuenta con la aprobaci\u00f3n del pueblo.<\/p>\n<p>El destape del d\u00eda fue en Tlacotalpan. Luis Medina Aguirre confirm\u00f3 sus aspiraciones a la presidencia municipal de Tlacotalpan, y ser\u00e1 por Movimiento Ciudadano.<br \/>\nFue la sorpresa del d\u00eda ya que hace semanas, familias Tlacotalpe\u00f1as y personas representativas del pueblo le pidieron que pensara en abanderar una opci\u00f3n viable para convertirse en alcalde de su tierra sin importar el partido, ni el color.<br \/>\nEl coordinador Nacional de MC, Lic. Dante Delgado Rannauro le apost\u00f3 a un joven, l\u00edder ganadero, sabe que Luis es una buena carta, originario de la Perla del Papaloapan, conocido por la ciudadan\u00eda, con preferencias electorales, varios aspirantes y suspirantes temblaron saben que Medina tiene arraigo.<br \/>\nLuis recibi\u00f3 el respaldo del l\u00edder estatal de MC, Sergio Gil Rull\u00e1n quien le dio toda la confianza al ganadero; al igual que Carlos Flores Calderon quien conoce a Luis desde hace a\u00f1os y le dijo \u201ct\u00fa vas, eres el bueno\u201d.<\/p>\n","protected":false},"excerpt":{"rendered":"<p>Eduardo Venegas Naranjo &nbsp; Ser firm\u00f3 la alianza \u201cJuntos Haremos Historia\u201d donde van juntos MORENA, Partido Verde Ecologista de M\u00e9xico y el Partido del Trabajo. En la Cuenca del Papaloapan se empiezan a confirmar algunas aspiraciones, la pelea por el poder en algunos municipios ha estado cerrada, sin embargo en el municipio de Acula, la [&hellip;]<\/p>\n","protected":false},"author":2,"featured_media":0,"comment_status":"open","ping_status":"open","sticky":false,"template":"","format":"standard","meta":{"tdm_status":"","tdm_grid_status":"","footnotes":""},"categories":[6446],"tags":[1006,25704,12604,25705,1026,12956,2326,264,18188],"class_list":{"0":"post-67430","1":"post","2":"type-post","3":"status-publish","4":"format-standard","6":"category-la-nota","7":"tag-dante-delgado-rannauro","8":"tag-francisco-javier-molina-arrioj","9":"tag-gonzalo-molina-arrioja","10":"tag-leidy-del-carmen-vergara-andrade","11":"tag-morena","12":"tag-papaloapan","13":"tag-partido-del-trabajo","14":"tag-pvem","15":"tag-rocio-cruz-dominguez"},"yoast_head":"<!-- This site is optimized with the Yoast SEO plugin v27.4 - https:\/\/yoast.com\/product\/yoast-seo-wordpress\/ -->\n<title>Destapes en la Cuenca - Los pol\u00edticos Veracruz<\/title>\n<meta name=\"robots\" content=\"index, follow, max-snippet:-1, max-image-preview:large, max-video-preview:-1\" \/>\n<link rel=\"canonical\" href=\"https:\/\/lospoliticosveracruz.com\/?p=67430\" \/>\n<meta property=\"og:locale\" content=\"es_ES\" \/>\n<meta property=\"og:type\" content=\"article\" \/>\n<meta property=\"og:title\" content=\"Destapes en la Cuenca - Los pol\u00edticos Veracruz\" \/>\n<meta property=\"og:description\" content=\"Eduardo Venegas Naranjo &nbsp; Ser firm\u00f3 la alianza \u201cJuntos Haremos Historia\u201d donde van juntos MORENA, Partido Verde Ecologista de M\u00e9xico y el Partido del Trabajo. En la Cuenca del Papaloapan se empiezan a confirmar algunas aspiraciones, la pelea por el poder en algunos municipios ha estado cerrada, sin embargo en el municipio de Acula, la [&hellip;]\" \/>\n<meta property=\"og:url\" content=\"https:\/\/lospoliticosveracruz.com\/?p=67430\" \/>\n<meta property=\"og:site_name\" content=\"Los pol\u00edticos Veracruz\" \/>\n<meta property=\"article:publisher\" content=\"https:\/\/www.facebook.com\/people\/Notimemes-de-los-Polticos\/61565672886568\/\" \/>\n<meta property=\"article:published_time\" content=\"2021-01-29T14:40:06+00:00\" \/>\n<meta property=\"og:image\" content=\"https:\/\/lospoliticosveracruz.com\/wp-content\/uploads\/2016\/07\/Logo-Dor.jpg\" \/>\n\t<meta property=\"og:image:width\" content=\"200\" \/>\n\t<meta property=\"og:image:height\" content=\"200\" \/>\n\t<meta property=\"og:image:type\" content=\"image\/jpeg\" \/>\n<meta name=\"author\" content=\"Lo viste en Los Pol\u00edticos\" \/>\n<meta name=\"twitter:card\" content=\"summary_large_image\" \/>\n<meta name=\"twitter:creator\" content=\"@LosPoliticosVer\" \/>\n<meta name=\"twitter:site\" content=\"@LosPoliticosVer\" \/>\n<meta name=\"twitter:label1\" content=\"Escrito por\" \/>\n\t<meta name=\"twitter:data1\" content=\"Lo viste en Los Pol\u00edticos\" \/>\n\t<meta name=\"twitter:label2\" content=\"Tiempo de lectura\" \/>\n\t<meta name=\"twitter:data2\" content=\"2 minutos\" \/>\n<script type=\"application\/ld+json\" class=\"yoast-schema-graph\">{\"@context\":\"https:\\\/\\\/schema.org\",\"@graph\":[{\"@type\":\"Article\",\"@id\":\"https:\\\/\\\/lospoliticosveracruz.com\\\/?p=67430#article\",\"isPartOf\":{\"@id\":\"https:\\\/\\\/lospoliticosveracruz.com\\\/?p=67430\"},\"author\":{\"name\":\"Lo viste en Los Pol\u00edticos\",\"@id\":\"https:\\\/\\\/lospoliticosveracruz.com\\\/#\\\/schema\\\/person\\\/b8702bb0e538456e6efd07080bf2a4a2\"},\"headline\":\"Destapes en la Cuenca\",\"datePublished\":\"2021-01-29T14:40:06+00:00\",\"mainEntityOfPage\":{\"@id\":\"https:\\\/\\\/lospoliticosveracruz.com\\\/?p=67430\"},\"wordCount\":423,\"commentCount\":0,\"publisher\":{\"@id\":\"https:\\\/\\\/lospoliticosveracruz.com\\\/#organization\"},\"keywords\":[\"Dante Delgado Rannauro\",\"Francisco Javier Molina Arrioj\",\"Gonzalo Molina Arrioja\",\"Leidy del Carmen Vergara Andrade\",\"Morena\",\"Papaloapan\",\"Partido del Trabajo\",\"PVEM\",\"Roc\u00edo Cruz Dom\u00ednguez\"],\"articleSection\":[\"La Nota\"],\"inLanguage\":\"es\",\"potentialAction\":[{\"@type\":\"CommentAction\",\"name\":\"Comment\",\"target\":[\"https:\\\/\\\/lospoliticosveracruz.com\\\/?p=67430#respond\"]}]},{\"@type\":\"WebPage\",\"@id\":\"https:\\\/\\\/lospoliticosveracruz.com\\\/?p=67430\",\"url\":\"https:\\\/\\\/lospoliticosveracruz.com\\\/?p=67430\",\"name\":\"Destapes en la Cuenca - Los pol\u00edticos Veracruz\",\"isPartOf\":{\"@id\":\"https:\\\/\\\/lospoliticosveracruz.com\\\/#website\"},\"datePublished\":\"2021-01-29T14:40:06+00:00\",\"breadcrumb\":{\"@id\":\"https:\\\/\\\/lospoliticosveracruz.com\\\/?p=67430#breadcrumb\"},\"inLanguage\":\"es\",\"potentialAction\":[{\"@type\":\"ReadAction\",\"target\":[\"https:\\\/\\\/lospoliticosveracruz.com\\\/?p=67430\"]}]},{\"@type\":\"BreadcrumbList\",\"@id\":\"https:\\\/\\\/lospoliticosveracruz.com\\\/?p=67430#breadcrumb\",\"itemListElement\":[{\"@type\":\"ListItem\",\"position\":1,\"name\":\"Portada\",\"item\":\"https:\\\/\\\/lospoliticosveracruz.com\\\/\"},{\"@type\":\"ListItem\",\"position\":2,\"name\":\"Destapes en la Cuenca\"}]},{\"@type\":\"WebSite\",\"@id\":\"https:\\\/\\\/lospoliticosveracruz.com\\\/#website\",\"url\":\"https:\\\/\\\/lospoliticosveracruz.com\\\/\",\"name\":\"Los pol\u00edticos Veracruz\",\"description\":\"\",\"publisher\":{\"@id\":\"https:\\\/\\\/lospoliticosveracruz.com\\\/#organization\"},\"potentialAction\":[{\"@type\":\"SearchAction\",\"target\":{\"@type\":\"EntryPoint\",\"urlTemplate\":\"https:\\\/\\\/lospoliticosveracruz.com\\\/?s={search_term_string}\"},\"query-input\":{\"@type\":\"PropertyValueSpecification\",\"valueRequired\":true,\"valueName\":\"search_term_string\"}}],\"inLanguage\":\"es\"},{\"@type\":\"Organization\",\"@id\":\"https:\\\/\\\/lospoliticosveracruz.com\\\/#organization\",\"name\":\"Los pol\u00edticos Veracruz\",\"url\":\"https:\\\/\\\/lospoliticosveracruz.com\\\/\",\"logo\":{\"@type\":\"ImageObject\",\"inLanguage\":\"es\",\"@id\":\"https:\\\/\\\/lospoliticosveracruz.com\\\/#\\\/schema\\\/logo\\\/image\\\/\",\"url\":\"https:\\\/\\\/lospoliticosveracruz.com\\\/wp-content\\\/uploads\\\/2025\\\/12\\\/Logo-Nuevo-LOS-POLITICOS-1.jpg\",\"contentUrl\":\"https:\\\/\\\/lospoliticosveracruz.com\\\/wp-content\\\/uploads\\\/2025\\\/12\\\/Logo-Nuevo-LOS-POLITICOS-1.jpg\",\"width\":260,\"height\":70,\"caption\":\"Los pol\u00edticos Veracruz\"},\"image\":{\"@id\":\"https:\\\/\\\/lospoliticosveracruz.com\\\/#\\\/schema\\\/logo\\\/image\\\/\"},\"sameAs\":[\"https:\\\/\\\/www.facebook.com\\\/people\\\/Notimemes-de-los-Polticos\\\/61565672886568\\\/\",\"https:\\\/\\\/x.com\\\/LosPoliticosVer\"]},{\"@type\":\"Person\",\"@id\":\"https:\\\/\\\/lospoliticosveracruz.com\\\/#\\\/schema\\\/person\\\/b8702bb0e538456e6efd07080bf2a4a2\",\"name\":\"Lo viste en Los Pol\u00edticos\",\"image\":{\"@type\":\"ImageObject\",\"inLanguage\":\"es\",\"@id\":\"https:\\\/\\\/secure.gravatar.com\\\/avatar\\\/3a8de04a2656d44082be478bd6c086daa447c4651605818287b9532d3d0bd435?s=96&d=mm&r=g\",\"url\":\"https:\\\/\\\/secure.gravatar.com\\\/avatar\\\/3a8de04a2656d44082be478bd6c086daa447c4651605818287b9532d3d0bd435?s=96&d=mm&r=g\",\"contentUrl\":\"https:\\\/\\\/secure.gravatar.com\\\/avatar\\\/3a8de04a2656d44082be478bd6c086daa447c4651605818287b9532d3d0bd435?s=96&d=mm&r=g\",\"caption\":\"Lo viste en Los Pol\u00edticos\"},\"url\":\"https:\\\/\\\/lospoliticosveracruz.com\\\/?author=2\"}]}<\/script>\n<!-- \/ Yoast SEO plugin. -->","yoast_head_json":{"title":"Destapes en la Cuenca - Los pol\u00edticos Veracruz","robots":{"index":"index","follow":"follow","max-snippet":"max-snippet:-1","max-image-preview":"max-image-preview:large","max-video-preview":"max-video-preview:-1"},"canonical":"https:\/\/lospoliticosveracruz.com\/?p=67430","og_locale":"es_ES","og_type":"article","og_title":"Destapes en la Cuenca - Los pol\u00edticos Veracruz","og_description":"Eduardo Venegas Naranjo &nbsp; Ser firm\u00f3 la alianza \u201cJuntos Haremos Historia\u201d donde van juntos MORENA, Partido Verde Ecologista de M\u00e9xico y el Partido del Trabajo. En la Cuenca del Papaloapan se empiezan a confirmar algunas aspiraciones, la pelea por el poder en algunos municipios ha estado cerrada, sin embargo en el municipio de Acula, la [&hellip;]","og_url":"https:\/\/lospoliticosveracruz.com\/?p=67430","og_site_name":"Los pol\u00edticos Veracruz","article_publisher":"https:\/\/www.facebook.com\/people\/Notimemes-de-los-Polticos\/61565672886568\/","article_published_time":"2021-01-29T14:40:06+00:00","og_image":[{"width":200,"height":200,"url":"https:\/\/lospoliticosveracruz.com\/wp-content\/uploads\/2016\/07\/Logo-Dor.jpg","type":"image\/jpeg"}],"author":"Lo viste en Los Pol\u00edticos","twitter_card":"summary_large_image","twitter_creator":"@LosPoliticosVer","twitter_site":"@LosPoliticosVer","twitter_misc":{"Escrito por":"Lo viste en Los Pol\u00edticos","Tiempo de lectura":"2 minutos"},"schema":{"@context":"https:\/\/schema.org","@graph":[{"@type":"Article","@id":"https:\/\/lospoliticosveracruz.com\/?p=67430#article","isPartOf":{"@id":"https:\/\/lospoliticosveracruz.com\/?p=67430"},"author":{"name":"Lo viste en Los Pol\u00edticos","@id":"https:\/\/lospoliticosveracruz.com\/#\/schema\/person\/b8702bb0e538456e6efd07080bf2a4a2"},"headline":"Destapes en la Cuenca","datePublished":"2021-01-29T14:40:06+00:00","mainEntityOfPage":{"@id":"https:\/\/lospoliticosveracruz.com\/?p=67430"},"wordCount":423,"commentCount":0,"publisher":{"@id":"https:\/\/lospoliticosveracruz.com\/#organization"},"keywords":["Dante Delgado Rannauro","Francisco Javier Molina Arrioj","Gonzalo Molina Arrioja","Leidy del Carmen Vergara Andrade","Morena","Papaloapan","Partido del Trabajo","PVEM","Roc\u00edo Cruz Dom\u00ednguez"],"articleSection":["La Nota"],"inLanguage":"es","potentialAction":[{"@type":"CommentAction","name":"Comment","target":["https:\/\/lospoliticosveracruz.com\/?p=67430#respond"]}]},{"@type":"WebPage","@id":"https:\/\/lospoliticosveracruz.com\/?p=67430","url":"https:\/\/lospoliticosveracruz.com\/?p=67430","name":"Destapes en la Cuenca - Los pol\u00edticos Veracruz","isPartOf":{"@id":"https:\/\/lospoliticosveracruz.com\/#website"},"datePublished":"2021-01-29T14:40:06+00:00","breadcrumb":{"@id":"https:\/\/lospoliticosveracruz.com\/?p=67430#breadcrumb"},"inLanguage":"es","potentialAction":[{"@type":"ReadAction","target":["https:\/\/lospoliticosveracruz.com\/?p=67430"]}]},{"@type":"BreadcrumbList","@id":"https:\/\/lospoliticosveracruz.com\/?p=67430#breadcrumb","itemListElement":[{"@type":"ListItem","position":1,"name":"Portada","item":"https:\/\/lospoliticosveracruz.com\/"},{"@type":"ListItem","position":2,"name":"Destapes en la Cuenca"}]},{"@type":"WebSite","@id":"https:\/\/lospoliticosveracruz.com\/#website","url":"https:\/\/lospoliticosveracruz.com\/","name":"Los pol\u00edticos Veracruz","description":"","publisher":{"@id":"https:\/\/lospoliticosveracruz.com\/#organization"},"potentialAction":[{"@type":"SearchAction","target":{"@type":"EntryPoint","urlTemplate":"https:\/\/lospoliticosveracruz.com\/?s={search_term_string}"},"query-input":{"@type":"PropertyValueSpecification","valueRequired":true,"valueName":"search_term_string"}}],"inLanguage":"es"},{"@type":"Organization","@id":"https:\/\/lospoliticosveracruz.com\/#organization","name":"Los pol\u00edticos Veracruz","url":"https:\/\/lospoliticosveracruz.com\/","logo":{"@type":"ImageObject","inLanguage":"es","@id":"https:\/\/lospoliticosveracruz.com\/#\/schema\/logo\/image\/","url":"https:\/\/lospoliticosveracruz.com\/wp-content\/uploads\/2025\/12\/Logo-Nuevo-LOS-POLITICOS-1.jpg","contentUrl":"https:\/\/lospoliticosveracruz.com\/wp-content\/uploads\/2025\/12\/Logo-Nuevo-LOS-POLITICOS-1.jpg","width":260,"height":70,"caption":"Los pol\u00edticos Veracruz"},"image":{"@id":"https:\/\/lospoliticosveracruz.com\/#\/schema\/logo\/image\/"},"sameAs":["https:\/\/www.facebook.com\/people\/Notimemes-de-los-Polticos\/61565672886568\/","https:\/\/x.com\/LosPoliticosVer"]},{"@type":"Person","@id":"https:\/\/lospoliticosveracruz.com\/#\/schema\/person\/b8702bb0e538456e6efd07080bf2a4a2","name":"Lo viste en Los Pol\u00edticos","image":{"@type":"ImageObject","inLanguage":"es","@id":"https:\/\/secure.gravatar.com\/avatar\/3a8de04a2656d44082be478bd6c086daa447c4651605818287b9532d3d0bd435?s=96&d=mm&r=g","url":"https:\/\/secure.gravatar.com\/avatar\/3a8de04a2656d44082be478bd6c086daa447c4651605818287b9532d3d0bd435?s=96&d=mm&r=g","contentUrl":"https:\/\/secure.gravatar.com\/avatar\/3a8de04a2656d44082be478bd6c086daa447c4651605818287b9532d3d0bd435?s=96&d=mm&r=g","caption":"Lo viste en Los Pol\u00edticos"},"url":"https:\/\/lospoliticosveracruz.com\/?author=2"}]}},"_links":{"self":[{"href":"https:\/\/lospoliticosveracruz.com\/index.php?rest_route=\/wp\/v2\/posts\/67430","targetHints":{"allow":["GET"]}}],"collection":[{"href":"https:\/\/lospoliticosveracruz.com\/index.php?rest_route=\/wp\/v2\/posts"}],"about":[{"href":"https:\/\/lospoliticosveracruz.com\/index.php?rest_route=\/wp\/v2\/types\/post"}],"author":[{"embeddable":true,"href":"https:\/\/lospoliticosveracruz.com\/index.php?rest_route=\/wp\/v2\/users\/2"}],"replies":[{"embeddable":true,"href":"https:\/\/lospoliticosveracruz.com\/index.php?rest_route=%2Fwp%2Fv2%2Fcomments&post=67430"}],"version-history":[{"count":1,"href":"https:\/\/lospoliticosveracruz.com\/index.php?rest_route=\/wp\/v2\/posts\/67430\/revisions"}],"predecessor-version":[{"id":67436,"href":"https:\/\/lospoliticosveracruz.com\/index.php?rest_route=\/wp\/v2\/posts\/67430\/revisions\/67436"}],"wp:attachment":[{"href":"https:\/\/lospoliticosveracruz.com\/index.php?rest_route=%2Fwp%2Fv2%2Fmedia&parent=67430"}],"wp:term":[{"taxonomy":"category","embeddable":true,"href":"https:\/\/lospoliticosveracruz.com\/index.php?rest_route=%2Fwp%2Fv2%2Fcategories&post=67430"},{"taxonomy":"post_tag","embeddable":true,"href":"https:\/\/lospoliticosveracruz.com\/index.php?rest_route=%2Fwp%2Fv2%2Ftags&post=67430"}],"curies":[{"name":"wp","href":"https:\/\/api.w.org\/{rel}","templated":true}]}}