{"id":67444,"date":"2021-01-29T09:54:39","date_gmt":"2021-01-29T15:54:39","guid":{"rendered":"http:\/\/www.lospoliticosveracruz.com.mx\/?p=67444"},"modified":"2021-01-29T10:05:31","modified_gmt":"2021-01-29T16:05:31","slug":"renovarse-o-morir","status":"publish","type":"post","link":"https:\/\/lospoliticosveracruz.com\/?p=67444","title":{"rendered":"Renovarse o morir"},"content":{"rendered":"<p><strong>Felipe de Jes\u00fas Fern\u00e1ndez Basilio<\/strong><br \/>\n<em>Desde a Janela<\/em><\/p>\n<p>Vamos a comenzar con algo que veo que ha llamado mucho la atenci\u00f3n tanto en medios pol\u00edticos como en redes sociales y eso se trata de la gran cantidad que existe tanto de reportajes como de comentarios favorables respecto a la nueva vicepresidente de los Estados Unidos.<br \/>\n<a href=\"http:\/\/www.lospoliticosveracruz.com.mx\"><img loading=\"lazy\" decoding=\"async\" class=\" size-full wp-image-67411 alignleft\" src=\"http:\/\/www.lospoliticosveracruz.com.mx\/wp-content\/uploads\/2021\/01\/XALAPA-EMPRESARIOS.jpg\" alt=\"XALAPA EMPRESARIOS\" width=\"600\" height=\"320\" \/><\/a> Destacan su trayectoria profesional y familiar, sus or\u00edgenes \u00e9tnicos, que es mujer y sobre todo que es joven y pr\u00e1cticamente novata en las calles de la capital federal, ya que escasamente lleva poco m\u00e1s de cuatro a\u00f1os en la pol\u00edtica de Washington casi todos ellos como senadora j\u00fanior (es as\u00ed como se les llama a los senadores que llevan representando a su estado menos tiempo que su compa\u00f1ero) por el estado de California a los que se les suma la semana que lleva en la vicepresidencia.<br \/>\nY todo ello a pesar de que ha obtenido el \u00fanico cargo meramente ornamental que hay en ese pa\u00eds, ya que el vicepresidente a excepci\u00f3n de que falte el presidente no gobierna y solo se limita a cumplir con roles de protocolo o de diplomacia si as\u00ed lo dispone el ejecutivo.<br \/>\nDato curioso aparte es que la vicepresidente fue precandidata de su partido a la presidencia en esta \u00faltima elecci\u00f3n, pero no lo logr\u00f3 el apoyo partidista suficiente y se retir\u00f3 de la contienda antes de las elecciones primarias y solo lleg\u00f3 al cargo porque el vencedor de las mismas, ahora presidente la nomin\u00f3 como su compa\u00f1era de f\u00f3rmula.<br \/>\nSin embargo, medi\u00e1ticamente su figura sobrepasa en este momento a la del propio presidente, quien adem\u00e1s es un pol\u00edtico de la vieja guardia que tiene d\u00e9cadas en Washington y ha estado en casi todos los cargos p\u00fablicos de su pa\u00eds; lo cual es una muestra de que posiblemente su candidatura vicepresidencial contribuy\u00f3 y mucho a derrotar al populismo rampl\u00f3n que hab\u00eda en la Casa Blanca.<br \/>\nSiendo as\u00ed que lo que comento es un fen\u00f3meno muy extra\u00f1o en Estados Unidos, ya que normalmente el candidato a la vicepresidencia es un miembro m\u00e1s de la tripulaci\u00f3n y todo el carisma radica en el jefe de la f\u00f3rmula.<br \/>\nSin embargo, creo que ese fen\u00f3meno es explicable debido a que lo que atrae de la vicepresidente es precisamente la novedad que representa en la pol\u00edtica y por eso es m\u00e1s comentada que su propio jefe; ya que aunque el partido apost\u00f3 por alguien de los de siempre, el resultado al menos es que de arranque quien despierta m\u00e1s inter\u00e9s en la sociedad es la compa\u00f1era de f\u00f3rmula y aunque con el pasar del tiempo la naturaleza del cargo ponga a cada quien en su lugar, lo cierto es que sin la frescura que aport\u00f3 su compa\u00f1era en la campa\u00f1a Biden no hubiera podido ganar la elecci\u00f3n.<br \/>\nY ese mensaje es el que al parecer aqu\u00ed en M\u00e9xico los partidos de oposici\u00f3n no est\u00e1n entendiendo, ya que ahora que empiezan los tiempos electorales vemos como est\u00e1n reciclando a pol\u00edticos de administraciones pasadas para enfrentar al populismo rampl\u00f3n que aqu\u00ed gobierna y as\u00ed dif\u00edcilmente van a poder ganar.<br \/>\nY es que esta \u00faltima afirmaci\u00f3n se basa en que los partidos opositores al gobierno est\u00e1n registrando como precandidatos a personajes que ya estuvieron en cargos p\u00fablicos y que fueron parte de uno de los episodios de mayor corrupci\u00f3n que hubo en el pa\u00eds y ese fue el del que era llamado \u00abEl Nuevo PRI\u00bb.<br \/>\nEl cual como es sabido, fue desplazado por el gobierno actual con la falsa promesa de componer todo lo que hicieron y aunque no lo han cumplido ni lo cumplir\u00e1n; con esa clase de candidatos opositores, le dejan las banderas intactas para seguir diciendo que el cambio viene por gotas como las vacunas pero que alg\u00fan d\u00eda llegar\u00e1 y para que ese d\u00eda llegue no hay que votar por los corruptos de antes.<br \/>\nY, adem\u00e1s cr\u00e9anme que no es nada motivante votar por personajes del pasado y para colmo de un pasado \u00a1Nada glorioso!, ya que eso equivale a que para curar una enfermedad que ahora no est\u00e1 matando, el \u00fanico remedio es volverse a enfermar de algo que hace unos pocos a\u00f1os nos tuvo en terapia intensiva.<br \/>\nY un buen ejemplo de lo que comento es que en la zona centro de Veracruz vuelven a sonar nombres como los Z\u00fa\u00f1iga, Mota, Velasco, Kuri y muchos otros cuyo denominador com\u00fan es haber sido parte de los gobiernos de la docena tr\u00e1gica que vivi\u00f3 el estado en tiempos de Herrera y Duarte y que son recordados por el saqueo al estado, el dispendio con el que vivieron, por las dosis de agua para curar a los enfermos de c\u00e1ncer entre otras muchas cosas que esas administraciones dejaron como su legado.<br \/>\nSi en verdad los partidos de oposici\u00f3n quieren ser una alternativa a uno de los peores gobiernos de la historia de M\u00e9xico, todav\u00eda est\u00e1n a tiempo de buscar sangre nueva y ofrecer candidatos diferentes que realmente sean una oferta de hacer las cosas de una manera no s\u00f3lo mejor sino hasta diferente a como lo hac\u00edan antes de la llegada del populismo al poder, porque ofrecer como alternativa ese pasado inmediato no es nada atractivo para el electorado.<br \/>\nNo hay que olvidar que los partidos pol\u00edticos son instituciones y \u00e9stas por muy longevas que sean son entes abstractos que se materializan a trav\u00e9s de los individuos que las componen y que por lo mismo deben de adecuarse a los tiempos que viven y m\u00e1s si su existencia y trascendencia depende de la popularidad que alcancen, como es su caso.<br \/>\nAs\u00ed que si realmente buscan una alternativa que sea un contrapeso real al populismo que nos gobierna, los partidos de oposici\u00f3n deben de arriesgarse a abandonar lo que conocen y buscar candidatos nuevos, ya que como vimos al principio de esta columna, la renovaci\u00f3n que ofrecieron los dem\u00f3cratas a su electorado en la figura de Kamala Harris fue bastante efectiva y tan es as\u00ed que hoy por hoy ella es la pol\u00edtica m\u00e1s comentada de Estados Unidos y eso que Biden solo representa el pasado inmediato de Estados Unidos, mismo que por mucho no fue tan malo como el de aqu\u00ed.<br \/>\nfelfebas@gmail.com<br \/>\nTwitter: @FelipeFBasilio<\/p>\n","protected":false},"excerpt":{"rendered":"<p>Felipe de Jes\u00fas Fern\u00e1ndez Basilio Desde a Janela Vamos a comenzar con algo que veo que ha llamado mucho la atenci\u00f3n tanto en medios pol\u00edticos como en redes sociales y eso se trata de la gran cantidad que existe tanto de reportajes como de comentarios favorables respecto a la nueva vicepresidente de los Estados Unidos. [&hellip;]<\/p>\n","protected":false},"author":2,"featured_media":0,"comment_status":"open","ping_status":"open","sticky":false,"template":"","format":"standard","meta":{"tdm_status":"","tdm_grid_status":"","footnotes":""},"categories":[70],"tags":[483,25708,794,15288,25709,25710,24506],"class_list":{"0":"post-67444","1":"post","2":"type-post","3":"status-publish","4":"format-standard","6":"category-de-opinion","7":"tag-americo-zuniga","8":"tag-candidatura-vicepresidencial","9":"tag-casa-blanca","10":"tag-david-velasco-chedrahui","11":"tag-el-nuevo-pri","12":"tag-kamala-harris","13":"tag-tiempos-electorales"},"yoast_head":"<!-- This site is optimized with the Yoast SEO plugin v27.4 - https:\/\/yoast.com\/product\/yoast-seo-wordpress\/ -->\n<title>Renovarse o morir - Los pol\u00edticos Veracruz<\/title>\n<meta name=\"robots\" content=\"index, follow, max-snippet:-1, max-image-preview:large, max-video-preview:-1\" \/>\n<link rel=\"canonical\" href=\"https:\/\/lospoliticosveracruz.com\/?p=67444\" \/>\n<meta property=\"og:locale\" content=\"es_ES\" \/>\n<meta property=\"og:type\" content=\"article\" \/>\n<meta property=\"og:title\" content=\"Renovarse o morir - Los pol\u00edticos Veracruz\" \/>\n<meta property=\"og:description\" content=\"Felipe de Jes\u00fas Fern\u00e1ndez Basilio Desde a Janela Vamos a comenzar con algo que veo que ha llamado mucho la atenci\u00f3n tanto en medios pol\u00edticos como en redes sociales y eso se trata de la gran cantidad que existe tanto de reportajes como de comentarios favorables respecto a la nueva vicepresidente de los Estados Unidos. [&hellip;]\" \/>\n<meta property=\"og:url\" content=\"https:\/\/lospoliticosveracruz.com\/?p=67444\" \/>\n<meta property=\"og:site_name\" content=\"Los pol\u00edticos Veracruz\" \/>\n<meta property=\"article:publisher\" content=\"https:\/\/www.facebook.com\/people\/Notimemes-de-los-Polticos\/61565672886568\/\" \/>\n<meta property=\"article:published_time\" content=\"2021-01-29T15:54:39+00:00\" \/>\n<meta property=\"article:modified_time\" content=\"2021-01-29T16:05:31+00:00\" \/>\n<meta property=\"og:image\" content=\"http:\/\/www.lospoliticosveracruz.com.mx\/wp-content\/uploads\/2021\/01\/XALAPA-EMPRESARIOS.jpg\" \/>\n<meta name=\"author\" content=\"Lo viste en Los Pol\u00edticos\" \/>\n<meta name=\"twitter:card\" content=\"summary_large_image\" \/>\n<meta name=\"twitter:creator\" content=\"@LosPoliticosVer\" \/>\n<meta name=\"twitter:site\" content=\"@LosPoliticosVer\" \/>\n<meta name=\"twitter:label1\" content=\"Escrito por\" \/>\n\t<meta name=\"twitter:data1\" content=\"Lo viste en Los Pol\u00edticos\" \/>\n\t<meta name=\"twitter:label2\" content=\"Tiempo de lectura\" \/>\n\t<meta name=\"twitter:data2\" content=\"6 minutos\" \/>\n<script type=\"application\/ld+json\" class=\"yoast-schema-graph\">{\"@context\":\"https:\\\/\\\/schema.org\",\"@graph\":[{\"@type\":\"Article\",\"@id\":\"https:\\\/\\\/lospoliticosveracruz.com\\\/?p=67444#article\",\"isPartOf\":{\"@id\":\"https:\\\/\\\/lospoliticosveracruz.com\\\/?p=67444\"},\"author\":{\"name\":\"Lo viste en Los Pol\u00edticos\",\"@id\":\"https:\\\/\\\/lospoliticosveracruz.com\\\/#\\\/schema\\\/person\\\/b8702bb0e538456e6efd07080bf2a4a2\"},\"headline\":\"Renovarse o morir\",\"datePublished\":\"2021-01-29T15:54:39+00:00\",\"dateModified\":\"2021-01-29T16:05:31+00:00\",\"mainEntityOfPage\":{\"@id\":\"https:\\\/\\\/lospoliticosveracruz.com\\\/?p=67444\"},\"wordCount\":1110,\"commentCount\":0,\"publisher\":{\"@id\":\"https:\\\/\\\/lospoliticosveracruz.com\\\/#organization\"},\"image\":{\"@id\":\"https:\\\/\\\/lospoliticosveracruz.com\\\/?p=67444#primaryimage\"},\"thumbnailUrl\":\"http:\\\/\\\/www.lospoliticosveracruz.com.mx\\\/wp-content\\\/uploads\\\/2021\\\/01\\\/XALAPA-EMPRESARIOS.jpg\",\"keywords\":[\"Am\u00e9rico Z\u00fa\u00f1iga\",\"candidatura vicepresidencial\",\"Casa Blanca\",\"David Velasco Chedrahui\",\"El Nuevo PRI\",\"kamala Harris\",\"tiempos electorales\"],\"articleSection\":[\"De Opini\u00f3n\"],\"inLanguage\":\"es\",\"potentialAction\":[{\"@type\":\"CommentAction\",\"name\":\"Comment\",\"target\":[\"https:\\\/\\\/lospoliticosveracruz.com\\\/?p=67444#respond\"]}]},{\"@type\":\"WebPage\",\"@id\":\"https:\\\/\\\/lospoliticosveracruz.com\\\/?p=67444\",\"url\":\"https:\\\/\\\/lospoliticosveracruz.com\\\/?p=67444\",\"name\":\"Renovarse o morir - Los pol\u00edticos Veracruz\",\"isPartOf\":{\"@id\":\"https:\\\/\\\/lospoliticosveracruz.com\\\/#website\"},\"primaryImageOfPage\":{\"@id\":\"https:\\\/\\\/lospoliticosveracruz.com\\\/?p=67444#primaryimage\"},\"image\":{\"@id\":\"https:\\\/\\\/lospoliticosveracruz.com\\\/?p=67444#primaryimage\"},\"thumbnailUrl\":\"http:\\\/\\\/www.lospoliticosveracruz.com.mx\\\/wp-content\\\/uploads\\\/2021\\\/01\\\/XALAPA-EMPRESARIOS.jpg\",\"datePublished\":\"2021-01-29T15:54:39+00:00\",\"dateModified\":\"2021-01-29T16:05:31+00:00\",\"breadcrumb\":{\"@id\":\"https:\\\/\\\/lospoliticosveracruz.com\\\/?p=67444#breadcrumb\"},\"inLanguage\":\"es\",\"potentialAction\":[{\"@type\":\"ReadAction\",\"target\":[\"https:\\\/\\\/lospoliticosveracruz.com\\\/?p=67444\"]}]},{\"@type\":\"ImageObject\",\"inLanguage\":\"es\",\"@id\":\"https:\\\/\\\/lospoliticosveracruz.com\\\/?p=67444#primaryimage\",\"url\":\"http:\\\/\\\/www.lospoliticosveracruz.com.mx\\\/wp-content\\\/uploads\\\/2021\\\/01\\\/XALAPA-EMPRESARIOS.jpg\",\"contentUrl\":\"http:\\\/\\\/www.lospoliticosveracruz.com.mx\\\/wp-content\\\/uploads\\\/2021\\\/01\\\/XALAPA-EMPRESARIOS.jpg\"},{\"@type\":\"BreadcrumbList\",\"@id\":\"https:\\\/\\\/lospoliticosveracruz.com\\\/?p=67444#breadcrumb\",\"itemListElement\":[{\"@type\":\"ListItem\",\"position\":1,\"name\":\"Portada\",\"item\":\"https:\\\/\\\/lospoliticosveracruz.com\\\/\"},{\"@type\":\"ListItem\",\"position\":2,\"name\":\"Renovarse o morir\"}]},{\"@type\":\"WebSite\",\"@id\":\"https:\\\/\\\/lospoliticosveracruz.com\\\/#website\",\"url\":\"https:\\\/\\\/lospoliticosveracruz.com\\\/\",\"name\":\"Los pol\u00edticos Veracruz\",\"description\":\"\",\"publisher\":{\"@id\":\"https:\\\/\\\/lospoliticosveracruz.com\\\/#organization\"},\"potentialAction\":[{\"@type\":\"SearchAction\",\"target\":{\"@type\":\"EntryPoint\",\"urlTemplate\":\"https:\\\/\\\/lospoliticosveracruz.com\\\/?s={search_term_string}\"},\"query-input\":{\"@type\":\"PropertyValueSpecification\",\"valueRequired\":true,\"valueName\":\"search_term_string\"}}],\"inLanguage\":\"es\"},{\"@type\":\"Organization\",\"@id\":\"https:\\\/\\\/lospoliticosveracruz.com\\\/#organization\",\"name\":\"Los pol\u00edticos Veracruz\",\"url\":\"https:\\\/\\\/lospoliticosveracruz.com\\\/\",\"logo\":{\"@type\":\"ImageObject\",\"inLanguage\":\"es\",\"@id\":\"https:\\\/\\\/lospoliticosveracruz.com\\\/#\\\/schema\\\/logo\\\/image\\\/\",\"url\":\"https:\\\/\\\/lospoliticosveracruz.com\\\/wp-content\\\/uploads\\\/2025\\\/12\\\/Logo-Nuevo-LOS-POLITICOS-1.jpg\",\"contentUrl\":\"https:\\\/\\\/lospoliticosveracruz.com\\\/wp-content\\\/uploads\\\/2025\\\/12\\\/Logo-Nuevo-LOS-POLITICOS-1.jpg\",\"width\":260,\"height\":70,\"caption\":\"Los pol\u00edticos Veracruz\"},\"image\":{\"@id\":\"https:\\\/\\\/lospoliticosveracruz.com\\\/#\\\/schema\\\/logo\\\/image\\\/\"},\"sameAs\":[\"https:\\\/\\\/www.facebook.com\\\/people\\\/Notimemes-de-los-Polticos\\\/61565672886568\\\/\",\"https:\\\/\\\/x.com\\\/LosPoliticosVer\"]},{\"@type\":\"Person\",\"@id\":\"https:\\\/\\\/lospoliticosveracruz.com\\\/#\\\/schema\\\/person\\\/b8702bb0e538456e6efd07080bf2a4a2\",\"name\":\"Lo viste en Los Pol\u00edticos\",\"image\":{\"@type\":\"ImageObject\",\"inLanguage\":\"es\",\"@id\":\"https:\\\/\\\/secure.gravatar.com\\\/avatar\\\/3a8de04a2656d44082be478bd6c086daa447c4651605818287b9532d3d0bd435?s=96&d=mm&r=g\",\"url\":\"https:\\\/\\\/secure.gravatar.com\\\/avatar\\\/3a8de04a2656d44082be478bd6c086daa447c4651605818287b9532d3d0bd435?s=96&d=mm&r=g\",\"contentUrl\":\"https:\\\/\\\/secure.gravatar.com\\\/avatar\\\/3a8de04a2656d44082be478bd6c086daa447c4651605818287b9532d3d0bd435?s=96&d=mm&r=g\",\"caption\":\"Lo viste en Los Pol\u00edticos\"},\"url\":\"https:\\\/\\\/lospoliticosveracruz.com\\\/?author=2\"}]}<\/script>\n<!-- \/ Yoast SEO plugin. -->","yoast_head_json":{"title":"Renovarse o morir - Los pol\u00edticos Veracruz","robots":{"index":"index","follow":"follow","max-snippet":"max-snippet:-1","max-image-preview":"max-image-preview:large","max-video-preview":"max-video-preview:-1"},"canonical":"https:\/\/lospoliticosveracruz.com\/?p=67444","og_locale":"es_ES","og_type":"article","og_title":"Renovarse o morir - Los pol\u00edticos Veracruz","og_description":"Felipe de Jes\u00fas Fern\u00e1ndez Basilio Desde a Janela Vamos a comenzar con algo que veo que ha llamado mucho la atenci\u00f3n tanto en medios pol\u00edticos como en redes sociales y eso se trata de la gran cantidad que existe tanto de reportajes como de comentarios favorables respecto a la nueva vicepresidente de los Estados Unidos. [&hellip;]","og_url":"https:\/\/lospoliticosveracruz.com\/?p=67444","og_site_name":"Los pol\u00edticos Veracruz","article_publisher":"https:\/\/www.facebook.com\/people\/Notimemes-de-los-Polticos\/61565672886568\/","article_published_time":"2021-01-29T15:54:39+00:00","article_modified_time":"2021-01-29T16:05:31+00:00","og_image":[{"url":"http:\/\/www.lospoliticosveracruz.com.mx\/wp-content\/uploads\/2021\/01\/XALAPA-EMPRESARIOS.jpg","type":"","width":"","height":""}],"author":"Lo viste en Los Pol\u00edticos","twitter_card":"summary_large_image","twitter_creator":"@LosPoliticosVer","twitter_site":"@LosPoliticosVer","twitter_misc":{"Escrito por":"Lo viste en Los Pol\u00edticos","Tiempo de lectura":"6 minutos"},"schema":{"@context":"https:\/\/schema.org","@graph":[{"@type":"Article","@id":"https:\/\/lospoliticosveracruz.com\/?p=67444#article","isPartOf":{"@id":"https:\/\/lospoliticosveracruz.com\/?p=67444"},"author":{"name":"Lo viste en Los Pol\u00edticos","@id":"https:\/\/lospoliticosveracruz.com\/#\/schema\/person\/b8702bb0e538456e6efd07080bf2a4a2"},"headline":"Renovarse o morir","datePublished":"2021-01-29T15:54:39+00:00","dateModified":"2021-01-29T16:05:31+00:00","mainEntityOfPage":{"@id":"https:\/\/lospoliticosveracruz.com\/?p=67444"},"wordCount":1110,"commentCount":0,"publisher":{"@id":"https:\/\/lospoliticosveracruz.com\/#organization"},"image":{"@id":"https:\/\/lospoliticosveracruz.com\/?p=67444#primaryimage"},"thumbnailUrl":"http:\/\/www.lospoliticosveracruz.com.mx\/wp-content\/uploads\/2021\/01\/XALAPA-EMPRESARIOS.jpg","keywords":["Am\u00e9rico Z\u00fa\u00f1iga","candidatura vicepresidencial","Casa Blanca","David Velasco Chedrahui","El Nuevo PRI","kamala Harris","tiempos electorales"],"articleSection":["De Opini\u00f3n"],"inLanguage":"es","potentialAction":[{"@type":"CommentAction","name":"Comment","target":["https:\/\/lospoliticosveracruz.com\/?p=67444#respond"]}]},{"@type":"WebPage","@id":"https:\/\/lospoliticosveracruz.com\/?p=67444","url":"https:\/\/lospoliticosveracruz.com\/?p=67444","name":"Renovarse o morir - Los pol\u00edticos Veracruz","isPartOf":{"@id":"https:\/\/lospoliticosveracruz.com\/#website"},"primaryImageOfPage":{"@id":"https:\/\/lospoliticosveracruz.com\/?p=67444#primaryimage"},"image":{"@id":"https:\/\/lospoliticosveracruz.com\/?p=67444#primaryimage"},"thumbnailUrl":"http:\/\/www.lospoliticosveracruz.com.mx\/wp-content\/uploads\/2021\/01\/XALAPA-EMPRESARIOS.jpg","datePublished":"2021-01-29T15:54:39+00:00","dateModified":"2021-01-29T16:05:31+00:00","breadcrumb":{"@id":"https:\/\/lospoliticosveracruz.com\/?p=67444#breadcrumb"},"inLanguage":"es","potentialAction":[{"@type":"ReadAction","target":["https:\/\/lospoliticosveracruz.com\/?p=67444"]}]},{"@type":"ImageObject","inLanguage":"es","@id":"https:\/\/lospoliticosveracruz.com\/?p=67444#primaryimage","url":"http:\/\/www.lospoliticosveracruz.com.mx\/wp-content\/uploads\/2021\/01\/XALAPA-EMPRESARIOS.jpg","contentUrl":"http:\/\/www.lospoliticosveracruz.com.mx\/wp-content\/uploads\/2021\/01\/XALAPA-EMPRESARIOS.jpg"},{"@type":"BreadcrumbList","@id":"https:\/\/lospoliticosveracruz.com\/?p=67444#breadcrumb","itemListElement":[{"@type":"ListItem","position":1,"name":"Portada","item":"https:\/\/lospoliticosveracruz.com\/"},{"@type":"ListItem","position":2,"name":"Renovarse o morir"}]},{"@type":"WebSite","@id":"https:\/\/lospoliticosveracruz.com\/#website","url":"https:\/\/lospoliticosveracruz.com\/","name":"Los pol\u00edticos Veracruz","description":"","publisher":{"@id":"https:\/\/lospoliticosveracruz.com\/#organization"},"potentialAction":[{"@type":"SearchAction","target":{"@type":"EntryPoint","urlTemplate":"https:\/\/lospoliticosveracruz.com\/?s={search_term_string}"},"query-input":{"@type":"PropertyValueSpecification","valueRequired":true,"valueName":"search_term_string"}}],"inLanguage":"es"},{"@type":"Organization","@id":"https:\/\/lospoliticosveracruz.com\/#organization","name":"Los pol\u00edticos Veracruz","url":"https:\/\/lospoliticosveracruz.com\/","logo":{"@type":"ImageObject","inLanguage":"es","@id":"https:\/\/lospoliticosveracruz.com\/#\/schema\/logo\/image\/","url":"https:\/\/lospoliticosveracruz.com\/wp-content\/uploads\/2025\/12\/Logo-Nuevo-LOS-POLITICOS-1.jpg","contentUrl":"https:\/\/lospoliticosveracruz.com\/wp-content\/uploads\/2025\/12\/Logo-Nuevo-LOS-POLITICOS-1.jpg","width":260,"height":70,"caption":"Los pol\u00edticos Veracruz"},"image":{"@id":"https:\/\/lospoliticosveracruz.com\/#\/schema\/logo\/image\/"},"sameAs":["https:\/\/www.facebook.com\/people\/Notimemes-de-los-Polticos\/61565672886568\/","https:\/\/x.com\/LosPoliticosVer"]},{"@type":"Person","@id":"https:\/\/lospoliticosveracruz.com\/#\/schema\/person\/b8702bb0e538456e6efd07080bf2a4a2","name":"Lo viste en Los Pol\u00edticos","image":{"@type":"ImageObject","inLanguage":"es","@id":"https:\/\/secure.gravatar.com\/avatar\/3a8de04a2656d44082be478bd6c086daa447c4651605818287b9532d3d0bd435?s=96&d=mm&r=g","url":"https:\/\/secure.gravatar.com\/avatar\/3a8de04a2656d44082be478bd6c086daa447c4651605818287b9532d3d0bd435?s=96&d=mm&r=g","contentUrl":"https:\/\/secure.gravatar.com\/avatar\/3a8de04a2656d44082be478bd6c086daa447c4651605818287b9532d3d0bd435?s=96&d=mm&r=g","caption":"Lo viste en Los Pol\u00edticos"},"url":"https:\/\/lospoliticosveracruz.com\/?author=2"}]}},"_links":{"self":[{"href":"https:\/\/lospoliticosveracruz.com\/index.php?rest_route=\/wp\/v2\/posts\/67444","targetHints":{"allow":["GET"]}}],"collection":[{"href":"https:\/\/lospoliticosveracruz.com\/index.php?rest_route=\/wp\/v2\/posts"}],"about":[{"href":"https:\/\/lospoliticosveracruz.com\/index.php?rest_route=\/wp\/v2\/types\/post"}],"author":[{"embeddable":true,"href":"https:\/\/lospoliticosveracruz.com\/index.php?rest_route=\/wp\/v2\/users\/2"}],"replies":[{"embeddable":true,"href":"https:\/\/lospoliticosveracruz.com\/index.php?rest_route=%2Fwp%2Fv2%2Fcomments&post=67444"}],"version-history":[{"count":5,"href":"https:\/\/lospoliticosveracruz.com\/index.php?rest_route=\/wp\/v2\/posts\/67444\/revisions"}],"predecessor-version":[{"id":67450,"href":"https:\/\/lospoliticosveracruz.com\/index.php?rest_route=\/wp\/v2\/posts\/67444\/revisions\/67450"}],"wp:attachment":[{"href":"https:\/\/lospoliticosveracruz.com\/index.php?rest_route=%2Fwp%2Fv2%2Fmedia&parent=67444"}],"wp:term":[{"taxonomy":"category","embeddable":true,"href":"https:\/\/lospoliticosveracruz.com\/index.php?rest_route=%2Fwp%2Fv2%2Fcategories&post=67444"},{"taxonomy":"post_tag","embeddable":true,"href":"https:\/\/lospoliticosveracruz.com\/index.php?rest_route=%2Fwp%2Fv2%2Ftags&post=67444"}],"curies":[{"name":"wp","href":"https:\/\/api.w.org\/{rel}","templated":true}]}}