{"id":67467,"date":"2021-01-29T13:07:16","date_gmt":"2021-01-29T19:07:16","guid":{"rendered":"http:\/\/www.lospoliticosveracruz.com.mx\/?p=67467"},"modified":"2021-01-29T13:07:16","modified_gmt":"2021-01-29T19:07:16","slug":"servicio-publico-en-tiempos-de-pandemia","status":"publish","type":"post","link":"https:\/\/lospoliticosveracruz.com\/?p=67467","title":{"rendered":"Servicio p\u00fablico en tiempos de pandemia"},"content":{"rendered":"<p>&nbsp;<\/p>\n<p><strong>Jorge Ignacio Luna Hern\u00e1ndez*<\/strong><\/p>\n<p>\u201cCuando una persona asume un cargo p\u00fablico, debiera considerarse a s\u00ed misma un bien p\u00fablico\u201d.<br \/>\nLuego de que el coronavirus COVID-19 se introdujera a nuestro pa\u00eds, hace ya casi un a\u00f1o, las condiciones de vida de todas y todos los mexicanos cambiaron dr\u00e1sticamente, se transform\u00f3 la forma en que interactuamos y nos relacionamos con los dem\u00e1s con el objetivo de evitar su propagaci\u00f3n.<br \/>\n<a href=\"http:\/\/www.lospoliticosveracruz.com.mx\"><img loading=\"lazy\" decoding=\"async\" class=\" size-full wp-image-67411 alignleft\" src=\"http:\/\/www.lospoliticosveracruz.com.mx\/wp-content\/uploads\/2021\/01\/XALAPA-EMPRESARIOS.jpg\" alt=\"XALAPA EMPRESARIOS\" width=\"600\" height=\"320\" \/><\/a> Las autoridades nos exhortaron a no salir de casa, adoptar medidas de aislamiento social e incluso tomaron la determinaci\u00f3n de cerrar temporalmente escuelas y centros de trabajo e inhibir lo m\u00e1s posible la presencia de personas en espacios p\u00fablicos.<br \/>\nDerivado de ello, muchos funcionarios de los tres niveles de gobierno tuvieron que resguardarse temporalmente en sus hogares, algunos realizando desde all\u00ed sus actividades y otros sin actividad alguna. Una acci\u00f3n plenamente justificada sobre todo en aqu\u00e9llos que se encuentran comprendidos dentro de la poblaci\u00f3n en riesgo derivado de alguna enfermedad cr\u00f3nico-degenerativa previa; diabetes, hipertensi\u00f3n, etc. o por tratarse de adultos mayores.<br \/>\nEn el caso particular de los Ayuntamientos, muchos de ellos han quedado pr\u00e1cticamente vac\u00edos, funcionando a su m\u00ednima capacidad, limit\u00e1ndose a realizar solo las actividades esenciales; limpia p\u00fablica, registro civil, recaudaci\u00f3n, por nombrar algunas, en su mayor\u00eda realizadas por personal sindicalizado, a quienes se les reconoce su valioso esfuerzo.<br \/>\nLa atenci\u00f3n al p\u00fablico pr\u00e1cticamente ha desaparecido. Si bien muchos ciudadanos se abstienen de acudir a solicitar la atenci\u00f3n a sus problem\u00e1ticas \u2013 a\u00f1ejas de por s\u00ed- muchos otros no encuentran la v\u00eda para hacer llegar sus peticiones, m\u00e1xime aqu\u00e9llas no consideradas prioritarias como la obra p\u00fablica pues la sociedad vio menguada su capacidad de organizaci\u00f3n y de presi\u00f3n social, priorizando, obviamente, el inter\u00e9s superior de la vida y la salud propia al de aquellas demandas ciudadanas.<br \/>\nLa pandemia fue el pretexto perfecto para que Alcaldes y ediles de los 212 Ayuntamientos no atendieran a la ciudadan\u00eda.<br \/>\nNo obstante, los problemas en las colonias y en las congregaciones contin\u00faan all\u00ed, quiz\u00e1 m\u00e1s presentes que nunca, tras muchos a\u00f1os y muchas malas administraciones, con la diferencia que ahora pocos son los vecinos que se envalentonan y se animan a gestionarlos ante el Ayuntamiento y son escasos los funcionarios dispuestos a apoyarlos para canalizarlos o atenderlos.<br \/>\nEs necesario que los servidores p\u00fablicos continuemos al servicio de la sociedad, no podemos simplemente ocultarnos y hacer como si el tiempo se hubiera detenido para todos. Lo cual no significa que lo hagamos con normalidad sino atendiendo a todas las recomendaciones en materia de salud que han emitido las autoridades federales y estatales.<br \/>\nEn lo personal hemos continuado atendiendo a los ciudadanos en las oficinas de la Regidur\u00eda Tercera y hemos retomado las reuniones en colonias y comunidades de Coatepec observando todas las medidas necesarias, lo cual me ha valido algunas cr\u00edticas. Sin embargo, lo hacemos con mucho entusiasmo a petici\u00f3n de los propios ciudadanos y lo seguiremos haciendo en la medida de lo posible, siempre anteponiendo la salud y bienestar del pueblo.<br \/>\nLas necesidades contin\u00faan all\u00ed, en cada barrio, en cada colonia, en cada congregaci\u00f3n. Necesitan ser atendidas y nosotros somos solo el medio para canalizarlas.<\/p>\n<p>* Jorge Ignacio Luna Hern\u00e1ndez; Regidor Tercero de Coatepec<\/p>\n","protected":false},"excerpt":{"rendered":"<p>&nbsp; Jorge Ignacio Luna Hern\u00e1ndez* \u201cCuando una persona asume un cargo p\u00fablico, debiera considerarse a s\u00ed misma un bien p\u00fablico\u201d. Luego de que el coronavirus COVID-19 se introdujera a nuestro pa\u00eds, hace ya casi un a\u00f1o, las condiciones de vida de todas y todos los mexicanos cambiaron dr\u00e1sticamente, se transform\u00f3 la forma en que interactuamos [&hellip;]<\/p>\n","protected":false},"author":2,"featured_media":0,"comment_status":"open","ping_status":"open","sticky":false,"template":"","format":"standard","meta":{"tdm_status":"","tdm_grid_status":"","footnotes":""},"categories":[70],"tags":[277,25718,710,14825,1344,22755,2029],"class_list":{"0":"post-67467","1":"post","2":"type-post","3":"status-publish","4":"format-standard","6":"category-de-opinion","7":"tag-coatepec","8":"tag-demandas-ciudadanas","9":"tag-funcionarios","10":"tag-jorge-ignacio-luna-hernandez","11":"tag-limpia-publica","12":"tag-recaudacion","13":"tag-registro-civil"},"yoast_head":"<!-- This site is optimized with the Yoast SEO plugin v27.4 - https:\/\/yoast.com\/product\/yoast-seo-wordpress\/ -->\n<title>Servicio p\u00fablico en tiempos de pandemia - Los pol\u00edticos Veracruz<\/title>\n<meta name=\"robots\" content=\"index, follow, max-snippet:-1, max-image-preview:large, max-video-preview:-1\" \/>\n<link rel=\"canonical\" href=\"https:\/\/lospoliticosveracruz.com\/?p=67467\" \/>\n<meta property=\"og:locale\" content=\"es_ES\" \/>\n<meta property=\"og:type\" content=\"article\" \/>\n<meta property=\"og:title\" content=\"Servicio p\u00fablico en tiempos de pandemia - Los pol\u00edticos Veracruz\" \/>\n<meta property=\"og:description\" content=\"&nbsp; Jorge Ignacio Luna Hern\u00e1ndez* \u201cCuando una persona asume un cargo p\u00fablico, debiera considerarse a s\u00ed misma un bien p\u00fablico\u201d. Luego de que el coronavirus COVID-19 se introdujera a nuestro pa\u00eds, hace ya casi un a\u00f1o, las condiciones de vida de todas y todos los mexicanos cambiaron dr\u00e1sticamente, se transform\u00f3 la forma en que interactuamos [&hellip;]\" \/>\n<meta property=\"og:url\" content=\"https:\/\/lospoliticosveracruz.com\/?p=67467\" \/>\n<meta property=\"og:site_name\" content=\"Los pol\u00edticos Veracruz\" \/>\n<meta property=\"article:publisher\" content=\"https:\/\/www.facebook.com\/people\/Notimemes-de-los-Polticos\/61565672886568\/\" \/>\n<meta property=\"article:published_time\" content=\"2021-01-29T19:07:16+00:00\" \/>\n<meta property=\"og:image\" content=\"http:\/\/www.lospoliticosveracruz.com.mx\/wp-content\/uploads\/2021\/01\/XALAPA-EMPRESARIOS.jpg\" \/>\n<meta name=\"author\" content=\"Lo viste en Los Pol\u00edticos\" \/>\n<meta name=\"twitter:card\" content=\"summary_large_image\" \/>\n<meta name=\"twitter:creator\" content=\"@LosPoliticosVer\" \/>\n<meta name=\"twitter:site\" content=\"@LosPoliticosVer\" \/>\n<meta name=\"twitter:label1\" content=\"Escrito por\" \/>\n\t<meta name=\"twitter:data1\" content=\"Lo viste en Los Pol\u00edticos\" \/>\n\t<meta name=\"twitter:label2\" content=\"Tiempo de lectura\" \/>\n\t<meta name=\"twitter:data2\" content=\"3 minutos\" \/>\n<script type=\"application\/ld+json\" class=\"yoast-schema-graph\">{\"@context\":\"https:\\\/\\\/schema.org\",\"@graph\":[{\"@type\":\"Article\",\"@id\":\"https:\\\/\\\/lospoliticosveracruz.com\\\/?p=67467#article\",\"isPartOf\":{\"@id\":\"https:\\\/\\\/lospoliticosveracruz.com\\\/?p=67467\"},\"author\":{\"name\":\"Lo viste en Los Pol\u00edticos\",\"@id\":\"https:\\\/\\\/lospoliticosveracruz.com\\\/#\\\/schema\\\/person\\\/b8702bb0e538456e6efd07080bf2a4a2\"},\"headline\":\"Servicio p\u00fablico en tiempos de pandemia\",\"datePublished\":\"2021-01-29T19:07:16+00:00\",\"mainEntityOfPage\":{\"@id\":\"https:\\\/\\\/lospoliticosveracruz.com\\\/?p=67467\"},\"wordCount\":581,\"commentCount\":0,\"publisher\":{\"@id\":\"https:\\\/\\\/lospoliticosveracruz.com\\\/#organization\"},\"image\":{\"@id\":\"https:\\\/\\\/lospoliticosveracruz.com\\\/?p=67467#primaryimage\"},\"thumbnailUrl\":\"http:\\\/\\\/www.lospoliticosveracruz.com.mx\\\/wp-content\\\/uploads\\\/2021\\\/01\\\/XALAPA-EMPRESARIOS.jpg\",\"keywords\":[\"Coatepec\",\"demandas ciudadanas\",\"funcionarios\",\"Jorge Ignacio Luna Hern\u00e1ndez\",\"Limpia P\u00fablica\",\"Recaudaci\u00f3n\",\"Registro Civil\"],\"articleSection\":[\"De Opini\u00f3n\"],\"inLanguage\":\"es\",\"potentialAction\":[{\"@type\":\"CommentAction\",\"name\":\"Comment\",\"target\":[\"https:\\\/\\\/lospoliticosveracruz.com\\\/?p=67467#respond\"]}]},{\"@type\":\"WebPage\",\"@id\":\"https:\\\/\\\/lospoliticosveracruz.com\\\/?p=67467\",\"url\":\"https:\\\/\\\/lospoliticosveracruz.com\\\/?p=67467\",\"name\":\"Servicio p\u00fablico en tiempos de pandemia - Los pol\u00edticos Veracruz\",\"isPartOf\":{\"@id\":\"https:\\\/\\\/lospoliticosveracruz.com\\\/#website\"},\"primaryImageOfPage\":{\"@id\":\"https:\\\/\\\/lospoliticosveracruz.com\\\/?p=67467#primaryimage\"},\"image\":{\"@id\":\"https:\\\/\\\/lospoliticosveracruz.com\\\/?p=67467#primaryimage\"},\"thumbnailUrl\":\"http:\\\/\\\/www.lospoliticosveracruz.com.mx\\\/wp-content\\\/uploads\\\/2021\\\/01\\\/XALAPA-EMPRESARIOS.jpg\",\"datePublished\":\"2021-01-29T19:07:16+00:00\",\"breadcrumb\":{\"@id\":\"https:\\\/\\\/lospoliticosveracruz.com\\\/?p=67467#breadcrumb\"},\"inLanguage\":\"es\",\"potentialAction\":[{\"@type\":\"ReadAction\",\"target\":[\"https:\\\/\\\/lospoliticosveracruz.com\\\/?p=67467\"]}]},{\"@type\":\"ImageObject\",\"inLanguage\":\"es\",\"@id\":\"https:\\\/\\\/lospoliticosveracruz.com\\\/?p=67467#primaryimage\",\"url\":\"http:\\\/\\\/www.lospoliticosveracruz.com.mx\\\/wp-content\\\/uploads\\\/2021\\\/01\\\/XALAPA-EMPRESARIOS.jpg\",\"contentUrl\":\"http:\\\/\\\/www.lospoliticosveracruz.com.mx\\\/wp-content\\\/uploads\\\/2021\\\/01\\\/XALAPA-EMPRESARIOS.jpg\"},{\"@type\":\"BreadcrumbList\",\"@id\":\"https:\\\/\\\/lospoliticosveracruz.com\\\/?p=67467#breadcrumb\",\"itemListElement\":[{\"@type\":\"ListItem\",\"position\":1,\"name\":\"Portada\",\"item\":\"https:\\\/\\\/lospoliticosveracruz.com\\\/\"},{\"@type\":\"ListItem\",\"position\":2,\"name\":\"Servicio p\u00fablico en tiempos de pandemia\"}]},{\"@type\":\"WebSite\",\"@id\":\"https:\\\/\\\/lospoliticosveracruz.com\\\/#website\",\"url\":\"https:\\\/\\\/lospoliticosveracruz.com\\\/\",\"name\":\"Los pol\u00edticos Veracruz\",\"description\":\"\",\"publisher\":{\"@id\":\"https:\\\/\\\/lospoliticosveracruz.com\\\/#organization\"},\"potentialAction\":[{\"@type\":\"SearchAction\",\"target\":{\"@type\":\"EntryPoint\",\"urlTemplate\":\"https:\\\/\\\/lospoliticosveracruz.com\\\/?s={search_term_string}\"},\"query-input\":{\"@type\":\"PropertyValueSpecification\",\"valueRequired\":true,\"valueName\":\"search_term_string\"}}],\"inLanguage\":\"es\"},{\"@type\":\"Organization\",\"@id\":\"https:\\\/\\\/lospoliticosveracruz.com\\\/#organization\",\"name\":\"Los pol\u00edticos Veracruz\",\"url\":\"https:\\\/\\\/lospoliticosveracruz.com\\\/\",\"logo\":{\"@type\":\"ImageObject\",\"inLanguage\":\"es\",\"@id\":\"https:\\\/\\\/lospoliticosveracruz.com\\\/#\\\/schema\\\/logo\\\/image\\\/\",\"url\":\"https:\\\/\\\/lospoliticosveracruz.com\\\/wp-content\\\/uploads\\\/2025\\\/12\\\/Logo-Nuevo-LOS-POLITICOS-1.jpg\",\"contentUrl\":\"https:\\\/\\\/lospoliticosveracruz.com\\\/wp-content\\\/uploads\\\/2025\\\/12\\\/Logo-Nuevo-LOS-POLITICOS-1.jpg\",\"width\":260,\"height\":70,\"caption\":\"Los pol\u00edticos Veracruz\"},\"image\":{\"@id\":\"https:\\\/\\\/lospoliticosveracruz.com\\\/#\\\/schema\\\/logo\\\/image\\\/\"},\"sameAs\":[\"https:\\\/\\\/www.facebook.com\\\/people\\\/Notimemes-de-los-Polticos\\\/61565672886568\\\/\",\"https:\\\/\\\/x.com\\\/LosPoliticosVer\"]},{\"@type\":\"Person\",\"@id\":\"https:\\\/\\\/lospoliticosveracruz.com\\\/#\\\/schema\\\/person\\\/b8702bb0e538456e6efd07080bf2a4a2\",\"name\":\"Lo viste en Los Pol\u00edticos\",\"image\":{\"@type\":\"ImageObject\",\"inLanguage\":\"es\",\"@id\":\"https:\\\/\\\/secure.gravatar.com\\\/avatar\\\/3a8de04a2656d44082be478bd6c086daa447c4651605818287b9532d3d0bd435?s=96&d=mm&r=g\",\"url\":\"https:\\\/\\\/secure.gravatar.com\\\/avatar\\\/3a8de04a2656d44082be478bd6c086daa447c4651605818287b9532d3d0bd435?s=96&d=mm&r=g\",\"contentUrl\":\"https:\\\/\\\/secure.gravatar.com\\\/avatar\\\/3a8de04a2656d44082be478bd6c086daa447c4651605818287b9532d3d0bd435?s=96&d=mm&r=g\",\"caption\":\"Lo viste en Los Pol\u00edticos\"},\"url\":\"https:\\\/\\\/lospoliticosveracruz.com\\\/?author=2\"}]}<\/script>\n<!-- \/ Yoast SEO plugin. -->","yoast_head_json":{"title":"Servicio p\u00fablico en tiempos de pandemia - Los pol\u00edticos Veracruz","robots":{"index":"index","follow":"follow","max-snippet":"max-snippet:-1","max-image-preview":"max-image-preview:large","max-video-preview":"max-video-preview:-1"},"canonical":"https:\/\/lospoliticosveracruz.com\/?p=67467","og_locale":"es_ES","og_type":"article","og_title":"Servicio p\u00fablico en tiempos de pandemia - Los pol\u00edticos Veracruz","og_description":"&nbsp; Jorge Ignacio Luna Hern\u00e1ndez* \u201cCuando una persona asume un cargo p\u00fablico, debiera considerarse a s\u00ed misma un bien p\u00fablico\u201d. Luego de que el coronavirus COVID-19 se introdujera a nuestro pa\u00eds, hace ya casi un a\u00f1o, las condiciones de vida de todas y todos los mexicanos cambiaron dr\u00e1sticamente, se transform\u00f3 la forma en que interactuamos [&hellip;]","og_url":"https:\/\/lospoliticosveracruz.com\/?p=67467","og_site_name":"Los pol\u00edticos Veracruz","article_publisher":"https:\/\/www.facebook.com\/people\/Notimemes-de-los-Polticos\/61565672886568\/","article_published_time":"2021-01-29T19:07:16+00:00","og_image":[{"url":"http:\/\/www.lospoliticosveracruz.com.mx\/wp-content\/uploads\/2021\/01\/XALAPA-EMPRESARIOS.jpg","type":"","width":"","height":""}],"author":"Lo viste en Los Pol\u00edticos","twitter_card":"summary_large_image","twitter_creator":"@LosPoliticosVer","twitter_site":"@LosPoliticosVer","twitter_misc":{"Escrito por":"Lo viste en Los Pol\u00edticos","Tiempo de lectura":"3 minutos"},"schema":{"@context":"https:\/\/schema.org","@graph":[{"@type":"Article","@id":"https:\/\/lospoliticosveracruz.com\/?p=67467#article","isPartOf":{"@id":"https:\/\/lospoliticosveracruz.com\/?p=67467"},"author":{"name":"Lo viste en Los Pol\u00edticos","@id":"https:\/\/lospoliticosveracruz.com\/#\/schema\/person\/b8702bb0e538456e6efd07080bf2a4a2"},"headline":"Servicio p\u00fablico en tiempos de pandemia","datePublished":"2021-01-29T19:07:16+00:00","mainEntityOfPage":{"@id":"https:\/\/lospoliticosveracruz.com\/?p=67467"},"wordCount":581,"commentCount":0,"publisher":{"@id":"https:\/\/lospoliticosveracruz.com\/#organization"},"image":{"@id":"https:\/\/lospoliticosveracruz.com\/?p=67467#primaryimage"},"thumbnailUrl":"http:\/\/www.lospoliticosveracruz.com.mx\/wp-content\/uploads\/2021\/01\/XALAPA-EMPRESARIOS.jpg","keywords":["Coatepec","demandas ciudadanas","funcionarios","Jorge Ignacio Luna Hern\u00e1ndez","Limpia P\u00fablica","Recaudaci\u00f3n","Registro Civil"],"articleSection":["De Opini\u00f3n"],"inLanguage":"es","potentialAction":[{"@type":"CommentAction","name":"Comment","target":["https:\/\/lospoliticosveracruz.com\/?p=67467#respond"]}]},{"@type":"WebPage","@id":"https:\/\/lospoliticosveracruz.com\/?p=67467","url":"https:\/\/lospoliticosveracruz.com\/?p=67467","name":"Servicio p\u00fablico en tiempos de pandemia - Los pol\u00edticos Veracruz","isPartOf":{"@id":"https:\/\/lospoliticosveracruz.com\/#website"},"primaryImageOfPage":{"@id":"https:\/\/lospoliticosveracruz.com\/?p=67467#primaryimage"},"image":{"@id":"https:\/\/lospoliticosveracruz.com\/?p=67467#primaryimage"},"thumbnailUrl":"http:\/\/www.lospoliticosveracruz.com.mx\/wp-content\/uploads\/2021\/01\/XALAPA-EMPRESARIOS.jpg","datePublished":"2021-01-29T19:07:16+00:00","breadcrumb":{"@id":"https:\/\/lospoliticosveracruz.com\/?p=67467#breadcrumb"},"inLanguage":"es","potentialAction":[{"@type":"ReadAction","target":["https:\/\/lospoliticosveracruz.com\/?p=67467"]}]},{"@type":"ImageObject","inLanguage":"es","@id":"https:\/\/lospoliticosveracruz.com\/?p=67467#primaryimage","url":"http:\/\/www.lospoliticosveracruz.com.mx\/wp-content\/uploads\/2021\/01\/XALAPA-EMPRESARIOS.jpg","contentUrl":"http:\/\/www.lospoliticosveracruz.com.mx\/wp-content\/uploads\/2021\/01\/XALAPA-EMPRESARIOS.jpg"},{"@type":"BreadcrumbList","@id":"https:\/\/lospoliticosveracruz.com\/?p=67467#breadcrumb","itemListElement":[{"@type":"ListItem","position":1,"name":"Portada","item":"https:\/\/lospoliticosveracruz.com\/"},{"@type":"ListItem","position":2,"name":"Servicio p\u00fablico en tiempos de pandemia"}]},{"@type":"WebSite","@id":"https:\/\/lospoliticosveracruz.com\/#website","url":"https:\/\/lospoliticosveracruz.com\/","name":"Los pol\u00edticos Veracruz","description":"","publisher":{"@id":"https:\/\/lospoliticosveracruz.com\/#organization"},"potentialAction":[{"@type":"SearchAction","target":{"@type":"EntryPoint","urlTemplate":"https:\/\/lospoliticosveracruz.com\/?s={search_term_string}"},"query-input":{"@type":"PropertyValueSpecification","valueRequired":true,"valueName":"search_term_string"}}],"inLanguage":"es"},{"@type":"Organization","@id":"https:\/\/lospoliticosveracruz.com\/#organization","name":"Los pol\u00edticos Veracruz","url":"https:\/\/lospoliticosveracruz.com\/","logo":{"@type":"ImageObject","inLanguage":"es","@id":"https:\/\/lospoliticosveracruz.com\/#\/schema\/logo\/image\/","url":"https:\/\/lospoliticosveracruz.com\/wp-content\/uploads\/2025\/12\/Logo-Nuevo-LOS-POLITICOS-1.jpg","contentUrl":"https:\/\/lospoliticosveracruz.com\/wp-content\/uploads\/2025\/12\/Logo-Nuevo-LOS-POLITICOS-1.jpg","width":260,"height":70,"caption":"Los pol\u00edticos Veracruz"},"image":{"@id":"https:\/\/lospoliticosveracruz.com\/#\/schema\/logo\/image\/"},"sameAs":["https:\/\/www.facebook.com\/people\/Notimemes-de-los-Polticos\/61565672886568\/","https:\/\/x.com\/LosPoliticosVer"]},{"@type":"Person","@id":"https:\/\/lospoliticosveracruz.com\/#\/schema\/person\/b8702bb0e538456e6efd07080bf2a4a2","name":"Lo viste en Los Pol\u00edticos","image":{"@type":"ImageObject","inLanguage":"es","@id":"https:\/\/secure.gravatar.com\/avatar\/3a8de04a2656d44082be478bd6c086daa447c4651605818287b9532d3d0bd435?s=96&d=mm&r=g","url":"https:\/\/secure.gravatar.com\/avatar\/3a8de04a2656d44082be478bd6c086daa447c4651605818287b9532d3d0bd435?s=96&d=mm&r=g","contentUrl":"https:\/\/secure.gravatar.com\/avatar\/3a8de04a2656d44082be478bd6c086daa447c4651605818287b9532d3d0bd435?s=96&d=mm&r=g","caption":"Lo viste en Los Pol\u00edticos"},"url":"https:\/\/lospoliticosveracruz.com\/?author=2"}]}},"_links":{"self":[{"href":"https:\/\/lospoliticosveracruz.com\/index.php?rest_route=\/wp\/v2\/posts\/67467","targetHints":{"allow":["GET"]}}],"collection":[{"href":"https:\/\/lospoliticosveracruz.com\/index.php?rest_route=\/wp\/v2\/posts"}],"about":[{"href":"https:\/\/lospoliticosveracruz.com\/index.php?rest_route=\/wp\/v2\/types\/post"}],"author":[{"embeddable":true,"href":"https:\/\/lospoliticosveracruz.com\/index.php?rest_route=\/wp\/v2\/users\/2"}],"replies":[{"embeddable":true,"href":"https:\/\/lospoliticosveracruz.com\/index.php?rest_route=%2Fwp%2Fv2%2Fcomments&post=67467"}],"version-history":[{"count":1,"href":"https:\/\/lospoliticosveracruz.com\/index.php?rest_route=\/wp\/v2\/posts\/67467\/revisions"}],"predecessor-version":[{"id":67469,"href":"https:\/\/lospoliticosveracruz.com\/index.php?rest_route=\/wp\/v2\/posts\/67467\/revisions\/67469"}],"wp:attachment":[{"href":"https:\/\/lospoliticosveracruz.com\/index.php?rest_route=%2Fwp%2Fv2%2Fmedia&parent=67467"}],"wp:term":[{"taxonomy":"category","embeddable":true,"href":"https:\/\/lospoliticosveracruz.com\/index.php?rest_route=%2Fwp%2Fv2%2Fcategories&post=67467"},{"taxonomy":"post_tag","embeddable":true,"href":"https:\/\/lospoliticosveracruz.com\/index.php?rest_route=%2Fwp%2Fv2%2Ftags&post=67467"}],"curies":[{"name":"wp","href":"https:\/\/api.w.org\/{rel}","templated":true}]}}