{"id":67477,"date":"2021-01-29T17:41:44","date_gmt":"2021-01-29T23:41:44","guid":{"rendered":"http:\/\/www.lospoliticosveracruz.com.mx\/?p=67477"},"modified":"2021-01-29T17:45:32","modified_gmt":"2021-01-29T23:45:32","slug":"priista-quieres-ser-alcalde-o-diputado-local-te-interesa-esto","status":"publish","type":"post","link":"https:\/\/lospoliticosveracruz.com\/?p=67477","title":{"rendered":"Pri\u00edsta, \u00bfquieres ser alcalde o diputado local?, te interesa esto!"},"content":{"rendered":"<p>&nbsp;<\/p>\n<p><strong>Xalapa<\/strong><br \/>\nEl Comit\u00e9 Directivo Estatal del PRI en Veracruz, public\u00f3 la Convocatoria para la Selecci\u00f3n y Postulaci\u00f3n de Candidaturas a Presidentes Municipales Propietarios, as\u00ed como la Convocatoria para la Selecci\u00f3n y Postulaci\u00f3n de Candidaturas a Diputados Locales Propietarios por el principio de mayor\u00eda relativa, ambas por el procedimiento de Comisi\u00f3n para la Postulaci\u00f3n de Candidaturas para el proceso electoral local 2020-2021.<br \/>\nPara ambas convocatorias, la Comisi\u00f3n Estatal de Procesos Internos, emitir\u00e1 declaratorias de candidaturas a favor de aquellas personas militantes hayan presentado su solicitud para participar en el proceso interno, cumplan satisfactoriamente los requisitos constitucionales, legales, estatutarios y reglamentarios; que participen satisfactoriamente en los mecanismos de fase previa de examen, y que obtengan el acuerdo de postulaci\u00f3n correspondiente por parte de la Comisi\u00f3n Estatal Para la Postulaci\u00f3n de Candituras.<\/p>\n<p><strong>Para las candidaturas a presidencias municipales<\/strong><br \/>\nSon 164 los municipios de la entidad en que se aplicar\u00e1 este proceso de selecci\u00f3n, en donde se postular\u00e1n candidaturas de filiaci\u00f3n priista; los aspirantes, expresar\u00e1n su inter\u00e9s en ser postulados \u00fanicamente en un municipio del listado que detalla la convocatoria.<br \/>\nLa jornada de solicitud de prerregistro para aspirantes a precandidaturas, se realizar\u00e1 el 8 de febrero de 2021, de 9:00 a 13:00 horas, ante los \u00f3rganos auxiliares de la Comisi\u00f3n Estatal en sus domicilios sede; las resoluciones se emitir\u00e1n a m\u00e1s tardar el 12 de febrero de 2021 y ser\u00e1n notificadas a trav\u00e9s de estrados f\u00edsicos y digitales a publicarse en <strong><em><a href=\"http:\/\/www.priveracruz.mx\/\">www.priveracruz.mx<\/a><\/em><\/strong>.<br \/>\nQuienes hayan complementado los requisitos y hayan obtenido predictamen de aspirantes \u00fanicos, podr\u00e1n registrarse el 18 de febrero de 2021, de 9:00 a 13 horas, como precandidatos a las presidencias municipales; las resoluciones se emitir\u00e1n el 22 de febrero.<br \/>\nLa Comisi\u00f3n Estatal para la Postulaci\u00f3n de Candidaturas, deber\u00e1 concluir los trabajos de ponderaci\u00f3n a m\u00e1s tardar el 10 de marzo de 2021; la Comisi\u00f3n Estatal har\u00e1 la declaratoria de validez del proceso interno y expedir\u00e1 la constancia de candidatura a quienes obtengan acuerdo favorable emitido por la Comisi\u00f3n Estatal de Postulaci\u00f3n de Candidaturas, a m\u00e1s tardar el 15 de marzo.<\/p>\n<p><strong>De las candidaturas a las diputaciones locales<\/strong><\/p>\n<p>Los distritos electorales locales uninominales en los que se aplicar\u00e1 el proceso de selecci\u00f3n y postulaci\u00f3n de las candidaturas a diputados locales propietarios por el principio de mayor\u00eda relativa son: V Poza Rica, IX Perote, XIII Emiliano Zapata, XIV Veracruz I, XXIV Santiago Tuxtla, XXV San Andr\u00e9s Tuxtla, XXVI Cosoleacaque, XXVIII Minatitl\u00e1n, XXX Coatzacoalcos II.<br \/>\nLa recepci\u00f3n de solicitudes de prerregistros a precandidatos a diputaciones locales se realizar\u00e1 el 7 de febrero de 2021, de 10:00 a 14:00 horas, en la sede oficial de la Comisi\u00f3n Estatal; las resoluciones se emitir\u00e1n el 11 de febrero de 2021 y ser\u00e1n notificadas a trav\u00e9s de estrados f\u00edsicos y digitales a publicarse en <a href=\"http:\/\/www.priveracruz.mx\/\"><em><strong>www.priveracruz.mx<\/strong><\/em><\/a>.<br \/>\nEl 17 de febrero de 10:00 a 14:00 horas, tendr\u00e1 lugar el registro de los aspirantes como precandidatos a diputados locales; las resoluciones se emitir\u00e1n el 20 de febrero de 2021; la Comisi\u00f3n Estatal de Postulaci\u00f3n de Candidaturas, deber\u00e1 concluir los trabajos de ponderaci\u00f3n a m\u00e1s tardar el 4 de marzo de 2021; la Comisi\u00f3n Estatal har\u00e1 la declaratoria de validez del proceso interno y expedir\u00e1 la constancia de candidatura a quien obtenga el acuerdo favorable de la Comisi\u00f3n Estatal de Postulaci\u00f3n de Candidaturas, a m\u00e1s tardar el 9 de marzo de 2021.<br \/>\nLas personas interesadas, pueden consultar las convocatorias completas en: <em><strong><a href=\"https:\/\/www.priveracruz.mx\/pecl-2021\/\">https:\/\/www.priveracruz.mx\/pecl-2021\/<\/a><\/strong><\/em><\/p>\n","protected":false},"excerpt":{"rendered":"<p>&nbsp; Xalapa El Comit\u00e9 Directivo Estatal del PRI en Veracruz, public\u00f3 la Convocatoria para la Selecci\u00f3n y Postulaci\u00f3n de Candidaturas a Presidentes Municipales Propietarios, as\u00ed como la Convocatoria para la Selecci\u00f3n y Postulaci\u00f3n de Candidaturas a Diputados Locales Propietarios por el principio de mayor\u00eda relativa, ambas por el procedimiento de Comisi\u00f3n para la Postulaci\u00f3n de [&hellip;]<\/p>\n","protected":false},"author":2,"featured_media":0,"comment_status":"open","ping_status":"open","sticky":false,"template":"","format":"standard","meta":{"tdm_status":"","tdm_grid_status":"","footnotes":""},"categories":[73],"tags":[1122,15071,3681,25725,1548,8016,251,24978,21134,18824,96],"class_list":{"0":"post-67477","1":"post","2":"type-post","3":"status-publish","4":"format-standard","6":"category-de-boleto","7":"tag-candidaturas","8":"tag-convocatoria","9":"tag-diputaciones-locales","10":"tag-postulacion","11":"tag-precandidatos","12":"tag-presidencias-municipales","13":"tag-pri","14":"tag-proceso-de-seleccion","15":"tag-proceso-electoral-2021","16":"tag-procesos-internos","17":"tag-xalapa"},"yoast_head":"<!-- This site is optimized with the Yoast SEO plugin v27.4 - https:\/\/yoast.com\/product\/yoast-seo-wordpress\/ -->\n<title>Pri\u00edsta, \u00bfquieres ser alcalde o diputado local?, te interesa esto! - Los pol\u00edticos Veracruz<\/title>\n<meta name=\"robots\" content=\"index, follow, max-snippet:-1, max-image-preview:large, max-video-preview:-1\" \/>\n<link rel=\"canonical\" href=\"https:\/\/lospoliticosveracruz.com\/?p=67477\" \/>\n<meta property=\"og:locale\" content=\"es_ES\" \/>\n<meta property=\"og:type\" content=\"article\" \/>\n<meta property=\"og:title\" content=\"Pri\u00edsta, \u00bfquieres ser alcalde o diputado local?, te interesa esto! - Los pol\u00edticos Veracruz\" \/>\n<meta property=\"og:description\" content=\"&nbsp; Xalapa El Comit\u00e9 Directivo Estatal del PRI en Veracruz, public\u00f3 la Convocatoria para la Selecci\u00f3n y Postulaci\u00f3n de Candidaturas a Presidentes Municipales Propietarios, as\u00ed como la Convocatoria para la Selecci\u00f3n y Postulaci\u00f3n de Candidaturas a Diputados Locales Propietarios por el principio de mayor\u00eda relativa, ambas por el procedimiento de Comisi\u00f3n para la Postulaci\u00f3n de [&hellip;]\" \/>\n<meta property=\"og:url\" content=\"https:\/\/lospoliticosveracruz.com\/?p=67477\" \/>\n<meta property=\"og:site_name\" content=\"Los pol\u00edticos Veracruz\" \/>\n<meta property=\"article:publisher\" content=\"https:\/\/www.facebook.com\/people\/Notimemes-de-los-Polticos\/61565672886568\/\" \/>\n<meta property=\"article:published_time\" content=\"2021-01-29T23:41:44+00:00\" \/>\n<meta property=\"article:modified_time\" content=\"2021-01-29T23:45:32+00:00\" \/>\n<meta property=\"og:image\" content=\"https:\/\/lospoliticosveracruz.com\/wp-content\/uploads\/2016\/07\/Logo-Dor.jpg\" \/>\n\t<meta property=\"og:image:width\" content=\"200\" \/>\n\t<meta property=\"og:image:height\" content=\"200\" \/>\n\t<meta property=\"og:image:type\" content=\"image\/jpeg\" \/>\n<meta name=\"author\" content=\"Lo viste en Los Pol\u00edticos\" \/>\n<meta name=\"twitter:card\" content=\"summary_large_image\" \/>\n<meta name=\"twitter:creator\" content=\"@LosPoliticosVer\" \/>\n<meta name=\"twitter:site\" content=\"@LosPoliticosVer\" \/>\n<meta name=\"twitter:label1\" content=\"Escrito por\" \/>\n\t<meta name=\"twitter:data1\" content=\"Lo viste en Los Pol\u00edticos\" \/>\n\t<meta name=\"twitter:label2\" content=\"Tiempo de lectura\" \/>\n\t<meta name=\"twitter:data2\" content=\"3 minutos\" \/>\n<script type=\"application\/ld+json\" class=\"yoast-schema-graph\">{\"@context\":\"https:\\\/\\\/schema.org\",\"@graph\":[{\"@type\":\"Article\",\"@id\":\"https:\\\/\\\/lospoliticosveracruz.com\\\/?p=67477#article\",\"isPartOf\":{\"@id\":\"https:\\\/\\\/lospoliticosveracruz.com\\\/?p=67477\"},\"author\":{\"name\":\"Lo viste en Los Pol\u00edticos\",\"@id\":\"https:\\\/\\\/lospoliticosveracruz.com\\\/#\\\/schema\\\/person\\\/b8702bb0e538456e6efd07080bf2a4a2\"},\"headline\":\"Pri\u00edsta, \u00bfquieres ser alcalde o diputado local?, te interesa esto!\",\"datePublished\":\"2021-01-29T23:41:44+00:00\",\"dateModified\":\"2021-01-29T23:45:32+00:00\",\"mainEntityOfPage\":{\"@id\":\"https:\\\/\\\/lospoliticosveracruz.com\\\/?p=67477\"},\"wordCount\":601,\"commentCount\":0,\"publisher\":{\"@id\":\"https:\\\/\\\/lospoliticosveracruz.com\\\/#organization\"},\"keywords\":[\"candidaturas\",\"Convocatoria\",\"Diputaciones Locales\",\"Postulaci\u00f3n\",\"Precandidatos\",\"Presidencias municipales\",\"PRI\",\"Proceso de selecci\u00f3n\",\"Proceso electoral 2021\",\"Procesos Internos\",\"Xalapa\"],\"articleSection\":[\"De Boleto\"],\"inLanguage\":\"es\",\"potentialAction\":[{\"@type\":\"CommentAction\",\"name\":\"Comment\",\"target\":[\"https:\\\/\\\/lospoliticosveracruz.com\\\/?p=67477#respond\"]}]},{\"@type\":\"WebPage\",\"@id\":\"https:\\\/\\\/lospoliticosveracruz.com\\\/?p=67477\",\"url\":\"https:\\\/\\\/lospoliticosveracruz.com\\\/?p=67477\",\"name\":\"Pri\u00edsta, \u00bfquieres ser alcalde o diputado local?, te interesa esto! - Los pol\u00edticos Veracruz\",\"isPartOf\":{\"@id\":\"https:\\\/\\\/lospoliticosveracruz.com\\\/#website\"},\"datePublished\":\"2021-01-29T23:41:44+00:00\",\"dateModified\":\"2021-01-29T23:45:32+00:00\",\"breadcrumb\":{\"@id\":\"https:\\\/\\\/lospoliticosveracruz.com\\\/?p=67477#breadcrumb\"},\"inLanguage\":\"es\",\"potentialAction\":[{\"@type\":\"ReadAction\",\"target\":[\"https:\\\/\\\/lospoliticosveracruz.com\\\/?p=67477\"]}]},{\"@type\":\"BreadcrumbList\",\"@id\":\"https:\\\/\\\/lospoliticosveracruz.com\\\/?p=67477#breadcrumb\",\"itemListElement\":[{\"@type\":\"ListItem\",\"position\":1,\"name\":\"Portada\",\"item\":\"https:\\\/\\\/lospoliticosveracruz.com\\\/\"},{\"@type\":\"ListItem\",\"position\":2,\"name\":\"Pri\u00edsta, \u00bfquieres ser alcalde o diputado local?, te interesa esto!\"}]},{\"@type\":\"WebSite\",\"@id\":\"https:\\\/\\\/lospoliticosveracruz.com\\\/#website\",\"url\":\"https:\\\/\\\/lospoliticosveracruz.com\\\/\",\"name\":\"Los pol\u00edticos Veracruz\",\"description\":\"\",\"publisher\":{\"@id\":\"https:\\\/\\\/lospoliticosveracruz.com\\\/#organization\"},\"potentialAction\":[{\"@type\":\"SearchAction\",\"target\":{\"@type\":\"EntryPoint\",\"urlTemplate\":\"https:\\\/\\\/lospoliticosveracruz.com\\\/?s={search_term_string}\"},\"query-input\":{\"@type\":\"PropertyValueSpecification\",\"valueRequired\":true,\"valueName\":\"search_term_string\"}}],\"inLanguage\":\"es\"},{\"@type\":\"Organization\",\"@id\":\"https:\\\/\\\/lospoliticosveracruz.com\\\/#organization\",\"name\":\"Los pol\u00edticos Veracruz\",\"url\":\"https:\\\/\\\/lospoliticosveracruz.com\\\/\",\"logo\":{\"@type\":\"ImageObject\",\"inLanguage\":\"es\",\"@id\":\"https:\\\/\\\/lospoliticosveracruz.com\\\/#\\\/schema\\\/logo\\\/image\\\/\",\"url\":\"https:\\\/\\\/lospoliticosveracruz.com\\\/wp-content\\\/uploads\\\/2025\\\/12\\\/Logo-Nuevo-LOS-POLITICOS-1.jpg\",\"contentUrl\":\"https:\\\/\\\/lospoliticosveracruz.com\\\/wp-content\\\/uploads\\\/2025\\\/12\\\/Logo-Nuevo-LOS-POLITICOS-1.jpg\",\"width\":260,\"height\":70,\"caption\":\"Los pol\u00edticos Veracruz\"},\"image\":{\"@id\":\"https:\\\/\\\/lospoliticosveracruz.com\\\/#\\\/schema\\\/logo\\\/image\\\/\"},\"sameAs\":[\"https:\\\/\\\/www.facebook.com\\\/people\\\/Notimemes-de-los-Polticos\\\/61565672886568\\\/\",\"https:\\\/\\\/x.com\\\/LosPoliticosVer\"]},{\"@type\":\"Person\",\"@id\":\"https:\\\/\\\/lospoliticosveracruz.com\\\/#\\\/schema\\\/person\\\/b8702bb0e538456e6efd07080bf2a4a2\",\"name\":\"Lo viste en Los Pol\u00edticos\",\"image\":{\"@type\":\"ImageObject\",\"inLanguage\":\"es\",\"@id\":\"https:\\\/\\\/secure.gravatar.com\\\/avatar\\\/3a8de04a2656d44082be478bd6c086daa447c4651605818287b9532d3d0bd435?s=96&d=mm&r=g\",\"url\":\"https:\\\/\\\/secure.gravatar.com\\\/avatar\\\/3a8de04a2656d44082be478bd6c086daa447c4651605818287b9532d3d0bd435?s=96&d=mm&r=g\",\"contentUrl\":\"https:\\\/\\\/secure.gravatar.com\\\/avatar\\\/3a8de04a2656d44082be478bd6c086daa447c4651605818287b9532d3d0bd435?s=96&d=mm&r=g\",\"caption\":\"Lo viste en Los Pol\u00edticos\"},\"url\":\"https:\\\/\\\/lospoliticosveracruz.com\\\/?author=2\"}]}<\/script>\n<!-- \/ Yoast SEO plugin. -->","yoast_head_json":{"title":"Pri\u00edsta, \u00bfquieres ser alcalde o diputado local?, te interesa esto! - Los pol\u00edticos Veracruz","robots":{"index":"index","follow":"follow","max-snippet":"max-snippet:-1","max-image-preview":"max-image-preview:large","max-video-preview":"max-video-preview:-1"},"canonical":"https:\/\/lospoliticosveracruz.com\/?p=67477","og_locale":"es_ES","og_type":"article","og_title":"Pri\u00edsta, \u00bfquieres ser alcalde o diputado local?, te interesa esto! - Los pol\u00edticos Veracruz","og_description":"&nbsp; Xalapa El Comit\u00e9 Directivo Estatal del PRI en Veracruz, public\u00f3 la Convocatoria para la Selecci\u00f3n y Postulaci\u00f3n de Candidaturas a Presidentes Municipales Propietarios, as\u00ed como la Convocatoria para la Selecci\u00f3n y Postulaci\u00f3n de Candidaturas a Diputados Locales Propietarios por el principio de mayor\u00eda relativa, ambas por el procedimiento de Comisi\u00f3n para la Postulaci\u00f3n de [&hellip;]","og_url":"https:\/\/lospoliticosveracruz.com\/?p=67477","og_site_name":"Los pol\u00edticos Veracruz","article_publisher":"https:\/\/www.facebook.com\/people\/Notimemes-de-los-Polticos\/61565672886568\/","article_published_time":"2021-01-29T23:41:44+00:00","article_modified_time":"2021-01-29T23:45:32+00:00","og_image":[{"width":200,"height":200,"url":"https:\/\/lospoliticosveracruz.com\/wp-content\/uploads\/2016\/07\/Logo-Dor.jpg","type":"image\/jpeg"}],"author":"Lo viste en Los Pol\u00edticos","twitter_card":"summary_large_image","twitter_creator":"@LosPoliticosVer","twitter_site":"@LosPoliticosVer","twitter_misc":{"Escrito por":"Lo viste en Los Pol\u00edticos","Tiempo de lectura":"3 minutos"},"schema":{"@context":"https:\/\/schema.org","@graph":[{"@type":"Article","@id":"https:\/\/lospoliticosveracruz.com\/?p=67477#article","isPartOf":{"@id":"https:\/\/lospoliticosveracruz.com\/?p=67477"},"author":{"name":"Lo viste en Los Pol\u00edticos","@id":"https:\/\/lospoliticosveracruz.com\/#\/schema\/person\/b8702bb0e538456e6efd07080bf2a4a2"},"headline":"Pri\u00edsta, \u00bfquieres ser alcalde o diputado local?, te interesa esto!","datePublished":"2021-01-29T23:41:44+00:00","dateModified":"2021-01-29T23:45:32+00:00","mainEntityOfPage":{"@id":"https:\/\/lospoliticosveracruz.com\/?p=67477"},"wordCount":601,"commentCount":0,"publisher":{"@id":"https:\/\/lospoliticosveracruz.com\/#organization"},"keywords":["candidaturas","Convocatoria","Diputaciones Locales","Postulaci\u00f3n","Precandidatos","Presidencias municipales","PRI","Proceso de selecci\u00f3n","Proceso electoral 2021","Procesos Internos","Xalapa"],"articleSection":["De Boleto"],"inLanguage":"es","potentialAction":[{"@type":"CommentAction","name":"Comment","target":["https:\/\/lospoliticosveracruz.com\/?p=67477#respond"]}]},{"@type":"WebPage","@id":"https:\/\/lospoliticosveracruz.com\/?p=67477","url":"https:\/\/lospoliticosveracruz.com\/?p=67477","name":"Pri\u00edsta, \u00bfquieres ser alcalde o diputado local?, te interesa esto! - Los pol\u00edticos Veracruz","isPartOf":{"@id":"https:\/\/lospoliticosveracruz.com\/#website"},"datePublished":"2021-01-29T23:41:44+00:00","dateModified":"2021-01-29T23:45:32+00:00","breadcrumb":{"@id":"https:\/\/lospoliticosveracruz.com\/?p=67477#breadcrumb"},"inLanguage":"es","potentialAction":[{"@type":"ReadAction","target":["https:\/\/lospoliticosveracruz.com\/?p=67477"]}]},{"@type":"BreadcrumbList","@id":"https:\/\/lospoliticosveracruz.com\/?p=67477#breadcrumb","itemListElement":[{"@type":"ListItem","position":1,"name":"Portada","item":"https:\/\/lospoliticosveracruz.com\/"},{"@type":"ListItem","position":2,"name":"Pri\u00edsta, \u00bfquieres ser alcalde o diputado local?, te interesa esto!"}]},{"@type":"WebSite","@id":"https:\/\/lospoliticosveracruz.com\/#website","url":"https:\/\/lospoliticosveracruz.com\/","name":"Los pol\u00edticos Veracruz","description":"","publisher":{"@id":"https:\/\/lospoliticosveracruz.com\/#organization"},"potentialAction":[{"@type":"SearchAction","target":{"@type":"EntryPoint","urlTemplate":"https:\/\/lospoliticosveracruz.com\/?s={search_term_string}"},"query-input":{"@type":"PropertyValueSpecification","valueRequired":true,"valueName":"search_term_string"}}],"inLanguage":"es"},{"@type":"Organization","@id":"https:\/\/lospoliticosveracruz.com\/#organization","name":"Los pol\u00edticos Veracruz","url":"https:\/\/lospoliticosveracruz.com\/","logo":{"@type":"ImageObject","inLanguage":"es","@id":"https:\/\/lospoliticosveracruz.com\/#\/schema\/logo\/image\/","url":"https:\/\/lospoliticosveracruz.com\/wp-content\/uploads\/2025\/12\/Logo-Nuevo-LOS-POLITICOS-1.jpg","contentUrl":"https:\/\/lospoliticosveracruz.com\/wp-content\/uploads\/2025\/12\/Logo-Nuevo-LOS-POLITICOS-1.jpg","width":260,"height":70,"caption":"Los pol\u00edticos Veracruz"},"image":{"@id":"https:\/\/lospoliticosveracruz.com\/#\/schema\/logo\/image\/"},"sameAs":["https:\/\/www.facebook.com\/people\/Notimemes-de-los-Polticos\/61565672886568\/","https:\/\/x.com\/LosPoliticosVer"]},{"@type":"Person","@id":"https:\/\/lospoliticosveracruz.com\/#\/schema\/person\/b8702bb0e538456e6efd07080bf2a4a2","name":"Lo viste en Los Pol\u00edticos","image":{"@type":"ImageObject","inLanguage":"es","@id":"https:\/\/secure.gravatar.com\/avatar\/3a8de04a2656d44082be478bd6c086daa447c4651605818287b9532d3d0bd435?s=96&d=mm&r=g","url":"https:\/\/secure.gravatar.com\/avatar\/3a8de04a2656d44082be478bd6c086daa447c4651605818287b9532d3d0bd435?s=96&d=mm&r=g","contentUrl":"https:\/\/secure.gravatar.com\/avatar\/3a8de04a2656d44082be478bd6c086daa447c4651605818287b9532d3d0bd435?s=96&d=mm&r=g","caption":"Lo viste en Los Pol\u00edticos"},"url":"https:\/\/lospoliticosveracruz.com\/?author=2"}]}},"_links":{"self":[{"href":"https:\/\/lospoliticosveracruz.com\/index.php?rest_route=\/wp\/v2\/posts\/67477","targetHints":{"allow":["GET"]}}],"collection":[{"href":"https:\/\/lospoliticosveracruz.com\/index.php?rest_route=\/wp\/v2\/posts"}],"about":[{"href":"https:\/\/lospoliticosveracruz.com\/index.php?rest_route=\/wp\/v2\/types\/post"}],"author":[{"embeddable":true,"href":"https:\/\/lospoliticosveracruz.com\/index.php?rest_route=\/wp\/v2\/users\/2"}],"replies":[{"embeddable":true,"href":"https:\/\/lospoliticosveracruz.com\/index.php?rest_route=%2Fwp%2Fv2%2Fcomments&post=67477"}],"version-history":[{"count":2,"href":"https:\/\/lospoliticosveracruz.com\/index.php?rest_route=\/wp\/v2\/posts\/67477\/revisions"}],"predecessor-version":[{"id":67480,"href":"https:\/\/lospoliticosveracruz.com\/index.php?rest_route=\/wp\/v2\/posts\/67477\/revisions\/67480"}],"wp:attachment":[{"href":"https:\/\/lospoliticosveracruz.com\/index.php?rest_route=%2Fwp%2Fv2%2Fmedia&parent=67477"}],"wp:term":[{"taxonomy":"category","embeddable":true,"href":"https:\/\/lospoliticosveracruz.com\/index.php?rest_route=%2Fwp%2Fv2%2Fcategories&post=67477"},{"taxonomy":"post_tag","embeddable":true,"href":"https:\/\/lospoliticosveracruz.com\/index.php?rest_route=%2Fwp%2Fv2%2Ftags&post=67477"}],"curies":[{"name":"wp","href":"https:\/\/api.w.org\/{rel}","templated":true}]}}