{"id":67631,"date":"2021-02-02T15:28:36","date_gmt":"2021-02-02T21:28:36","guid":{"rendered":"http:\/\/www.lospoliticosveracruz.com.mx\/?p=67631"},"modified":"2021-02-02T16:36:09","modified_gmt":"2021-02-02T22:36:09","slug":"elizabeth-arriba-en-encuestas","status":"publish","type":"post","link":"https:\/\/lospoliticosveracruz.com\/?p=67631","title":{"rendered":"Elizabeth, arriba en encuestas!"},"content":{"rendered":"<p><strong>Salvador Mu\u00f1oz<\/strong><\/p>\n<p><span style=\"font-weight: 400;\">Si Morena quiere jugar para el 2024, se puede dar muchos lujos, incluso, hasta perder la mayor\u00eda en el Congreso o perder el primer lugar como fuerza partidista y pasar al segundo, pero sin duda alguna, perder Xalapa no debe entrar en su presupuesto.<\/span><\/p>\n<p><span style=\"font-weight: 400;\">No tanto porque el Gobernador sea xalape\u00f1o o porque literalmente est\u00e9 copada la capital del estado por diputados locales y federales morenos\u2026 \u00a1vamos! \u00a1y dos senadores xalape\u00f1os! Cualquiera dir\u00eda que las condiciones est\u00e1n puestas para mantener al ayuntamiento de Xalapa en manos de Morena de no ser por un ligero detalle: el descontento de la sociedad con las autoridades municipales as\u00ed como el gris desempe\u00f1o de los legisladores locales y federales. De los senadores, s\u00f3lo se salva uno, porque otra, entiende su esca\u00f1o como posici\u00f3n del partido y no del pueblo\u2026<\/span><\/p>\n<p><span style=\"font-weight: 400;\">Hace un mes o poco m\u00e1s, el nombre de Elizabeth Morales Garc\u00eda apareci\u00f3 como una posible carta para Morena. Hubo pol\u00edticos a los que no les agrad\u00f3 el repentino resurgimiento de la ex alcaldesa de Xalapa\u2026 hubo otros a los que s\u00ed\u2026 en el PRI, retiraron su fotograf\u00eda en la sala de Ex Presidentes\u2026 en Morena, salieron las voces a diferir de los comentarios que la ubicaban entre las precandidatas\u2026 pero hay una realidad que es dif\u00edcil debatir con expresiones y alharacas: las encuestas.<\/span><\/p>\n<p><span style=\"font-weight: 400;\">Citar a las encuestas no es de a gratis\u2026 el partido Morena ha establecido que la designaci\u00f3n de sus candidatos ser\u00e1 conforme a este m\u00e9todo y los resultados que arroja BEAP dicen mucho.<\/span><\/p>\n<p><span style=\"font-weight: 400;\">BEAP (Bur\u00f3 de Estad\u00edstica y An\u00e1lisis de Opini\u00f3n P\u00fablica) \u201ces un centro\u00a0 de consultor\u00eda multidisciplinario en demoscopia y politing, dedicado a desarrollar an\u00e1lisis estrat\u00e9gico para la toma de decisiones inteligente\u201d que desde 1999 hace mediciones de opini\u00f3n p\u00fablica en el terreno de lo pol\u00edtico-electoral as\u00ed como para Gobiernos Estatales y Municipales, Partidos Pol\u00edticos, Candidatos, etc\u00e9tera.<\/span><\/p>\n<p><span style=\"font-weight: 400;\">Los nombres que aparecen en esta encuesta realizada la semana pasada, son Ernesto P\u00e9rez Astorga, Dorheny Garc\u00eda Cayetano, Rosalinda Galindo Silva, Juan Vergel Pacheco, An\u00edbal Pacheco L\u00f3pez, Ana Miriam Ferr\u00e1ez Centeno y Elizabeth Morales Garc\u00eda.<\/span><\/p>\n<p><span style=\"font-weight: 400;\">Si usted no ve el nombre de Ricardo Ahued es por obvias razones\u2026 \u00a1exacto! No va a participar.<\/span><\/p>\n<p><span style=\"font-weight: 400;\">La pregunta base con la que inicia la encuesta es \u201c\u00bfUsted conoce o ha escuchado realmente de\u2026?\u201d y casi con un 80 por ciento aparece Elizabeth Morales, siendo su m\u00e1s cercana seguidora Ana Miriam, con 36.7 por ciento. El resto no se acerca ni al 9 por ciento.<\/span><\/p>\n<p><span style=\"font-weight: 400;\">La segunda pregunta: \u201c\u00bfVotar\u00eda por \u00e9l\/ella como candidato\/a para Presidente Municipal?\u201d y nuevamente aparece con un amplio margen sobre los dem\u00e1s participantes Elizabeth. Dorheny Garc\u00eda Cayetano obtuvo la puntuaci\u00f3n m\u00e1s baja junto con los Pacheco. Ana Miriam se mantiene en el segundo lugar pero muy rezagada de Morales Garc\u00eda.<\/span><\/p>\n<p><span style=\"font-weight: 400;\">La tercera pregunta engloba a otros aspirantes a la Presidencia Municipal, donde aparecen, adem\u00e1s de los morenos citados arriba, Jos\u00e9 Alberto \u201cEl Choco\u201d P\u00e9rez Fuentes, por Fuerza por M\u00e9xico (\u00bfno era del PES?); Luis Sardi\u00f1as Salgado, de Movimiento Ciudadano; Carlos Garc\u00eda M\u00e9ndez, del PVEM; Uriel Flores Aguayo, por Podemos; Cinthya Lobato, de Unidad Ciudadana; y David Velasco Chedraui, por el PAN\u2026 s\u00ed, ac\u00e1 la casa BEAP dej\u00f3 fuera a Sergio Hern\u00e1ndez Hern\u00e1ndez.<\/span><\/p>\n<p><span style=\"font-weight: 400;\">Nuevamente aparece Elizabeth arriba con 28.3 por ciento seguida de David Velasco Chedraui con 21.8; y Cinthya Lobato, dirigente de Unidad Ciudadana, con 17.4.<\/span><\/p>\n<p><span style=\"font-weight: 400;\">Entre los morenos, es Ana Miriam la \u00fanica que mantiene un decoroso puntaje por encima de los otros militantes de la 4T.<\/span><\/p>\n<p><span style=\"font-weight: 400;\">Si Morena se atiene a las encuestas, podr\u00edamos estar hablando que a estas alturas, ya hay candidata, salvo que las guerras intestinales al interior del Movimiento digan todo lo contrario.<\/span><\/p>\n<p>&nbsp;<\/p>\n","protected":false},"excerpt":{"rendered":"<p>Salvador Mu\u00f1oz Si Morena quiere jugar para el 2024, se puede dar muchos lujos, incluso, hasta perder la mayor\u00eda en el Congreso o perder el primer lugar como fuerza partidista y pasar al segundo, pero sin duda alguna, perder Xalapa no debe entrar en su presupuesto. No tanto porque el Gobernador sea xalape\u00f1o o porque [&hellip;]<\/p>\n","protected":false},"author":2,"featured_media":0,"comment_status":"open","ping_status":"open","sticky":false,"template":"","format":"standard","meta":{"tdm_status":"","tdm_grid_status":"","footnotes":""},"categories":[6446],"tags":[25821,7808,993,84,13952,405,12605,25455,838,16734,1026,876,10669,2646,6481,2552,96],"class_list":{"0":"post-67631","1":"post","2":"type-post","3":"status-publish","4":"format-standard","6":"category-la-nota","7":"tag-buro-de-estadistica-y-analisis-de-opinion-publica","8":"tag-carlos-garcia-mendez","9":"tag-cinthya-lobato","10":"tag-diputados","11":"tag-dorheny-garcia-cayetano","12":"tag-elizabeth-morales-garcia","13":"tag-ernesto-perez-astorga","14":"tag-jose-alberto-perez-fuentes","15":"tag-juan-vergel-pacheco","16":"tag-luis-sardinas-salgado","17":"tag-morena","18":"tag-ricardo-ahued","19":"tag-rosalinda-galindo-silva","20":"tag-salvador-munoz","21":"tag-sergio-hernandez-hernandez","22":"tag-uriel-flores-aguayo","23":"tag-xalapa"},"yoast_head":"<!-- This site is optimized with the Yoast SEO plugin v27.4 - https:\/\/yoast.com\/product\/yoast-seo-wordpress\/ -->\n<title>Elizabeth, arriba en encuestas! - Los pol\u00edticos Veracruz<\/title>\n<meta name=\"robots\" content=\"index, follow, max-snippet:-1, max-image-preview:large, max-video-preview:-1\" \/>\n<link rel=\"canonical\" href=\"https:\/\/lospoliticosveracruz.com\/?p=67631\" \/>\n<meta property=\"og:locale\" content=\"es_ES\" \/>\n<meta property=\"og:type\" content=\"article\" \/>\n<meta property=\"og:title\" content=\"Elizabeth, arriba en encuestas! - Los pol\u00edticos Veracruz\" \/>\n<meta property=\"og:description\" content=\"Salvador Mu\u00f1oz Si Morena quiere jugar para el 2024, se puede dar muchos lujos, incluso, hasta perder la mayor\u00eda en el Congreso o perder el primer lugar como fuerza partidista y pasar al segundo, pero sin duda alguna, perder Xalapa no debe entrar en su presupuesto. No tanto porque el Gobernador sea xalape\u00f1o o porque [&hellip;]\" \/>\n<meta property=\"og:url\" content=\"https:\/\/lospoliticosveracruz.com\/?p=67631\" \/>\n<meta property=\"og:site_name\" content=\"Los pol\u00edticos Veracruz\" \/>\n<meta property=\"article:publisher\" content=\"https:\/\/www.facebook.com\/people\/Notimemes-de-los-Polticos\/61565672886568\/\" \/>\n<meta property=\"article:published_time\" content=\"2021-02-02T21:28:36+00:00\" \/>\n<meta property=\"article:modified_time\" content=\"2021-02-02T22:36:09+00:00\" \/>\n<meta property=\"og:image\" content=\"https:\/\/lospoliticosveracruz.com\/wp-content\/uploads\/2016\/07\/Logo-Dor.jpg\" \/>\n\t<meta property=\"og:image:width\" content=\"200\" \/>\n\t<meta property=\"og:image:height\" content=\"200\" \/>\n\t<meta property=\"og:image:type\" content=\"image\/jpeg\" \/>\n<meta name=\"author\" content=\"Lo viste en Los Pol\u00edticos\" \/>\n<meta name=\"twitter:card\" content=\"summary_large_image\" \/>\n<meta name=\"twitter:creator\" content=\"@LosPoliticosVer\" \/>\n<meta name=\"twitter:site\" content=\"@LosPoliticosVer\" \/>\n<meta name=\"twitter:label1\" content=\"Escrito por\" \/>\n\t<meta name=\"twitter:data1\" content=\"Lo viste en Los Pol\u00edticos\" \/>\n\t<meta name=\"twitter:label2\" content=\"Tiempo de lectura\" \/>\n\t<meta name=\"twitter:data2\" content=\"3 minutos\" \/>\n<script type=\"application\/ld+json\" class=\"yoast-schema-graph\">{\"@context\":\"https:\\\/\\\/schema.org\",\"@graph\":[{\"@type\":\"Article\",\"@id\":\"https:\\\/\\\/lospoliticosveracruz.com\\\/?p=67631#article\",\"isPartOf\":{\"@id\":\"https:\\\/\\\/lospoliticosveracruz.com\\\/?p=67631\"},\"author\":{\"name\":\"Lo viste en Los Pol\u00edticos\",\"@id\":\"https:\\\/\\\/lospoliticosveracruz.com\\\/#\\\/schema\\\/person\\\/b8702bb0e538456e6efd07080bf2a4a2\"},\"headline\":\"Elizabeth, arriba en encuestas!\",\"datePublished\":\"2021-02-02T21:28:36+00:00\",\"dateModified\":\"2021-02-02T22:36:09+00:00\",\"mainEntityOfPage\":{\"@id\":\"https:\\\/\\\/lospoliticosveracruz.com\\\/?p=67631\"},\"wordCount\":657,\"commentCount\":0,\"publisher\":{\"@id\":\"https:\\\/\\\/lospoliticosveracruz.com\\\/#organization\"},\"keywords\":[\"Bur\u00f3 de Estad\u00edstica y An\u00e1lisis de Opini\u00f3n P\u00fablica\",\"Carlos Garc\u00eda M\u00e9ndez\",\"Cinthya Lobato\",\"Diputados\",\"Dorheny Garc\u00eda Cayetano\",\"Elizabeth Morales Garc\u00eda\",\"Ernesto P\u00e9rez Astorga\",\"Jos\u00e9 Alberto P\u00e9rez Fuentes\",\"Juan Vergel Pacheco\",\"Luis Sardi\u00f1as Salgado\",\"Morena\",\"Ricardo Ahued\",\"Rosalinda Galindo Silva\",\"Salvador Mu\u00f1oz\",\"Sergio Hern\u00e1ndez Hern\u00e1ndez\",\"Uriel Flores Aguayo\",\"Xalapa\"],\"articleSection\":[\"La Nota\"],\"inLanguage\":\"es\",\"potentialAction\":[{\"@type\":\"CommentAction\",\"name\":\"Comment\",\"target\":[\"https:\\\/\\\/lospoliticosveracruz.com\\\/?p=67631#respond\"]}]},{\"@type\":\"WebPage\",\"@id\":\"https:\\\/\\\/lospoliticosveracruz.com\\\/?p=67631\",\"url\":\"https:\\\/\\\/lospoliticosveracruz.com\\\/?p=67631\",\"name\":\"Elizabeth, arriba en encuestas! - Los pol\u00edticos Veracruz\",\"isPartOf\":{\"@id\":\"https:\\\/\\\/lospoliticosveracruz.com\\\/#website\"},\"datePublished\":\"2021-02-02T21:28:36+00:00\",\"dateModified\":\"2021-02-02T22:36:09+00:00\",\"breadcrumb\":{\"@id\":\"https:\\\/\\\/lospoliticosveracruz.com\\\/?p=67631#breadcrumb\"},\"inLanguage\":\"es\",\"potentialAction\":[{\"@type\":\"ReadAction\",\"target\":[\"https:\\\/\\\/lospoliticosveracruz.com\\\/?p=67631\"]}]},{\"@type\":\"BreadcrumbList\",\"@id\":\"https:\\\/\\\/lospoliticosveracruz.com\\\/?p=67631#breadcrumb\",\"itemListElement\":[{\"@type\":\"ListItem\",\"position\":1,\"name\":\"Portada\",\"item\":\"https:\\\/\\\/lospoliticosveracruz.com\\\/\"},{\"@type\":\"ListItem\",\"position\":2,\"name\":\"Elizabeth, arriba en encuestas!\"}]},{\"@type\":\"WebSite\",\"@id\":\"https:\\\/\\\/lospoliticosveracruz.com\\\/#website\",\"url\":\"https:\\\/\\\/lospoliticosveracruz.com\\\/\",\"name\":\"Los pol\u00edticos Veracruz\",\"description\":\"\",\"publisher\":{\"@id\":\"https:\\\/\\\/lospoliticosveracruz.com\\\/#organization\"},\"potentialAction\":[{\"@type\":\"SearchAction\",\"target\":{\"@type\":\"EntryPoint\",\"urlTemplate\":\"https:\\\/\\\/lospoliticosveracruz.com\\\/?s={search_term_string}\"},\"query-input\":{\"@type\":\"PropertyValueSpecification\",\"valueRequired\":true,\"valueName\":\"search_term_string\"}}],\"inLanguage\":\"es\"},{\"@type\":\"Organization\",\"@id\":\"https:\\\/\\\/lospoliticosveracruz.com\\\/#organization\",\"name\":\"Los pol\u00edticos Veracruz\",\"url\":\"https:\\\/\\\/lospoliticosveracruz.com\\\/\",\"logo\":{\"@type\":\"ImageObject\",\"inLanguage\":\"es\",\"@id\":\"https:\\\/\\\/lospoliticosveracruz.com\\\/#\\\/schema\\\/logo\\\/image\\\/\",\"url\":\"https:\\\/\\\/lospoliticosveracruz.com\\\/wp-content\\\/uploads\\\/2025\\\/12\\\/Logo-Nuevo-LOS-POLITICOS-1.jpg\",\"contentUrl\":\"https:\\\/\\\/lospoliticosveracruz.com\\\/wp-content\\\/uploads\\\/2025\\\/12\\\/Logo-Nuevo-LOS-POLITICOS-1.jpg\",\"width\":260,\"height\":70,\"caption\":\"Los pol\u00edticos Veracruz\"},\"image\":{\"@id\":\"https:\\\/\\\/lospoliticosveracruz.com\\\/#\\\/schema\\\/logo\\\/image\\\/\"},\"sameAs\":[\"https:\\\/\\\/www.facebook.com\\\/people\\\/Notimemes-de-los-Polticos\\\/61565672886568\\\/\",\"https:\\\/\\\/x.com\\\/LosPoliticosVer\"]},{\"@type\":\"Person\",\"@id\":\"https:\\\/\\\/lospoliticosveracruz.com\\\/#\\\/schema\\\/person\\\/b8702bb0e538456e6efd07080bf2a4a2\",\"name\":\"Lo viste en Los Pol\u00edticos\",\"image\":{\"@type\":\"ImageObject\",\"inLanguage\":\"es\",\"@id\":\"https:\\\/\\\/secure.gravatar.com\\\/avatar\\\/3a8de04a2656d44082be478bd6c086daa447c4651605818287b9532d3d0bd435?s=96&d=mm&r=g\",\"url\":\"https:\\\/\\\/secure.gravatar.com\\\/avatar\\\/3a8de04a2656d44082be478bd6c086daa447c4651605818287b9532d3d0bd435?s=96&d=mm&r=g\",\"contentUrl\":\"https:\\\/\\\/secure.gravatar.com\\\/avatar\\\/3a8de04a2656d44082be478bd6c086daa447c4651605818287b9532d3d0bd435?s=96&d=mm&r=g\",\"caption\":\"Lo viste en Los Pol\u00edticos\"},\"url\":\"https:\\\/\\\/lospoliticosveracruz.com\\\/?author=2\"}]}<\/script>\n<!-- \/ Yoast SEO plugin. -->","yoast_head_json":{"title":"Elizabeth, arriba en encuestas! - Los pol\u00edticos Veracruz","robots":{"index":"index","follow":"follow","max-snippet":"max-snippet:-1","max-image-preview":"max-image-preview:large","max-video-preview":"max-video-preview:-1"},"canonical":"https:\/\/lospoliticosveracruz.com\/?p=67631","og_locale":"es_ES","og_type":"article","og_title":"Elizabeth, arriba en encuestas! - Los pol\u00edticos Veracruz","og_description":"Salvador Mu\u00f1oz Si Morena quiere jugar para el 2024, se puede dar muchos lujos, incluso, hasta perder la mayor\u00eda en el Congreso o perder el primer lugar como fuerza partidista y pasar al segundo, pero sin duda alguna, perder Xalapa no debe entrar en su presupuesto. No tanto porque el Gobernador sea xalape\u00f1o o porque [&hellip;]","og_url":"https:\/\/lospoliticosveracruz.com\/?p=67631","og_site_name":"Los pol\u00edticos Veracruz","article_publisher":"https:\/\/www.facebook.com\/people\/Notimemes-de-los-Polticos\/61565672886568\/","article_published_time":"2021-02-02T21:28:36+00:00","article_modified_time":"2021-02-02T22:36:09+00:00","og_image":[{"width":200,"height":200,"url":"https:\/\/lospoliticosveracruz.com\/wp-content\/uploads\/2016\/07\/Logo-Dor.jpg","type":"image\/jpeg"}],"author":"Lo viste en Los Pol\u00edticos","twitter_card":"summary_large_image","twitter_creator":"@LosPoliticosVer","twitter_site":"@LosPoliticosVer","twitter_misc":{"Escrito por":"Lo viste en Los Pol\u00edticos","Tiempo de lectura":"3 minutos"},"schema":{"@context":"https:\/\/schema.org","@graph":[{"@type":"Article","@id":"https:\/\/lospoliticosveracruz.com\/?p=67631#article","isPartOf":{"@id":"https:\/\/lospoliticosveracruz.com\/?p=67631"},"author":{"name":"Lo viste en Los Pol\u00edticos","@id":"https:\/\/lospoliticosveracruz.com\/#\/schema\/person\/b8702bb0e538456e6efd07080bf2a4a2"},"headline":"Elizabeth, arriba en encuestas!","datePublished":"2021-02-02T21:28:36+00:00","dateModified":"2021-02-02T22:36:09+00:00","mainEntityOfPage":{"@id":"https:\/\/lospoliticosveracruz.com\/?p=67631"},"wordCount":657,"commentCount":0,"publisher":{"@id":"https:\/\/lospoliticosveracruz.com\/#organization"},"keywords":["Bur\u00f3 de Estad\u00edstica y An\u00e1lisis de Opini\u00f3n P\u00fablica","Carlos Garc\u00eda M\u00e9ndez","Cinthya Lobato","Diputados","Dorheny Garc\u00eda Cayetano","Elizabeth Morales Garc\u00eda","Ernesto P\u00e9rez Astorga","Jos\u00e9 Alberto P\u00e9rez Fuentes","Juan Vergel Pacheco","Luis Sardi\u00f1as Salgado","Morena","Ricardo Ahued","Rosalinda Galindo Silva","Salvador Mu\u00f1oz","Sergio Hern\u00e1ndez Hern\u00e1ndez","Uriel Flores Aguayo","Xalapa"],"articleSection":["La Nota"],"inLanguage":"es","potentialAction":[{"@type":"CommentAction","name":"Comment","target":["https:\/\/lospoliticosveracruz.com\/?p=67631#respond"]}]},{"@type":"WebPage","@id":"https:\/\/lospoliticosveracruz.com\/?p=67631","url":"https:\/\/lospoliticosveracruz.com\/?p=67631","name":"Elizabeth, arriba en encuestas! - Los pol\u00edticos Veracruz","isPartOf":{"@id":"https:\/\/lospoliticosveracruz.com\/#website"},"datePublished":"2021-02-02T21:28:36+00:00","dateModified":"2021-02-02T22:36:09+00:00","breadcrumb":{"@id":"https:\/\/lospoliticosveracruz.com\/?p=67631#breadcrumb"},"inLanguage":"es","potentialAction":[{"@type":"ReadAction","target":["https:\/\/lospoliticosveracruz.com\/?p=67631"]}]},{"@type":"BreadcrumbList","@id":"https:\/\/lospoliticosveracruz.com\/?p=67631#breadcrumb","itemListElement":[{"@type":"ListItem","position":1,"name":"Portada","item":"https:\/\/lospoliticosveracruz.com\/"},{"@type":"ListItem","position":2,"name":"Elizabeth, arriba en encuestas!"}]},{"@type":"WebSite","@id":"https:\/\/lospoliticosveracruz.com\/#website","url":"https:\/\/lospoliticosveracruz.com\/","name":"Los pol\u00edticos Veracruz","description":"","publisher":{"@id":"https:\/\/lospoliticosveracruz.com\/#organization"},"potentialAction":[{"@type":"SearchAction","target":{"@type":"EntryPoint","urlTemplate":"https:\/\/lospoliticosveracruz.com\/?s={search_term_string}"},"query-input":{"@type":"PropertyValueSpecification","valueRequired":true,"valueName":"search_term_string"}}],"inLanguage":"es"},{"@type":"Organization","@id":"https:\/\/lospoliticosveracruz.com\/#organization","name":"Los pol\u00edticos Veracruz","url":"https:\/\/lospoliticosveracruz.com\/","logo":{"@type":"ImageObject","inLanguage":"es","@id":"https:\/\/lospoliticosveracruz.com\/#\/schema\/logo\/image\/","url":"https:\/\/lospoliticosveracruz.com\/wp-content\/uploads\/2025\/12\/Logo-Nuevo-LOS-POLITICOS-1.jpg","contentUrl":"https:\/\/lospoliticosveracruz.com\/wp-content\/uploads\/2025\/12\/Logo-Nuevo-LOS-POLITICOS-1.jpg","width":260,"height":70,"caption":"Los pol\u00edticos Veracruz"},"image":{"@id":"https:\/\/lospoliticosveracruz.com\/#\/schema\/logo\/image\/"},"sameAs":["https:\/\/www.facebook.com\/people\/Notimemes-de-los-Polticos\/61565672886568\/","https:\/\/x.com\/LosPoliticosVer"]},{"@type":"Person","@id":"https:\/\/lospoliticosveracruz.com\/#\/schema\/person\/b8702bb0e538456e6efd07080bf2a4a2","name":"Lo viste en Los Pol\u00edticos","image":{"@type":"ImageObject","inLanguage":"es","@id":"https:\/\/secure.gravatar.com\/avatar\/3a8de04a2656d44082be478bd6c086daa447c4651605818287b9532d3d0bd435?s=96&d=mm&r=g","url":"https:\/\/secure.gravatar.com\/avatar\/3a8de04a2656d44082be478bd6c086daa447c4651605818287b9532d3d0bd435?s=96&d=mm&r=g","contentUrl":"https:\/\/secure.gravatar.com\/avatar\/3a8de04a2656d44082be478bd6c086daa447c4651605818287b9532d3d0bd435?s=96&d=mm&r=g","caption":"Lo viste en Los Pol\u00edticos"},"url":"https:\/\/lospoliticosveracruz.com\/?author=2"}]}},"_links":{"self":[{"href":"https:\/\/lospoliticosveracruz.com\/index.php?rest_route=\/wp\/v2\/posts\/67631","targetHints":{"allow":["GET"]}}],"collection":[{"href":"https:\/\/lospoliticosveracruz.com\/index.php?rest_route=\/wp\/v2\/posts"}],"about":[{"href":"https:\/\/lospoliticosveracruz.com\/index.php?rest_route=\/wp\/v2\/types\/post"}],"author":[{"embeddable":true,"href":"https:\/\/lospoliticosveracruz.com\/index.php?rest_route=\/wp\/v2\/users\/2"}],"replies":[{"embeddable":true,"href":"https:\/\/lospoliticosveracruz.com\/index.php?rest_route=%2Fwp%2Fv2%2Fcomments&post=67631"}],"version-history":[{"count":2,"href":"https:\/\/lospoliticosveracruz.com\/index.php?rest_route=\/wp\/v2\/posts\/67631\/revisions"}],"predecessor-version":[{"id":67634,"href":"https:\/\/lospoliticosveracruz.com\/index.php?rest_route=\/wp\/v2\/posts\/67631\/revisions\/67634"}],"wp:attachment":[{"href":"https:\/\/lospoliticosveracruz.com\/index.php?rest_route=%2Fwp%2Fv2%2Fmedia&parent=67631"}],"wp:term":[{"taxonomy":"category","embeddable":true,"href":"https:\/\/lospoliticosveracruz.com\/index.php?rest_route=%2Fwp%2Fv2%2Fcategories&post=67631"},{"taxonomy":"post_tag","embeddable":true,"href":"https:\/\/lospoliticosveracruz.com\/index.php?rest_route=%2Fwp%2Fv2%2Ftags&post=67631"}],"curies":[{"name":"wp","href":"https:\/\/api.w.org\/{rel}","templated":true}]}}