{"id":67760,"date":"2021-02-04T11:58:03","date_gmt":"2021-02-04T17:58:03","guid":{"rendered":"http:\/\/www.lospoliticosveracruz.com.mx\/?p=67760"},"modified":"2021-02-04T11:58:03","modified_gmt":"2021-02-04T17:58:03","slug":"minusculo-avance-contra-la-corrupcion","status":"publish","type":"post","link":"https:\/\/lospoliticosveracruz.com\/?p=67760","title":{"rendered":"Min\u00fasculo avance contra la corrupci\u00f3n"},"content":{"rendered":"<p>&nbsp;<\/p>\n<p><strong>Naldy Rodr\u00edguez<\/strong><br \/>\n<em>Transparencia 3.0<\/em><\/p>\n<p>Aunque durante el 2020 se tuvieron ciertos avances en M\u00e9xico y algunos pa\u00edses de Am\u00e9rica Latina en la percepci\u00f3n de la corrupci\u00f3n, a\u00fan est\u00e1n muy por debajo de los par\u00e1metros de eficacia en el sector p\u00fablico.<br \/>\nM\u00e9xico obtuvo 31 puntos de 100 en el \u00cdndice de Percepci\u00f3n de Corrupci\u00f3n (IPC) de Transparencia Internacional, por lo que ocup\u00f3 el lugar 124 de 180 pa\u00edses que est\u00e1n en esta medici\u00f3n. Subi\u00f3 dos puntos con relaci\u00f3n al \u00edndice de 2019, un avance min\u00fasculo frente a los retos que origina una pandemia mundial -como la que estamos viviendo- con repercusiones sociales y econ\u00f3micas.<br \/>\nEn 2014, M\u00e9xico tuvo su mejor calificaci\u00f3n con 35 puntos y de ah\u00ed fue bajando a\u00f1o con a\u00f1o, por eso es de reconocer esta mejor\u00eda, donde logr\u00f3 escalar seis lugares del ranking.<br \/>\nEste \u00edndice se calcula utilizando 13 fuentes de datos diferentes de 12 instituciones distintas, estandariz\u00e1ndolos en una escala, donde tener menos de 50 puntos es el com\u00fan denominador, al menos entra las dos terceras partes de las naciones evaluadas.<br \/>\nEn el caso de M\u00e9xico, uno de los motivos de la baja puntuaci\u00f3n frente a otros pa\u00edses, es la falta de sanciones de actos de corrupci\u00f3n. Es decir, se transparentan y publican, pero no se les vincula a proceso frente a la evidente comisi\u00f3n de delitos. En pocas palabras: impunidad.<br \/>\nEn medio de la emergencia sanitaria, entre los retos para el 2021, se encuentra favorecer mecanismos de rendici\u00f3n de cuentas y la generaci\u00f3n de espacios donde la ciudadan\u00eda sea participativa, corresponsable y solidaria para enfrentar colectivamente problemas comunes.<br \/>\nAlgunas de las apuestas son la transparencia proactiva y los ejercicios de gobierno abierto, sin embargo, no basta con micrositios y espacios virtuales informativos para mejorar la atenci\u00f3n de las autoridades. Se requiere tambi\u00e9n avanzar con otras herramientas en la prestaci\u00f3n de servicios y vigilancia del gasto p\u00fablico para llegar a una fase de mayor desarrollo: la de transformaci\u00f3n y participaci\u00f3n democr\u00e1tica.<br \/>\nY por supuesto, se requiere el fortalecimiento de las instituciones, no su desmantelamiento. Dentro de las recomendaciones para M\u00e9xico, Transparencia Internacional se\u00f1ala que es necesario reforzar el trabajo de la Auditor\u00eda Superior de la Federaci\u00f3n y del Instituto Nacional de Transparencia, Acceso a la Informaci\u00f3n y Protecci\u00f3n de Datos Personales, la primera para que fiscalice el gasto en tiempo real y la segunda para que garantice el principio constitucional de \u00abm\u00e1xima publicidad\u00bb.<br \/>\nNo debemos perder de vista que el 2021 es un a\u00f1o electoral. De ah\u00ed que resulta indispensable que las instituciones p\u00fablicas que integran los sistemas anticorrupci\u00f3n en las entidades federativas incrementen las acciones coordinadas de prevenci\u00f3n y vigilancia para evitar cualquier posible desv\u00edo de recursos para favorecer una campa\u00f1a, a un candidato o a un partido pol\u00edtico, con condiciones de mayor riesgo por la atenci\u00f3n del Covid-19.<\/p>\n<p>Twitter @ydlan<br \/>\nTransparencia3.0@hotmail.com<\/p>\n","protected":false},"excerpt":{"rendered":"<p>&nbsp; Naldy Rodr\u00edguez Transparencia 3.0 Aunque durante el 2020 se tuvieron ciertos avances en M\u00e9xico y algunos pa\u00edses de Am\u00e9rica Latina en la percepci\u00f3n de la corrupci\u00f3n, a\u00fan est\u00e1n muy por debajo de los par\u00e1metros de eficacia en el sector p\u00fablico. M\u00e9xico obtuvo 31 puntos de 100 en el \u00cdndice de Percepci\u00f3n de Corrupci\u00f3n (IPC) [&hellip;]<\/p>\n","protected":false},"author":2,"featured_media":0,"comment_status":"open","ping_status":"open","sticky":false,"template":"","format":"standard","meta":{"tdm_status":"","tdm_grid_status":"","footnotes":""},"categories":[70],"tags":[1917,25920,25919,395,25921,5281,25922,5285,25918,1067],"class_list":{"0":"post-67760","1":"post","2":"type-post","3":"status-publish","4":"format-standard","6":"category-de-opinion","7":"tag-auditoria-superior-de-la-federacion","8":"tag-indice-de-percepcion-de-corrupcion","9":"tag-ipc","10":"tag-mexico","11":"tag-micrositios","12":"tag-naldy-rodriguez","13":"tag-proteccion-de-datos","14":"tag-ranking","15":"tag-sector-publico","16":"tag-transparencia"},"yoast_head":"<!-- This site is optimized with the Yoast SEO plugin v27.4 - https:\/\/yoast.com\/product\/yoast-seo-wordpress\/ -->\n<title>Min\u00fasculo avance contra la corrupci\u00f3n - Los pol\u00edticos Veracruz<\/title>\n<meta name=\"robots\" content=\"index, follow, max-snippet:-1, max-image-preview:large, max-video-preview:-1\" \/>\n<link rel=\"canonical\" href=\"https:\/\/lospoliticosveracruz.com\/?p=67760\" \/>\n<meta property=\"og:locale\" content=\"es_ES\" \/>\n<meta property=\"og:type\" content=\"article\" \/>\n<meta property=\"og:title\" content=\"Min\u00fasculo avance contra la corrupci\u00f3n - Los pol\u00edticos Veracruz\" \/>\n<meta property=\"og:description\" content=\"&nbsp; Naldy Rodr\u00edguez Transparencia 3.0 Aunque durante el 2020 se tuvieron ciertos avances en M\u00e9xico y algunos pa\u00edses de Am\u00e9rica Latina en la percepci\u00f3n de la corrupci\u00f3n, a\u00fan est\u00e1n muy por debajo de los par\u00e1metros de eficacia en el sector p\u00fablico. M\u00e9xico obtuvo 31 puntos de 100 en el \u00cdndice de Percepci\u00f3n de Corrupci\u00f3n (IPC) [&hellip;]\" \/>\n<meta property=\"og:url\" content=\"https:\/\/lospoliticosveracruz.com\/?p=67760\" \/>\n<meta property=\"og:site_name\" content=\"Los pol\u00edticos Veracruz\" \/>\n<meta property=\"article:publisher\" content=\"https:\/\/www.facebook.com\/people\/Notimemes-de-los-Polticos\/61565672886568\/\" \/>\n<meta property=\"article:published_time\" content=\"2021-02-04T17:58:03+00:00\" \/>\n<meta property=\"og:image\" content=\"https:\/\/lospoliticosveracruz.com\/wp-content\/uploads\/2016\/07\/Logo-Dor.jpg\" \/>\n\t<meta property=\"og:image:width\" content=\"200\" \/>\n\t<meta property=\"og:image:height\" content=\"200\" \/>\n\t<meta property=\"og:image:type\" content=\"image\/jpeg\" \/>\n<meta name=\"author\" content=\"Lo viste en Los Pol\u00edticos\" \/>\n<meta name=\"twitter:card\" content=\"summary_large_image\" \/>\n<meta name=\"twitter:creator\" content=\"@LosPoliticosVer\" \/>\n<meta name=\"twitter:site\" content=\"@LosPoliticosVer\" \/>\n<meta name=\"twitter:label1\" content=\"Escrito por\" \/>\n\t<meta name=\"twitter:data1\" content=\"Lo viste en Los Pol\u00edticos\" \/>\n\t<meta name=\"twitter:label2\" content=\"Tiempo de lectura\" \/>\n\t<meta name=\"twitter:data2\" content=\"3 minutos\" \/>\n<script type=\"application\/ld+json\" class=\"yoast-schema-graph\">{\"@context\":\"https:\\\/\\\/schema.org\",\"@graph\":[{\"@type\":\"Article\",\"@id\":\"https:\\\/\\\/lospoliticosveracruz.com\\\/?p=67760#article\",\"isPartOf\":{\"@id\":\"https:\\\/\\\/lospoliticosveracruz.com\\\/?p=67760\"},\"author\":{\"name\":\"Lo viste en Los Pol\u00edticos\",\"@id\":\"https:\\\/\\\/lospoliticosveracruz.com\\\/#\\\/schema\\\/person\\\/b8702bb0e538456e6efd07080bf2a4a2\"},\"headline\":\"Min\u00fasculo avance contra la corrupci\u00f3n\",\"datePublished\":\"2021-02-04T17:58:03+00:00\",\"mainEntityOfPage\":{\"@id\":\"https:\\\/\\\/lospoliticosveracruz.com\\\/?p=67760\"},\"wordCount\":518,\"commentCount\":0,\"publisher\":{\"@id\":\"https:\\\/\\\/lospoliticosveracruz.com\\\/#organization\"},\"keywords\":[\"Auditor\u00eda Superior de la Federaci\u00f3n\",\"\u00cdndice de Percepci\u00f3n de Corrupci\u00f3n\",\"IPC\",\"M\u00e9xico\",\"micrositios\",\"Naldy Rodr\u00edguez\",\"Protecci\u00f3n de Datos\",\"ranking\",\"sector p\u00fablico\",\"transparencia\"],\"articleSection\":[\"De Opini\u00f3n\"],\"inLanguage\":\"es\",\"potentialAction\":[{\"@type\":\"CommentAction\",\"name\":\"Comment\",\"target\":[\"https:\\\/\\\/lospoliticosveracruz.com\\\/?p=67760#respond\"]}]},{\"@type\":\"WebPage\",\"@id\":\"https:\\\/\\\/lospoliticosveracruz.com\\\/?p=67760\",\"url\":\"https:\\\/\\\/lospoliticosveracruz.com\\\/?p=67760\",\"name\":\"Min\u00fasculo avance contra la corrupci\u00f3n - Los pol\u00edticos Veracruz\",\"isPartOf\":{\"@id\":\"https:\\\/\\\/lospoliticosveracruz.com\\\/#website\"},\"datePublished\":\"2021-02-04T17:58:03+00:00\",\"breadcrumb\":{\"@id\":\"https:\\\/\\\/lospoliticosveracruz.com\\\/?p=67760#breadcrumb\"},\"inLanguage\":\"es\",\"potentialAction\":[{\"@type\":\"ReadAction\",\"target\":[\"https:\\\/\\\/lospoliticosveracruz.com\\\/?p=67760\"]}]},{\"@type\":\"BreadcrumbList\",\"@id\":\"https:\\\/\\\/lospoliticosveracruz.com\\\/?p=67760#breadcrumb\",\"itemListElement\":[{\"@type\":\"ListItem\",\"position\":1,\"name\":\"Portada\",\"item\":\"https:\\\/\\\/lospoliticosveracruz.com\\\/\"},{\"@type\":\"ListItem\",\"position\":2,\"name\":\"Min\u00fasculo avance contra la corrupci\u00f3n\"}]},{\"@type\":\"WebSite\",\"@id\":\"https:\\\/\\\/lospoliticosveracruz.com\\\/#website\",\"url\":\"https:\\\/\\\/lospoliticosveracruz.com\\\/\",\"name\":\"Los pol\u00edticos Veracruz\",\"description\":\"\",\"publisher\":{\"@id\":\"https:\\\/\\\/lospoliticosveracruz.com\\\/#organization\"},\"potentialAction\":[{\"@type\":\"SearchAction\",\"target\":{\"@type\":\"EntryPoint\",\"urlTemplate\":\"https:\\\/\\\/lospoliticosveracruz.com\\\/?s={search_term_string}\"},\"query-input\":{\"@type\":\"PropertyValueSpecification\",\"valueRequired\":true,\"valueName\":\"search_term_string\"}}],\"inLanguage\":\"es\"},{\"@type\":\"Organization\",\"@id\":\"https:\\\/\\\/lospoliticosveracruz.com\\\/#organization\",\"name\":\"Los pol\u00edticos Veracruz\",\"url\":\"https:\\\/\\\/lospoliticosveracruz.com\\\/\",\"logo\":{\"@type\":\"ImageObject\",\"inLanguage\":\"es\",\"@id\":\"https:\\\/\\\/lospoliticosveracruz.com\\\/#\\\/schema\\\/logo\\\/image\\\/\",\"url\":\"https:\\\/\\\/lospoliticosveracruz.com\\\/wp-content\\\/uploads\\\/2025\\\/12\\\/Logo-Nuevo-LOS-POLITICOS-1.jpg\",\"contentUrl\":\"https:\\\/\\\/lospoliticosveracruz.com\\\/wp-content\\\/uploads\\\/2025\\\/12\\\/Logo-Nuevo-LOS-POLITICOS-1.jpg\",\"width\":260,\"height\":70,\"caption\":\"Los pol\u00edticos Veracruz\"},\"image\":{\"@id\":\"https:\\\/\\\/lospoliticosveracruz.com\\\/#\\\/schema\\\/logo\\\/image\\\/\"},\"sameAs\":[\"https:\\\/\\\/www.facebook.com\\\/people\\\/Notimemes-de-los-Polticos\\\/61565672886568\\\/\",\"https:\\\/\\\/x.com\\\/LosPoliticosVer\"]},{\"@type\":\"Person\",\"@id\":\"https:\\\/\\\/lospoliticosveracruz.com\\\/#\\\/schema\\\/person\\\/b8702bb0e538456e6efd07080bf2a4a2\",\"name\":\"Lo viste en Los Pol\u00edticos\",\"image\":{\"@type\":\"ImageObject\",\"inLanguage\":\"es\",\"@id\":\"https:\\\/\\\/secure.gravatar.com\\\/avatar\\\/3a8de04a2656d44082be478bd6c086daa447c4651605818287b9532d3d0bd435?s=96&d=mm&r=g\",\"url\":\"https:\\\/\\\/secure.gravatar.com\\\/avatar\\\/3a8de04a2656d44082be478bd6c086daa447c4651605818287b9532d3d0bd435?s=96&d=mm&r=g\",\"contentUrl\":\"https:\\\/\\\/secure.gravatar.com\\\/avatar\\\/3a8de04a2656d44082be478bd6c086daa447c4651605818287b9532d3d0bd435?s=96&d=mm&r=g\",\"caption\":\"Lo viste en Los Pol\u00edticos\"},\"url\":\"https:\\\/\\\/lospoliticosveracruz.com\\\/?author=2\"}]}<\/script>\n<!-- \/ Yoast SEO plugin. -->","yoast_head_json":{"title":"Min\u00fasculo avance contra la corrupci\u00f3n - Los pol\u00edticos Veracruz","robots":{"index":"index","follow":"follow","max-snippet":"max-snippet:-1","max-image-preview":"max-image-preview:large","max-video-preview":"max-video-preview:-1"},"canonical":"https:\/\/lospoliticosveracruz.com\/?p=67760","og_locale":"es_ES","og_type":"article","og_title":"Min\u00fasculo avance contra la corrupci\u00f3n - Los pol\u00edticos Veracruz","og_description":"&nbsp; Naldy Rodr\u00edguez Transparencia 3.0 Aunque durante el 2020 se tuvieron ciertos avances en M\u00e9xico y algunos pa\u00edses de Am\u00e9rica Latina en la percepci\u00f3n de la corrupci\u00f3n, a\u00fan est\u00e1n muy por debajo de los par\u00e1metros de eficacia en el sector p\u00fablico. M\u00e9xico obtuvo 31 puntos de 100 en el \u00cdndice de Percepci\u00f3n de Corrupci\u00f3n (IPC) [&hellip;]","og_url":"https:\/\/lospoliticosveracruz.com\/?p=67760","og_site_name":"Los pol\u00edticos Veracruz","article_publisher":"https:\/\/www.facebook.com\/people\/Notimemes-de-los-Polticos\/61565672886568\/","article_published_time":"2021-02-04T17:58:03+00:00","og_image":[{"width":200,"height":200,"url":"https:\/\/lospoliticosveracruz.com\/wp-content\/uploads\/2016\/07\/Logo-Dor.jpg","type":"image\/jpeg"}],"author":"Lo viste en Los Pol\u00edticos","twitter_card":"summary_large_image","twitter_creator":"@LosPoliticosVer","twitter_site":"@LosPoliticosVer","twitter_misc":{"Escrito por":"Lo viste en Los Pol\u00edticos","Tiempo de lectura":"3 minutos"},"schema":{"@context":"https:\/\/schema.org","@graph":[{"@type":"Article","@id":"https:\/\/lospoliticosveracruz.com\/?p=67760#article","isPartOf":{"@id":"https:\/\/lospoliticosveracruz.com\/?p=67760"},"author":{"name":"Lo viste en Los Pol\u00edticos","@id":"https:\/\/lospoliticosveracruz.com\/#\/schema\/person\/b8702bb0e538456e6efd07080bf2a4a2"},"headline":"Min\u00fasculo avance contra la corrupci\u00f3n","datePublished":"2021-02-04T17:58:03+00:00","mainEntityOfPage":{"@id":"https:\/\/lospoliticosveracruz.com\/?p=67760"},"wordCount":518,"commentCount":0,"publisher":{"@id":"https:\/\/lospoliticosveracruz.com\/#organization"},"keywords":["Auditor\u00eda Superior de la Federaci\u00f3n","\u00cdndice de Percepci\u00f3n de Corrupci\u00f3n","IPC","M\u00e9xico","micrositios","Naldy Rodr\u00edguez","Protecci\u00f3n de Datos","ranking","sector p\u00fablico","transparencia"],"articleSection":["De Opini\u00f3n"],"inLanguage":"es","potentialAction":[{"@type":"CommentAction","name":"Comment","target":["https:\/\/lospoliticosveracruz.com\/?p=67760#respond"]}]},{"@type":"WebPage","@id":"https:\/\/lospoliticosveracruz.com\/?p=67760","url":"https:\/\/lospoliticosveracruz.com\/?p=67760","name":"Min\u00fasculo avance contra la corrupci\u00f3n - Los pol\u00edticos Veracruz","isPartOf":{"@id":"https:\/\/lospoliticosveracruz.com\/#website"},"datePublished":"2021-02-04T17:58:03+00:00","breadcrumb":{"@id":"https:\/\/lospoliticosveracruz.com\/?p=67760#breadcrumb"},"inLanguage":"es","potentialAction":[{"@type":"ReadAction","target":["https:\/\/lospoliticosveracruz.com\/?p=67760"]}]},{"@type":"BreadcrumbList","@id":"https:\/\/lospoliticosveracruz.com\/?p=67760#breadcrumb","itemListElement":[{"@type":"ListItem","position":1,"name":"Portada","item":"https:\/\/lospoliticosveracruz.com\/"},{"@type":"ListItem","position":2,"name":"Min\u00fasculo avance contra la corrupci\u00f3n"}]},{"@type":"WebSite","@id":"https:\/\/lospoliticosveracruz.com\/#website","url":"https:\/\/lospoliticosveracruz.com\/","name":"Los pol\u00edticos Veracruz","description":"","publisher":{"@id":"https:\/\/lospoliticosveracruz.com\/#organization"},"potentialAction":[{"@type":"SearchAction","target":{"@type":"EntryPoint","urlTemplate":"https:\/\/lospoliticosveracruz.com\/?s={search_term_string}"},"query-input":{"@type":"PropertyValueSpecification","valueRequired":true,"valueName":"search_term_string"}}],"inLanguage":"es"},{"@type":"Organization","@id":"https:\/\/lospoliticosveracruz.com\/#organization","name":"Los pol\u00edticos Veracruz","url":"https:\/\/lospoliticosveracruz.com\/","logo":{"@type":"ImageObject","inLanguage":"es","@id":"https:\/\/lospoliticosveracruz.com\/#\/schema\/logo\/image\/","url":"https:\/\/lospoliticosveracruz.com\/wp-content\/uploads\/2025\/12\/Logo-Nuevo-LOS-POLITICOS-1.jpg","contentUrl":"https:\/\/lospoliticosveracruz.com\/wp-content\/uploads\/2025\/12\/Logo-Nuevo-LOS-POLITICOS-1.jpg","width":260,"height":70,"caption":"Los pol\u00edticos Veracruz"},"image":{"@id":"https:\/\/lospoliticosveracruz.com\/#\/schema\/logo\/image\/"},"sameAs":["https:\/\/www.facebook.com\/people\/Notimemes-de-los-Polticos\/61565672886568\/","https:\/\/x.com\/LosPoliticosVer"]},{"@type":"Person","@id":"https:\/\/lospoliticosveracruz.com\/#\/schema\/person\/b8702bb0e538456e6efd07080bf2a4a2","name":"Lo viste en Los Pol\u00edticos","image":{"@type":"ImageObject","inLanguage":"es","@id":"https:\/\/secure.gravatar.com\/avatar\/3a8de04a2656d44082be478bd6c086daa447c4651605818287b9532d3d0bd435?s=96&d=mm&r=g","url":"https:\/\/secure.gravatar.com\/avatar\/3a8de04a2656d44082be478bd6c086daa447c4651605818287b9532d3d0bd435?s=96&d=mm&r=g","contentUrl":"https:\/\/secure.gravatar.com\/avatar\/3a8de04a2656d44082be478bd6c086daa447c4651605818287b9532d3d0bd435?s=96&d=mm&r=g","caption":"Lo viste en Los Pol\u00edticos"},"url":"https:\/\/lospoliticosveracruz.com\/?author=2"}]}},"_links":{"self":[{"href":"https:\/\/lospoliticosveracruz.com\/index.php?rest_route=\/wp\/v2\/posts\/67760","targetHints":{"allow":["GET"]}}],"collection":[{"href":"https:\/\/lospoliticosveracruz.com\/index.php?rest_route=\/wp\/v2\/posts"}],"about":[{"href":"https:\/\/lospoliticosveracruz.com\/index.php?rest_route=\/wp\/v2\/types\/post"}],"author":[{"embeddable":true,"href":"https:\/\/lospoliticosveracruz.com\/index.php?rest_route=\/wp\/v2\/users\/2"}],"replies":[{"embeddable":true,"href":"https:\/\/lospoliticosveracruz.com\/index.php?rest_route=%2Fwp%2Fv2%2Fcomments&post=67760"}],"version-history":[{"count":1,"href":"https:\/\/lospoliticosveracruz.com\/index.php?rest_route=\/wp\/v2\/posts\/67760\/revisions"}],"predecessor-version":[{"id":67762,"href":"https:\/\/lospoliticosveracruz.com\/index.php?rest_route=\/wp\/v2\/posts\/67760\/revisions\/67762"}],"wp:attachment":[{"href":"https:\/\/lospoliticosveracruz.com\/index.php?rest_route=%2Fwp%2Fv2%2Fmedia&parent=67760"}],"wp:term":[{"taxonomy":"category","embeddable":true,"href":"https:\/\/lospoliticosveracruz.com\/index.php?rest_route=%2Fwp%2Fv2%2Fcategories&post=67760"},{"taxonomy":"post_tag","embeddable":true,"href":"https:\/\/lospoliticosveracruz.com\/index.php?rest_route=%2Fwp%2Fv2%2Ftags&post=67760"}],"curies":[{"name":"wp","href":"https:\/\/api.w.org\/{rel}","templated":true}]}}