{"id":67833,"date":"2021-02-05T13:10:29","date_gmt":"2021-02-05T19:10:29","guid":{"rendered":"http:\/\/www.lospoliticosveracruz.com.mx\/?p=67833"},"modified":"2021-02-05T13:10:29","modified_gmt":"2021-02-05T19:10:29","slug":"surtido-de-medicamentos-y-consulta-garantizados-issste","status":"publish","type":"post","link":"https:\/\/lospoliticosveracruz.com\/?p=67833","title":{"rendered":"Surtido de medicamentos y consulta, garantizados: Issste"},"content":{"rendered":"<p>&nbsp;<\/p>\n<p><strong>Xalapa<\/strong><\/p>\n<p>&nbsp;<\/p>\n<p>Con relaci\u00f3n a la protesta de los derechohabientes adscritos a la Cl\u00ednica de Medicina Familiar del ISSSTE de Xalapa, de este d\u00eda, la Delegaci\u00f3n del Instituto de Seguridad y Servicios Sociales de los Trabajadores del Estado en Veracruz informa que personal m\u00e9dico del nosocomio atendi\u00f3 a la derechohabiencia y explic\u00f3 que se est\u00e1n tomando las medidas necesarias para garantizar la atenci\u00f3n de la consulta externa, as\u00ed como el surtimiento completo de los medicamentos, ante el resguardo del personal vulnerable por la pandemia COVID-19.<br \/>\nDebido a la emergencia sanitaria por causas de fuerza mayor que ha provocado el virus SARS-CoV2 (COVID-19) en el pa\u00eds, cada unidad m\u00e9dica del Instituto de Seguridad y Servicios Sociales de los Trabajadores del Estado (ISSSTE) ha implementado lineamientos y estrategias entre las autoridades y los representantes sindicales para enfrentar la pandemia y continuar brindando servicios de salud, salvaguardando el bienestar de las y los derechohabientes, as\u00ed como de los trabajadores.<br \/>\nEl Director de la Cl\u00ednica-Hospital de Xalapa, Juan Carlos Ch\u00e1vez Quiros inform\u00f3, que al d\u00eda de hoy, el abasto de medicamentos en dicho nosocomio, corresponde a arriba del 90 por ciento, adem\u00e1s se han otorgado en lo que va de la jornada un total de 193 consultas, de las 576 disponibles, las cuales se pueden solicitar de forma presencial.<br \/>\nExplic\u00f3 que en su car\u00e1cter de director tiene la responsabilidad de formular los lineamientos necesarios que determinen las formas, procedimientos, mecanismos y sistemas adecuados para mejorar la eficiencia, la productividad y garantizar el aprovechamiento de los recursos humanos y la calidad de los servicios, como se ha realizado desde el comienzo de la pandemia y hasta el d\u00eda de hoy.<br \/>\nComunic\u00f3 que con participaci\u00f3n de la Subdelegaci\u00f3n M\u00e9dica se instal\u00f3 un Comit\u00e9 especial para actualizar, informar e implementar estrategias que permitan atender la pandemia y continuar brindando los dem\u00e1s servicios de salud y as\u00ed garantizar el surtimiento de los medicamentos.<br \/>\nEl ISSSTE reitera que el personal de la Cl\u00ednica de Medicina Familiar del ISSSTE de Xalapa act\u00faa, en todo momento, conforme a los protocolos a seguir en estos casos. Adem\u00e1s, refrenda su compromiso de brindar una atenci\u00f3n de calidad y con trato a humano a 126 mil 700 derechohabientes, que abarca la regi\u00f3n de Xalapa y municipios circunvecinos.<\/p>\n","protected":false},"excerpt":{"rendered":"<p>&nbsp; Xalapa &nbsp; Con relaci\u00f3n a la protesta de los derechohabientes adscritos a la Cl\u00ednica de Medicina Familiar del ISSSTE de Xalapa, de este d\u00eda, la Delegaci\u00f3n del Instituto de Seguridad y Servicios Sociales de los Trabajadores del Estado en Veracruz informa que personal m\u00e9dico del nosocomio atendi\u00f3 a la derechohabiencia y explic\u00f3 que se [&hellip;]<\/p>\n","protected":false},"author":2,"featured_media":0,"comment_status":"open","ping_status":"open","sticky":false,"template":"","format":"standard","meta":{"tdm_status":"","tdm_grid_status":"","footnotes":""},"categories":[73],"tags":[25975,25976,19972,17036,23895,803,96],"class_list":{"0":"post-67833","1":"post","2":"type-post","3":"status-publish","4":"format-standard","6":"category-de-boleto","7":"tag-clinica-de-medicina-familiar-del-issste-xalapa","8":"tag-consulta-externa","9":"tag-derechohabientes","10":"tag-emergencia-sanitaria","11":"tag-juan-carlos-chavez-quiros","12":"tag-protesta","13":"tag-xalapa"},"yoast_head":"<!-- This site is optimized with the Yoast SEO plugin v27.4 - https:\/\/yoast.com\/product\/yoast-seo-wordpress\/ -->\n<title>Surtido de medicamentos y consulta, garantizados: Issste - Los pol\u00edticos Veracruz<\/title>\n<meta name=\"robots\" content=\"index, follow, max-snippet:-1, max-image-preview:large, max-video-preview:-1\" \/>\n<link rel=\"canonical\" href=\"https:\/\/lospoliticosveracruz.com\/?p=67833\" \/>\n<meta property=\"og:locale\" content=\"es_ES\" \/>\n<meta property=\"og:type\" content=\"article\" \/>\n<meta property=\"og:title\" content=\"Surtido de medicamentos y consulta, garantizados: Issste - Los pol\u00edticos Veracruz\" \/>\n<meta property=\"og:description\" content=\"&nbsp; Xalapa &nbsp; Con relaci\u00f3n a la protesta de los derechohabientes adscritos a la Cl\u00ednica de Medicina Familiar del ISSSTE de Xalapa, de este d\u00eda, la Delegaci\u00f3n del Instituto de Seguridad y Servicios Sociales de los Trabajadores del Estado en Veracruz informa que personal m\u00e9dico del nosocomio atendi\u00f3 a la derechohabiencia y explic\u00f3 que se [&hellip;]\" \/>\n<meta property=\"og:url\" content=\"https:\/\/lospoliticosveracruz.com\/?p=67833\" \/>\n<meta property=\"og:site_name\" content=\"Los pol\u00edticos Veracruz\" \/>\n<meta property=\"article:publisher\" content=\"https:\/\/www.facebook.com\/people\/Notimemes-de-los-Polticos\/61565672886568\/\" \/>\n<meta property=\"article:published_time\" content=\"2021-02-05T19:10:29+00:00\" \/>\n<meta property=\"og:image\" content=\"https:\/\/lospoliticosveracruz.com\/wp-content\/uploads\/2016\/07\/Logo-Dor.jpg\" \/>\n\t<meta property=\"og:image:width\" content=\"200\" \/>\n\t<meta property=\"og:image:height\" content=\"200\" \/>\n\t<meta property=\"og:image:type\" content=\"image\/jpeg\" \/>\n<meta name=\"author\" content=\"Lo viste en Los Pol\u00edticos\" \/>\n<meta name=\"twitter:card\" content=\"summary_large_image\" \/>\n<meta name=\"twitter:creator\" content=\"@LosPoliticosVer\" \/>\n<meta name=\"twitter:site\" content=\"@LosPoliticosVer\" \/>\n<meta name=\"twitter:label1\" content=\"Escrito por\" \/>\n\t<meta name=\"twitter:data1\" content=\"Lo viste en Los Pol\u00edticos\" \/>\n\t<meta name=\"twitter:label2\" content=\"Tiempo de lectura\" \/>\n\t<meta name=\"twitter:data2\" content=\"2 minutos\" \/>\n<script type=\"application\/ld+json\" class=\"yoast-schema-graph\">{\"@context\":\"https:\\\/\\\/schema.org\",\"@graph\":[{\"@type\":\"Article\",\"@id\":\"https:\\\/\\\/lospoliticosveracruz.com\\\/?p=67833#article\",\"isPartOf\":{\"@id\":\"https:\\\/\\\/lospoliticosveracruz.com\\\/?p=67833\"},\"author\":{\"name\":\"Lo viste en Los Pol\u00edticos\",\"@id\":\"https:\\\/\\\/lospoliticosveracruz.com\\\/#\\\/schema\\\/person\\\/b8702bb0e538456e6efd07080bf2a4a2\"},\"headline\":\"Surtido de medicamentos y consulta, garantizados: Issste\",\"datePublished\":\"2021-02-05T19:10:29+00:00\",\"mainEntityOfPage\":{\"@id\":\"https:\\\/\\\/lospoliticosveracruz.com\\\/?p=67833\"},\"wordCount\":400,\"commentCount\":0,\"publisher\":{\"@id\":\"https:\\\/\\\/lospoliticosveracruz.com\\\/#organization\"},\"keywords\":[\"Cl\u00ednica de Medicina Familiar del ISSSTE Xalapa\",\"Consulta externa\",\"Derechohabientes\",\"emergencia sanitaria\",\"Juan Carlos Ch\u00e1vez Quir\u00f3s\",\"protesta\",\"Xalapa\"],\"articleSection\":[\"De Boleto\"],\"inLanguage\":\"es\",\"potentialAction\":[{\"@type\":\"CommentAction\",\"name\":\"Comment\",\"target\":[\"https:\\\/\\\/lospoliticosveracruz.com\\\/?p=67833#respond\"]}]},{\"@type\":\"WebPage\",\"@id\":\"https:\\\/\\\/lospoliticosveracruz.com\\\/?p=67833\",\"url\":\"https:\\\/\\\/lospoliticosveracruz.com\\\/?p=67833\",\"name\":\"Surtido de medicamentos y consulta, garantizados: Issste - Los pol\u00edticos Veracruz\",\"isPartOf\":{\"@id\":\"https:\\\/\\\/lospoliticosveracruz.com\\\/#website\"},\"datePublished\":\"2021-02-05T19:10:29+00:00\",\"breadcrumb\":{\"@id\":\"https:\\\/\\\/lospoliticosveracruz.com\\\/?p=67833#breadcrumb\"},\"inLanguage\":\"es\",\"potentialAction\":[{\"@type\":\"ReadAction\",\"target\":[\"https:\\\/\\\/lospoliticosveracruz.com\\\/?p=67833\"]}]},{\"@type\":\"BreadcrumbList\",\"@id\":\"https:\\\/\\\/lospoliticosveracruz.com\\\/?p=67833#breadcrumb\",\"itemListElement\":[{\"@type\":\"ListItem\",\"position\":1,\"name\":\"Portada\",\"item\":\"https:\\\/\\\/lospoliticosveracruz.com\\\/\"},{\"@type\":\"ListItem\",\"position\":2,\"name\":\"Surtido de medicamentos y consulta, garantizados: Issste\"}]},{\"@type\":\"WebSite\",\"@id\":\"https:\\\/\\\/lospoliticosveracruz.com\\\/#website\",\"url\":\"https:\\\/\\\/lospoliticosveracruz.com\\\/\",\"name\":\"Los pol\u00edticos Veracruz\",\"description\":\"\",\"publisher\":{\"@id\":\"https:\\\/\\\/lospoliticosveracruz.com\\\/#organization\"},\"potentialAction\":[{\"@type\":\"SearchAction\",\"target\":{\"@type\":\"EntryPoint\",\"urlTemplate\":\"https:\\\/\\\/lospoliticosveracruz.com\\\/?s={search_term_string}\"},\"query-input\":{\"@type\":\"PropertyValueSpecification\",\"valueRequired\":true,\"valueName\":\"search_term_string\"}}],\"inLanguage\":\"es\"},{\"@type\":\"Organization\",\"@id\":\"https:\\\/\\\/lospoliticosveracruz.com\\\/#organization\",\"name\":\"Los pol\u00edticos Veracruz\",\"url\":\"https:\\\/\\\/lospoliticosveracruz.com\\\/\",\"logo\":{\"@type\":\"ImageObject\",\"inLanguage\":\"es\",\"@id\":\"https:\\\/\\\/lospoliticosveracruz.com\\\/#\\\/schema\\\/logo\\\/image\\\/\",\"url\":\"https:\\\/\\\/lospoliticosveracruz.com\\\/wp-content\\\/uploads\\\/2025\\\/12\\\/Logo-Nuevo-LOS-POLITICOS-1.jpg\",\"contentUrl\":\"https:\\\/\\\/lospoliticosveracruz.com\\\/wp-content\\\/uploads\\\/2025\\\/12\\\/Logo-Nuevo-LOS-POLITICOS-1.jpg\",\"width\":260,\"height\":70,\"caption\":\"Los pol\u00edticos Veracruz\"},\"image\":{\"@id\":\"https:\\\/\\\/lospoliticosveracruz.com\\\/#\\\/schema\\\/logo\\\/image\\\/\"},\"sameAs\":[\"https:\\\/\\\/www.facebook.com\\\/people\\\/Notimemes-de-los-Polticos\\\/61565672886568\\\/\",\"https:\\\/\\\/x.com\\\/LosPoliticosVer\"]},{\"@type\":\"Person\",\"@id\":\"https:\\\/\\\/lospoliticosveracruz.com\\\/#\\\/schema\\\/person\\\/b8702bb0e538456e6efd07080bf2a4a2\",\"name\":\"Lo viste en Los Pol\u00edticos\",\"image\":{\"@type\":\"ImageObject\",\"inLanguage\":\"es\",\"@id\":\"https:\\\/\\\/secure.gravatar.com\\\/avatar\\\/3a8de04a2656d44082be478bd6c086daa447c4651605818287b9532d3d0bd435?s=96&d=mm&r=g\",\"url\":\"https:\\\/\\\/secure.gravatar.com\\\/avatar\\\/3a8de04a2656d44082be478bd6c086daa447c4651605818287b9532d3d0bd435?s=96&d=mm&r=g\",\"contentUrl\":\"https:\\\/\\\/secure.gravatar.com\\\/avatar\\\/3a8de04a2656d44082be478bd6c086daa447c4651605818287b9532d3d0bd435?s=96&d=mm&r=g\",\"caption\":\"Lo viste en Los Pol\u00edticos\"},\"url\":\"https:\\\/\\\/lospoliticosveracruz.com\\\/?author=2\"}]}<\/script>\n<!-- \/ Yoast SEO plugin. -->","yoast_head_json":{"title":"Surtido de medicamentos y consulta, garantizados: Issste - Los pol\u00edticos Veracruz","robots":{"index":"index","follow":"follow","max-snippet":"max-snippet:-1","max-image-preview":"max-image-preview:large","max-video-preview":"max-video-preview:-1"},"canonical":"https:\/\/lospoliticosveracruz.com\/?p=67833","og_locale":"es_ES","og_type":"article","og_title":"Surtido de medicamentos y consulta, garantizados: Issste - Los pol\u00edticos Veracruz","og_description":"&nbsp; Xalapa &nbsp; Con relaci\u00f3n a la protesta de los derechohabientes adscritos a la Cl\u00ednica de Medicina Familiar del ISSSTE de Xalapa, de este d\u00eda, la Delegaci\u00f3n del Instituto de Seguridad y Servicios Sociales de los Trabajadores del Estado en Veracruz informa que personal m\u00e9dico del nosocomio atendi\u00f3 a la derechohabiencia y explic\u00f3 que se [&hellip;]","og_url":"https:\/\/lospoliticosveracruz.com\/?p=67833","og_site_name":"Los pol\u00edticos Veracruz","article_publisher":"https:\/\/www.facebook.com\/people\/Notimemes-de-los-Polticos\/61565672886568\/","article_published_time":"2021-02-05T19:10:29+00:00","og_image":[{"width":200,"height":200,"url":"https:\/\/lospoliticosveracruz.com\/wp-content\/uploads\/2016\/07\/Logo-Dor.jpg","type":"image\/jpeg"}],"author":"Lo viste en Los Pol\u00edticos","twitter_card":"summary_large_image","twitter_creator":"@LosPoliticosVer","twitter_site":"@LosPoliticosVer","twitter_misc":{"Escrito por":"Lo viste en Los Pol\u00edticos","Tiempo de lectura":"2 minutos"},"schema":{"@context":"https:\/\/schema.org","@graph":[{"@type":"Article","@id":"https:\/\/lospoliticosveracruz.com\/?p=67833#article","isPartOf":{"@id":"https:\/\/lospoliticosveracruz.com\/?p=67833"},"author":{"name":"Lo viste en Los Pol\u00edticos","@id":"https:\/\/lospoliticosveracruz.com\/#\/schema\/person\/b8702bb0e538456e6efd07080bf2a4a2"},"headline":"Surtido de medicamentos y consulta, garantizados: Issste","datePublished":"2021-02-05T19:10:29+00:00","mainEntityOfPage":{"@id":"https:\/\/lospoliticosveracruz.com\/?p=67833"},"wordCount":400,"commentCount":0,"publisher":{"@id":"https:\/\/lospoliticosveracruz.com\/#organization"},"keywords":["Cl\u00ednica de Medicina Familiar del ISSSTE Xalapa","Consulta externa","Derechohabientes","emergencia sanitaria","Juan Carlos Ch\u00e1vez Quir\u00f3s","protesta","Xalapa"],"articleSection":["De Boleto"],"inLanguage":"es","potentialAction":[{"@type":"CommentAction","name":"Comment","target":["https:\/\/lospoliticosveracruz.com\/?p=67833#respond"]}]},{"@type":"WebPage","@id":"https:\/\/lospoliticosveracruz.com\/?p=67833","url":"https:\/\/lospoliticosveracruz.com\/?p=67833","name":"Surtido de medicamentos y consulta, garantizados: Issste - Los pol\u00edticos Veracruz","isPartOf":{"@id":"https:\/\/lospoliticosveracruz.com\/#website"},"datePublished":"2021-02-05T19:10:29+00:00","breadcrumb":{"@id":"https:\/\/lospoliticosveracruz.com\/?p=67833#breadcrumb"},"inLanguage":"es","potentialAction":[{"@type":"ReadAction","target":["https:\/\/lospoliticosveracruz.com\/?p=67833"]}]},{"@type":"BreadcrumbList","@id":"https:\/\/lospoliticosveracruz.com\/?p=67833#breadcrumb","itemListElement":[{"@type":"ListItem","position":1,"name":"Portada","item":"https:\/\/lospoliticosveracruz.com\/"},{"@type":"ListItem","position":2,"name":"Surtido de medicamentos y consulta, garantizados: Issste"}]},{"@type":"WebSite","@id":"https:\/\/lospoliticosveracruz.com\/#website","url":"https:\/\/lospoliticosveracruz.com\/","name":"Los pol\u00edticos Veracruz","description":"","publisher":{"@id":"https:\/\/lospoliticosveracruz.com\/#organization"},"potentialAction":[{"@type":"SearchAction","target":{"@type":"EntryPoint","urlTemplate":"https:\/\/lospoliticosveracruz.com\/?s={search_term_string}"},"query-input":{"@type":"PropertyValueSpecification","valueRequired":true,"valueName":"search_term_string"}}],"inLanguage":"es"},{"@type":"Organization","@id":"https:\/\/lospoliticosveracruz.com\/#organization","name":"Los pol\u00edticos Veracruz","url":"https:\/\/lospoliticosveracruz.com\/","logo":{"@type":"ImageObject","inLanguage":"es","@id":"https:\/\/lospoliticosveracruz.com\/#\/schema\/logo\/image\/","url":"https:\/\/lospoliticosveracruz.com\/wp-content\/uploads\/2025\/12\/Logo-Nuevo-LOS-POLITICOS-1.jpg","contentUrl":"https:\/\/lospoliticosveracruz.com\/wp-content\/uploads\/2025\/12\/Logo-Nuevo-LOS-POLITICOS-1.jpg","width":260,"height":70,"caption":"Los pol\u00edticos Veracruz"},"image":{"@id":"https:\/\/lospoliticosveracruz.com\/#\/schema\/logo\/image\/"},"sameAs":["https:\/\/www.facebook.com\/people\/Notimemes-de-los-Polticos\/61565672886568\/","https:\/\/x.com\/LosPoliticosVer"]},{"@type":"Person","@id":"https:\/\/lospoliticosveracruz.com\/#\/schema\/person\/b8702bb0e538456e6efd07080bf2a4a2","name":"Lo viste en Los Pol\u00edticos","image":{"@type":"ImageObject","inLanguage":"es","@id":"https:\/\/secure.gravatar.com\/avatar\/3a8de04a2656d44082be478bd6c086daa447c4651605818287b9532d3d0bd435?s=96&d=mm&r=g","url":"https:\/\/secure.gravatar.com\/avatar\/3a8de04a2656d44082be478bd6c086daa447c4651605818287b9532d3d0bd435?s=96&d=mm&r=g","contentUrl":"https:\/\/secure.gravatar.com\/avatar\/3a8de04a2656d44082be478bd6c086daa447c4651605818287b9532d3d0bd435?s=96&d=mm&r=g","caption":"Lo viste en Los Pol\u00edticos"},"url":"https:\/\/lospoliticosveracruz.com\/?author=2"}]}},"_links":{"self":[{"href":"https:\/\/lospoliticosveracruz.com\/index.php?rest_route=\/wp\/v2\/posts\/67833","targetHints":{"allow":["GET"]}}],"collection":[{"href":"https:\/\/lospoliticosveracruz.com\/index.php?rest_route=\/wp\/v2\/posts"}],"about":[{"href":"https:\/\/lospoliticosveracruz.com\/index.php?rest_route=\/wp\/v2\/types\/post"}],"author":[{"embeddable":true,"href":"https:\/\/lospoliticosveracruz.com\/index.php?rest_route=\/wp\/v2\/users\/2"}],"replies":[{"embeddable":true,"href":"https:\/\/lospoliticosveracruz.com\/index.php?rest_route=%2Fwp%2Fv2%2Fcomments&post=67833"}],"version-history":[{"count":1,"href":"https:\/\/lospoliticosveracruz.com\/index.php?rest_route=\/wp\/v2\/posts\/67833\/revisions"}],"predecessor-version":[{"id":67835,"href":"https:\/\/lospoliticosveracruz.com\/index.php?rest_route=\/wp\/v2\/posts\/67833\/revisions\/67835"}],"wp:attachment":[{"href":"https:\/\/lospoliticosveracruz.com\/index.php?rest_route=%2Fwp%2Fv2%2Fmedia&parent=67833"}],"wp:term":[{"taxonomy":"category","embeddable":true,"href":"https:\/\/lospoliticosveracruz.com\/index.php?rest_route=%2Fwp%2Fv2%2Fcategories&post=67833"},{"taxonomy":"post_tag","embeddable":true,"href":"https:\/\/lospoliticosveracruz.com\/index.php?rest_route=%2Fwp%2Fv2%2Ftags&post=67833"}],"curies":[{"name":"wp","href":"https:\/\/api.w.org\/{rel}","templated":true}]}}