{"id":67851,"date":"2021-02-05T19:04:55","date_gmt":"2021-02-06T01:04:55","guid":{"rendered":"http:\/\/www.lospoliticosveracruz.com.mx\/?p=67851"},"modified":"2021-02-05T19:04:55","modified_gmt":"2021-02-06T01:04:55","slug":"empresas-seguras-solucion-para-reactivar-turismo","status":"publish","type":"post","link":"https:\/\/lospoliticosveracruz.com\/?p=67851","title":{"rendered":"Empresas seguras, soluci\u00f3n para reactivar turismo"},"content":{"rendered":"<p><strong>Xalapa<\/strong><\/p>\n<p>&nbsp;<\/p>\n<p>La reactivaci\u00f3n del turismo debe ser una prioridad y para ello es necesario no s\u00f3lo considerarla como una actividad esencial, sino cambiar a un esquema de \u201cEmpresa Segura\u201d, en el que se refuercen los protocolos sanitarios establecidos para evitar nuevos contagios y se permita as\u00ed una efectiva recuperaci\u00f3n econ\u00f3mica, propuso la Confederaci\u00f3n Patronal de la Rep\u00fablica Mexicana (COPARMEX).<\/p>\n<p>La aportaci\u00f3n del sector tur\u00edstico al PIB representa el 8.7 por ciento del ingreso y genera 4.4 millones de empleos directos y seis millones de indirectos, por lo que su reactivaci\u00f3n desde la iniciativa \u201cEmpresa Segura\u201d se debe privilegiar, toda vez que cuenta con las certificaciones requeridas a nivel nacional e internacional, como el Distintivo Punto Limpio V2020 de la Secretar\u00eda de Turismo (SECTUR), que est\u00e1 avalado por la Secretar\u00eda de Salud (SSA) y la Secretar\u00eda del Trabajo Previsi\u00f3n Social y Productividad (STPS).<\/p>\n<p>Desde la Confederaci\u00f3n coincidimos tambi\u00e9n con la propuesta del secretario Miguel Torruco Marqu\u00e9s que destaca la importancia del turismo en la econom\u00eda nacional, puesto que el reinicio de la actividad tur\u00edstica, podr\u00eda contener futuras p\u00e9rdidas en una de las \u00e1reas m\u00e1s afectadas por la pandemia y en la que el 57 por ciento de la fuerza laboral est\u00e1 integrada por mujeres.<\/p>\n<p>Para el ramo tur\u00edstico, la ca\u00edda del empleo formal ha sido devastadora. Durante 2020, el hospedaje perdi\u00f3 120 mil empleos, mientras que en el servicio de preparaci\u00f3n de alimentos y bebidas desaparecieron 137 mil puestos de ocupaci\u00f3n, lo que significa reducciones del 25 y 20 por ciento, respectivamente.<\/p>\n<p>De acuerdo a informaci\u00f3n dada a conocer por el Instituto Nacional de Geograf\u00eda y Estad\u00edstica (INEGI), el mes de noviembre de 2020 registr\u00f3 una ca\u00edda del 51 por ciento en el n\u00famero de viajeros internacionales con respecto a lo que se contabiliz\u00f3 en el mismo mes del a\u00f1o anterior, siendo abril, el mes con mayor afectaci\u00f3n debido a los confinamientos, con una reducci\u00f3n del 95 por ciento.<\/p>\n<p>El impacto de la crisis econ\u00f3mica en los estados con vocaci\u00f3n tur\u00edstica ha sido profundo; tal es el caso de Quintana Roo y Baja California Sur, cuyas econom\u00edas cayeron el doble de la ca\u00edda que se registr\u00f3 a nivel nacional. Adem\u00e1s, Quintana Roo perdi\u00f3 97 mil empleos, lo que representa el 15 por ciento de todo el empleo que se perdi\u00f3 en el pa\u00eds.<\/p>\n<p>La iniciativa \u201cEmpresa Segura\u201d es parte de las estrategias generadas desde el sector empresarial en la Mesa de Coordinaci\u00f3n y Seguimiento de la Alianza Nacional por el Turismo (ANETUR) que fue convocada por el Consejo Nacional Empresarial Tur\u00edstico (CNET) y la Conferencia Nacional de Gobernadores (CONAGO), en la que participaron, adem\u00e1s de la COPARMEX, la Uni\u00f3n de Secretario de Turismo de M\u00e9xico (ASETUR), la Confederaci\u00f3n de C\u00e1maras Nacionales de Comercio, Servicios y Turismo (Concanaco) Servytur, la Asociaci\u00f3n de Bancos de M\u00e9xico (ABM), la Asociaci\u00f3n Nacional de Municipios Tur\u00edsticos (ANMTUR), la Alianza Federalista, 16 gobernadores y el coordinador de la Comisi\u00f3n de Turismo del Senado de la Rep\u00fablica.<\/p>\n<p>Por todo lo anterior, y ante el contexto adverso por el que actualmente atraviesa el sector, desde COPARMEX reiteramos nuestra disposici\u00f3n y compromiso para colaborar y generar las medidas necesarias que logren, durante 2021, una s\u00f3lida reactivaci\u00f3n econ\u00f3mica que parta de atender las necesidades espec\u00edficas de cada una de las regiones del pa\u00eds. M\u00e9xico debe consolidarse y promoverse como un destino tur\u00edstico seguro, vanguardista y l\u00edder en el sector a nivel mundial.<\/p>\n","protected":false},"excerpt":{"rendered":"<p>Xalapa &nbsp; La reactivaci\u00f3n del turismo debe ser una prioridad y para ello es necesario no s\u00f3lo considerarla como una actividad esencial, sino cambiar a un esquema de \u201cEmpresa Segura\u201d, en el que se refuercen los protocolos sanitarios establecidos para evitar nuevos contagios y se permita as\u00ed una efectiva recuperaci\u00f3n econ\u00f3mica, propuso la Confederaci\u00f3n Patronal [&hellip;]<\/p>\n","protected":false},"author":2,"featured_media":0,"comment_status":"open","ping_status":"open","sticky":false,"template":"","format":"standard","meta":{"tdm_status":"","tdm_grid_status":"","footnotes":""},"categories":[73],"tags":[6293,14630,178,25985,16929,613,23251,24550,2156,20253,23850],"class_list":{"0":"post-67851","1":"post","2":"type-post","3":"status-publish","4":"format-standard","6":"category-de-boleto","7":"tag-coparmex","8":"tag-empresa-segura","9":"tag-inegi","10":"tag-miguel-torruco-marques","11":"tag-pandemia","12":"tag-pib","13":"tag-protocolos-sanitarios","14":"tag-reactivacion","15":"tag-sectur","16":"tag-ssa","17":"tag-stps"},"yoast_head":"<!-- This site is optimized with the Yoast SEO plugin v27.4 - https:\/\/yoast.com\/product\/yoast-seo-wordpress\/ -->\n<title>Empresas seguras, soluci\u00f3n para reactivar turismo - Los pol\u00edticos Veracruz<\/title>\n<meta name=\"robots\" content=\"index, follow, max-snippet:-1, max-image-preview:large, max-video-preview:-1\" \/>\n<link rel=\"canonical\" href=\"https:\/\/lospoliticosveracruz.com\/?p=67851\" \/>\n<meta property=\"og:locale\" content=\"es_ES\" \/>\n<meta property=\"og:type\" content=\"article\" \/>\n<meta property=\"og:title\" content=\"Empresas seguras, soluci\u00f3n para reactivar turismo - Los pol\u00edticos Veracruz\" \/>\n<meta property=\"og:description\" content=\"Xalapa &nbsp; La reactivaci\u00f3n del turismo debe ser una prioridad y para ello es necesario no s\u00f3lo considerarla como una actividad esencial, sino cambiar a un esquema de \u201cEmpresa Segura\u201d, en el que se refuercen los protocolos sanitarios establecidos para evitar nuevos contagios y se permita as\u00ed una efectiva recuperaci\u00f3n econ\u00f3mica, propuso la Confederaci\u00f3n Patronal [&hellip;]\" \/>\n<meta property=\"og:url\" content=\"https:\/\/lospoliticosveracruz.com\/?p=67851\" \/>\n<meta property=\"og:site_name\" content=\"Los pol\u00edticos Veracruz\" \/>\n<meta property=\"article:publisher\" content=\"https:\/\/www.facebook.com\/people\/Notimemes-de-los-Polticos\/61565672886568\/\" \/>\n<meta property=\"article:published_time\" content=\"2021-02-06T01:04:55+00:00\" \/>\n<meta property=\"og:image\" content=\"https:\/\/lospoliticosveracruz.com\/wp-content\/uploads\/2016\/07\/Logo-Dor.jpg\" \/>\n\t<meta property=\"og:image:width\" content=\"200\" \/>\n\t<meta property=\"og:image:height\" content=\"200\" \/>\n\t<meta property=\"og:image:type\" content=\"image\/jpeg\" \/>\n<meta name=\"author\" content=\"Lo viste en Los Pol\u00edticos\" \/>\n<meta name=\"twitter:card\" content=\"summary_large_image\" \/>\n<meta name=\"twitter:creator\" content=\"@LosPoliticosVer\" \/>\n<meta name=\"twitter:site\" content=\"@LosPoliticosVer\" \/>\n<meta name=\"twitter:label1\" content=\"Escrito por\" \/>\n\t<meta name=\"twitter:data1\" content=\"Lo viste en Los Pol\u00edticos\" \/>\n\t<meta name=\"twitter:label2\" content=\"Tiempo de lectura\" \/>\n\t<meta name=\"twitter:data2\" content=\"3 minutos\" \/>\n<script type=\"application\/ld+json\" class=\"yoast-schema-graph\">{\"@context\":\"https:\\\/\\\/schema.org\",\"@graph\":[{\"@type\":\"Article\",\"@id\":\"https:\\\/\\\/lospoliticosveracruz.com\\\/?p=67851#article\",\"isPartOf\":{\"@id\":\"https:\\\/\\\/lospoliticosveracruz.com\\\/?p=67851\"},\"author\":{\"name\":\"Lo viste en Los Pol\u00edticos\",\"@id\":\"https:\\\/\\\/lospoliticosveracruz.com\\\/#\\\/schema\\\/person\\\/b8702bb0e538456e6efd07080bf2a4a2\"},\"headline\":\"Empresas seguras, soluci\u00f3n para reactivar turismo\",\"datePublished\":\"2021-02-06T01:04:55+00:00\",\"mainEntityOfPage\":{\"@id\":\"https:\\\/\\\/lospoliticosveracruz.com\\\/?p=67851\"},\"wordCount\":616,\"commentCount\":0,\"publisher\":{\"@id\":\"https:\\\/\\\/lospoliticosveracruz.com\\\/#organization\"},\"keywords\":[\"Coparmex\",\"Empresa Segura\",\"Inegi\",\"Miguel Torruco Marqu\u00e9s\",\"pandemia\",\"PIB\",\"Protocolos sanitarios\",\"reactivaci\u00f3n\",\"Sectur\",\"SSA\",\"STPS\"],\"articleSection\":[\"De Boleto\"],\"inLanguage\":\"es\",\"potentialAction\":[{\"@type\":\"CommentAction\",\"name\":\"Comment\",\"target\":[\"https:\\\/\\\/lospoliticosveracruz.com\\\/?p=67851#respond\"]}]},{\"@type\":\"WebPage\",\"@id\":\"https:\\\/\\\/lospoliticosveracruz.com\\\/?p=67851\",\"url\":\"https:\\\/\\\/lospoliticosveracruz.com\\\/?p=67851\",\"name\":\"Empresas seguras, soluci\u00f3n para reactivar turismo - Los pol\u00edticos Veracruz\",\"isPartOf\":{\"@id\":\"https:\\\/\\\/lospoliticosveracruz.com\\\/#website\"},\"datePublished\":\"2021-02-06T01:04:55+00:00\",\"breadcrumb\":{\"@id\":\"https:\\\/\\\/lospoliticosveracruz.com\\\/?p=67851#breadcrumb\"},\"inLanguage\":\"es\",\"potentialAction\":[{\"@type\":\"ReadAction\",\"target\":[\"https:\\\/\\\/lospoliticosveracruz.com\\\/?p=67851\"]}]},{\"@type\":\"BreadcrumbList\",\"@id\":\"https:\\\/\\\/lospoliticosveracruz.com\\\/?p=67851#breadcrumb\",\"itemListElement\":[{\"@type\":\"ListItem\",\"position\":1,\"name\":\"Portada\",\"item\":\"https:\\\/\\\/lospoliticosveracruz.com\\\/\"},{\"@type\":\"ListItem\",\"position\":2,\"name\":\"Empresas seguras, soluci\u00f3n para reactivar turismo\"}]},{\"@type\":\"WebSite\",\"@id\":\"https:\\\/\\\/lospoliticosveracruz.com\\\/#website\",\"url\":\"https:\\\/\\\/lospoliticosveracruz.com\\\/\",\"name\":\"Los pol\u00edticos Veracruz\",\"description\":\"\",\"publisher\":{\"@id\":\"https:\\\/\\\/lospoliticosveracruz.com\\\/#organization\"},\"potentialAction\":[{\"@type\":\"SearchAction\",\"target\":{\"@type\":\"EntryPoint\",\"urlTemplate\":\"https:\\\/\\\/lospoliticosveracruz.com\\\/?s={search_term_string}\"},\"query-input\":{\"@type\":\"PropertyValueSpecification\",\"valueRequired\":true,\"valueName\":\"search_term_string\"}}],\"inLanguage\":\"es\"},{\"@type\":\"Organization\",\"@id\":\"https:\\\/\\\/lospoliticosveracruz.com\\\/#organization\",\"name\":\"Los pol\u00edticos Veracruz\",\"url\":\"https:\\\/\\\/lospoliticosveracruz.com\\\/\",\"logo\":{\"@type\":\"ImageObject\",\"inLanguage\":\"es\",\"@id\":\"https:\\\/\\\/lospoliticosveracruz.com\\\/#\\\/schema\\\/logo\\\/image\\\/\",\"url\":\"https:\\\/\\\/lospoliticosveracruz.com\\\/wp-content\\\/uploads\\\/2025\\\/12\\\/Logo-Nuevo-LOS-POLITICOS-1.jpg\",\"contentUrl\":\"https:\\\/\\\/lospoliticosveracruz.com\\\/wp-content\\\/uploads\\\/2025\\\/12\\\/Logo-Nuevo-LOS-POLITICOS-1.jpg\",\"width\":260,\"height\":70,\"caption\":\"Los pol\u00edticos Veracruz\"},\"image\":{\"@id\":\"https:\\\/\\\/lospoliticosveracruz.com\\\/#\\\/schema\\\/logo\\\/image\\\/\"},\"sameAs\":[\"https:\\\/\\\/www.facebook.com\\\/people\\\/Notimemes-de-los-Polticos\\\/61565672886568\\\/\",\"https:\\\/\\\/x.com\\\/LosPoliticosVer\"]},{\"@type\":\"Person\",\"@id\":\"https:\\\/\\\/lospoliticosveracruz.com\\\/#\\\/schema\\\/person\\\/b8702bb0e538456e6efd07080bf2a4a2\",\"name\":\"Lo viste en Los Pol\u00edticos\",\"image\":{\"@type\":\"ImageObject\",\"inLanguage\":\"es\",\"@id\":\"https:\\\/\\\/secure.gravatar.com\\\/avatar\\\/3a8de04a2656d44082be478bd6c086daa447c4651605818287b9532d3d0bd435?s=96&d=mm&r=g\",\"url\":\"https:\\\/\\\/secure.gravatar.com\\\/avatar\\\/3a8de04a2656d44082be478bd6c086daa447c4651605818287b9532d3d0bd435?s=96&d=mm&r=g\",\"contentUrl\":\"https:\\\/\\\/secure.gravatar.com\\\/avatar\\\/3a8de04a2656d44082be478bd6c086daa447c4651605818287b9532d3d0bd435?s=96&d=mm&r=g\",\"caption\":\"Lo viste en Los Pol\u00edticos\"},\"url\":\"https:\\\/\\\/lospoliticosveracruz.com\\\/?author=2\"}]}<\/script>\n<!-- \/ Yoast SEO plugin. -->","yoast_head_json":{"title":"Empresas seguras, soluci\u00f3n para reactivar turismo - Los pol\u00edticos Veracruz","robots":{"index":"index","follow":"follow","max-snippet":"max-snippet:-1","max-image-preview":"max-image-preview:large","max-video-preview":"max-video-preview:-1"},"canonical":"https:\/\/lospoliticosveracruz.com\/?p=67851","og_locale":"es_ES","og_type":"article","og_title":"Empresas seguras, soluci\u00f3n para reactivar turismo - Los pol\u00edticos Veracruz","og_description":"Xalapa &nbsp; La reactivaci\u00f3n del turismo debe ser una prioridad y para ello es necesario no s\u00f3lo considerarla como una actividad esencial, sino cambiar a un esquema de \u201cEmpresa Segura\u201d, en el que se refuercen los protocolos sanitarios establecidos para evitar nuevos contagios y se permita as\u00ed una efectiva recuperaci\u00f3n econ\u00f3mica, propuso la Confederaci\u00f3n Patronal [&hellip;]","og_url":"https:\/\/lospoliticosveracruz.com\/?p=67851","og_site_name":"Los pol\u00edticos Veracruz","article_publisher":"https:\/\/www.facebook.com\/people\/Notimemes-de-los-Polticos\/61565672886568\/","article_published_time":"2021-02-06T01:04:55+00:00","og_image":[{"width":200,"height":200,"url":"https:\/\/lospoliticosveracruz.com\/wp-content\/uploads\/2016\/07\/Logo-Dor.jpg","type":"image\/jpeg"}],"author":"Lo viste en Los Pol\u00edticos","twitter_card":"summary_large_image","twitter_creator":"@LosPoliticosVer","twitter_site":"@LosPoliticosVer","twitter_misc":{"Escrito por":"Lo viste en Los Pol\u00edticos","Tiempo de lectura":"3 minutos"},"schema":{"@context":"https:\/\/schema.org","@graph":[{"@type":"Article","@id":"https:\/\/lospoliticosveracruz.com\/?p=67851#article","isPartOf":{"@id":"https:\/\/lospoliticosveracruz.com\/?p=67851"},"author":{"name":"Lo viste en Los Pol\u00edticos","@id":"https:\/\/lospoliticosveracruz.com\/#\/schema\/person\/b8702bb0e538456e6efd07080bf2a4a2"},"headline":"Empresas seguras, soluci\u00f3n para reactivar turismo","datePublished":"2021-02-06T01:04:55+00:00","mainEntityOfPage":{"@id":"https:\/\/lospoliticosveracruz.com\/?p=67851"},"wordCount":616,"commentCount":0,"publisher":{"@id":"https:\/\/lospoliticosveracruz.com\/#organization"},"keywords":["Coparmex","Empresa Segura","Inegi","Miguel Torruco Marqu\u00e9s","pandemia","PIB","Protocolos sanitarios","reactivaci\u00f3n","Sectur","SSA","STPS"],"articleSection":["De Boleto"],"inLanguage":"es","potentialAction":[{"@type":"CommentAction","name":"Comment","target":["https:\/\/lospoliticosveracruz.com\/?p=67851#respond"]}]},{"@type":"WebPage","@id":"https:\/\/lospoliticosveracruz.com\/?p=67851","url":"https:\/\/lospoliticosveracruz.com\/?p=67851","name":"Empresas seguras, soluci\u00f3n para reactivar turismo - Los pol\u00edticos Veracruz","isPartOf":{"@id":"https:\/\/lospoliticosveracruz.com\/#website"},"datePublished":"2021-02-06T01:04:55+00:00","breadcrumb":{"@id":"https:\/\/lospoliticosveracruz.com\/?p=67851#breadcrumb"},"inLanguage":"es","potentialAction":[{"@type":"ReadAction","target":["https:\/\/lospoliticosveracruz.com\/?p=67851"]}]},{"@type":"BreadcrumbList","@id":"https:\/\/lospoliticosveracruz.com\/?p=67851#breadcrumb","itemListElement":[{"@type":"ListItem","position":1,"name":"Portada","item":"https:\/\/lospoliticosveracruz.com\/"},{"@type":"ListItem","position":2,"name":"Empresas seguras, soluci\u00f3n para reactivar turismo"}]},{"@type":"WebSite","@id":"https:\/\/lospoliticosveracruz.com\/#website","url":"https:\/\/lospoliticosveracruz.com\/","name":"Los pol\u00edticos Veracruz","description":"","publisher":{"@id":"https:\/\/lospoliticosveracruz.com\/#organization"},"potentialAction":[{"@type":"SearchAction","target":{"@type":"EntryPoint","urlTemplate":"https:\/\/lospoliticosveracruz.com\/?s={search_term_string}"},"query-input":{"@type":"PropertyValueSpecification","valueRequired":true,"valueName":"search_term_string"}}],"inLanguage":"es"},{"@type":"Organization","@id":"https:\/\/lospoliticosveracruz.com\/#organization","name":"Los pol\u00edticos Veracruz","url":"https:\/\/lospoliticosveracruz.com\/","logo":{"@type":"ImageObject","inLanguage":"es","@id":"https:\/\/lospoliticosveracruz.com\/#\/schema\/logo\/image\/","url":"https:\/\/lospoliticosveracruz.com\/wp-content\/uploads\/2025\/12\/Logo-Nuevo-LOS-POLITICOS-1.jpg","contentUrl":"https:\/\/lospoliticosveracruz.com\/wp-content\/uploads\/2025\/12\/Logo-Nuevo-LOS-POLITICOS-1.jpg","width":260,"height":70,"caption":"Los pol\u00edticos Veracruz"},"image":{"@id":"https:\/\/lospoliticosveracruz.com\/#\/schema\/logo\/image\/"},"sameAs":["https:\/\/www.facebook.com\/people\/Notimemes-de-los-Polticos\/61565672886568\/","https:\/\/x.com\/LosPoliticosVer"]},{"@type":"Person","@id":"https:\/\/lospoliticosveracruz.com\/#\/schema\/person\/b8702bb0e538456e6efd07080bf2a4a2","name":"Lo viste en Los Pol\u00edticos","image":{"@type":"ImageObject","inLanguage":"es","@id":"https:\/\/secure.gravatar.com\/avatar\/3a8de04a2656d44082be478bd6c086daa447c4651605818287b9532d3d0bd435?s=96&d=mm&r=g","url":"https:\/\/secure.gravatar.com\/avatar\/3a8de04a2656d44082be478bd6c086daa447c4651605818287b9532d3d0bd435?s=96&d=mm&r=g","contentUrl":"https:\/\/secure.gravatar.com\/avatar\/3a8de04a2656d44082be478bd6c086daa447c4651605818287b9532d3d0bd435?s=96&d=mm&r=g","caption":"Lo viste en Los Pol\u00edticos"},"url":"https:\/\/lospoliticosveracruz.com\/?author=2"}]}},"_links":{"self":[{"href":"https:\/\/lospoliticosveracruz.com\/index.php?rest_route=\/wp\/v2\/posts\/67851","targetHints":{"allow":["GET"]}}],"collection":[{"href":"https:\/\/lospoliticosveracruz.com\/index.php?rest_route=\/wp\/v2\/posts"}],"about":[{"href":"https:\/\/lospoliticosveracruz.com\/index.php?rest_route=\/wp\/v2\/types\/post"}],"author":[{"embeddable":true,"href":"https:\/\/lospoliticosveracruz.com\/index.php?rest_route=\/wp\/v2\/users\/2"}],"replies":[{"embeddable":true,"href":"https:\/\/lospoliticosveracruz.com\/index.php?rest_route=%2Fwp%2Fv2%2Fcomments&post=67851"}],"version-history":[{"count":1,"href":"https:\/\/lospoliticosveracruz.com\/index.php?rest_route=\/wp\/v2\/posts\/67851\/revisions"}],"predecessor-version":[{"id":67852,"href":"https:\/\/lospoliticosveracruz.com\/index.php?rest_route=\/wp\/v2\/posts\/67851\/revisions\/67852"}],"wp:attachment":[{"href":"https:\/\/lospoliticosveracruz.com\/index.php?rest_route=%2Fwp%2Fv2%2Fmedia&parent=67851"}],"wp:term":[{"taxonomy":"category","embeddable":true,"href":"https:\/\/lospoliticosveracruz.com\/index.php?rest_route=%2Fwp%2Fv2%2Fcategories&post=67851"},{"taxonomy":"post_tag","embeddable":true,"href":"https:\/\/lospoliticosveracruz.com\/index.php?rest_route=%2Fwp%2Fv2%2Ftags&post=67851"}],"curies":[{"name":"wp","href":"https:\/\/api.w.org\/{rel}","templated":true}]}}