{"id":67853,"date":"2021-02-05T21:36:23","date_gmt":"2021-02-06T03:36:23","guid":{"rendered":"http:\/\/www.lospoliticosveracruz.com.mx\/?p=67853"},"modified":"2021-02-05T21:40:10","modified_gmt":"2021-02-06T03:40:10","slug":"agresores-en-el-poder-no","status":"publish","type":"post","link":"https:\/\/lospoliticosveracruz.com\/?p=67853","title":{"rendered":"Agresores en el Poder, No"},"content":{"rendered":"<p>&nbsp;<\/p>\n<p><strong>Brenda Caballero<\/strong><\/p>\n<p><em>N\u00fameros Rojos<\/em><\/p>\n<p>&nbsp;<\/p>\n<p>El llegar a casa de su entonces novia y no encontrarla, fue motivo suficiente para que el entonces alcalde de Medell\u00edn de Bravo, Marcos Isle\u00f1o Andrade, golpeara con el pu\u00f1o cerrado y posiblemente a patadas a su entonces pareja. Fractura de costillas, golpes diversos en el cuerpo y cara, fractura de tabique nasal, dos esguinces y un ojo totalmente cerrado por inflamaci\u00f3n, fue el resultado de la brutal golpiza que hizo que fuera trasladada de emergencia a un hospital.<br \/>\nEl hecho sucedi\u00f3 en noviembre de 2013. Precisamente en la antesala del d\u00eda Internacional de la violencia contra la mujer.<br \/>\nA pesar de circular la foto de ella en redes sociales de los golpes sufridos, Isle\u00f1o no fue castigado por haber ejercido violencia contra una mujer que tard\u00f3 m\u00e1s de 15 d\u00edas en sanar sus heridas, causal para considerar el delito como grave.<br \/>\nA poco m\u00e1s de 7 a\u00f1os, el suceso vuelve a ser recordado por un grupo de mujeres del Partido del Trabajo que alzan la voz para que los l\u00edderes estatales del PT y Verde Ecologista revisen bien los perfiles de los cargos p\u00fablicos en 2021.<br \/>\nCarmina Burgoa, a nombre de las mujeres de Medell\u00edn de Bravo, mostr\u00f3 su preocupaci\u00f3n por el registro como aspirante de Marcos Isle\u00f1o Andrade a la alcald\u00eda de su municipio, siendo que cuenta con antecedentes no favorables, refiri\u00e9ndose al hecho sucedido en 2013.<br \/>\nEs grato saber que existen mujeres que alcen la voz y exijan al OPLE, al INE, a Derechos Humanos, a organizaciones civiles y a la sociedad en general, que se revisen perfiles para que ya no haya ninguna m\u00e1s.<br \/>\nSin embargo, se tiene que redoblar esfuerzos, hacer m\u00e1s presi\u00f3n, pues a pesar de que se ha alzado la voz contra F\u00e9lix Salgado Macedonio por violaci\u00f3n de varias mujeres, su partido lo ha ratificado para ser el candidato a la gubernatura de Guerrero, a pesar de que existen mejores perfiles que el de \u00e9l.<br \/>\nLa verdad, ese argumento de que el delito ya preescribi\u00f3 por los 5 a\u00f1os no quiere decir que no haya sucedido. \u00bfA poco reincidir en la misma conducta delictiva no cuenta? Porque otras mujeres tambi\u00e9n se\u00f1alaron a Salgado Macedonio, incluso denunciaron.<br \/>\nOjal\u00e1 y no nos salgan ac\u00e1 en Medell\u00edn con que tambi\u00e9n ya prescribi\u00f3 el delito de Marcos Isle\u00f1o, porque fue en 2013 o porque no tiene condena por agredir salvajemente a una mujer que ni pudo defenderse. \u00bfQui\u00e9n les resarce el da\u00f1o a las mujeres violentadas?<br \/>\nAunque la pregunta en realidad ser\u00eda \u00bfDespu\u00e9s de tantos a\u00f1os, habr\u00e1n cambiado su actuar con las mujeres o siguen siendo iguales? \u00bfHabr\u00e1n tomado alguna capacitaci\u00f3n en materia de prevenci\u00f3n de violencia contra las mujeres?<br \/>\nSer\u00eda bueno saberlo, ya que aspiran a un cargo p\u00fablico y como consecuencia, deben tener el escrutinio de los ciudadanos.<br \/>\nDespu\u00e9s de la rueda de prensa de las mujeres petistas, Marcos empez\u00f3 a mover en sus redes sociales mensajes de mujeres que estaban con \u00e9l, con un color rosa que nunca entend\u00ed y con la frase: \u201cSoy de Medell\u00edn, Soy Mujer I Estoy Contigo\u201d, l\u00f3gicamente para contrarrestar el efecto de la rueda de prensa. \u00bfSer\u00e1 suficiente para que no lo baje Javier Herrera Borunda?<\/p>\n<p>@NumerosRojos_BC<br \/>\ncaballero_brenda@hotmail.com<\/p>\n","protected":false},"excerpt":{"rendered":"<p>&nbsp; Brenda Caballero N\u00fameros Rojos &nbsp; El llegar a casa de su entonces novia y no encontrarla, fue motivo suficiente para que el entonces alcalde de Medell\u00edn de Bravo, Marcos Isle\u00f1o Andrade, golpeara con el pu\u00f1o cerrado y posiblemente a patadas a su entonces pareja. Fractura de costillas, golpes diversos en el cuerpo y cara, [&hellip;]<\/p>\n","protected":false},"author":2,"featured_media":0,"comment_status":"open","ping_status":"open","sticky":false,"template":"","format":"standard","meta":{"tdm_status":"","tdm_grid_status":"","footnotes":""},"categories":[70],"tags":[2687,25987,1132,25986,554,1124,18727,1420,3272,2289,25988,25989],"class_list":{"0":"post-67853","1":"post","2":"type-post","3":"status-publish","4":"format-standard","6":"category-de-opinion","7":"tag-brenda-caballero","8":"tag-carmina-burgoa","9":"tag-felix-salgado-macedonio","10":"tag-golpiza","11":"tag-ine","12":"tag-javier-herrera-borunda","13":"tag-marcos-isleno-andrade","14":"tag-medellin-de-bravo","15":"tag-ople","16":"tag-pt","17":"tag-soy-de-medellin","18":"tag-soy-mujer-i-estoy-contigo"},"yoast_head":"<!-- This site is optimized with the Yoast SEO plugin v27.4 - https:\/\/yoast.com\/product\/yoast-seo-wordpress\/ -->\n<title>Agresores en el Poder, No - Los pol\u00edticos Veracruz<\/title>\n<meta name=\"robots\" content=\"index, follow, max-snippet:-1, max-image-preview:large, max-video-preview:-1\" \/>\n<link rel=\"canonical\" href=\"https:\/\/lospoliticosveracruz.com\/?p=67853\" \/>\n<meta property=\"og:locale\" content=\"es_ES\" \/>\n<meta property=\"og:type\" content=\"article\" \/>\n<meta property=\"og:title\" content=\"Agresores en el Poder, No - Los pol\u00edticos Veracruz\" \/>\n<meta property=\"og:description\" content=\"&nbsp; Brenda Caballero N\u00fameros Rojos &nbsp; El llegar a casa de su entonces novia y no encontrarla, fue motivo suficiente para que el entonces alcalde de Medell\u00edn de Bravo, Marcos Isle\u00f1o Andrade, golpeara con el pu\u00f1o cerrado y posiblemente a patadas a su entonces pareja. Fractura de costillas, golpes diversos en el cuerpo y cara, [&hellip;]\" \/>\n<meta property=\"og:url\" content=\"https:\/\/lospoliticosveracruz.com\/?p=67853\" \/>\n<meta property=\"og:site_name\" content=\"Los pol\u00edticos Veracruz\" \/>\n<meta property=\"article:publisher\" content=\"https:\/\/www.facebook.com\/people\/Notimemes-de-los-Polticos\/61565672886568\/\" \/>\n<meta property=\"article:published_time\" content=\"2021-02-06T03:36:23+00:00\" \/>\n<meta property=\"article:modified_time\" content=\"2021-02-06T03:40:10+00:00\" \/>\n<meta property=\"og:image\" content=\"https:\/\/lospoliticosveracruz.com\/wp-content\/uploads\/2016\/07\/Logo-Dor.jpg\" \/>\n\t<meta property=\"og:image:width\" content=\"200\" \/>\n\t<meta property=\"og:image:height\" content=\"200\" \/>\n\t<meta property=\"og:image:type\" content=\"image\/jpeg\" \/>\n<meta name=\"author\" content=\"Lo viste en Los Pol\u00edticos\" \/>\n<meta name=\"twitter:card\" content=\"summary_large_image\" \/>\n<meta name=\"twitter:creator\" content=\"@LosPoliticosVer\" \/>\n<meta name=\"twitter:site\" content=\"@LosPoliticosVer\" \/>\n<meta name=\"twitter:label1\" content=\"Escrito por\" \/>\n\t<meta name=\"twitter:data1\" content=\"Lo viste en Los Pol\u00edticos\" \/>\n\t<meta name=\"twitter:label2\" content=\"Tiempo de lectura\" \/>\n\t<meta name=\"twitter:data2\" content=\"3 minutos\" \/>\n<script type=\"application\/ld+json\" class=\"yoast-schema-graph\">{\"@context\":\"https:\\\/\\\/schema.org\",\"@graph\":[{\"@type\":\"Article\",\"@id\":\"https:\\\/\\\/lospoliticosveracruz.com\\\/?p=67853#article\",\"isPartOf\":{\"@id\":\"https:\\\/\\\/lospoliticosveracruz.com\\\/?p=67853\"},\"author\":{\"name\":\"Lo viste en Los Pol\u00edticos\",\"@id\":\"https:\\\/\\\/lospoliticosveracruz.com\\\/#\\\/schema\\\/person\\\/b8702bb0e538456e6efd07080bf2a4a2\"},\"headline\":\"Agresores en el Poder, No\",\"datePublished\":\"2021-02-06T03:36:23+00:00\",\"dateModified\":\"2021-02-06T03:40:10+00:00\",\"mainEntityOfPage\":{\"@id\":\"https:\\\/\\\/lospoliticosveracruz.com\\\/?p=67853\"},\"wordCount\":580,\"commentCount\":0,\"publisher\":{\"@id\":\"https:\\\/\\\/lospoliticosveracruz.com\\\/#organization\"},\"keywords\":[\"Brenda Caballero\",\"Carmina Burgoa\",\"F\u00e9lix Salgado Macedonio\",\"Golpiza\",\"INE\",\"Javier Herrera Borunda\",\"Marcos Isle\u00f1o Andrade\",\"Medell\u00edn de Bravo\",\"OPLE\",\"PT\",\"Soy de Medell\u00edn\",\"Soy Mujer I Estoy Contigo\"],\"articleSection\":[\"De Opini\u00f3n\"],\"inLanguage\":\"es\",\"potentialAction\":[{\"@type\":\"CommentAction\",\"name\":\"Comment\",\"target\":[\"https:\\\/\\\/lospoliticosveracruz.com\\\/?p=67853#respond\"]}]},{\"@type\":\"WebPage\",\"@id\":\"https:\\\/\\\/lospoliticosveracruz.com\\\/?p=67853\",\"url\":\"https:\\\/\\\/lospoliticosveracruz.com\\\/?p=67853\",\"name\":\"Agresores en el Poder, No - Los pol\u00edticos Veracruz\",\"isPartOf\":{\"@id\":\"https:\\\/\\\/lospoliticosveracruz.com\\\/#website\"},\"datePublished\":\"2021-02-06T03:36:23+00:00\",\"dateModified\":\"2021-02-06T03:40:10+00:00\",\"breadcrumb\":{\"@id\":\"https:\\\/\\\/lospoliticosveracruz.com\\\/?p=67853#breadcrumb\"},\"inLanguage\":\"es\",\"potentialAction\":[{\"@type\":\"ReadAction\",\"target\":[\"https:\\\/\\\/lospoliticosveracruz.com\\\/?p=67853\"]}]},{\"@type\":\"BreadcrumbList\",\"@id\":\"https:\\\/\\\/lospoliticosveracruz.com\\\/?p=67853#breadcrumb\",\"itemListElement\":[{\"@type\":\"ListItem\",\"position\":1,\"name\":\"Portada\",\"item\":\"https:\\\/\\\/lospoliticosveracruz.com\\\/\"},{\"@type\":\"ListItem\",\"position\":2,\"name\":\"Agresores en el Poder, No\"}]},{\"@type\":\"WebSite\",\"@id\":\"https:\\\/\\\/lospoliticosveracruz.com\\\/#website\",\"url\":\"https:\\\/\\\/lospoliticosveracruz.com\\\/\",\"name\":\"Los pol\u00edticos Veracruz\",\"description\":\"\",\"publisher\":{\"@id\":\"https:\\\/\\\/lospoliticosveracruz.com\\\/#organization\"},\"potentialAction\":[{\"@type\":\"SearchAction\",\"target\":{\"@type\":\"EntryPoint\",\"urlTemplate\":\"https:\\\/\\\/lospoliticosveracruz.com\\\/?s={search_term_string}\"},\"query-input\":{\"@type\":\"PropertyValueSpecification\",\"valueRequired\":true,\"valueName\":\"search_term_string\"}}],\"inLanguage\":\"es\"},{\"@type\":\"Organization\",\"@id\":\"https:\\\/\\\/lospoliticosveracruz.com\\\/#organization\",\"name\":\"Los pol\u00edticos Veracruz\",\"url\":\"https:\\\/\\\/lospoliticosveracruz.com\\\/\",\"logo\":{\"@type\":\"ImageObject\",\"inLanguage\":\"es\",\"@id\":\"https:\\\/\\\/lospoliticosveracruz.com\\\/#\\\/schema\\\/logo\\\/image\\\/\",\"url\":\"https:\\\/\\\/lospoliticosveracruz.com\\\/wp-content\\\/uploads\\\/2025\\\/12\\\/Logo-Nuevo-LOS-POLITICOS-1.jpg\",\"contentUrl\":\"https:\\\/\\\/lospoliticosveracruz.com\\\/wp-content\\\/uploads\\\/2025\\\/12\\\/Logo-Nuevo-LOS-POLITICOS-1.jpg\",\"width\":260,\"height\":70,\"caption\":\"Los pol\u00edticos Veracruz\"},\"image\":{\"@id\":\"https:\\\/\\\/lospoliticosveracruz.com\\\/#\\\/schema\\\/logo\\\/image\\\/\"},\"sameAs\":[\"https:\\\/\\\/www.facebook.com\\\/people\\\/Notimemes-de-los-Polticos\\\/61565672886568\\\/\",\"https:\\\/\\\/x.com\\\/LosPoliticosVer\"]},{\"@type\":\"Person\",\"@id\":\"https:\\\/\\\/lospoliticosveracruz.com\\\/#\\\/schema\\\/person\\\/b8702bb0e538456e6efd07080bf2a4a2\",\"name\":\"Lo viste en Los Pol\u00edticos\",\"image\":{\"@type\":\"ImageObject\",\"inLanguage\":\"es\",\"@id\":\"https:\\\/\\\/secure.gravatar.com\\\/avatar\\\/3a8de04a2656d44082be478bd6c086daa447c4651605818287b9532d3d0bd435?s=96&d=mm&r=g\",\"url\":\"https:\\\/\\\/secure.gravatar.com\\\/avatar\\\/3a8de04a2656d44082be478bd6c086daa447c4651605818287b9532d3d0bd435?s=96&d=mm&r=g\",\"contentUrl\":\"https:\\\/\\\/secure.gravatar.com\\\/avatar\\\/3a8de04a2656d44082be478bd6c086daa447c4651605818287b9532d3d0bd435?s=96&d=mm&r=g\",\"caption\":\"Lo viste en Los Pol\u00edticos\"},\"url\":\"https:\\\/\\\/lospoliticosveracruz.com\\\/?author=2\"}]}<\/script>\n<!-- \/ Yoast SEO plugin. -->","yoast_head_json":{"title":"Agresores en el Poder, No - Los pol\u00edticos Veracruz","robots":{"index":"index","follow":"follow","max-snippet":"max-snippet:-1","max-image-preview":"max-image-preview:large","max-video-preview":"max-video-preview:-1"},"canonical":"https:\/\/lospoliticosveracruz.com\/?p=67853","og_locale":"es_ES","og_type":"article","og_title":"Agresores en el Poder, No - Los pol\u00edticos Veracruz","og_description":"&nbsp; Brenda Caballero N\u00fameros Rojos &nbsp; El llegar a casa de su entonces novia y no encontrarla, fue motivo suficiente para que el entonces alcalde de Medell\u00edn de Bravo, Marcos Isle\u00f1o Andrade, golpeara con el pu\u00f1o cerrado y posiblemente a patadas a su entonces pareja. Fractura de costillas, golpes diversos en el cuerpo y cara, [&hellip;]","og_url":"https:\/\/lospoliticosveracruz.com\/?p=67853","og_site_name":"Los pol\u00edticos Veracruz","article_publisher":"https:\/\/www.facebook.com\/people\/Notimemes-de-los-Polticos\/61565672886568\/","article_published_time":"2021-02-06T03:36:23+00:00","article_modified_time":"2021-02-06T03:40:10+00:00","og_image":[{"width":200,"height":200,"url":"https:\/\/lospoliticosveracruz.com\/wp-content\/uploads\/2016\/07\/Logo-Dor.jpg","type":"image\/jpeg"}],"author":"Lo viste en Los Pol\u00edticos","twitter_card":"summary_large_image","twitter_creator":"@LosPoliticosVer","twitter_site":"@LosPoliticosVer","twitter_misc":{"Escrito por":"Lo viste en Los Pol\u00edticos","Tiempo de lectura":"3 minutos"},"schema":{"@context":"https:\/\/schema.org","@graph":[{"@type":"Article","@id":"https:\/\/lospoliticosveracruz.com\/?p=67853#article","isPartOf":{"@id":"https:\/\/lospoliticosveracruz.com\/?p=67853"},"author":{"name":"Lo viste en Los Pol\u00edticos","@id":"https:\/\/lospoliticosveracruz.com\/#\/schema\/person\/b8702bb0e538456e6efd07080bf2a4a2"},"headline":"Agresores en el Poder, No","datePublished":"2021-02-06T03:36:23+00:00","dateModified":"2021-02-06T03:40:10+00:00","mainEntityOfPage":{"@id":"https:\/\/lospoliticosveracruz.com\/?p=67853"},"wordCount":580,"commentCount":0,"publisher":{"@id":"https:\/\/lospoliticosveracruz.com\/#organization"},"keywords":["Brenda Caballero","Carmina Burgoa","F\u00e9lix Salgado Macedonio","Golpiza","INE","Javier Herrera Borunda","Marcos Isle\u00f1o Andrade","Medell\u00edn de Bravo","OPLE","PT","Soy de Medell\u00edn","Soy Mujer I Estoy Contigo"],"articleSection":["De Opini\u00f3n"],"inLanguage":"es","potentialAction":[{"@type":"CommentAction","name":"Comment","target":["https:\/\/lospoliticosveracruz.com\/?p=67853#respond"]}]},{"@type":"WebPage","@id":"https:\/\/lospoliticosveracruz.com\/?p=67853","url":"https:\/\/lospoliticosveracruz.com\/?p=67853","name":"Agresores en el Poder, No - Los pol\u00edticos Veracruz","isPartOf":{"@id":"https:\/\/lospoliticosveracruz.com\/#website"},"datePublished":"2021-02-06T03:36:23+00:00","dateModified":"2021-02-06T03:40:10+00:00","breadcrumb":{"@id":"https:\/\/lospoliticosveracruz.com\/?p=67853#breadcrumb"},"inLanguage":"es","potentialAction":[{"@type":"ReadAction","target":["https:\/\/lospoliticosveracruz.com\/?p=67853"]}]},{"@type":"BreadcrumbList","@id":"https:\/\/lospoliticosveracruz.com\/?p=67853#breadcrumb","itemListElement":[{"@type":"ListItem","position":1,"name":"Portada","item":"https:\/\/lospoliticosveracruz.com\/"},{"@type":"ListItem","position":2,"name":"Agresores en el Poder, No"}]},{"@type":"WebSite","@id":"https:\/\/lospoliticosveracruz.com\/#website","url":"https:\/\/lospoliticosveracruz.com\/","name":"Los pol\u00edticos Veracruz","description":"","publisher":{"@id":"https:\/\/lospoliticosveracruz.com\/#organization"},"potentialAction":[{"@type":"SearchAction","target":{"@type":"EntryPoint","urlTemplate":"https:\/\/lospoliticosveracruz.com\/?s={search_term_string}"},"query-input":{"@type":"PropertyValueSpecification","valueRequired":true,"valueName":"search_term_string"}}],"inLanguage":"es"},{"@type":"Organization","@id":"https:\/\/lospoliticosveracruz.com\/#organization","name":"Los pol\u00edticos Veracruz","url":"https:\/\/lospoliticosveracruz.com\/","logo":{"@type":"ImageObject","inLanguage":"es","@id":"https:\/\/lospoliticosveracruz.com\/#\/schema\/logo\/image\/","url":"https:\/\/lospoliticosveracruz.com\/wp-content\/uploads\/2025\/12\/Logo-Nuevo-LOS-POLITICOS-1.jpg","contentUrl":"https:\/\/lospoliticosveracruz.com\/wp-content\/uploads\/2025\/12\/Logo-Nuevo-LOS-POLITICOS-1.jpg","width":260,"height":70,"caption":"Los pol\u00edticos Veracruz"},"image":{"@id":"https:\/\/lospoliticosveracruz.com\/#\/schema\/logo\/image\/"},"sameAs":["https:\/\/www.facebook.com\/people\/Notimemes-de-los-Polticos\/61565672886568\/","https:\/\/x.com\/LosPoliticosVer"]},{"@type":"Person","@id":"https:\/\/lospoliticosveracruz.com\/#\/schema\/person\/b8702bb0e538456e6efd07080bf2a4a2","name":"Lo viste en Los Pol\u00edticos","image":{"@type":"ImageObject","inLanguage":"es","@id":"https:\/\/secure.gravatar.com\/avatar\/3a8de04a2656d44082be478bd6c086daa447c4651605818287b9532d3d0bd435?s=96&d=mm&r=g","url":"https:\/\/secure.gravatar.com\/avatar\/3a8de04a2656d44082be478bd6c086daa447c4651605818287b9532d3d0bd435?s=96&d=mm&r=g","contentUrl":"https:\/\/secure.gravatar.com\/avatar\/3a8de04a2656d44082be478bd6c086daa447c4651605818287b9532d3d0bd435?s=96&d=mm&r=g","caption":"Lo viste en Los Pol\u00edticos"},"url":"https:\/\/lospoliticosveracruz.com\/?author=2"}]}},"_links":{"self":[{"href":"https:\/\/lospoliticosveracruz.com\/index.php?rest_route=\/wp\/v2\/posts\/67853","targetHints":{"allow":["GET"]}}],"collection":[{"href":"https:\/\/lospoliticosveracruz.com\/index.php?rest_route=\/wp\/v2\/posts"}],"about":[{"href":"https:\/\/lospoliticosveracruz.com\/index.php?rest_route=\/wp\/v2\/types\/post"}],"author":[{"embeddable":true,"href":"https:\/\/lospoliticosveracruz.com\/index.php?rest_route=\/wp\/v2\/users\/2"}],"replies":[{"embeddable":true,"href":"https:\/\/lospoliticosveracruz.com\/index.php?rest_route=%2Fwp%2Fv2%2Fcomments&post=67853"}],"version-history":[{"count":1,"href":"https:\/\/lospoliticosveracruz.com\/index.php?rest_route=\/wp\/v2\/posts\/67853\/revisions"}],"predecessor-version":[{"id":67854,"href":"https:\/\/lospoliticosveracruz.com\/index.php?rest_route=\/wp\/v2\/posts\/67853\/revisions\/67854"}],"wp:attachment":[{"href":"https:\/\/lospoliticosveracruz.com\/index.php?rest_route=%2Fwp%2Fv2%2Fmedia&parent=67853"}],"wp:term":[{"taxonomy":"category","embeddable":true,"href":"https:\/\/lospoliticosveracruz.com\/index.php?rest_route=%2Fwp%2Fv2%2Fcategories&post=67853"},{"taxonomy":"post_tag","embeddable":true,"href":"https:\/\/lospoliticosveracruz.com\/index.php?rest_route=%2Fwp%2Fv2%2Ftags&post=67853"}],"curies":[{"name":"wp","href":"https:\/\/api.w.org\/{rel}","templated":true}]}}