{"id":67873,"date":"2021-02-07T10:49:55","date_gmt":"2021-02-07T16:49:55","guid":{"rendered":"http:\/\/www.lospoliticosveracruz.com.mx\/?p=67873"},"modified":"2021-02-07T10:49:55","modified_gmt":"2021-02-07T16:49:55","slug":"la-renuncia-de-vicencio","status":"publish","type":"post","link":"https:\/\/lospoliticosveracruz.com\/?p=67873","title":{"rendered":"La renuncia de Vicencio"},"content":{"rendered":"<p><strong>Ricardo Ch\u00faa<\/strong><\/p>\n<p><em>Sale y Vale<\/em><\/p>\n<p>LA RENUNCIA DE VICENCIO&#8230; La renuncia a MORENA en Veracruz por parte del que era su secretario General del comit\u00e9 estatal, Gonzalo Vicencio, si se quiere ver de manera perversa es un TRIUNFO del gobernador, Cuitl\u00e1huac Garc\u00eda Jim\u00e9nez&#8230; LOGR\u00d3 SACARLO DEL PARTIDO&#8230; En qu\u00e9 puede afectar a los Morenos, quiz\u00e1s s\u00f3lo en imagen que se est\u00e1 \u00abdesmoronando\u00bb este organismo&#8230; Pero en votos, qui\u00e9n sabe&#8230; Eso ya es otro cantar&#8230; Pero lo \u00abjodieron\u00bb&#8230;. NI MODO&#8230;<\/p>\n<p>Pero porque siempre hay un pinche pero, cuando suceden este tipo de \u00abfracturas\u00bb al interior del partido pol\u00edtico que est\u00e9 en el poder, sea quien sea&#8230; En MORENA, al parecer, en su operaci\u00f3n pol\u00edtica estatal, no conocen los alcances que pueda tener Gonzalo Vicencio&#8230; Y el verdadero da\u00f1o que le pueda hacer al partido, en estos momentos de pol\u00edticos electorales en que se va a sumergir Veracruz&#8230; El costo puede ser grande, si la militancia, siente que esto fue un \u00abatentado\u00bb pol\u00edtico en su contra&#8230;<\/p>\n<p>Ya que seguramente Gonzalo Vicencio, lo que har\u00e1 de aqu\u00ed en adelante, ser\u00e1 \u00abQUEBRAR\u00bb pol\u00edticamente a MORENA en todo Veracruz y empezar a jalar a la militancia ofendida, desde\u00f1ada y despreciada por los actuales pol\u00edticos Morenos en el poder, a que se vayan al partido Fuerza Social M\u00e9xico&#8230; Ese que maneja el l\u00edder del Senado, Ricardo Monreal&#8230; Es decir, Vicencio no es iluso&#8230; Rompi\u00f3 con Cuitl\u00e1huac&#8230; Pero no con Andr\u00e9s Manuel L\u00f3pez Obrador&#8230; EL QUE ENTENDI\u00d3&#8230; ENTENDI\u00d3&#8230; Monreal ya est\u00e1 de lleno en Veracruz&#8230; BYE GONZALO&#8230;<\/p>\n<p>EXCLUSIVA DE LA CAPITAL.. Una encuesta mandada hacer por un partido pol\u00edtico de oposici\u00f3n a MORENA&#8230; Se\u00f1ala que David Velasco Chedraui, es el aspirante de la oposici\u00f3n a la alcald\u00eda mejor posicionado en Xalapa&#8230; Pero siempre y cuando vaya en coalici\u00f3n el PRI, PAN y PRD&#8230; Caso contrario en las personas de Ricardo Ahued o Elizabeth Morales&#8230; La alcald\u00eda podr\u00eda quedar en manos de nuevo de MORENA&#8230; De manera muy cerrada&#8230; Pero ganar\u00edan los Morenos&#8230;<\/p>\n<p>Pero el \u00fanico problema de Ahued es que ser\u00eda, siempre y cuando, Ra\u00fal Ar\u00edas Lovillo, no se inscriba como candidato independiente por la alcald\u00eda xalape\u00f1a&#8230; Ya que de darse esta situaci\u00f3n, MORENA y aun con todo y alianza con PT y PVEM&#8230; Podr\u00eda perder la capital del Estado&#8230; A pesar de que David Velasco s\u00f3lo vaya por el PRI-PRD&#8230; Y el PAN lance a Omar Miranda o Sergio Hern\u00e1ndez&#8230; Ya que el factor Lovillo, le quitar\u00eda al menos, de 20 a 25 mil votos al candidato que vaya por MORENA&#8230;<\/p>\n<p>Lo cual le dar\u00eda la real oportunidad al PRI-PRD, partidos que han dominado el poder pol\u00edtico de la capital del Estado en los \u00faltimos 20 a\u00f1os, de quedarse con la alcald\u00eda&#8230; De una manera cerrada, quiz\u00e1s ganando por 5 mil votos, pero con ello, destruir\u00edan un \u00abmito\u00bb electoral como es Ricardo Ahued&#8230; Le dar\u00edan la oportunidad al grupo de MORENA en el poder, de \u00abentronizar\u00bb a Rocio Nahle para el 2024, pero perder\u00edan la capital y de paso el Congreso Local sino postulan por alguno de los dos distritos a Elizabeth Morales&#8230; ES CUANTO&#8230;<\/p>\n<p>RESUMEN&#8230; Todo indica que Ahued ha \u00abaceptado\u00bb la postulaci\u00f3n despu\u00e9s de sendas reuniones en CDMX&#8230; Se resisti\u00f3 hasta el \u00faltimo, pero hoy quiz\u00e1s, s\u00ed otra cosa no pasa, dir\u00e1 que s\u00ed ir\u00eda por la capital del Estado&#8230; Pero lo que no han medido en MORENA es que el factor Ar\u00edas Lovillo, se ha estado creciendo en demas\u00eda al interior de las huestes que los apoyaron en 2017 y 2018 en Xalapa, pero adem\u00e1s tiene el apoyo de grupos ciudadanos, la mayor\u00eda que simpatiza con la izquierda&#8230; Un fen\u00f3meno que le puede quitar hasta 25 mil votos a MORENA&#8230;<\/p>\n<p>S\u00f3lo hay que recordar que con Lovillo, se puede vivir el mismo efecto que pas\u00f3 con Uriel Flores Aguayo en 2012 por el PRD&#8230; Reynaldo Escobar lo apoy\u00f3 por \u00abdebajo del agua\u00bb para que creciera al interior de ese partido, desde los tiempos de Fidel Herrera y principio con Javier Duarte&#8230; Pero Uriel sin que \u00abEl Rey\u00bb se lo esperara creci\u00f3 y hasta le gan\u00f3 la diputaci\u00f3n federal en ese a\u00f1o por el distrito xalape\u00f1o&#8230; As\u00ed sucede en Xalapa&#8230; La pol\u00edtica ficci\u00f3n, se vuelve realidad&#8230; LOS JUGADORES CAMBIAN, EL JUEGO NO&#8230; TAN&#8230; TAN&#8230;<\/p>\n<p>EXSOME Y NINO&#8230; Si otra cosa no sucede en el puerto de Veracruz.. La candidatura por la alcald\u00eda de esta ciudad, por la alianza MORENA-PVEM-PT, se quedar\u00e1 en manos del diputado federal, Ricardo Exsome o Nino Baxzi Mata, dirigente del sindicato de trabajadores de Limpia P\u00fablica del municipio&#8230; Pol\u00edticamente, es un hecho que Baxzi Mata tiene m\u00e1s experiencia que el propio Exsome&#8230; Que es un personaje que se ha desarrollado m\u00e1s en el \u00e1mbito empresarial&#8230; Mientras que NIno ha lidiado con una cantidad de pol\u00edticos en toda su vida&#8230;<\/p>\n<p>Uno de sus mentores fue en su momento, Fidel Herrera Beltr\u00e1n, pero tambi\u00e9n ha tratado con panistas como Francisco Avila Camberos, Jos\u00e9 Ram\u00f3n Guti\u00e9rrez de Velasco y Julen Rementeria Semp\u00e9&#8230; El tema de la decisi\u00f3n pol\u00edtica de MORENA para elegir a su candidato, tiene que ser muy consensuada y analizada porque en Veracruz puerto, la marca PAN est\u00e1 muy arraigada y si va en alianza con el PRI-PRD&#8230; Les ser\u00e1 m\u00e1s dif\u00edcil competir contra Bingen Rementeria o Miguel Angel Yunes&#8230;<\/p>\n<p>Adem\u00e1s van a necesitar un candidato que entre con todo a la campa\u00f1a pol\u00edtica venidera contra Los Yunes o Los Rementeria, por la alcald\u00eda porte\u00f1a.. En eso, Nino le lleva ventaja a Exsome porque \u00e9l no est\u00e1 acostumbrado a la lucha pol\u00edtica, s\u00f3lo al acuerdo&#8230; Menos en una contienda tan re\u00f1ida como ser\u00e1 la de este municipio&#8230; Por lo pronto, con el registro de Baxzi, es un hecho entonces que Exsome no se la \u00abcome solo\u00bb&#8230; Hay tiro por MORENA-PVEM en puerto de Veracruz&#8230;. Hay que ver como sale la encuesta pero por percepci\u00f3n la gana Nino&#8230; AMEN&#8230;<\/p>\n","protected":false},"excerpt":{"rendered":"<p>Ricardo Ch\u00faa Sale y Vale LA RENUNCIA DE VICENCIO&#8230; La renuncia a MORENA en Veracruz por parte del que era su secretario General del comit\u00e9 estatal, Gonzalo Vicencio, si se quiere ver de manera perversa es un TRIUNFO del gobernador, Cuitl\u00e1huac Garc\u00eda Jim\u00e9nez&#8230; LOGR\u00d3 SACARLO DEL PARTIDO&#8230; En qu\u00e9 puede afectar a los Morenos, quiz\u00e1s [&hellip;]<\/p>\n","protected":false},"author":2,"featured_media":0,"comment_status":"open","ping_status":"open","sticky":false,"template":"","format":"standard","meta":{"tdm_status":"","tdm_grid_status":"","footnotes":""},"categories":[70],"tags":[1563,407,405,15016,1026,12621,195],"class_list":{"0":"post-67873","1":"post","2":"type-post","3":"status-publish","4":"format-standard","6":"category-de-opinion","7":"tag-cuitlahuac-garcia-jimenez","8":"tag-david-velasco-chedraui","9":"tag-elizabeth-morales-garcia","10":"tag-gonzalo-vicencio","11":"tag-morena","12":"tag-raul-arias-lovillo","13":"tag-veracruz"},"yoast_head":"<!-- This site is optimized with the Yoast SEO plugin v27.4 - https:\/\/yoast.com\/product\/yoast-seo-wordpress\/ -->\n<title>La renuncia de Vicencio - Los pol\u00edticos Veracruz<\/title>\n<meta name=\"robots\" content=\"index, follow, max-snippet:-1, max-image-preview:large, max-video-preview:-1\" \/>\n<link rel=\"canonical\" href=\"https:\/\/lospoliticosveracruz.com\/?p=67873\" \/>\n<meta property=\"og:locale\" content=\"es_ES\" \/>\n<meta property=\"og:type\" content=\"article\" \/>\n<meta property=\"og:title\" content=\"La renuncia de Vicencio - Los pol\u00edticos Veracruz\" \/>\n<meta property=\"og:description\" content=\"Ricardo Ch\u00faa Sale y Vale LA RENUNCIA DE VICENCIO&#8230; La renuncia a MORENA en Veracruz por parte del que era su secretario General del comit\u00e9 estatal, Gonzalo Vicencio, si se quiere ver de manera perversa es un TRIUNFO del gobernador, Cuitl\u00e1huac Garc\u00eda Jim\u00e9nez&#8230; LOGR\u00d3 SACARLO DEL PARTIDO&#8230; En qu\u00e9 puede afectar a los Morenos, quiz\u00e1s [&hellip;]\" \/>\n<meta property=\"og:url\" content=\"https:\/\/lospoliticosveracruz.com\/?p=67873\" \/>\n<meta property=\"og:site_name\" content=\"Los pol\u00edticos Veracruz\" \/>\n<meta property=\"article:publisher\" content=\"https:\/\/www.facebook.com\/people\/Notimemes-de-los-Polticos\/61565672886568\/\" \/>\n<meta property=\"article:published_time\" content=\"2021-02-07T16:49:55+00:00\" \/>\n<meta property=\"og:image\" content=\"https:\/\/lospoliticosveracruz.com\/wp-content\/uploads\/2016\/07\/Logo-Dor.jpg\" \/>\n\t<meta property=\"og:image:width\" content=\"200\" \/>\n\t<meta property=\"og:image:height\" content=\"200\" \/>\n\t<meta property=\"og:image:type\" content=\"image\/jpeg\" \/>\n<meta name=\"author\" content=\"Lo viste en Los Pol\u00edticos\" \/>\n<meta name=\"twitter:card\" content=\"summary_large_image\" \/>\n<meta name=\"twitter:creator\" content=\"@LosPoliticosVer\" \/>\n<meta name=\"twitter:site\" content=\"@LosPoliticosVer\" \/>\n<meta name=\"twitter:label1\" content=\"Escrito por\" \/>\n\t<meta name=\"twitter:data1\" content=\"Lo viste en Los Pol\u00edticos\" \/>\n\t<meta name=\"twitter:label2\" content=\"Tiempo de lectura\" \/>\n\t<meta name=\"twitter:data2\" content=\"5 minutos\" \/>\n<script type=\"application\/ld+json\" class=\"yoast-schema-graph\">{\"@context\":\"https:\\\/\\\/schema.org\",\"@graph\":[{\"@type\":\"Article\",\"@id\":\"https:\\\/\\\/lospoliticosveracruz.com\\\/?p=67873#article\",\"isPartOf\":{\"@id\":\"https:\\\/\\\/lospoliticosveracruz.com\\\/?p=67873\"},\"author\":{\"name\":\"Lo viste en Los Pol\u00edticos\",\"@id\":\"https:\\\/\\\/lospoliticosveracruz.com\\\/#\\\/schema\\\/person\\\/b8702bb0e538456e6efd07080bf2a4a2\"},\"headline\":\"La renuncia de Vicencio\",\"datePublished\":\"2021-02-07T16:49:55+00:00\",\"mainEntityOfPage\":{\"@id\":\"https:\\\/\\\/lospoliticosveracruz.com\\\/?p=67873\"},\"wordCount\":1048,\"commentCount\":0,\"publisher\":{\"@id\":\"https:\\\/\\\/lospoliticosveracruz.com\\\/#organization\"},\"keywords\":[\"Cuitl\u00e1huac Garc\u00eda Jim\u00e9nez\",\"David Velasco Chedraui\",\"Elizabeth Morales Garc\u00eda\",\"Gonzalo Vicencio\",\"Morena\",\"Ra\u00fal Arias Lovillo\",\"Veracruz\"],\"articleSection\":[\"De Opini\u00f3n\"],\"inLanguage\":\"es\",\"potentialAction\":[{\"@type\":\"CommentAction\",\"name\":\"Comment\",\"target\":[\"https:\\\/\\\/lospoliticosveracruz.com\\\/?p=67873#respond\"]}]},{\"@type\":\"WebPage\",\"@id\":\"https:\\\/\\\/lospoliticosveracruz.com\\\/?p=67873\",\"url\":\"https:\\\/\\\/lospoliticosveracruz.com\\\/?p=67873\",\"name\":\"La renuncia de Vicencio - Los pol\u00edticos Veracruz\",\"isPartOf\":{\"@id\":\"https:\\\/\\\/lospoliticosveracruz.com\\\/#website\"},\"datePublished\":\"2021-02-07T16:49:55+00:00\",\"breadcrumb\":{\"@id\":\"https:\\\/\\\/lospoliticosveracruz.com\\\/?p=67873#breadcrumb\"},\"inLanguage\":\"es\",\"potentialAction\":[{\"@type\":\"ReadAction\",\"target\":[\"https:\\\/\\\/lospoliticosveracruz.com\\\/?p=67873\"]}]},{\"@type\":\"BreadcrumbList\",\"@id\":\"https:\\\/\\\/lospoliticosveracruz.com\\\/?p=67873#breadcrumb\",\"itemListElement\":[{\"@type\":\"ListItem\",\"position\":1,\"name\":\"Portada\",\"item\":\"https:\\\/\\\/lospoliticosveracruz.com\\\/\"},{\"@type\":\"ListItem\",\"position\":2,\"name\":\"La renuncia de Vicencio\"}]},{\"@type\":\"WebSite\",\"@id\":\"https:\\\/\\\/lospoliticosveracruz.com\\\/#website\",\"url\":\"https:\\\/\\\/lospoliticosveracruz.com\\\/\",\"name\":\"Los pol\u00edticos Veracruz\",\"description\":\"\",\"publisher\":{\"@id\":\"https:\\\/\\\/lospoliticosveracruz.com\\\/#organization\"},\"potentialAction\":[{\"@type\":\"SearchAction\",\"target\":{\"@type\":\"EntryPoint\",\"urlTemplate\":\"https:\\\/\\\/lospoliticosveracruz.com\\\/?s={search_term_string}\"},\"query-input\":{\"@type\":\"PropertyValueSpecification\",\"valueRequired\":true,\"valueName\":\"search_term_string\"}}],\"inLanguage\":\"es\"},{\"@type\":\"Organization\",\"@id\":\"https:\\\/\\\/lospoliticosveracruz.com\\\/#organization\",\"name\":\"Los pol\u00edticos Veracruz\",\"url\":\"https:\\\/\\\/lospoliticosveracruz.com\\\/\",\"logo\":{\"@type\":\"ImageObject\",\"inLanguage\":\"es\",\"@id\":\"https:\\\/\\\/lospoliticosveracruz.com\\\/#\\\/schema\\\/logo\\\/image\\\/\",\"url\":\"https:\\\/\\\/lospoliticosveracruz.com\\\/wp-content\\\/uploads\\\/2025\\\/12\\\/Logo-Nuevo-LOS-POLITICOS-1.jpg\",\"contentUrl\":\"https:\\\/\\\/lospoliticosveracruz.com\\\/wp-content\\\/uploads\\\/2025\\\/12\\\/Logo-Nuevo-LOS-POLITICOS-1.jpg\",\"width\":260,\"height\":70,\"caption\":\"Los pol\u00edticos Veracruz\"},\"image\":{\"@id\":\"https:\\\/\\\/lospoliticosveracruz.com\\\/#\\\/schema\\\/logo\\\/image\\\/\"},\"sameAs\":[\"https:\\\/\\\/www.facebook.com\\\/people\\\/Notimemes-de-los-Polticos\\\/61565672886568\\\/\",\"https:\\\/\\\/x.com\\\/LosPoliticosVer\"]},{\"@type\":\"Person\",\"@id\":\"https:\\\/\\\/lospoliticosveracruz.com\\\/#\\\/schema\\\/person\\\/b8702bb0e538456e6efd07080bf2a4a2\",\"name\":\"Lo viste en Los Pol\u00edticos\",\"image\":{\"@type\":\"ImageObject\",\"inLanguage\":\"es\",\"@id\":\"https:\\\/\\\/secure.gravatar.com\\\/avatar\\\/3a8de04a2656d44082be478bd6c086daa447c4651605818287b9532d3d0bd435?s=96&d=mm&r=g\",\"url\":\"https:\\\/\\\/secure.gravatar.com\\\/avatar\\\/3a8de04a2656d44082be478bd6c086daa447c4651605818287b9532d3d0bd435?s=96&d=mm&r=g\",\"contentUrl\":\"https:\\\/\\\/secure.gravatar.com\\\/avatar\\\/3a8de04a2656d44082be478bd6c086daa447c4651605818287b9532d3d0bd435?s=96&d=mm&r=g\",\"caption\":\"Lo viste en Los Pol\u00edticos\"},\"url\":\"https:\\\/\\\/lospoliticosveracruz.com\\\/?author=2\"}]}<\/script>\n<!-- \/ Yoast SEO plugin. -->","yoast_head_json":{"title":"La renuncia de Vicencio - Los pol\u00edticos Veracruz","robots":{"index":"index","follow":"follow","max-snippet":"max-snippet:-1","max-image-preview":"max-image-preview:large","max-video-preview":"max-video-preview:-1"},"canonical":"https:\/\/lospoliticosveracruz.com\/?p=67873","og_locale":"es_ES","og_type":"article","og_title":"La renuncia de Vicencio - Los pol\u00edticos Veracruz","og_description":"Ricardo Ch\u00faa Sale y Vale LA RENUNCIA DE VICENCIO&#8230; La renuncia a MORENA en Veracruz por parte del que era su secretario General del comit\u00e9 estatal, Gonzalo Vicencio, si se quiere ver de manera perversa es un TRIUNFO del gobernador, Cuitl\u00e1huac Garc\u00eda Jim\u00e9nez&#8230; LOGR\u00d3 SACARLO DEL PARTIDO&#8230; En qu\u00e9 puede afectar a los Morenos, quiz\u00e1s [&hellip;]","og_url":"https:\/\/lospoliticosveracruz.com\/?p=67873","og_site_name":"Los pol\u00edticos Veracruz","article_publisher":"https:\/\/www.facebook.com\/people\/Notimemes-de-los-Polticos\/61565672886568\/","article_published_time":"2021-02-07T16:49:55+00:00","og_image":[{"width":200,"height":200,"url":"https:\/\/lospoliticosveracruz.com\/wp-content\/uploads\/2016\/07\/Logo-Dor.jpg","type":"image\/jpeg"}],"author":"Lo viste en Los Pol\u00edticos","twitter_card":"summary_large_image","twitter_creator":"@LosPoliticosVer","twitter_site":"@LosPoliticosVer","twitter_misc":{"Escrito por":"Lo viste en Los Pol\u00edticos","Tiempo de lectura":"5 minutos"},"schema":{"@context":"https:\/\/schema.org","@graph":[{"@type":"Article","@id":"https:\/\/lospoliticosveracruz.com\/?p=67873#article","isPartOf":{"@id":"https:\/\/lospoliticosveracruz.com\/?p=67873"},"author":{"name":"Lo viste en Los Pol\u00edticos","@id":"https:\/\/lospoliticosveracruz.com\/#\/schema\/person\/b8702bb0e538456e6efd07080bf2a4a2"},"headline":"La renuncia de Vicencio","datePublished":"2021-02-07T16:49:55+00:00","mainEntityOfPage":{"@id":"https:\/\/lospoliticosveracruz.com\/?p=67873"},"wordCount":1048,"commentCount":0,"publisher":{"@id":"https:\/\/lospoliticosveracruz.com\/#organization"},"keywords":["Cuitl\u00e1huac Garc\u00eda Jim\u00e9nez","David Velasco Chedraui","Elizabeth Morales Garc\u00eda","Gonzalo Vicencio","Morena","Ra\u00fal Arias Lovillo","Veracruz"],"articleSection":["De Opini\u00f3n"],"inLanguage":"es","potentialAction":[{"@type":"CommentAction","name":"Comment","target":["https:\/\/lospoliticosveracruz.com\/?p=67873#respond"]}]},{"@type":"WebPage","@id":"https:\/\/lospoliticosveracruz.com\/?p=67873","url":"https:\/\/lospoliticosveracruz.com\/?p=67873","name":"La renuncia de Vicencio - Los pol\u00edticos Veracruz","isPartOf":{"@id":"https:\/\/lospoliticosveracruz.com\/#website"},"datePublished":"2021-02-07T16:49:55+00:00","breadcrumb":{"@id":"https:\/\/lospoliticosveracruz.com\/?p=67873#breadcrumb"},"inLanguage":"es","potentialAction":[{"@type":"ReadAction","target":["https:\/\/lospoliticosveracruz.com\/?p=67873"]}]},{"@type":"BreadcrumbList","@id":"https:\/\/lospoliticosveracruz.com\/?p=67873#breadcrumb","itemListElement":[{"@type":"ListItem","position":1,"name":"Portada","item":"https:\/\/lospoliticosveracruz.com\/"},{"@type":"ListItem","position":2,"name":"La renuncia de Vicencio"}]},{"@type":"WebSite","@id":"https:\/\/lospoliticosveracruz.com\/#website","url":"https:\/\/lospoliticosveracruz.com\/","name":"Los pol\u00edticos Veracruz","description":"","publisher":{"@id":"https:\/\/lospoliticosveracruz.com\/#organization"},"potentialAction":[{"@type":"SearchAction","target":{"@type":"EntryPoint","urlTemplate":"https:\/\/lospoliticosveracruz.com\/?s={search_term_string}"},"query-input":{"@type":"PropertyValueSpecification","valueRequired":true,"valueName":"search_term_string"}}],"inLanguage":"es"},{"@type":"Organization","@id":"https:\/\/lospoliticosveracruz.com\/#organization","name":"Los pol\u00edticos Veracruz","url":"https:\/\/lospoliticosveracruz.com\/","logo":{"@type":"ImageObject","inLanguage":"es","@id":"https:\/\/lospoliticosveracruz.com\/#\/schema\/logo\/image\/","url":"https:\/\/lospoliticosveracruz.com\/wp-content\/uploads\/2025\/12\/Logo-Nuevo-LOS-POLITICOS-1.jpg","contentUrl":"https:\/\/lospoliticosveracruz.com\/wp-content\/uploads\/2025\/12\/Logo-Nuevo-LOS-POLITICOS-1.jpg","width":260,"height":70,"caption":"Los pol\u00edticos Veracruz"},"image":{"@id":"https:\/\/lospoliticosveracruz.com\/#\/schema\/logo\/image\/"},"sameAs":["https:\/\/www.facebook.com\/people\/Notimemes-de-los-Polticos\/61565672886568\/","https:\/\/x.com\/LosPoliticosVer"]},{"@type":"Person","@id":"https:\/\/lospoliticosveracruz.com\/#\/schema\/person\/b8702bb0e538456e6efd07080bf2a4a2","name":"Lo viste en Los Pol\u00edticos","image":{"@type":"ImageObject","inLanguage":"es","@id":"https:\/\/secure.gravatar.com\/avatar\/3a8de04a2656d44082be478bd6c086daa447c4651605818287b9532d3d0bd435?s=96&d=mm&r=g","url":"https:\/\/secure.gravatar.com\/avatar\/3a8de04a2656d44082be478bd6c086daa447c4651605818287b9532d3d0bd435?s=96&d=mm&r=g","contentUrl":"https:\/\/secure.gravatar.com\/avatar\/3a8de04a2656d44082be478bd6c086daa447c4651605818287b9532d3d0bd435?s=96&d=mm&r=g","caption":"Lo viste en Los Pol\u00edticos"},"url":"https:\/\/lospoliticosveracruz.com\/?author=2"}]}},"_links":{"self":[{"href":"https:\/\/lospoliticosveracruz.com\/index.php?rest_route=\/wp\/v2\/posts\/67873","targetHints":{"allow":["GET"]}}],"collection":[{"href":"https:\/\/lospoliticosveracruz.com\/index.php?rest_route=\/wp\/v2\/posts"}],"about":[{"href":"https:\/\/lospoliticosveracruz.com\/index.php?rest_route=\/wp\/v2\/types\/post"}],"author":[{"embeddable":true,"href":"https:\/\/lospoliticosveracruz.com\/index.php?rest_route=\/wp\/v2\/users\/2"}],"replies":[{"embeddable":true,"href":"https:\/\/lospoliticosveracruz.com\/index.php?rest_route=%2Fwp%2Fv2%2Fcomments&post=67873"}],"version-history":[{"count":1,"href":"https:\/\/lospoliticosveracruz.com\/index.php?rest_route=\/wp\/v2\/posts\/67873\/revisions"}],"predecessor-version":[{"id":67874,"href":"https:\/\/lospoliticosveracruz.com\/index.php?rest_route=\/wp\/v2\/posts\/67873\/revisions\/67874"}],"wp:attachment":[{"href":"https:\/\/lospoliticosveracruz.com\/index.php?rest_route=%2Fwp%2Fv2%2Fmedia&parent=67873"}],"wp:term":[{"taxonomy":"category","embeddable":true,"href":"https:\/\/lospoliticosveracruz.com\/index.php?rest_route=%2Fwp%2Fv2%2Fcategories&post=67873"},{"taxonomy":"post_tag","embeddable":true,"href":"https:\/\/lospoliticosveracruz.com\/index.php?rest_route=%2Fwp%2Fv2%2Ftags&post=67873"}],"curies":[{"name":"wp","href":"https:\/\/api.w.org\/{rel}","templated":true}]}}