{"id":67928,"date":"2021-02-08T08:08:39","date_gmt":"2021-02-08T14:08:39","guid":{"rendered":"http:\/\/www.lospoliticosveracruz.com.mx\/?p=67928"},"modified":"2021-02-08T08:08:39","modified_gmt":"2021-02-08T14:08:39","slug":"ni-gonzalo-ni-zepeta","status":"publish","type":"post","link":"https:\/\/lospoliticosveracruz.com\/?p=67928","title":{"rendered":"Ni Gonzalo ni Zepeta"},"content":{"rendered":"<p>&nbsp;<\/p>\n<p><strong>Ricardo Ch\u00faa<\/strong><br \/>\n<em>Sale y Vale<\/em><\/p>\n<p>&nbsp;<\/p>\n<p>EXCLUSIVA&#8230; VICENCIO, LA HISTORIA REAL.. La verdadera salida de Gonzalo Vicencio de MORENA en Veracruz&#8230; Se debi\u00f3 a la intromisi\u00f3n de los m\u00e1s altos funcionarios de Palacio de Gobierno en la decisi\u00f3n de las candidaturas a las alcald\u00edas y diputaciones locales en la entidad.. Nos cuenta \u00abGarganta Profunda\u00bb que este pasado jueves a las 17:00 horas en el Congreso Local, con el aval, de Juan Javier G\u00f3mez Cazar\u00edn, se presentaron a una reuni\u00f3n todos los candidatos oficiales por este partido y los de la alianza con PT y PVEM a estos cargos de elecci\u00f3n popular&#8230;<br \/>\nNos dicen que pasaron los aspirantes por BLOQUES para entrevistarse con los diputados: Wencelao Gonz\u00e1lez Mart\u00ednez, de Coatzintla; y Nelly Vargas P\u00e9rez, para darles a conocer cuales ser\u00edan los pasos a seguir en esta alianza&#8230; OJO&#8230; Fue con la gente de Cazar\u00edn, no con el partido MORENA, no con PVEM y PT&#8230; Es decir, pr\u00e1cticas al estilo del \u00abviejo\u00bb PRI&#8230; Al leerles, a todos las \u00abcartillas\u00bb por estos legisladores&#8230; La cosa no qued\u00f3 ah\u00ed&#8230;<br \/>\nA todos los aspirantes a alcaldes y diputados locales por el PVEM-PT-MORENA&#8230; Del Congreso del Estado los trasladaron a este puerto puerto de Veracruz a un domicilio privado donde les fue ratificada SUS CANDIDATURAS, por voz ALT\u00cdSIMOS funcionarios de Palacio de Gobierno y del propio, Juan Javier G\u00f3mez Cazarin&#8230; ASPTM&#8230; Al enterarse en el comit\u00e9 estatal de MORENA de ese movimiento&#8230; Eso motiv\u00f3 la salida de Gonzalo Vicencio&#8230; M\u00e1s cuando se percat\u00f3 que todo el d\u00eda estaban desfilando los candidatos del gobierno en 3 bloques&#8230;<br \/>\nPero lo que Gonzalo no entendi\u00f3&#8230; Que una cosa es lo que en Palacio de Gobierno PROPONGAN y otra cosa es lo que la Comisi\u00f3n Nacional de Elecciones y los dem\u00e1s grupos al interior de MORENA&#8230; Van a PROPONER&#8230; Pero Gonzalo se \u00abaceler\u00f3\u00bb porque \u00e9l pens\u00f3 y lo da como un hecho&#8230; Pero apenas ayer se cerraron los registros de candidatos a alcald\u00edas y diputaciones locales&#8230; En pocas palabras en Veracruz hay \u00abPARTIDO DE ESTADO\u00bb&#8230; Se llama MORENA&#8230; AMEN Y SIN PALABRAS..<\/p>\n<p>EL CHAPO VS TITO DELF\u00cdN&#8230; Para nadie es un secreto que al interior del comit\u00e9 estatal del PAN, existe una disputa pol\u00edtica, no abierta entre el presidente, Joaqui\u00edn Guzm\u00e1n Avil\u00e9s y el secretario General, Tito Delf\u00edn&#8230; Y es que al de Tierra Blanca, ahora, le dio por sentirte Rodrigo Borgia, mejor conocido como El Papa Alejandro VI, llamado \u00abEl Nepotista Divino\u00bb porque desde que lleg\u00f3 al Papado quiso poner a sus hijos en puestos claves de El Vaticano&#8230; Aca en Xalapa, Tito los quiere de regidores y diputados en muchos municipios&#8230;<br \/>\nTito Delfin quiere colocar a su hermano como regidor en la planilla de Sergio Hern\u00e1ndez en Xalapa&#8230; A su hija la quiso meter de s\u00efndica en Medell\u00edn de Bravo&#8230; Pero le pusieron un alto.. A ra\u00edz de saber de la ALIANZA: Tito-He Man&#8230; El grupo de Guzm\u00e1n Avil\u00e9s les hace frente lanzando otra planilla alterna para competir por la candidatura a la alcald\u00eda de Xalapa&#8230; \u00abEl Checo\u00bb no ten\u00eda rival, pero se fortaleci\u00f3 el panismo contrario a \u00e9l cuando se da a conocer los nombres de su planilla&#8230; Checo, Chico, El Tesoro, El Conde y ahora Los Borgia de \u00abLa Novia del Sol\u00bb&#8230;<br \/>\nEsa alianza tan \u00abmacabra\u00bb hizo que el panismo xalape\u00f1o y Guzm\u00e1n Avil\u00e9s \u00bb despertaran\u00bb para enfrentar con todo a Tito \u00abBorgia\u00bb&#8230; As\u00ed que \u00abhay tiro\u00bb y estar\u00e1 bueno, porque provocar\u00e1 una lucha en el CDE del PAN&#8230; Sea como sea, ser\u00e1 una \u00abguerra de fuerzas\u00bb&#8230; No ser\u00eda la primera vez&#8230; Pero de ganarla \u00abEl Chapito\u00bb a \u00abLos Borgia\u00bb y He Man&#8230; El fortalecido ser\u00e1 David Velasco y la alianza&#8230; Lo que es un hecho, es que \u00abEl Chapito\u00bb si \u00abduerme\u00bb con el enemigo&#8230; Al final, Tito sigui\u00f3 la frase de Rodrigo Borgia: \u00abO C\u00e9sar o nada\u00bb&#8230;. ABROOOOONNNNN&#8230;.<\/p>\n<p>AHUED, SU PLANILLA&#8230; Despu\u00e9s de que se dio a conocer que Ricardo Ahued, se inscribi\u00f3 como aspirante a la alcald\u00eda de Xalapa por MORENA&#8230; Muchos rumores suenan alrededor de la misma.. Como que ser\u00e1 Dorheny Garc\u00eda Cayetano, diputada federal, la que va como su suplente a la presidencia municipal&#8230; Otros m\u00e1s dicen que ser\u00e1 Rosalinda Galindo, diputada local&#8230; En fin, muchas versiones, pero nos dice \u00abGarganta Profunda\u00bb que si \u00abEl Rey del Pl\u00e1stico\u00bb llevar\u00e1 alguna de estas dos personajes, es su camino a la perdici\u00f3n&#8230;<br \/>\nEsto debido al \u00abdesapego\u00bb ciudadano que ambas legisladoras han tenido con la ciudadan\u00eda, no fortalecieron ni siquiera su trabajo pol\u00edtico en sus distritos, pese a la cercan\u00eda que hay con Palacio de Gobierno&#8230; La izquierda ya no las acepta en su totalidad&#8230; Por eso, le est\u00e1n dando las firmas a Ra\u00fal Ar\u00edas Lovillo, para su candidatura independiente&#8230; Ahued adem\u00e1s ya trae \u00abdesgaste\u00bb en su persona en la capital&#8230; Ya hay reclamos en las colonias en su contra&#8230; Tiene a MORENA \u00abfracturado\u00bb en Xalapa por el tema Vicencio&#8230; La trae complicada&#8230;<br \/>\nEs m\u00e1s, con esta nominaci\u00f3n de Ricardo Ahued por MORENA y su posible planilla, si es puesta por Palacio de Gobierno&#8230; Los aliancistas de la oposici\u00f3n est\u00e1n convencidos que si David Velasco Chedraui pasa la \u00abaduana\u00bb del PAN xalape\u00f1o o que si incluso, si s\u00f3lo va por el PRI-PRD.. Gana cerrado pero lograr\u00eda por segunda ocasi\u00f3n la alcald\u00eda y ser\u00eda la debacle pol\u00edtica para \u00abEl Rey del Pl\u00e1stico\u00bb&#8230;. A eso se est\u00e1 arriesgando el Senador, al venir a ayudar a los Morenos a retener la presidencia municipal&#8230; AL MENOS, ES LO QUE LA GENTE CUENTA&#8230;<\/p>\n<p>CHOPO, EL CANDIDATO&#8230; A muchos les caus\u00f3 extra\u00f1eza la nominaci\u00f3n de Jos\u00e9 Gabriel P\u00e9rez Guti\u00e9rrez, \u00abEl Chopo\u00bb, como el aspirante del PRI en alianza con el PAN-PRD, para la diputaci\u00f3n local del distrito XIV con sede en el puerto&#8230; Algunos dicen que lo mandan a perder, otros que no tendr\u00e1 fuerza, unos que el panismo lo abandonar\u00e1, siendo una demarcaci\u00f3n azul&#8230; Pero su nominaci\u00f3n tiene toda la l\u00f3gica priista&#8230; El Chopo es un buen \u00abDino\u00bb, negociador y operador&#8230; Adem\u00e1s con \u00e9l como candidato el priismo recupera la CLASE POL\u00cdTICA&#8230; Y, esa, no cualquiera&#8230;<br \/>\nAdem\u00e1s P\u00e9rez Guti\u00e9rrez fue el formador de la clase pol\u00edtica que actualmente maneja el comit\u00e9 estatal del PRI&#8230; Fue el \u00abCreador\u00bb o \u00abpap\u00e1\u00bb pol\u00edtico de muchos de los actuales personajes que hoy anda en esas lides, no s\u00f3lo en el PRI sino que se fueron a MORENA, PAN o PRD&#8230; Algunos le salieron buenos, otros no tanto&#8230; Pero a muchos form\u00f3.. TODOS LE DEBEN FAVORES&#8230; Hasta el propio Fidel Herrera y el mismo Pepe Yunes&#8230; El Chopo fue de los que no lo TRAICION\u00d3, ni a \u00e9l y al PRI en 2018&#8230; Con \u00abEl Chopo\u00bb, Marl\u00f3n se termin\u00f3 de formar pol\u00edticamente&#8230;<br \/>\nTambi\u00e9n aprendieron de pol\u00edtica bajo su resguardo: Salvador Manzur, Ra\u00fal D\u00edaz, Anil\u00fa, Tavo y Carolina Gudi\u00f1o&#8230; Es un personaje de la \u00abvieja guardia\u00bb priista que NO HA OFENDIDO a nadie&#8230; Amigo de Nino Baxzi&#8230; Transita y tiene di\u00e1logo con Miguel, Fernando Yunes y Julen Rementeria&#8230; Adem\u00e1s no es \u00abamenaza\u00bb para nadie del PRI o PAN que quiera ser alcalde&#8230; Es un reconocimiento a un priista leal&#8230; Que tiene el derecho de cerrar su ciclo en el Legislativo, realizando lo que ha hecho siempre: Pol\u00edtica&#8230; Qui\u00e9n ser\u00e1 capaz de tirarle la primera piedra&#8230; AMEN&#8230;<\/p>\n","protected":false},"excerpt":{"rendered":"<p>&nbsp; Ricardo Ch\u00faa Sale y Vale &nbsp; EXCLUSIVA&#8230; VICENCIO, LA HISTORIA REAL.. La verdadera salida de Gonzalo Vicencio de MORENA en Veracruz&#8230; Se debi\u00f3 a la intromisi\u00f3n de los m\u00e1s altos funcionarios de Palacio de Gobierno en la decisi\u00f3n de las candidaturas a las alcald\u00edas y diputaciones locales en la entidad.. Nos cuenta \u00abGarganta Profunda\u00bb [&hellip;]<\/p>\n","protected":false},"author":2,"featured_media":0,"comment_status":"open","ping_status":"open","sticky":false,"template":"","format":"standard","meta":{"tdm_status":"","tdm_grid_status":"","footnotes":""},"categories":[70],"tags":[407,13952,15016,26042,26043,12695,1026,26040,266,251,26041,12621,876,13604,11799,6142,2224,195,96],"class_list":{"0":"post-67928","1":"post","2":"type-post","3":"status-publish","4":"format-standard","6":"category-de-opinion","7":"tag-david-velasco-chedraui","8":"tag-dorheny-garcia-cayetano","9":"tag-gonzalo-vicencio","10":"tag-joaquiin-guzman-aviles","11":"tag-jose-gabriel-perez-gutierrez","12":"tag-juan-javier-gomez-cazarin","13":"tag-morena","14":"tag-nelly-vargas-perez","15":"tag-pan","16":"tag-pri","17":"tag-pvem-pt-morena","18":"tag-raul-arias-lovillo","19":"tag-ricardo-ahued","20":"tag-ricardo-chua","21":"tag-rosalinda-galindo","22":"tag-sergio-hernandez","23":"tag-tito-delfin","24":"tag-veracruz","25":"tag-xalapa"},"yoast_head":"<!-- This site is optimized with the Yoast SEO plugin v27.4 - https:\/\/yoast.com\/product\/yoast-seo-wordpress\/ -->\n<title>Ni Gonzalo ni Zepeta - Los pol\u00edticos Veracruz<\/title>\n<meta name=\"robots\" content=\"index, follow, max-snippet:-1, max-image-preview:large, max-video-preview:-1\" \/>\n<link rel=\"canonical\" href=\"https:\/\/lospoliticosveracruz.com\/?p=67928\" \/>\n<meta property=\"og:locale\" content=\"es_ES\" \/>\n<meta property=\"og:type\" content=\"article\" \/>\n<meta property=\"og:title\" content=\"Ni Gonzalo ni Zepeta - Los pol\u00edticos Veracruz\" \/>\n<meta property=\"og:description\" content=\"&nbsp; Ricardo Ch\u00faa Sale y Vale &nbsp; EXCLUSIVA&#8230; VICENCIO, LA HISTORIA REAL.. La verdadera salida de Gonzalo Vicencio de MORENA en Veracruz&#8230; Se debi\u00f3 a la intromisi\u00f3n de los m\u00e1s altos funcionarios de Palacio de Gobierno en la decisi\u00f3n de las candidaturas a las alcald\u00edas y diputaciones locales en la entidad.. Nos cuenta \u00abGarganta Profunda\u00bb [&hellip;]\" \/>\n<meta property=\"og:url\" content=\"https:\/\/lospoliticosveracruz.com\/?p=67928\" \/>\n<meta property=\"og:site_name\" content=\"Los pol\u00edticos Veracruz\" \/>\n<meta property=\"article:publisher\" content=\"https:\/\/www.facebook.com\/people\/Notimemes-de-los-Polticos\/61565672886568\/\" \/>\n<meta property=\"article:published_time\" content=\"2021-02-08T14:08:39+00:00\" \/>\n<meta property=\"og:image\" content=\"https:\/\/lospoliticosveracruz.com\/wp-content\/uploads\/2016\/07\/Logo-Dor.jpg\" \/>\n\t<meta property=\"og:image:width\" content=\"200\" \/>\n\t<meta property=\"og:image:height\" content=\"200\" \/>\n\t<meta property=\"og:image:type\" content=\"image\/jpeg\" \/>\n<meta name=\"author\" content=\"Lo viste en Los Pol\u00edticos\" \/>\n<meta name=\"twitter:card\" content=\"summary_large_image\" \/>\n<meta name=\"twitter:creator\" content=\"@LosPoliticosVer\" \/>\n<meta name=\"twitter:site\" content=\"@LosPoliticosVer\" \/>\n<meta name=\"twitter:label1\" content=\"Escrito por\" \/>\n\t<meta name=\"twitter:data1\" content=\"Lo viste en Los Pol\u00edticos\" \/>\n\t<meta name=\"twitter:label2\" content=\"Tiempo de lectura\" \/>\n\t<meta name=\"twitter:data2\" content=\"6 minutos\" \/>\n<script type=\"application\/ld+json\" class=\"yoast-schema-graph\">{\"@context\":\"https:\\\/\\\/schema.org\",\"@graph\":[{\"@type\":\"Article\",\"@id\":\"https:\\\/\\\/lospoliticosveracruz.com\\\/?p=67928#article\",\"isPartOf\":{\"@id\":\"https:\\\/\\\/lospoliticosveracruz.com\\\/?p=67928\"},\"author\":{\"name\":\"Lo viste en Los Pol\u00edticos\",\"@id\":\"https:\\\/\\\/lospoliticosveracruz.com\\\/#\\\/schema\\\/person\\\/b8702bb0e538456e6efd07080bf2a4a2\"},\"headline\":\"Ni Gonzalo ni Zepeta\",\"datePublished\":\"2021-02-08T14:08:39+00:00\",\"mainEntityOfPage\":{\"@id\":\"https:\\\/\\\/lospoliticosveracruz.com\\\/?p=67928\"},\"wordCount\":1284,\"commentCount\":0,\"publisher\":{\"@id\":\"https:\\\/\\\/lospoliticosveracruz.com\\\/#organization\"},\"keywords\":[\"David Velasco Chedraui\",\"Dorheny Garc\u00eda Cayetano\",\"Gonzalo Vicencio\",\"Joaqui\u00edn Guzm\u00e1n Avil\u00e9s\",\"Jos\u00e9 Gabriel P\u00e9rez Guti\u00e9rrez\",\"Juan Javier G\u00f3mez Cazar\u00edn\",\"Morena\",\"Nelly Vargas P\u00e9rez\",\"PAN\",\"PRI\",\"PVEM-PT-MORENA\",\"Ra\u00fal Arias Lovillo\",\"Ricardo Ahued\",\"Ricardo Ch\u00faa\",\"Rosalinda Galindo\",\"Sergio Hern\u00e1ndez\",\"Tito Delf\u00edn\",\"Veracruz\",\"Xalapa\"],\"articleSection\":[\"De Opini\u00f3n\"],\"inLanguage\":\"es\",\"potentialAction\":[{\"@type\":\"CommentAction\",\"name\":\"Comment\",\"target\":[\"https:\\\/\\\/lospoliticosveracruz.com\\\/?p=67928#respond\"]}]},{\"@type\":\"WebPage\",\"@id\":\"https:\\\/\\\/lospoliticosveracruz.com\\\/?p=67928\",\"url\":\"https:\\\/\\\/lospoliticosveracruz.com\\\/?p=67928\",\"name\":\"Ni Gonzalo ni Zepeta - Los pol\u00edticos Veracruz\",\"isPartOf\":{\"@id\":\"https:\\\/\\\/lospoliticosveracruz.com\\\/#website\"},\"datePublished\":\"2021-02-08T14:08:39+00:00\",\"breadcrumb\":{\"@id\":\"https:\\\/\\\/lospoliticosveracruz.com\\\/?p=67928#breadcrumb\"},\"inLanguage\":\"es\",\"potentialAction\":[{\"@type\":\"ReadAction\",\"target\":[\"https:\\\/\\\/lospoliticosveracruz.com\\\/?p=67928\"]}]},{\"@type\":\"BreadcrumbList\",\"@id\":\"https:\\\/\\\/lospoliticosveracruz.com\\\/?p=67928#breadcrumb\",\"itemListElement\":[{\"@type\":\"ListItem\",\"position\":1,\"name\":\"Portada\",\"item\":\"https:\\\/\\\/lospoliticosveracruz.com\\\/\"},{\"@type\":\"ListItem\",\"position\":2,\"name\":\"Ni Gonzalo ni Zepeta\"}]},{\"@type\":\"WebSite\",\"@id\":\"https:\\\/\\\/lospoliticosveracruz.com\\\/#website\",\"url\":\"https:\\\/\\\/lospoliticosveracruz.com\\\/\",\"name\":\"Los pol\u00edticos Veracruz\",\"description\":\"\",\"publisher\":{\"@id\":\"https:\\\/\\\/lospoliticosveracruz.com\\\/#organization\"},\"potentialAction\":[{\"@type\":\"SearchAction\",\"target\":{\"@type\":\"EntryPoint\",\"urlTemplate\":\"https:\\\/\\\/lospoliticosveracruz.com\\\/?s={search_term_string}\"},\"query-input\":{\"@type\":\"PropertyValueSpecification\",\"valueRequired\":true,\"valueName\":\"search_term_string\"}}],\"inLanguage\":\"es\"},{\"@type\":\"Organization\",\"@id\":\"https:\\\/\\\/lospoliticosveracruz.com\\\/#organization\",\"name\":\"Los pol\u00edticos Veracruz\",\"url\":\"https:\\\/\\\/lospoliticosveracruz.com\\\/\",\"logo\":{\"@type\":\"ImageObject\",\"inLanguage\":\"es\",\"@id\":\"https:\\\/\\\/lospoliticosveracruz.com\\\/#\\\/schema\\\/logo\\\/image\\\/\",\"url\":\"https:\\\/\\\/lospoliticosveracruz.com\\\/wp-content\\\/uploads\\\/2025\\\/12\\\/Logo-Nuevo-LOS-POLITICOS-1.jpg\",\"contentUrl\":\"https:\\\/\\\/lospoliticosveracruz.com\\\/wp-content\\\/uploads\\\/2025\\\/12\\\/Logo-Nuevo-LOS-POLITICOS-1.jpg\",\"width\":260,\"height\":70,\"caption\":\"Los pol\u00edticos Veracruz\"},\"image\":{\"@id\":\"https:\\\/\\\/lospoliticosveracruz.com\\\/#\\\/schema\\\/logo\\\/image\\\/\"},\"sameAs\":[\"https:\\\/\\\/www.facebook.com\\\/people\\\/Notimemes-de-los-Polticos\\\/61565672886568\\\/\",\"https:\\\/\\\/x.com\\\/LosPoliticosVer\"]},{\"@type\":\"Person\",\"@id\":\"https:\\\/\\\/lospoliticosveracruz.com\\\/#\\\/schema\\\/person\\\/b8702bb0e538456e6efd07080bf2a4a2\",\"name\":\"Lo viste en Los Pol\u00edticos\",\"image\":{\"@type\":\"ImageObject\",\"inLanguage\":\"es\",\"@id\":\"https:\\\/\\\/secure.gravatar.com\\\/avatar\\\/3a8de04a2656d44082be478bd6c086daa447c4651605818287b9532d3d0bd435?s=96&d=mm&r=g\",\"url\":\"https:\\\/\\\/secure.gravatar.com\\\/avatar\\\/3a8de04a2656d44082be478bd6c086daa447c4651605818287b9532d3d0bd435?s=96&d=mm&r=g\",\"contentUrl\":\"https:\\\/\\\/secure.gravatar.com\\\/avatar\\\/3a8de04a2656d44082be478bd6c086daa447c4651605818287b9532d3d0bd435?s=96&d=mm&r=g\",\"caption\":\"Lo viste en Los Pol\u00edticos\"},\"url\":\"https:\\\/\\\/lospoliticosveracruz.com\\\/?author=2\"}]}<\/script>\n<!-- \/ Yoast SEO plugin. -->","yoast_head_json":{"title":"Ni Gonzalo ni Zepeta - Los pol\u00edticos Veracruz","robots":{"index":"index","follow":"follow","max-snippet":"max-snippet:-1","max-image-preview":"max-image-preview:large","max-video-preview":"max-video-preview:-1"},"canonical":"https:\/\/lospoliticosveracruz.com\/?p=67928","og_locale":"es_ES","og_type":"article","og_title":"Ni Gonzalo ni Zepeta - Los pol\u00edticos Veracruz","og_description":"&nbsp; Ricardo Ch\u00faa Sale y Vale &nbsp; EXCLUSIVA&#8230; VICENCIO, LA HISTORIA REAL.. La verdadera salida de Gonzalo Vicencio de MORENA en Veracruz&#8230; Se debi\u00f3 a la intromisi\u00f3n de los m\u00e1s altos funcionarios de Palacio de Gobierno en la decisi\u00f3n de las candidaturas a las alcald\u00edas y diputaciones locales en la entidad.. Nos cuenta \u00abGarganta Profunda\u00bb [&hellip;]","og_url":"https:\/\/lospoliticosveracruz.com\/?p=67928","og_site_name":"Los pol\u00edticos Veracruz","article_publisher":"https:\/\/www.facebook.com\/people\/Notimemes-de-los-Polticos\/61565672886568\/","article_published_time":"2021-02-08T14:08:39+00:00","og_image":[{"width":200,"height":200,"url":"https:\/\/lospoliticosveracruz.com\/wp-content\/uploads\/2016\/07\/Logo-Dor.jpg","type":"image\/jpeg"}],"author":"Lo viste en Los Pol\u00edticos","twitter_card":"summary_large_image","twitter_creator":"@LosPoliticosVer","twitter_site":"@LosPoliticosVer","twitter_misc":{"Escrito por":"Lo viste en Los Pol\u00edticos","Tiempo de lectura":"6 minutos"},"schema":{"@context":"https:\/\/schema.org","@graph":[{"@type":"Article","@id":"https:\/\/lospoliticosveracruz.com\/?p=67928#article","isPartOf":{"@id":"https:\/\/lospoliticosveracruz.com\/?p=67928"},"author":{"name":"Lo viste en Los Pol\u00edticos","@id":"https:\/\/lospoliticosveracruz.com\/#\/schema\/person\/b8702bb0e538456e6efd07080bf2a4a2"},"headline":"Ni Gonzalo ni Zepeta","datePublished":"2021-02-08T14:08:39+00:00","mainEntityOfPage":{"@id":"https:\/\/lospoliticosveracruz.com\/?p=67928"},"wordCount":1284,"commentCount":0,"publisher":{"@id":"https:\/\/lospoliticosveracruz.com\/#organization"},"keywords":["David Velasco Chedraui","Dorheny Garc\u00eda Cayetano","Gonzalo Vicencio","Joaqui\u00edn Guzm\u00e1n Avil\u00e9s","Jos\u00e9 Gabriel P\u00e9rez Guti\u00e9rrez","Juan Javier G\u00f3mez Cazar\u00edn","Morena","Nelly Vargas P\u00e9rez","PAN","PRI","PVEM-PT-MORENA","Ra\u00fal Arias Lovillo","Ricardo Ahued","Ricardo Ch\u00faa","Rosalinda Galindo","Sergio Hern\u00e1ndez","Tito Delf\u00edn","Veracruz","Xalapa"],"articleSection":["De Opini\u00f3n"],"inLanguage":"es","potentialAction":[{"@type":"CommentAction","name":"Comment","target":["https:\/\/lospoliticosveracruz.com\/?p=67928#respond"]}]},{"@type":"WebPage","@id":"https:\/\/lospoliticosveracruz.com\/?p=67928","url":"https:\/\/lospoliticosveracruz.com\/?p=67928","name":"Ni Gonzalo ni Zepeta - Los pol\u00edticos Veracruz","isPartOf":{"@id":"https:\/\/lospoliticosveracruz.com\/#website"},"datePublished":"2021-02-08T14:08:39+00:00","breadcrumb":{"@id":"https:\/\/lospoliticosveracruz.com\/?p=67928#breadcrumb"},"inLanguage":"es","potentialAction":[{"@type":"ReadAction","target":["https:\/\/lospoliticosveracruz.com\/?p=67928"]}]},{"@type":"BreadcrumbList","@id":"https:\/\/lospoliticosveracruz.com\/?p=67928#breadcrumb","itemListElement":[{"@type":"ListItem","position":1,"name":"Portada","item":"https:\/\/lospoliticosveracruz.com\/"},{"@type":"ListItem","position":2,"name":"Ni Gonzalo ni Zepeta"}]},{"@type":"WebSite","@id":"https:\/\/lospoliticosveracruz.com\/#website","url":"https:\/\/lospoliticosveracruz.com\/","name":"Los pol\u00edticos Veracruz","description":"","publisher":{"@id":"https:\/\/lospoliticosveracruz.com\/#organization"},"potentialAction":[{"@type":"SearchAction","target":{"@type":"EntryPoint","urlTemplate":"https:\/\/lospoliticosveracruz.com\/?s={search_term_string}"},"query-input":{"@type":"PropertyValueSpecification","valueRequired":true,"valueName":"search_term_string"}}],"inLanguage":"es"},{"@type":"Organization","@id":"https:\/\/lospoliticosveracruz.com\/#organization","name":"Los pol\u00edticos Veracruz","url":"https:\/\/lospoliticosveracruz.com\/","logo":{"@type":"ImageObject","inLanguage":"es","@id":"https:\/\/lospoliticosveracruz.com\/#\/schema\/logo\/image\/","url":"https:\/\/lospoliticosveracruz.com\/wp-content\/uploads\/2025\/12\/Logo-Nuevo-LOS-POLITICOS-1.jpg","contentUrl":"https:\/\/lospoliticosveracruz.com\/wp-content\/uploads\/2025\/12\/Logo-Nuevo-LOS-POLITICOS-1.jpg","width":260,"height":70,"caption":"Los pol\u00edticos Veracruz"},"image":{"@id":"https:\/\/lospoliticosveracruz.com\/#\/schema\/logo\/image\/"},"sameAs":["https:\/\/www.facebook.com\/people\/Notimemes-de-los-Polticos\/61565672886568\/","https:\/\/x.com\/LosPoliticosVer"]},{"@type":"Person","@id":"https:\/\/lospoliticosveracruz.com\/#\/schema\/person\/b8702bb0e538456e6efd07080bf2a4a2","name":"Lo viste en Los Pol\u00edticos","image":{"@type":"ImageObject","inLanguage":"es","@id":"https:\/\/secure.gravatar.com\/avatar\/3a8de04a2656d44082be478bd6c086daa447c4651605818287b9532d3d0bd435?s=96&d=mm&r=g","url":"https:\/\/secure.gravatar.com\/avatar\/3a8de04a2656d44082be478bd6c086daa447c4651605818287b9532d3d0bd435?s=96&d=mm&r=g","contentUrl":"https:\/\/secure.gravatar.com\/avatar\/3a8de04a2656d44082be478bd6c086daa447c4651605818287b9532d3d0bd435?s=96&d=mm&r=g","caption":"Lo viste en Los Pol\u00edticos"},"url":"https:\/\/lospoliticosveracruz.com\/?author=2"}]}},"_links":{"self":[{"href":"https:\/\/lospoliticosveracruz.com\/index.php?rest_route=\/wp\/v2\/posts\/67928","targetHints":{"allow":["GET"]}}],"collection":[{"href":"https:\/\/lospoliticosveracruz.com\/index.php?rest_route=\/wp\/v2\/posts"}],"about":[{"href":"https:\/\/lospoliticosveracruz.com\/index.php?rest_route=\/wp\/v2\/types\/post"}],"author":[{"embeddable":true,"href":"https:\/\/lospoliticosveracruz.com\/index.php?rest_route=\/wp\/v2\/users\/2"}],"replies":[{"embeddable":true,"href":"https:\/\/lospoliticosveracruz.com\/index.php?rest_route=%2Fwp%2Fv2%2Fcomments&post=67928"}],"version-history":[{"count":1,"href":"https:\/\/lospoliticosveracruz.com\/index.php?rest_route=\/wp\/v2\/posts\/67928\/revisions"}],"predecessor-version":[{"id":67929,"href":"https:\/\/lospoliticosveracruz.com\/index.php?rest_route=\/wp\/v2\/posts\/67928\/revisions\/67929"}],"wp:attachment":[{"href":"https:\/\/lospoliticosveracruz.com\/index.php?rest_route=%2Fwp%2Fv2%2Fmedia&parent=67928"}],"wp:term":[{"taxonomy":"category","embeddable":true,"href":"https:\/\/lospoliticosveracruz.com\/index.php?rest_route=%2Fwp%2Fv2%2Fcategories&post=67928"},{"taxonomy":"post_tag","embeddable":true,"href":"https:\/\/lospoliticosveracruz.com\/index.php?rest_route=%2Fwp%2Fv2%2Ftags&post=67928"}],"curies":[{"name":"wp","href":"https:\/\/api.w.org\/{rel}","templated":true}]}}