{"id":67960,"date":"2021-02-08T18:17:53","date_gmt":"2021-02-09T00:17:53","guid":{"rendered":"http:\/\/www.lospoliticosveracruz.com.mx\/?p=67960"},"modified":"2021-02-08T18:17:53","modified_gmt":"2021-02-09T00:17:53","slug":"a-dar-la-cara-por-veracruz","status":"publish","type":"post","link":"https:\/\/lospoliticosveracruz.com\/?p=67960","title":{"rendered":"A dar la cara por Veracruz!"},"content":{"rendered":"<p>&nbsp;<\/p>\n<p><strong>Xalapa<\/strong><br \/>\nHoy es un gran d\u00eda para el PRI y para Veracruz, estoy muy contento de ser el responsable de dirigir a este partido, en el que manda la militancia, quien nos entreg\u00f3 el mandato a quienes conformamos el Comit\u00e9 Directivo Estatal, expres\u00f3 Marlon Ram\u00edrez Mar\u00edn, dirigente estatal del partido en Veracruz.<br \/>\nAl acudir a las instalaciones de la CNOP, para reiterar su apoyo a quienes solicitaron su prerregistro como aspirantes a las precandidaturas a las presidencias municipales para el proceso electoral 2020-2021, puntualiz\u00f3 que, quienes vayan a la jornada del 6 de junio, dar\u00e1n la cara por Veracruz con la esperanza de recuperar el orden, la paz, la estabilidad, inversi\u00f3n, \u201cla prudencia y congruencia para gobernar este estado al que le debemos todo.\u201d<br \/>\nSe\u00f1al\u00f3 que hoy se construye una alianza pol\u00edtica con otras fuerzas con las que hist\u00f3ricamente exist\u00eda antagonismo, pero las circunstancias han obligado a pensar m\u00e1s all\u00e1 del inter\u00e9s partidario, \u201cnos ha obligado a pensar en Veracruz y en nuestras zonas y regiones.\u201d<br \/>\nAgradeci\u00f3 a las compa\u00f1eras y compa\u00f1eros que integran las mesas de los \u00f3rganos auxiliares de la Comisi\u00f3n Estatal de Procesos Internos por su gran esfuerzo para que se desarrolle esta jornada; asimismo le expres\u00f3 sus mejores deseos a todas las mujeres y todos los hombres aspirantes a las precandidaturas, entre ellos el secretario de organizaci\u00f3n del CDE, Ponciano V\u00e1zquez Parissi, \u201cquien tiene la aspiraci\u00f3n de representar dignamente a nuestro partido en el sur, en Cosoleacaque. Estoy seguro, que tendremos extraordinarios representantes con triunfos que los respaldan en todo el estado.\u00bb<br \/>\nHasta las 14:30 horas de este lunes, en las tres sedes de los trece \u00f3rganos auxiliares de la Comisi\u00f3n Estatal de Procesos Internos: CDE del PRI en Veracruz, el edificio de la CNC, y, en las instalaciones de la CNOP, hab\u00edan solicitado su prerregistro alrededor de 152 aspirantes.<br \/>\nAlgunos de los aspirantes que entregaron su documentaci\u00f3n en b\u00fasqueda de la precandidatura son: Marilda Rodr\u00edguez, por Vega de Alatorre; Martha Utrera por Soledad de Doblado; Gildardo Apodaca, por Tonay\u00e1n; Carlos Garc\u00eda, por Atzalan; Silvia Mart\u00ednez Ruiz, por R\u00edo Blanco; Le\u00f3n Cant\u00f3n, por Comapa; Juan Manuel Diez Francos, por Orizaba; Pedro Garc\u00eda, por Paso del Macho; Damaris Condado, por Villa Aldama.<br \/>\nTambi\u00e9n, Renato Alarc\u00f3n Guevara, por Emiliano Zapata; Ponciano V\u00e1zquez Parissi, por Cosoleacaque; Juan Viveros Castillo por Alto Lucero; Delfino Ortega, por Perote; Noem\u00ed Flores S\u00e1nchez, por Ixhuac\u00e1n de Los Reyes; Alain Angeles Aguirre, por Tlalnelhuayocan; Arturo Vega Garc\u00eda, por Jamapa; Carlos Vasconcelos por Coatzacoalcos; Guillermo Franco por Altotonga; Gaspar G\u00f3mez, por Hueyapan de Ocampo; Jos\u00e9 Pedro Arrioja, por Jos\u00e9 Azueta; N\u00e9stor Sosa por Chontla; y Valois Rosado Platas, por \u00darsulo Galv\u00e1n, por mencionar algunos nombres.<\/p>\n","protected":false},"excerpt":{"rendered":"<p>&nbsp; Xalapa Hoy es un gran d\u00eda para el PRI y para Veracruz, estoy muy contento de ser el responsable de dirigir a este partido, en el que manda la militancia, quien nos entreg\u00f3 el mandato a quienes conformamos el Comit\u00e9 Directivo Estatal, expres\u00f3 Marlon Ram\u00edrez Mar\u00edn, dirigente estatal del partido en Veracruz. Al acudir [&hellip;]<\/p>\n","protected":false},"author":2,"featured_media":0,"comment_status":"open","ping_status":"open","sticky":false,"template":"","format":"standard","meta":{"tdm_status":"","tdm_grid_status":"","footnotes":""},"categories":[73],"tags":[26056,19315,3118,3368,2908,3951,25525,251,195,96],"class_list":{"0":"post-67960","1":"post","2":"type-post","3":"status-publish","4":"format-standard","6":"category-de-boleto","7":"tag-candidaturas-presidencias-municipales","8":"tag-cde","9":"tag-cnc","10":"tag-cnop","11":"tag-marlon-ramirez-marin","12":"tag-ponciano-vazquez-parissi","13":"tag-prerregistro","14":"tag-pri","15":"tag-veracruz","16":"tag-xalapa"},"yoast_head":"<!-- This site is optimized with the Yoast SEO plugin v27.4 - https:\/\/yoast.com\/product\/yoast-seo-wordpress\/ -->\n<title>A dar la cara por Veracruz! - Los pol\u00edticos Veracruz<\/title>\n<meta name=\"robots\" content=\"index, follow, max-snippet:-1, max-image-preview:large, max-video-preview:-1\" \/>\n<link rel=\"canonical\" href=\"https:\/\/lospoliticosveracruz.com\/?p=67960\" \/>\n<meta property=\"og:locale\" content=\"es_ES\" \/>\n<meta property=\"og:type\" content=\"article\" \/>\n<meta property=\"og:title\" content=\"A dar la cara por Veracruz! - Los pol\u00edticos Veracruz\" \/>\n<meta property=\"og:description\" content=\"&nbsp; Xalapa Hoy es un gran d\u00eda para el PRI y para Veracruz, estoy muy contento de ser el responsable de dirigir a este partido, en el que manda la militancia, quien nos entreg\u00f3 el mandato a quienes conformamos el Comit\u00e9 Directivo Estatal, expres\u00f3 Marlon Ram\u00edrez Mar\u00edn, dirigente estatal del partido en Veracruz. Al acudir [&hellip;]\" \/>\n<meta property=\"og:url\" content=\"https:\/\/lospoliticosveracruz.com\/?p=67960\" \/>\n<meta property=\"og:site_name\" content=\"Los pol\u00edticos Veracruz\" \/>\n<meta property=\"article:publisher\" content=\"https:\/\/www.facebook.com\/people\/Notimemes-de-los-Polticos\/61565672886568\/\" \/>\n<meta property=\"article:published_time\" content=\"2021-02-09T00:17:53+00:00\" \/>\n<meta property=\"og:image\" content=\"https:\/\/lospoliticosveracruz.com\/wp-content\/uploads\/2016\/07\/Logo-Dor.jpg\" \/>\n\t<meta property=\"og:image:width\" content=\"200\" \/>\n\t<meta property=\"og:image:height\" content=\"200\" \/>\n\t<meta property=\"og:image:type\" content=\"image\/jpeg\" \/>\n<meta name=\"author\" content=\"Lo viste en Los Pol\u00edticos\" \/>\n<meta name=\"twitter:card\" content=\"summary_large_image\" \/>\n<meta name=\"twitter:creator\" content=\"@LosPoliticosVer\" \/>\n<meta name=\"twitter:site\" content=\"@LosPoliticosVer\" \/>\n<meta name=\"twitter:label1\" content=\"Escrito por\" \/>\n\t<meta name=\"twitter:data1\" content=\"Lo viste en Los Pol\u00edticos\" \/>\n\t<meta name=\"twitter:label2\" content=\"Tiempo de lectura\" \/>\n\t<meta name=\"twitter:data2\" content=\"2 minutos\" \/>\n<script type=\"application\/ld+json\" class=\"yoast-schema-graph\">{\"@context\":\"https:\\\/\\\/schema.org\",\"@graph\":[{\"@type\":\"Article\",\"@id\":\"https:\\\/\\\/lospoliticosveracruz.com\\\/?p=67960#article\",\"isPartOf\":{\"@id\":\"https:\\\/\\\/lospoliticosveracruz.com\\\/?p=67960\"},\"author\":{\"name\":\"Lo viste en Los Pol\u00edticos\",\"@id\":\"https:\\\/\\\/lospoliticosveracruz.com\\\/#\\\/schema\\\/person\\\/b8702bb0e538456e6efd07080bf2a4a2\"},\"headline\":\"A dar la cara por Veracruz!\",\"datePublished\":\"2021-02-09T00:17:53+00:00\",\"mainEntityOfPage\":{\"@id\":\"https:\\\/\\\/lospoliticosveracruz.com\\\/?p=67960\"},\"wordCount\":482,\"commentCount\":0,\"publisher\":{\"@id\":\"https:\\\/\\\/lospoliticosveracruz.com\\\/#organization\"},\"keywords\":[\"Candidaturas Presidencias municipales\",\"CDE\",\"CNC\",\"CNOP\",\"Marlon Ram\u00edrez Mar\u00edn\",\"Ponciano V\u00e1zquez Parissi\",\"prerregistro\",\"PRI\",\"Veracruz\",\"Xalapa\"],\"articleSection\":[\"De Boleto\"],\"inLanguage\":\"es\",\"potentialAction\":[{\"@type\":\"CommentAction\",\"name\":\"Comment\",\"target\":[\"https:\\\/\\\/lospoliticosveracruz.com\\\/?p=67960#respond\"]}]},{\"@type\":\"WebPage\",\"@id\":\"https:\\\/\\\/lospoliticosveracruz.com\\\/?p=67960\",\"url\":\"https:\\\/\\\/lospoliticosveracruz.com\\\/?p=67960\",\"name\":\"A dar la cara por Veracruz! - Los pol\u00edticos Veracruz\",\"isPartOf\":{\"@id\":\"https:\\\/\\\/lospoliticosveracruz.com\\\/#website\"},\"datePublished\":\"2021-02-09T00:17:53+00:00\",\"breadcrumb\":{\"@id\":\"https:\\\/\\\/lospoliticosveracruz.com\\\/?p=67960#breadcrumb\"},\"inLanguage\":\"es\",\"potentialAction\":[{\"@type\":\"ReadAction\",\"target\":[\"https:\\\/\\\/lospoliticosveracruz.com\\\/?p=67960\"]}]},{\"@type\":\"BreadcrumbList\",\"@id\":\"https:\\\/\\\/lospoliticosveracruz.com\\\/?p=67960#breadcrumb\",\"itemListElement\":[{\"@type\":\"ListItem\",\"position\":1,\"name\":\"Portada\",\"item\":\"https:\\\/\\\/lospoliticosveracruz.com\\\/\"},{\"@type\":\"ListItem\",\"position\":2,\"name\":\"A dar la cara por Veracruz!\"}]},{\"@type\":\"WebSite\",\"@id\":\"https:\\\/\\\/lospoliticosveracruz.com\\\/#website\",\"url\":\"https:\\\/\\\/lospoliticosveracruz.com\\\/\",\"name\":\"Los pol\u00edticos Veracruz\",\"description\":\"\",\"publisher\":{\"@id\":\"https:\\\/\\\/lospoliticosveracruz.com\\\/#organization\"},\"potentialAction\":[{\"@type\":\"SearchAction\",\"target\":{\"@type\":\"EntryPoint\",\"urlTemplate\":\"https:\\\/\\\/lospoliticosveracruz.com\\\/?s={search_term_string}\"},\"query-input\":{\"@type\":\"PropertyValueSpecification\",\"valueRequired\":true,\"valueName\":\"search_term_string\"}}],\"inLanguage\":\"es\"},{\"@type\":\"Organization\",\"@id\":\"https:\\\/\\\/lospoliticosveracruz.com\\\/#organization\",\"name\":\"Los pol\u00edticos Veracruz\",\"url\":\"https:\\\/\\\/lospoliticosveracruz.com\\\/\",\"logo\":{\"@type\":\"ImageObject\",\"inLanguage\":\"es\",\"@id\":\"https:\\\/\\\/lospoliticosveracruz.com\\\/#\\\/schema\\\/logo\\\/image\\\/\",\"url\":\"https:\\\/\\\/lospoliticosveracruz.com\\\/wp-content\\\/uploads\\\/2025\\\/12\\\/Logo-Nuevo-LOS-POLITICOS-1.jpg\",\"contentUrl\":\"https:\\\/\\\/lospoliticosveracruz.com\\\/wp-content\\\/uploads\\\/2025\\\/12\\\/Logo-Nuevo-LOS-POLITICOS-1.jpg\",\"width\":260,\"height\":70,\"caption\":\"Los pol\u00edticos Veracruz\"},\"image\":{\"@id\":\"https:\\\/\\\/lospoliticosveracruz.com\\\/#\\\/schema\\\/logo\\\/image\\\/\"},\"sameAs\":[\"https:\\\/\\\/www.facebook.com\\\/people\\\/Notimemes-de-los-Polticos\\\/61565672886568\\\/\",\"https:\\\/\\\/x.com\\\/LosPoliticosVer\"]},{\"@type\":\"Person\",\"@id\":\"https:\\\/\\\/lospoliticosveracruz.com\\\/#\\\/schema\\\/person\\\/b8702bb0e538456e6efd07080bf2a4a2\",\"name\":\"Lo viste en Los Pol\u00edticos\",\"image\":{\"@type\":\"ImageObject\",\"inLanguage\":\"es\",\"@id\":\"https:\\\/\\\/secure.gravatar.com\\\/avatar\\\/3a8de04a2656d44082be478bd6c086daa447c4651605818287b9532d3d0bd435?s=96&d=mm&r=g\",\"url\":\"https:\\\/\\\/secure.gravatar.com\\\/avatar\\\/3a8de04a2656d44082be478bd6c086daa447c4651605818287b9532d3d0bd435?s=96&d=mm&r=g\",\"contentUrl\":\"https:\\\/\\\/secure.gravatar.com\\\/avatar\\\/3a8de04a2656d44082be478bd6c086daa447c4651605818287b9532d3d0bd435?s=96&d=mm&r=g\",\"caption\":\"Lo viste en Los Pol\u00edticos\"},\"url\":\"https:\\\/\\\/lospoliticosveracruz.com\\\/?author=2\"}]}<\/script>\n<!-- \/ Yoast SEO plugin. -->","yoast_head_json":{"title":"A dar la cara por Veracruz! - Los pol\u00edticos Veracruz","robots":{"index":"index","follow":"follow","max-snippet":"max-snippet:-1","max-image-preview":"max-image-preview:large","max-video-preview":"max-video-preview:-1"},"canonical":"https:\/\/lospoliticosveracruz.com\/?p=67960","og_locale":"es_ES","og_type":"article","og_title":"A dar la cara por Veracruz! - Los pol\u00edticos Veracruz","og_description":"&nbsp; Xalapa Hoy es un gran d\u00eda para el PRI y para Veracruz, estoy muy contento de ser el responsable de dirigir a este partido, en el que manda la militancia, quien nos entreg\u00f3 el mandato a quienes conformamos el Comit\u00e9 Directivo Estatal, expres\u00f3 Marlon Ram\u00edrez Mar\u00edn, dirigente estatal del partido en Veracruz. Al acudir [&hellip;]","og_url":"https:\/\/lospoliticosveracruz.com\/?p=67960","og_site_name":"Los pol\u00edticos Veracruz","article_publisher":"https:\/\/www.facebook.com\/people\/Notimemes-de-los-Polticos\/61565672886568\/","article_published_time":"2021-02-09T00:17:53+00:00","og_image":[{"width":200,"height":200,"url":"https:\/\/lospoliticosveracruz.com\/wp-content\/uploads\/2016\/07\/Logo-Dor.jpg","type":"image\/jpeg"}],"author":"Lo viste en Los Pol\u00edticos","twitter_card":"summary_large_image","twitter_creator":"@LosPoliticosVer","twitter_site":"@LosPoliticosVer","twitter_misc":{"Escrito por":"Lo viste en Los Pol\u00edticos","Tiempo de lectura":"2 minutos"},"schema":{"@context":"https:\/\/schema.org","@graph":[{"@type":"Article","@id":"https:\/\/lospoliticosveracruz.com\/?p=67960#article","isPartOf":{"@id":"https:\/\/lospoliticosveracruz.com\/?p=67960"},"author":{"name":"Lo viste en Los Pol\u00edticos","@id":"https:\/\/lospoliticosveracruz.com\/#\/schema\/person\/b8702bb0e538456e6efd07080bf2a4a2"},"headline":"A dar la cara por Veracruz!","datePublished":"2021-02-09T00:17:53+00:00","mainEntityOfPage":{"@id":"https:\/\/lospoliticosveracruz.com\/?p=67960"},"wordCount":482,"commentCount":0,"publisher":{"@id":"https:\/\/lospoliticosveracruz.com\/#organization"},"keywords":["Candidaturas Presidencias municipales","CDE","CNC","CNOP","Marlon Ram\u00edrez Mar\u00edn","Ponciano V\u00e1zquez Parissi","prerregistro","PRI","Veracruz","Xalapa"],"articleSection":["De Boleto"],"inLanguage":"es","potentialAction":[{"@type":"CommentAction","name":"Comment","target":["https:\/\/lospoliticosveracruz.com\/?p=67960#respond"]}]},{"@type":"WebPage","@id":"https:\/\/lospoliticosveracruz.com\/?p=67960","url":"https:\/\/lospoliticosveracruz.com\/?p=67960","name":"A dar la cara por Veracruz! - Los pol\u00edticos Veracruz","isPartOf":{"@id":"https:\/\/lospoliticosveracruz.com\/#website"},"datePublished":"2021-02-09T00:17:53+00:00","breadcrumb":{"@id":"https:\/\/lospoliticosveracruz.com\/?p=67960#breadcrumb"},"inLanguage":"es","potentialAction":[{"@type":"ReadAction","target":["https:\/\/lospoliticosveracruz.com\/?p=67960"]}]},{"@type":"BreadcrumbList","@id":"https:\/\/lospoliticosveracruz.com\/?p=67960#breadcrumb","itemListElement":[{"@type":"ListItem","position":1,"name":"Portada","item":"https:\/\/lospoliticosveracruz.com\/"},{"@type":"ListItem","position":2,"name":"A dar la cara por Veracruz!"}]},{"@type":"WebSite","@id":"https:\/\/lospoliticosveracruz.com\/#website","url":"https:\/\/lospoliticosveracruz.com\/","name":"Los pol\u00edticos Veracruz","description":"","publisher":{"@id":"https:\/\/lospoliticosveracruz.com\/#organization"},"potentialAction":[{"@type":"SearchAction","target":{"@type":"EntryPoint","urlTemplate":"https:\/\/lospoliticosveracruz.com\/?s={search_term_string}"},"query-input":{"@type":"PropertyValueSpecification","valueRequired":true,"valueName":"search_term_string"}}],"inLanguage":"es"},{"@type":"Organization","@id":"https:\/\/lospoliticosveracruz.com\/#organization","name":"Los pol\u00edticos Veracruz","url":"https:\/\/lospoliticosveracruz.com\/","logo":{"@type":"ImageObject","inLanguage":"es","@id":"https:\/\/lospoliticosveracruz.com\/#\/schema\/logo\/image\/","url":"https:\/\/lospoliticosveracruz.com\/wp-content\/uploads\/2025\/12\/Logo-Nuevo-LOS-POLITICOS-1.jpg","contentUrl":"https:\/\/lospoliticosveracruz.com\/wp-content\/uploads\/2025\/12\/Logo-Nuevo-LOS-POLITICOS-1.jpg","width":260,"height":70,"caption":"Los pol\u00edticos Veracruz"},"image":{"@id":"https:\/\/lospoliticosveracruz.com\/#\/schema\/logo\/image\/"},"sameAs":["https:\/\/www.facebook.com\/people\/Notimemes-de-los-Polticos\/61565672886568\/","https:\/\/x.com\/LosPoliticosVer"]},{"@type":"Person","@id":"https:\/\/lospoliticosveracruz.com\/#\/schema\/person\/b8702bb0e538456e6efd07080bf2a4a2","name":"Lo viste en Los Pol\u00edticos","image":{"@type":"ImageObject","inLanguage":"es","@id":"https:\/\/secure.gravatar.com\/avatar\/3a8de04a2656d44082be478bd6c086daa447c4651605818287b9532d3d0bd435?s=96&d=mm&r=g","url":"https:\/\/secure.gravatar.com\/avatar\/3a8de04a2656d44082be478bd6c086daa447c4651605818287b9532d3d0bd435?s=96&d=mm&r=g","contentUrl":"https:\/\/secure.gravatar.com\/avatar\/3a8de04a2656d44082be478bd6c086daa447c4651605818287b9532d3d0bd435?s=96&d=mm&r=g","caption":"Lo viste en Los Pol\u00edticos"},"url":"https:\/\/lospoliticosveracruz.com\/?author=2"}]}},"_links":{"self":[{"href":"https:\/\/lospoliticosveracruz.com\/index.php?rest_route=\/wp\/v2\/posts\/67960","targetHints":{"allow":["GET"]}}],"collection":[{"href":"https:\/\/lospoliticosveracruz.com\/index.php?rest_route=\/wp\/v2\/posts"}],"about":[{"href":"https:\/\/lospoliticosveracruz.com\/index.php?rest_route=\/wp\/v2\/types\/post"}],"author":[{"embeddable":true,"href":"https:\/\/lospoliticosveracruz.com\/index.php?rest_route=\/wp\/v2\/users\/2"}],"replies":[{"embeddable":true,"href":"https:\/\/lospoliticosveracruz.com\/index.php?rest_route=%2Fwp%2Fv2%2Fcomments&post=67960"}],"version-history":[{"count":1,"href":"https:\/\/lospoliticosveracruz.com\/index.php?rest_route=\/wp\/v2\/posts\/67960\/revisions"}],"predecessor-version":[{"id":67962,"href":"https:\/\/lospoliticosveracruz.com\/index.php?rest_route=\/wp\/v2\/posts\/67960\/revisions\/67962"}],"wp:attachment":[{"href":"https:\/\/lospoliticosveracruz.com\/index.php?rest_route=%2Fwp%2Fv2%2Fmedia&parent=67960"}],"wp:term":[{"taxonomy":"category","embeddable":true,"href":"https:\/\/lospoliticosveracruz.com\/index.php?rest_route=%2Fwp%2Fv2%2Fcategories&post=67960"},{"taxonomy":"post_tag","embeddable":true,"href":"https:\/\/lospoliticosveracruz.com\/index.php?rest_route=%2Fwp%2Fv2%2Ftags&post=67960"}],"curies":[{"name":"wp","href":"https:\/\/api.w.org\/{rel}","templated":true}]}}