{"id":68026,"date":"2021-02-09T21:59:40","date_gmt":"2021-02-10T03:59:40","guid":{"rendered":"http:\/\/www.lospoliticosveracruz.com.mx\/?p=68026"},"modified":"2021-02-09T21:59:40","modified_gmt":"2021-02-10T03:59:40","slug":"las-mujeres-mandan","status":"publish","type":"post","link":"https:\/\/lospoliticosveracruz.com\/?p=68026","title":{"rendered":"Las mujeres mandan"},"content":{"rendered":"<p><strong>Salvador Mu\u00f1oz<\/strong><\/p>\n<p><em>Los Pol\u00edticos<\/em><\/p>\n<p>El pasado cinco de febrero, en Acatl\u00e1n, como a las nueve de la noche, una serenata inusual se daba al balc\u00f3n de una dama. No le fueron a cantar amores, ni celebraron un cumplea\u00f1os ni se trataba de una reconciliaci\u00f3n\u2026 era una invitaci\u00f3n, tambi\u00e9n, inusual a una mujer por otra mujer\u2026 no, no es lo que se imaginan\u2026 no se pasen de \u201cOpen MInd\u201d&#8230; era Paquita la del Barrio cantando al balc\u00f3n de Angeles Mendoza Garc\u00eda para invitarla a participar como candidata a la presidencia municipal de este lugar, por el partido Movimiento Ciudadano.<br \/>\nEso s\u00ed, lo que iba a ser un asunto entre dos, acab\u00f3 volvi\u00e9ndose casi en una verbena popular porque en cuanto los vecinos reconocieron primero la voz, y luego, al personaje, salieron a escuchar de cerquita a la candidata a diputada por el distrito de Misantla.<br \/>\n<strong>II<\/strong><br \/>\nPaquita ha sido cuestionada por hacer lo que cualquier pol\u00edtico no har\u00eda: decir la verdad. \u00bfPor qu\u00e9 tendr\u00eda que saber un ciudadano lo que acontece en el Poder Legislativo, m\u00e1s all\u00e1 de lo que nos dicen: que all\u00ed se hacen Leyes y el Congreso es la casa del Pueblo?<br \/>\nEn cuanto nuestras Leyes se cambiaran, es decir, que entre los requisitos para ser diputado por seguir con este ejemplo, estableciera ser Licenciado en Derecho, Jurista o Doctor en esta rama, lo primero que desaparecer\u00eda en cualquier Congreso, ser\u00eda el presupuesto para Asesores\u2026 \u00bfo de verdad piensan que nuestros diputados son una lumbrera legislativa en dos patas? Quitemos a los asesores y salvo honrosas excepciones, d\u00edgame qu\u00e9 nos queda: ciudadanos elegidos en las urnas. Si hay malos diputados no es porque los hayamos elegido, sino porque simplemente no se quisieron preparar, m\u00ednimo, para leer la iniciativa que el asesor o el jefe de bancada les pone para pasar a tribuna.<br \/>\nA Paquita la critican por decir lo que ning\u00fan otro pol\u00edtico o candidato dir\u00eda: la verdad. Si ganara, tanto los ciudadanos de su distrito como los veracruzanos, as\u00ed como el sector que representa, tendr\u00edan que exigirle que se empapara de la responsabilidad conferida en las urnas y no ser una simple \u201clevanta-dedos\u201d\u2026 acu\u00e9rdense: \u201cque el pueblo me lo demande\u201d&#8230;<br \/>\n<strong>III<\/strong><br \/>\nUno de los tantos sectores que sin duda ha sido afectado por esta crisis sanitaria desde ya casi un a\u00f1o, es el de los grupos musicales; agregue los de espect\u00e1culos, como payasos, magos, los disc jockey, o ese conjunto de personas que \u201carman\u201d la fiesta infantil\u2026 sume a meseros, cocineros, banqueteros; adicione salones, teatros, centros de convenciones, y ponga de cereza a los proveedores\u2026 \u00bfya imagina la cantidad de p\u00e9rdidas y de todos los eventos, shows, espect\u00e1culos y fiestas que se ha perdido por la pandemia? Bueno, si usted ya tiene una idea de esto, pues igual lo tiene y en mejor medida y escala Paquita la del Barrio, quien no es ella nada m\u00e1s\u2026 Paquita es un grupo de m\u00fasicos, un t\u00e9cnico en sonido y luces, un agente, por citar a los que se me ocurren\u2026 en pocas palabras, Paquita es y sabe lo que es un empleo porque a diferencia de los pol\u00edticos que tienen la soluci\u00f3n a todos nuestros problemas, ella no ha vivido de nuestros impuestos pero s\u00ed de nuestros boletos o de la compra de un CD u hoy tan de moda, escuchando sus rolas en Spotify.<br \/>\nS\u00ed, Paquita es seguro que no sepa nada de pol\u00edtica, pero sabe trabajar. Insisto: Si gana, habr\u00e1 que exigirle se empape de su nueva labor como a cualquier otro ciudadano o pol\u00edtico triunfador.<br \/>\n<strong>IV<\/strong><br \/>\nEste viernes, Paquita la del Barrio estar\u00e1 en Yecuatla\u2026 no, no habr\u00e1 serenata, pero acompa\u00f1ar\u00e1 a Edgar Jim\u00e9nez P\u00e9rez, El Fara\u00f3n, en su entronizaci\u00f3n (para estar ad hoc) como dirigente municipal de Movimiento Ciudadano. Las serenatas de Paquita, todo indica, estar\u00e1n dirigidas a las mujeres, a que tomen la decisi\u00f3n de participar en un cambio, como con Angeles Mendoza Garc\u00eda, vecina de Acatl\u00e1n, quien es posible que no entienda de grillas pero s\u00ed de justicia, de bien com\u00fan, por una simple raz\u00f3n: es una ciudadana de a pie, que quiere lo mejor para sus vecinos, para Acatl\u00e1n, pero no se animaba a ser candidata\u2026 hasta que Paquita la del Barrio la convenci\u00f3 con una serenata:<br \/>\n\u201cNo tengas miedo por grandotes que los veas \/<br \/>\nPonte valiente ya ver\u00e1s como se amansan \/<br \/>\nQue aqu\u00ed las mujeres mandan!\u201d<\/p>\n<p>smcainito@gmail.com<\/p>\n","protected":false},"excerpt":{"rendered":"<p>Salvador Mu\u00f1oz Los Pol\u00edticos El pasado cinco de febrero, en Acatl\u00e1n, como a las nueve de la noche, una serenata inusual se daba al balc\u00f3n de una dama. No le fueron a cantar amores, ni celebraron un cumplea\u00f1os ni se trataba de una reconciliaci\u00f3n\u2026 era una invitaci\u00f3n, tambi\u00e9n, inusual a una mujer por otra mujer\u2026 [&hellip;]<\/p>\n","protected":false},"author":2,"featured_media":0,"comment_status":"open","ping_status":"open","sticky":false,"template":"","format":"standard","meta":{"tdm_status":"","tdm_grid_status":"","footnotes":""},"categories":[70],"tags":[5087,23927,26088,26089,201,2327,5659,2646],"class_list":{"0":"post-68026","1":"post","2":"type-post","3":"status-publish","4":"format-standard","6":"category-de-opinion","7":"tag-candidata","8":"tag-casa-del-pueblo","9":"tag-edgar-jimenez-perez","10":"tag-el-faraon","11":"tag-misantla","12":"tag-movimiento-ciudadano","13":"tag-paquita-la-del-barrio","14":"tag-salvador-munoz"},"yoast_head":"<!-- This site is optimized with the Yoast SEO plugin v27.4 - https:\/\/yoast.com\/product\/yoast-seo-wordpress\/ -->\n<title>Las mujeres mandan - Los pol\u00edticos Veracruz<\/title>\n<meta name=\"robots\" content=\"index, follow, max-snippet:-1, max-image-preview:large, max-video-preview:-1\" \/>\n<link rel=\"canonical\" href=\"https:\/\/lospoliticosveracruz.com\/?p=68026\" \/>\n<meta property=\"og:locale\" content=\"es_ES\" \/>\n<meta property=\"og:type\" content=\"article\" \/>\n<meta property=\"og:title\" content=\"Las mujeres mandan - Los pol\u00edticos Veracruz\" \/>\n<meta property=\"og:description\" content=\"Salvador Mu\u00f1oz Los Pol\u00edticos El pasado cinco de febrero, en Acatl\u00e1n, como a las nueve de la noche, una serenata inusual se daba al balc\u00f3n de una dama. No le fueron a cantar amores, ni celebraron un cumplea\u00f1os ni se trataba de una reconciliaci\u00f3n\u2026 era una invitaci\u00f3n, tambi\u00e9n, inusual a una mujer por otra mujer\u2026 [&hellip;]\" \/>\n<meta property=\"og:url\" content=\"https:\/\/lospoliticosveracruz.com\/?p=68026\" \/>\n<meta property=\"og:site_name\" content=\"Los pol\u00edticos Veracruz\" \/>\n<meta property=\"article:publisher\" content=\"https:\/\/www.facebook.com\/people\/Notimemes-de-los-Polticos\/61565672886568\/\" \/>\n<meta property=\"article:published_time\" content=\"2021-02-10T03:59:40+00:00\" \/>\n<meta property=\"og:image\" content=\"https:\/\/lospoliticosveracruz.com\/wp-content\/uploads\/2016\/07\/Logo-Dor.jpg\" \/>\n\t<meta property=\"og:image:width\" content=\"200\" \/>\n\t<meta property=\"og:image:height\" content=\"200\" \/>\n\t<meta property=\"og:image:type\" content=\"image\/jpeg\" \/>\n<meta name=\"author\" content=\"Lo viste en Los Pol\u00edticos\" \/>\n<meta name=\"twitter:card\" content=\"summary_large_image\" \/>\n<meta name=\"twitter:creator\" content=\"@LosPoliticosVer\" \/>\n<meta name=\"twitter:site\" content=\"@LosPoliticosVer\" \/>\n<meta name=\"twitter:label1\" content=\"Escrito por\" \/>\n\t<meta name=\"twitter:data1\" content=\"Lo viste en Los Pol\u00edticos\" \/>\n\t<meta name=\"twitter:label2\" content=\"Tiempo de lectura\" \/>\n\t<meta name=\"twitter:data2\" content=\"4 minutos\" \/>\n<script type=\"application\/ld+json\" class=\"yoast-schema-graph\">{\"@context\":\"https:\\\/\\\/schema.org\",\"@graph\":[{\"@type\":\"Article\",\"@id\":\"https:\\\/\\\/lospoliticosveracruz.com\\\/?p=68026#article\",\"isPartOf\":{\"@id\":\"https:\\\/\\\/lospoliticosveracruz.com\\\/?p=68026\"},\"author\":{\"name\":\"Lo viste en Los Pol\u00edticos\",\"@id\":\"https:\\\/\\\/lospoliticosveracruz.com\\\/#\\\/schema\\\/person\\\/b8702bb0e538456e6efd07080bf2a4a2\"},\"headline\":\"Las mujeres mandan\",\"datePublished\":\"2021-02-10T03:59:40+00:00\",\"mainEntityOfPage\":{\"@id\":\"https:\\\/\\\/lospoliticosveracruz.com\\\/?p=68026\"},\"wordCount\":779,\"commentCount\":0,\"publisher\":{\"@id\":\"https:\\\/\\\/lospoliticosveracruz.com\\\/#organization\"},\"keywords\":[\"candidata\",\"Casa del pueblo\",\"Edgar Jim\u00e9nez P\u00e9rez\",\"El Fara\u00f3n\",\"Misantla\",\"Movimiento Ciudadano\",\"Paquita la del Barrio\",\"Salvador Mu\u00f1oz\"],\"articleSection\":[\"De Opini\u00f3n\"],\"inLanguage\":\"es\",\"potentialAction\":[{\"@type\":\"CommentAction\",\"name\":\"Comment\",\"target\":[\"https:\\\/\\\/lospoliticosveracruz.com\\\/?p=68026#respond\"]}]},{\"@type\":\"WebPage\",\"@id\":\"https:\\\/\\\/lospoliticosveracruz.com\\\/?p=68026\",\"url\":\"https:\\\/\\\/lospoliticosveracruz.com\\\/?p=68026\",\"name\":\"Las mujeres mandan - Los pol\u00edticos Veracruz\",\"isPartOf\":{\"@id\":\"https:\\\/\\\/lospoliticosveracruz.com\\\/#website\"},\"datePublished\":\"2021-02-10T03:59:40+00:00\",\"breadcrumb\":{\"@id\":\"https:\\\/\\\/lospoliticosveracruz.com\\\/?p=68026#breadcrumb\"},\"inLanguage\":\"es\",\"potentialAction\":[{\"@type\":\"ReadAction\",\"target\":[\"https:\\\/\\\/lospoliticosveracruz.com\\\/?p=68026\"]}]},{\"@type\":\"BreadcrumbList\",\"@id\":\"https:\\\/\\\/lospoliticosveracruz.com\\\/?p=68026#breadcrumb\",\"itemListElement\":[{\"@type\":\"ListItem\",\"position\":1,\"name\":\"Portada\",\"item\":\"https:\\\/\\\/lospoliticosveracruz.com\\\/\"},{\"@type\":\"ListItem\",\"position\":2,\"name\":\"Las mujeres mandan\"}]},{\"@type\":\"WebSite\",\"@id\":\"https:\\\/\\\/lospoliticosveracruz.com\\\/#website\",\"url\":\"https:\\\/\\\/lospoliticosveracruz.com\\\/\",\"name\":\"Los pol\u00edticos Veracruz\",\"description\":\"\",\"publisher\":{\"@id\":\"https:\\\/\\\/lospoliticosveracruz.com\\\/#organization\"},\"potentialAction\":[{\"@type\":\"SearchAction\",\"target\":{\"@type\":\"EntryPoint\",\"urlTemplate\":\"https:\\\/\\\/lospoliticosveracruz.com\\\/?s={search_term_string}\"},\"query-input\":{\"@type\":\"PropertyValueSpecification\",\"valueRequired\":true,\"valueName\":\"search_term_string\"}}],\"inLanguage\":\"es\"},{\"@type\":\"Organization\",\"@id\":\"https:\\\/\\\/lospoliticosveracruz.com\\\/#organization\",\"name\":\"Los pol\u00edticos Veracruz\",\"url\":\"https:\\\/\\\/lospoliticosveracruz.com\\\/\",\"logo\":{\"@type\":\"ImageObject\",\"inLanguage\":\"es\",\"@id\":\"https:\\\/\\\/lospoliticosveracruz.com\\\/#\\\/schema\\\/logo\\\/image\\\/\",\"url\":\"https:\\\/\\\/lospoliticosveracruz.com\\\/wp-content\\\/uploads\\\/2025\\\/12\\\/Logo-Nuevo-LOS-POLITICOS-1.jpg\",\"contentUrl\":\"https:\\\/\\\/lospoliticosveracruz.com\\\/wp-content\\\/uploads\\\/2025\\\/12\\\/Logo-Nuevo-LOS-POLITICOS-1.jpg\",\"width\":260,\"height\":70,\"caption\":\"Los pol\u00edticos Veracruz\"},\"image\":{\"@id\":\"https:\\\/\\\/lospoliticosveracruz.com\\\/#\\\/schema\\\/logo\\\/image\\\/\"},\"sameAs\":[\"https:\\\/\\\/www.facebook.com\\\/people\\\/Notimemes-de-los-Polticos\\\/61565672886568\\\/\",\"https:\\\/\\\/x.com\\\/LosPoliticosVer\"]},{\"@type\":\"Person\",\"@id\":\"https:\\\/\\\/lospoliticosveracruz.com\\\/#\\\/schema\\\/person\\\/b8702bb0e538456e6efd07080bf2a4a2\",\"name\":\"Lo viste en Los Pol\u00edticos\",\"image\":{\"@type\":\"ImageObject\",\"inLanguage\":\"es\",\"@id\":\"https:\\\/\\\/secure.gravatar.com\\\/avatar\\\/3a8de04a2656d44082be478bd6c086daa447c4651605818287b9532d3d0bd435?s=96&d=mm&r=g\",\"url\":\"https:\\\/\\\/secure.gravatar.com\\\/avatar\\\/3a8de04a2656d44082be478bd6c086daa447c4651605818287b9532d3d0bd435?s=96&d=mm&r=g\",\"contentUrl\":\"https:\\\/\\\/secure.gravatar.com\\\/avatar\\\/3a8de04a2656d44082be478bd6c086daa447c4651605818287b9532d3d0bd435?s=96&d=mm&r=g\",\"caption\":\"Lo viste en Los Pol\u00edticos\"},\"url\":\"https:\\\/\\\/lospoliticosveracruz.com\\\/?author=2\"}]}<\/script>\n<!-- \/ Yoast SEO plugin. -->","yoast_head_json":{"title":"Las mujeres mandan - Los pol\u00edticos Veracruz","robots":{"index":"index","follow":"follow","max-snippet":"max-snippet:-1","max-image-preview":"max-image-preview:large","max-video-preview":"max-video-preview:-1"},"canonical":"https:\/\/lospoliticosveracruz.com\/?p=68026","og_locale":"es_ES","og_type":"article","og_title":"Las mujeres mandan - Los pol\u00edticos Veracruz","og_description":"Salvador Mu\u00f1oz Los Pol\u00edticos El pasado cinco de febrero, en Acatl\u00e1n, como a las nueve de la noche, una serenata inusual se daba al balc\u00f3n de una dama. No le fueron a cantar amores, ni celebraron un cumplea\u00f1os ni se trataba de una reconciliaci\u00f3n\u2026 era una invitaci\u00f3n, tambi\u00e9n, inusual a una mujer por otra mujer\u2026 [&hellip;]","og_url":"https:\/\/lospoliticosveracruz.com\/?p=68026","og_site_name":"Los pol\u00edticos Veracruz","article_publisher":"https:\/\/www.facebook.com\/people\/Notimemes-de-los-Polticos\/61565672886568\/","article_published_time":"2021-02-10T03:59:40+00:00","og_image":[{"width":200,"height":200,"url":"https:\/\/lospoliticosveracruz.com\/wp-content\/uploads\/2016\/07\/Logo-Dor.jpg","type":"image\/jpeg"}],"author":"Lo viste en Los Pol\u00edticos","twitter_card":"summary_large_image","twitter_creator":"@LosPoliticosVer","twitter_site":"@LosPoliticosVer","twitter_misc":{"Escrito por":"Lo viste en Los Pol\u00edticos","Tiempo de lectura":"4 minutos"},"schema":{"@context":"https:\/\/schema.org","@graph":[{"@type":"Article","@id":"https:\/\/lospoliticosveracruz.com\/?p=68026#article","isPartOf":{"@id":"https:\/\/lospoliticosveracruz.com\/?p=68026"},"author":{"name":"Lo viste en Los Pol\u00edticos","@id":"https:\/\/lospoliticosveracruz.com\/#\/schema\/person\/b8702bb0e538456e6efd07080bf2a4a2"},"headline":"Las mujeres mandan","datePublished":"2021-02-10T03:59:40+00:00","mainEntityOfPage":{"@id":"https:\/\/lospoliticosveracruz.com\/?p=68026"},"wordCount":779,"commentCount":0,"publisher":{"@id":"https:\/\/lospoliticosveracruz.com\/#organization"},"keywords":["candidata","Casa del pueblo","Edgar Jim\u00e9nez P\u00e9rez","El Fara\u00f3n","Misantla","Movimiento Ciudadano","Paquita la del Barrio","Salvador Mu\u00f1oz"],"articleSection":["De Opini\u00f3n"],"inLanguage":"es","potentialAction":[{"@type":"CommentAction","name":"Comment","target":["https:\/\/lospoliticosveracruz.com\/?p=68026#respond"]}]},{"@type":"WebPage","@id":"https:\/\/lospoliticosveracruz.com\/?p=68026","url":"https:\/\/lospoliticosveracruz.com\/?p=68026","name":"Las mujeres mandan - Los pol\u00edticos Veracruz","isPartOf":{"@id":"https:\/\/lospoliticosveracruz.com\/#website"},"datePublished":"2021-02-10T03:59:40+00:00","breadcrumb":{"@id":"https:\/\/lospoliticosveracruz.com\/?p=68026#breadcrumb"},"inLanguage":"es","potentialAction":[{"@type":"ReadAction","target":["https:\/\/lospoliticosveracruz.com\/?p=68026"]}]},{"@type":"BreadcrumbList","@id":"https:\/\/lospoliticosveracruz.com\/?p=68026#breadcrumb","itemListElement":[{"@type":"ListItem","position":1,"name":"Portada","item":"https:\/\/lospoliticosveracruz.com\/"},{"@type":"ListItem","position":2,"name":"Las mujeres mandan"}]},{"@type":"WebSite","@id":"https:\/\/lospoliticosveracruz.com\/#website","url":"https:\/\/lospoliticosveracruz.com\/","name":"Los pol\u00edticos Veracruz","description":"","publisher":{"@id":"https:\/\/lospoliticosveracruz.com\/#organization"},"potentialAction":[{"@type":"SearchAction","target":{"@type":"EntryPoint","urlTemplate":"https:\/\/lospoliticosveracruz.com\/?s={search_term_string}"},"query-input":{"@type":"PropertyValueSpecification","valueRequired":true,"valueName":"search_term_string"}}],"inLanguage":"es"},{"@type":"Organization","@id":"https:\/\/lospoliticosveracruz.com\/#organization","name":"Los pol\u00edticos Veracruz","url":"https:\/\/lospoliticosveracruz.com\/","logo":{"@type":"ImageObject","inLanguage":"es","@id":"https:\/\/lospoliticosveracruz.com\/#\/schema\/logo\/image\/","url":"https:\/\/lospoliticosveracruz.com\/wp-content\/uploads\/2025\/12\/Logo-Nuevo-LOS-POLITICOS-1.jpg","contentUrl":"https:\/\/lospoliticosveracruz.com\/wp-content\/uploads\/2025\/12\/Logo-Nuevo-LOS-POLITICOS-1.jpg","width":260,"height":70,"caption":"Los pol\u00edticos Veracruz"},"image":{"@id":"https:\/\/lospoliticosveracruz.com\/#\/schema\/logo\/image\/"},"sameAs":["https:\/\/www.facebook.com\/people\/Notimemes-de-los-Polticos\/61565672886568\/","https:\/\/x.com\/LosPoliticosVer"]},{"@type":"Person","@id":"https:\/\/lospoliticosveracruz.com\/#\/schema\/person\/b8702bb0e538456e6efd07080bf2a4a2","name":"Lo viste en Los Pol\u00edticos","image":{"@type":"ImageObject","inLanguage":"es","@id":"https:\/\/secure.gravatar.com\/avatar\/3a8de04a2656d44082be478bd6c086daa447c4651605818287b9532d3d0bd435?s=96&d=mm&r=g","url":"https:\/\/secure.gravatar.com\/avatar\/3a8de04a2656d44082be478bd6c086daa447c4651605818287b9532d3d0bd435?s=96&d=mm&r=g","contentUrl":"https:\/\/secure.gravatar.com\/avatar\/3a8de04a2656d44082be478bd6c086daa447c4651605818287b9532d3d0bd435?s=96&d=mm&r=g","caption":"Lo viste en Los Pol\u00edticos"},"url":"https:\/\/lospoliticosveracruz.com\/?author=2"}]}},"_links":{"self":[{"href":"https:\/\/lospoliticosveracruz.com\/index.php?rest_route=\/wp\/v2\/posts\/68026","targetHints":{"allow":["GET"]}}],"collection":[{"href":"https:\/\/lospoliticosveracruz.com\/index.php?rest_route=\/wp\/v2\/posts"}],"about":[{"href":"https:\/\/lospoliticosveracruz.com\/index.php?rest_route=\/wp\/v2\/types\/post"}],"author":[{"embeddable":true,"href":"https:\/\/lospoliticosveracruz.com\/index.php?rest_route=\/wp\/v2\/users\/2"}],"replies":[{"embeddable":true,"href":"https:\/\/lospoliticosveracruz.com\/index.php?rest_route=%2Fwp%2Fv2%2Fcomments&post=68026"}],"version-history":[{"count":1,"href":"https:\/\/lospoliticosveracruz.com\/index.php?rest_route=\/wp\/v2\/posts\/68026\/revisions"}],"predecessor-version":[{"id":68028,"href":"https:\/\/lospoliticosveracruz.com\/index.php?rest_route=\/wp\/v2\/posts\/68026\/revisions\/68028"}],"wp:attachment":[{"href":"https:\/\/lospoliticosveracruz.com\/index.php?rest_route=%2Fwp%2Fv2%2Fmedia&parent=68026"}],"wp:term":[{"taxonomy":"category","embeddable":true,"href":"https:\/\/lospoliticosveracruz.com\/index.php?rest_route=%2Fwp%2Fv2%2Fcategories&post=68026"},{"taxonomy":"post_tag","embeddable":true,"href":"https:\/\/lospoliticosveracruz.com\/index.php?rest_route=%2Fwp%2Fv2%2Ftags&post=68026"}],"curies":[{"name":"wp","href":"https:\/\/api.w.org\/{rel}","templated":true}]}}