{"id":68045,"date":"2021-02-10T10:14:46","date_gmt":"2021-02-10T16:14:46","guid":{"rendered":"http:\/\/www.lospoliticosveracruz.com.mx\/?p=68045"},"modified":"2021-02-10T10:14:46","modified_gmt":"2021-02-10T16:14:46","slug":"prohibir-subcontratacion-freno-a-la-inversion","status":"publish","type":"post","link":"https:\/\/lospoliticosveracruz.com\/?p=68045","title":{"rendered":"Prohibir subcontrataci\u00f3n, freno a la inversi\u00f3n"},"content":{"rendered":"<p><strong>Ciudad de M\u00e9xico<\/strong><\/p>\n<p>El presidente de la Confederaci\u00f3n Patronal de la Rep\u00fablica Mexicana (COPARMEX) Jos\u00e9 Medina Mora Icaza defendi\u00f3 la importancia de mantener el esquema de subcontrataci\u00f3n laboral, pues otorga flexibilidad a las empresas, a los trabajadores y aporta competitividad al pa\u00eds.<br \/>\nEn su participaci\u00f3n en el foro \u201cEl Impacto de la Subcontrataci\u00f3n en la Econom\u00eda\u201d organizado por Forbes M\u00e9xico, Medina Mora reiter\u00f3 el llamado a los legisladores para que contemplen esta figura pues su cancelaci\u00f3n representa riesgos como la salida de empresas del pa\u00eds y la p\u00e9rdida de empleos formales.<br \/>\nEn el panel \u201cEl Impacto Econ\u00f3mico y Social de la Subcontrataci\u00f3n\u201d en el que particip\u00f3 con Miguel P\u00e9rez Garc\u00eda, presidente de la Confederaci\u00f3n Mundial de Empleo en Am\u00e9rica Latina (WEC) y que moder\u00f3 El\u00edas Micha, el l\u00edder patronal subray\u00f3 que esta figura ofrece oportunidades de empleo formal para 4.6 millones de mexicanos.<br \/>\nEsta figura, sostuvo Medina Mora, ha permitido en algunos sectores como el campo dar formalidad a los trabajadores; adem\u00e1s, la subcontrataci\u00f3n es muy utilizada por empresas internacionales que tienen operaciones en M\u00e9xico, principalmente en el sector de las Tecnolog\u00edas de la Informaci\u00f3n donde esta estructura es fundamental.<br \/>\nRespecto al tema de malas pr\u00e1cticas empresariales en la tercerizaci\u00f3n, el l\u00edder patronal dijo que la Coparmex se ha manifestado por el respeto al Estado de Derecho, por lo que el llamado es a las autoridades para que a trav\u00e9s de las medidas aplicables, imponga las sanciones necesarias para frenar estas acciones.<br \/>\nReiter\u00f3 que en materia de subcontrataci\u00f3n M\u00e9xico necesita cumplir dos objetivos: el primero, mantenerla para conservar competitividad ante otros pa\u00edses que han avanzado en su regularizaci\u00f3n y formalizaci\u00f3n y, el segundo, privilegiar el respeto a los derechos de los trabajadores.<br \/>\nEn M\u00e9xico el 40 por ciento de quienes laboran bajo el esquema de subcontrataci\u00f3n son mujeres, el 25 por ciento son j\u00f3venes que ingresan a la vida laboral y este esquema flexible les permite combinar sus actividades de estudio o en el hogar con el \u00e1mbito profesional.<br \/>\nCuestionado respecto al esp\u00edritu de la Iniciativa que fue creada para evitar despidos en el mes de diciembre, Medina Mora dijo que ha habido comunicaci\u00f3n directa con el Presidente de la Rep\u00fablica para demostrarle con datos duros que este es un fen\u00f3meno c\u00edclico, no exclusivo de M\u00e9xico, que obedece a los ciclos naturales del empleo.<br \/>\nDijo que en el caso de M\u00e9xico, muy particularmente en diciembre, es porque se terminan proyectos relacionados con el mismo presupuesto del gobierno, que sabemos son presupuestos anuales que tienen que ejercerse y por lo mismo se planea la ejecuci\u00f3n de proyectos que terminan en diciembre.<br \/>\nPor \u00faltimo, se manifest\u00f3 a favor de la propuesta de Miguel P\u00e9rez Garc\u00eda para impulsar un pacto por el Trabajo Decente, pues el riesgo de la p\u00e9rdida de empleo por las inversiones que salgan del pa\u00eds, es alto.<\/p>\n","protected":false},"excerpt":{"rendered":"<p>Ciudad de M\u00e9xico El presidente de la Confederaci\u00f3n Patronal de la Rep\u00fablica Mexicana (COPARMEX) Jos\u00e9 Medina Mora Icaza defendi\u00f3 la importancia de mantener el esquema de subcontrataci\u00f3n laboral, pues otorga flexibilidad a las empresas, a los trabajadores y aporta competitividad al pa\u00eds. En su participaci\u00f3n en el foro \u201cEl Impacto de la Subcontrataci\u00f3n en la [&hellip;]<\/p>\n","protected":false},"author":2,"featured_media":0,"comment_status":"open","ping_status":"open","sticky":false,"template":"","format":"standard","meta":{"tdm_status":"","tdm_grid_status":"","footnotes":""},"categories":[73],"tags":[6293,24229,25193,25200,26101],"class_list":{"0":"post-68045","1":"post","2":"type-post","3":"status-publish","4":"format-standard","6":"category-de-boleto","7":"tag-coparmex","8":"tag-impacto-economico","9":"tag-jose-medina-mora-icaza","10":"tag-subcontratacion","11":"tag-subcontratacion-laboral"},"yoast_head":"<!-- This site is optimized with the Yoast SEO plugin v27.4 - https:\/\/yoast.com\/product\/yoast-seo-wordpress\/ -->\n<title>Prohibir subcontrataci\u00f3n, freno a la inversi\u00f3n - Los pol\u00edticos Veracruz<\/title>\n<meta name=\"robots\" content=\"index, follow, max-snippet:-1, max-image-preview:large, max-video-preview:-1\" \/>\n<link rel=\"canonical\" href=\"https:\/\/lospoliticosveracruz.com\/?p=68045\" \/>\n<meta property=\"og:locale\" content=\"es_ES\" \/>\n<meta property=\"og:type\" content=\"article\" \/>\n<meta property=\"og:title\" content=\"Prohibir subcontrataci\u00f3n, freno a la inversi\u00f3n - Los pol\u00edticos Veracruz\" \/>\n<meta property=\"og:description\" content=\"Ciudad de M\u00e9xico El presidente de la Confederaci\u00f3n Patronal de la Rep\u00fablica Mexicana (COPARMEX) Jos\u00e9 Medina Mora Icaza defendi\u00f3 la importancia de mantener el esquema de subcontrataci\u00f3n laboral, pues otorga flexibilidad a las empresas, a los trabajadores y aporta competitividad al pa\u00eds. En su participaci\u00f3n en el foro \u201cEl Impacto de la Subcontrataci\u00f3n en la [&hellip;]\" \/>\n<meta property=\"og:url\" content=\"https:\/\/lospoliticosveracruz.com\/?p=68045\" \/>\n<meta property=\"og:site_name\" content=\"Los pol\u00edticos Veracruz\" \/>\n<meta property=\"article:publisher\" content=\"https:\/\/www.facebook.com\/people\/Notimemes-de-los-Polticos\/61565672886568\/\" \/>\n<meta property=\"article:published_time\" content=\"2021-02-10T16:14:46+00:00\" \/>\n<meta property=\"og:image\" content=\"https:\/\/lospoliticosveracruz.com\/wp-content\/uploads\/2016\/07\/Logo-Dor.jpg\" \/>\n\t<meta property=\"og:image:width\" content=\"200\" \/>\n\t<meta property=\"og:image:height\" content=\"200\" \/>\n\t<meta property=\"og:image:type\" content=\"image\/jpeg\" \/>\n<meta name=\"author\" content=\"Lo viste en Los Pol\u00edticos\" \/>\n<meta name=\"twitter:card\" content=\"summary_large_image\" \/>\n<meta name=\"twitter:creator\" content=\"@LosPoliticosVer\" \/>\n<meta name=\"twitter:site\" content=\"@LosPoliticosVer\" \/>\n<meta name=\"twitter:label1\" content=\"Escrito por\" \/>\n\t<meta name=\"twitter:data1\" content=\"Lo viste en Los Pol\u00edticos\" \/>\n\t<meta name=\"twitter:label2\" content=\"Tiempo de lectura\" \/>\n\t<meta name=\"twitter:data2\" content=\"3 minutos\" \/>\n<script type=\"application\/ld+json\" class=\"yoast-schema-graph\">{\"@context\":\"https:\\\/\\\/schema.org\",\"@graph\":[{\"@type\":\"Article\",\"@id\":\"https:\\\/\\\/lospoliticosveracruz.com\\\/?p=68045#article\",\"isPartOf\":{\"@id\":\"https:\\\/\\\/lospoliticosveracruz.com\\\/?p=68045\"},\"author\":{\"name\":\"Lo viste en Los Pol\u00edticos\",\"@id\":\"https:\\\/\\\/lospoliticosveracruz.com\\\/#\\\/schema\\\/person\\\/b8702bb0e538456e6efd07080bf2a4a2\"},\"headline\":\"Prohibir subcontrataci\u00f3n, freno a la inversi\u00f3n\",\"datePublished\":\"2021-02-10T16:14:46+00:00\",\"mainEntityOfPage\":{\"@id\":\"https:\\\/\\\/lospoliticosveracruz.com\\\/?p=68045\"},\"wordCount\":522,\"commentCount\":0,\"publisher\":{\"@id\":\"https:\\\/\\\/lospoliticosveracruz.com\\\/#organization\"},\"keywords\":[\"Coparmex\",\"impacto econ\u00f3mico\",\"Jos\u00e9 Medina Mora Icaza\",\"subcontrataci\u00f3n\",\"Subcontrataci\u00f3n laboral\"],\"articleSection\":[\"De Boleto\"],\"inLanguage\":\"es\",\"potentialAction\":[{\"@type\":\"CommentAction\",\"name\":\"Comment\",\"target\":[\"https:\\\/\\\/lospoliticosveracruz.com\\\/?p=68045#respond\"]}]},{\"@type\":\"WebPage\",\"@id\":\"https:\\\/\\\/lospoliticosveracruz.com\\\/?p=68045\",\"url\":\"https:\\\/\\\/lospoliticosveracruz.com\\\/?p=68045\",\"name\":\"Prohibir subcontrataci\u00f3n, freno a la inversi\u00f3n - Los pol\u00edticos Veracruz\",\"isPartOf\":{\"@id\":\"https:\\\/\\\/lospoliticosveracruz.com\\\/#website\"},\"datePublished\":\"2021-02-10T16:14:46+00:00\",\"breadcrumb\":{\"@id\":\"https:\\\/\\\/lospoliticosveracruz.com\\\/?p=68045#breadcrumb\"},\"inLanguage\":\"es\",\"potentialAction\":[{\"@type\":\"ReadAction\",\"target\":[\"https:\\\/\\\/lospoliticosveracruz.com\\\/?p=68045\"]}]},{\"@type\":\"BreadcrumbList\",\"@id\":\"https:\\\/\\\/lospoliticosveracruz.com\\\/?p=68045#breadcrumb\",\"itemListElement\":[{\"@type\":\"ListItem\",\"position\":1,\"name\":\"Portada\",\"item\":\"https:\\\/\\\/lospoliticosveracruz.com\\\/\"},{\"@type\":\"ListItem\",\"position\":2,\"name\":\"Prohibir subcontrataci\u00f3n, freno a la inversi\u00f3n\"}]},{\"@type\":\"WebSite\",\"@id\":\"https:\\\/\\\/lospoliticosveracruz.com\\\/#website\",\"url\":\"https:\\\/\\\/lospoliticosveracruz.com\\\/\",\"name\":\"Los pol\u00edticos Veracruz\",\"description\":\"\",\"publisher\":{\"@id\":\"https:\\\/\\\/lospoliticosveracruz.com\\\/#organization\"},\"potentialAction\":[{\"@type\":\"SearchAction\",\"target\":{\"@type\":\"EntryPoint\",\"urlTemplate\":\"https:\\\/\\\/lospoliticosveracruz.com\\\/?s={search_term_string}\"},\"query-input\":{\"@type\":\"PropertyValueSpecification\",\"valueRequired\":true,\"valueName\":\"search_term_string\"}}],\"inLanguage\":\"es\"},{\"@type\":\"Organization\",\"@id\":\"https:\\\/\\\/lospoliticosveracruz.com\\\/#organization\",\"name\":\"Los pol\u00edticos Veracruz\",\"url\":\"https:\\\/\\\/lospoliticosveracruz.com\\\/\",\"logo\":{\"@type\":\"ImageObject\",\"inLanguage\":\"es\",\"@id\":\"https:\\\/\\\/lospoliticosveracruz.com\\\/#\\\/schema\\\/logo\\\/image\\\/\",\"url\":\"https:\\\/\\\/lospoliticosveracruz.com\\\/wp-content\\\/uploads\\\/2025\\\/12\\\/Logo-Nuevo-LOS-POLITICOS-1.jpg\",\"contentUrl\":\"https:\\\/\\\/lospoliticosveracruz.com\\\/wp-content\\\/uploads\\\/2025\\\/12\\\/Logo-Nuevo-LOS-POLITICOS-1.jpg\",\"width\":260,\"height\":70,\"caption\":\"Los pol\u00edticos Veracruz\"},\"image\":{\"@id\":\"https:\\\/\\\/lospoliticosveracruz.com\\\/#\\\/schema\\\/logo\\\/image\\\/\"},\"sameAs\":[\"https:\\\/\\\/www.facebook.com\\\/people\\\/Notimemes-de-los-Polticos\\\/61565672886568\\\/\",\"https:\\\/\\\/x.com\\\/LosPoliticosVer\"]},{\"@type\":\"Person\",\"@id\":\"https:\\\/\\\/lospoliticosveracruz.com\\\/#\\\/schema\\\/person\\\/b8702bb0e538456e6efd07080bf2a4a2\",\"name\":\"Lo viste en Los Pol\u00edticos\",\"image\":{\"@type\":\"ImageObject\",\"inLanguage\":\"es\",\"@id\":\"https:\\\/\\\/secure.gravatar.com\\\/avatar\\\/3a8de04a2656d44082be478bd6c086daa447c4651605818287b9532d3d0bd435?s=96&d=mm&r=g\",\"url\":\"https:\\\/\\\/secure.gravatar.com\\\/avatar\\\/3a8de04a2656d44082be478bd6c086daa447c4651605818287b9532d3d0bd435?s=96&d=mm&r=g\",\"contentUrl\":\"https:\\\/\\\/secure.gravatar.com\\\/avatar\\\/3a8de04a2656d44082be478bd6c086daa447c4651605818287b9532d3d0bd435?s=96&d=mm&r=g\",\"caption\":\"Lo viste en Los Pol\u00edticos\"},\"url\":\"https:\\\/\\\/lospoliticosveracruz.com\\\/?author=2\"}]}<\/script>\n<!-- \/ Yoast SEO plugin. -->","yoast_head_json":{"title":"Prohibir subcontrataci\u00f3n, freno a la inversi\u00f3n - Los pol\u00edticos Veracruz","robots":{"index":"index","follow":"follow","max-snippet":"max-snippet:-1","max-image-preview":"max-image-preview:large","max-video-preview":"max-video-preview:-1"},"canonical":"https:\/\/lospoliticosveracruz.com\/?p=68045","og_locale":"es_ES","og_type":"article","og_title":"Prohibir subcontrataci\u00f3n, freno a la inversi\u00f3n - Los pol\u00edticos Veracruz","og_description":"Ciudad de M\u00e9xico El presidente de la Confederaci\u00f3n Patronal de la Rep\u00fablica Mexicana (COPARMEX) Jos\u00e9 Medina Mora Icaza defendi\u00f3 la importancia de mantener el esquema de subcontrataci\u00f3n laboral, pues otorga flexibilidad a las empresas, a los trabajadores y aporta competitividad al pa\u00eds. En su participaci\u00f3n en el foro \u201cEl Impacto de la Subcontrataci\u00f3n en la [&hellip;]","og_url":"https:\/\/lospoliticosveracruz.com\/?p=68045","og_site_name":"Los pol\u00edticos Veracruz","article_publisher":"https:\/\/www.facebook.com\/people\/Notimemes-de-los-Polticos\/61565672886568\/","article_published_time":"2021-02-10T16:14:46+00:00","og_image":[{"width":200,"height":200,"url":"https:\/\/lospoliticosveracruz.com\/wp-content\/uploads\/2016\/07\/Logo-Dor.jpg","type":"image\/jpeg"}],"author":"Lo viste en Los Pol\u00edticos","twitter_card":"summary_large_image","twitter_creator":"@LosPoliticosVer","twitter_site":"@LosPoliticosVer","twitter_misc":{"Escrito por":"Lo viste en Los Pol\u00edticos","Tiempo de lectura":"3 minutos"},"schema":{"@context":"https:\/\/schema.org","@graph":[{"@type":"Article","@id":"https:\/\/lospoliticosveracruz.com\/?p=68045#article","isPartOf":{"@id":"https:\/\/lospoliticosveracruz.com\/?p=68045"},"author":{"name":"Lo viste en Los Pol\u00edticos","@id":"https:\/\/lospoliticosveracruz.com\/#\/schema\/person\/b8702bb0e538456e6efd07080bf2a4a2"},"headline":"Prohibir subcontrataci\u00f3n, freno a la inversi\u00f3n","datePublished":"2021-02-10T16:14:46+00:00","mainEntityOfPage":{"@id":"https:\/\/lospoliticosveracruz.com\/?p=68045"},"wordCount":522,"commentCount":0,"publisher":{"@id":"https:\/\/lospoliticosveracruz.com\/#organization"},"keywords":["Coparmex","impacto econ\u00f3mico","Jos\u00e9 Medina Mora Icaza","subcontrataci\u00f3n","Subcontrataci\u00f3n laboral"],"articleSection":["De Boleto"],"inLanguage":"es","potentialAction":[{"@type":"CommentAction","name":"Comment","target":["https:\/\/lospoliticosveracruz.com\/?p=68045#respond"]}]},{"@type":"WebPage","@id":"https:\/\/lospoliticosveracruz.com\/?p=68045","url":"https:\/\/lospoliticosveracruz.com\/?p=68045","name":"Prohibir subcontrataci\u00f3n, freno a la inversi\u00f3n - Los pol\u00edticos Veracruz","isPartOf":{"@id":"https:\/\/lospoliticosveracruz.com\/#website"},"datePublished":"2021-02-10T16:14:46+00:00","breadcrumb":{"@id":"https:\/\/lospoliticosveracruz.com\/?p=68045#breadcrumb"},"inLanguage":"es","potentialAction":[{"@type":"ReadAction","target":["https:\/\/lospoliticosveracruz.com\/?p=68045"]}]},{"@type":"BreadcrumbList","@id":"https:\/\/lospoliticosveracruz.com\/?p=68045#breadcrumb","itemListElement":[{"@type":"ListItem","position":1,"name":"Portada","item":"https:\/\/lospoliticosveracruz.com\/"},{"@type":"ListItem","position":2,"name":"Prohibir subcontrataci\u00f3n, freno a la inversi\u00f3n"}]},{"@type":"WebSite","@id":"https:\/\/lospoliticosveracruz.com\/#website","url":"https:\/\/lospoliticosveracruz.com\/","name":"Los pol\u00edticos Veracruz","description":"","publisher":{"@id":"https:\/\/lospoliticosveracruz.com\/#organization"},"potentialAction":[{"@type":"SearchAction","target":{"@type":"EntryPoint","urlTemplate":"https:\/\/lospoliticosveracruz.com\/?s={search_term_string}"},"query-input":{"@type":"PropertyValueSpecification","valueRequired":true,"valueName":"search_term_string"}}],"inLanguage":"es"},{"@type":"Organization","@id":"https:\/\/lospoliticosveracruz.com\/#organization","name":"Los pol\u00edticos Veracruz","url":"https:\/\/lospoliticosveracruz.com\/","logo":{"@type":"ImageObject","inLanguage":"es","@id":"https:\/\/lospoliticosveracruz.com\/#\/schema\/logo\/image\/","url":"https:\/\/lospoliticosveracruz.com\/wp-content\/uploads\/2025\/12\/Logo-Nuevo-LOS-POLITICOS-1.jpg","contentUrl":"https:\/\/lospoliticosveracruz.com\/wp-content\/uploads\/2025\/12\/Logo-Nuevo-LOS-POLITICOS-1.jpg","width":260,"height":70,"caption":"Los pol\u00edticos Veracruz"},"image":{"@id":"https:\/\/lospoliticosveracruz.com\/#\/schema\/logo\/image\/"},"sameAs":["https:\/\/www.facebook.com\/people\/Notimemes-de-los-Polticos\/61565672886568\/","https:\/\/x.com\/LosPoliticosVer"]},{"@type":"Person","@id":"https:\/\/lospoliticosveracruz.com\/#\/schema\/person\/b8702bb0e538456e6efd07080bf2a4a2","name":"Lo viste en Los Pol\u00edticos","image":{"@type":"ImageObject","inLanguage":"es","@id":"https:\/\/secure.gravatar.com\/avatar\/3a8de04a2656d44082be478bd6c086daa447c4651605818287b9532d3d0bd435?s=96&d=mm&r=g","url":"https:\/\/secure.gravatar.com\/avatar\/3a8de04a2656d44082be478bd6c086daa447c4651605818287b9532d3d0bd435?s=96&d=mm&r=g","contentUrl":"https:\/\/secure.gravatar.com\/avatar\/3a8de04a2656d44082be478bd6c086daa447c4651605818287b9532d3d0bd435?s=96&d=mm&r=g","caption":"Lo viste en Los Pol\u00edticos"},"url":"https:\/\/lospoliticosveracruz.com\/?author=2"}]}},"_links":{"self":[{"href":"https:\/\/lospoliticosveracruz.com\/index.php?rest_route=\/wp\/v2\/posts\/68045","targetHints":{"allow":["GET"]}}],"collection":[{"href":"https:\/\/lospoliticosveracruz.com\/index.php?rest_route=\/wp\/v2\/posts"}],"about":[{"href":"https:\/\/lospoliticosveracruz.com\/index.php?rest_route=\/wp\/v2\/types\/post"}],"author":[{"embeddable":true,"href":"https:\/\/lospoliticosveracruz.com\/index.php?rest_route=\/wp\/v2\/users\/2"}],"replies":[{"embeddable":true,"href":"https:\/\/lospoliticosveracruz.com\/index.php?rest_route=%2Fwp%2Fv2%2Fcomments&post=68045"}],"version-history":[{"count":1,"href":"https:\/\/lospoliticosveracruz.com\/index.php?rest_route=\/wp\/v2\/posts\/68045\/revisions"}],"predecessor-version":[{"id":68047,"href":"https:\/\/lospoliticosveracruz.com\/index.php?rest_route=\/wp\/v2\/posts\/68045\/revisions\/68047"}],"wp:attachment":[{"href":"https:\/\/lospoliticosveracruz.com\/index.php?rest_route=%2Fwp%2Fv2%2Fmedia&parent=68045"}],"wp:term":[{"taxonomy":"category","embeddable":true,"href":"https:\/\/lospoliticosveracruz.com\/index.php?rest_route=%2Fwp%2Fv2%2Fcategories&post=68045"},{"taxonomy":"post_tag","embeddable":true,"href":"https:\/\/lospoliticosveracruz.com\/index.php?rest_route=%2Fwp%2Fv2%2Ftags&post=68045"}],"curies":[{"name":"wp","href":"https:\/\/api.w.org\/{rel}","templated":true}]}}