{"id":68093,"date":"2021-02-11T09:43:01","date_gmt":"2021-02-11T15:43:01","guid":{"rendered":"http:\/\/www.lospoliticosveracruz.com.mx\/?p=68093"},"modified":"2021-02-11T09:43:01","modified_gmt":"2021-02-11T15:43:01","slug":"cuidado-con-los-prestamos-faciles","status":"publish","type":"post","link":"https:\/\/lospoliticosveracruz.com\/?p=68093","title":{"rendered":"Cuidado con los pr\u00e9stamos f\u00e1ciles"},"content":{"rendered":"<p><strong>Sergio Gonz\u00e1lez Levet <\/strong><\/p>\n<p><em>Sin tacto<\/em><\/p>\n<p>Claro, todos necesitamos dinero en estos momentos de crisis. Pr\u00e1cticamente a nadie le alcanza lo obtenido mes a mes, para vivir de una manera decorosa. Y por eso se va cayendo en deudas que al intentar pagarlas nos desaparecen lo poco conseguido en la quincena.<br \/>\n\u200bEs el signo cruel de la pandemia en las finanzas familiares.<br \/>\n\u200bY como la necesidad de muchos hace negocio, no han faltado quienes han echado la vista a este nicho de mercado y han dado con que ofrecer cr\u00e9ditos a trav\u00e9s de Internet resulta una oportunidad inmejorable para ganarse unos centavos, o m\u00e1s bien, much\u00edsimos centavos\u2026 muchis\u00edsimos.<br \/>\n\u200bYa se sabe que no se pueden mover cantidades considerables de dinero sin que lo advierta alg\u00fan grupo de malosos y sin que \u00e9stos quieran intervenir en el negocio, aunque lo hacen de acuerdo con sus reglas\u2026 o su falta de ellas.<br \/>\n\u200bAs\u00ed que los pr\u00e9stamos en l\u00ednea, que empezaron a tener una demanda inusitada en el mercado de las redes, fueron contaminados irremediablemente por la empresa del crimen, y as\u00ed empezaron a aparecer los fraudes a trav\u00e9s de la oferta por Internet.<br \/>\n\u201c\u00bfNecesita dinero? Nosotros se lo ofrecemos sin consultar bur\u00f3 de cr\u00e9dito. Desde 2 mil hasta 20 mil pesos, que en unos minutos estar\u00e1n depositados en su cuenta. Solamente necesitamos su credencial de elector y el n\u00famero de una cuenta o tarjeta bancaria.\u201d<br \/>\nAs\u00ed empieza el enganche de las v\u00edctimas, que por su desesperaci\u00f3n en pos del efectivo evaden el pensar en las consecuencias de estas operaciones tan \u201cgenerosas\u201d.<br \/>\nLa verdad, no hay dinero f\u00e1cil en ninguna parte. Lo que parece as\u00ed, siempre es un fraude.<br \/>\nY hay tambi\u00e9n un peligro mayor al de ser timados por defraudadores. Desde hace algunos a\u00f1os llegaron a M\u00e9xico ciertos grupos que prestan dinero f\u00e1cil, y la garant\u00eda de pago es la vida del cliente o la de su familia.<br \/>\nSi te atrasas en la mensualidad, primero te queman tu veh\u00edculo. Despu\u00e9s, te queman tu vivienda, sola o habitada. Con esas formas de cobranza, tienen una cartera vencida muy peque\u00f1a, y os que deben est\u00e1n por lo general en el cementerio.<br \/>\nHay una forma de asegurar que la empresa con la que se piensa contratar un cr\u00e9dito es legal: consultar la p\u00e1gina www.condusef.gob.mx, en donde hay una lista de los negocios autorizados oficialmente para hacer este tipo de operaciones.<br \/>\nY lo importante es no caer en el encanto de las sirenas, que ofrecen soluciones f\u00e1ciles para nuestros problemas m\u00e1s dif\u00edciles. Es no existe. Al caer en esa tentaci\u00f3n, estamos arriesgando nuestro patrimonio, nuestra vida y la de nuestros cercanos m\u00e1s queridos, esposa, hijos.<br \/>\nNo hay f\u00f3rmulas m\u00e1gicas que nos saquen del problema econ\u00f3mico, que es universal. No habr\u00e1 qui\u00e9n nos ayude a salir del hoyo. Por desgracia, lo \u00fanico que nos puede salvar somos nosotros mismos.<\/p>\n<p>sglevet@gmail.com<\/p>\n","protected":false},"excerpt":{"rendered":"<p>Sergio Gonz\u00e1lez Levet Sin tacto Claro, todos necesitamos dinero en estos momentos de crisis. Pr\u00e1cticamente a nadie le alcanza lo obtenido mes a mes, para vivir de una manera decorosa. Y por eso se va cayendo en deudas que al intentar pagarlas nos desaparecen lo poco conseguido en la quincena. \u200bEs el signo cruel de [&hellip;]<\/p>\n","protected":false},"author":2,"featured_media":0,"comment_status":"open","ping_status":"open","sticky":false,"template":"","format":"standard","meta":{"tdm_status":"","tdm_grid_status":"","footnotes":""},"categories":[70],"tags":[21169,8002,26118,26119,5198,18844,26120,1282,26117],"class_list":{"0":"post-68093","1":"post","2":"type-post","3":"status-publish","4":"format-standard","6":"category-de-opinion","7":"tag-casa-de-prestamos","8":"tag-condusef","9":"tag-enganos","10":"tag-estafas","11":"tag-internet","12":"tag-prestamos","13":"tag-problema-economico","14":"tag-sergio-gonzalez-levet","15":"tag-soluciones-faciles"},"yoast_head":"<!-- This site is optimized with the Yoast SEO plugin v27.4 - https:\/\/yoast.com\/product\/yoast-seo-wordpress\/ -->\n<title>Cuidado con los pr\u00e9stamos f\u00e1ciles - Los pol\u00edticos Veracruz<\/title>\n<meta name=\"robots\" content=\"index, follow, max-snippet:-1, max-image-preview:large, max-video-preview:-1\" \/>\n<link rel=\"canonical\" href=\"https:\/\/lospoliticosveracruz.com\/?p=68093\" \/>\n<meta property=\"og:locale\" content=\"es_ES\" \/>\n<meta property=\"og:type\" content=\"article\" \/>\n<meta property=\"og:title\" content=\"Cuidado con los pr\u00e9stamos f\u00e1ciles - Los pol\u00edticos Veracruz\" \/>\n<meta property=\"og:description\" content=\"Sergio Gonz\u00e1lez Levet Sin tacto Claro, todos necesitamos dinero en estos momentos de crisis. Pr\u00e1cticamente a nadie le alcanza lo obtenido mes a mes, para vivir de una manera decorosa. Y por eso se va cayendo en deudas que al intentar pagarlas nos desaparecen lo poco conseguido en la quincena. \u200bEs el signo cruel de [&hellip;]\" \/>\n<meta property=\"og:url\" content=\"https:\/\/lospoliticosveracruz.com\/?p=68093\" \/>\n<meta property=\"og:site_name\" content=\"Los pol\u00edticos Veracruz\" \/>\n<meta property=\"article:publisher\" content=\"https:\/\/www.facebook.com\/people\/Notimemes-de-los-Polticos\/61565672886568\/\" \/>\n<meta property=\"article:published_time\" content=\"2021-02-11T15:43:01+00:00\" \/>\n<meta property=\"og:image\" content=\"https:\/\/lospoliticosveracruz.com\/wp-content\/uploads\/2016\/07\/Logo-Dor.jpg\" \/>\n\t<meta property=\"og:image:width\" content=\"200\" \/>\n\t<meta property=\"og:image:height\" content=\"200\" \/>\n\t<meta property=\"og:image:type\" content=\"image\/jpeg\" \/>\n<meta name=\"author\" content=\"Lo viste en Los Pol\u00edticos\" \/>\n<meta name=\"twitter:card\" content=\"summary_large_image\" \/>\n<meta name=\"twitter:creator\" content=\"@LosPoliticosVer\" \/>\n<meta name=\"twitter:site\" content=\"@LosPoliticosVer\" \/>\n<meta name=\"twitter:label1\" content=\"Escrito por\" \/>\n\t<meta name=\"twitter:data1\" content=\"Lo viste en Los Pol\u00edticos\" \/>\n\t<meta name=\"twitter:label2\" content=\"Tiempo de lectura\" \/>\n\t<meta name=\"twitter:data2\" content=\"3 minutos\" \/>\n<script type=\"application\/ld+json\" class=\"yoast-schema-graph\">{\"@context\":\"https:\\\/\\\/schema.org\",\"@graph\":[{\"@type\":\"Article\",\"@id\":\"https:\\\/\\\/lospoliticosveracruz.com\\\/?p=68093#article\",\"isPartOf\":{\"@id\":\"https:\\\/\\\/lospoliticosveracruz.com\\\/?p=68093\"},\"author\":{\"name\":\"Lo viste en Los Pol\u00edticos\",\"@id\":\"https:\\\/\\\/lospoliticosveracruz.com\\\/#\\\/schema\\\/person\\\/b8702bb0e538456e6efd07080bf2a4a2\"},\"headline\":\"Cuidado con los pr\u00e9stamos f\u00e1ciles\",\"datePublished\":\"2021-02-11T15:43:01+00:00\",\"mainEntityOfPage\":{\"@id\":\"https:\\\/\\\/lospoliticosveracruz.com\\\/?p=68093\"},\"wordCount\":519,\"commentCount\":0,\"publisher\":{\"@id\":\"https:\\\/\\\/lospoliticosveracruz.com\\\/#organization\"},\"keywords\":[\"casa de pr\u00e9stamos\",\"Condusef\",\"Enga\u00f1os\",\"Estafas\",\"internet\",\"pr\u00e9stamos\",\"Problema econ\u00f3mico\",\"Sergio Gonz\u00e1lez Levet\",\"Soluciones f\u00e1ciles\"],\"articleSection\":[\"De Opini\u00f3n\"],\"inLanguage\":\"es\",\"potentialAction\":[{\"@type\":\"CommentAction\",\"name\":\"Comment\",\"target\":[\"https:\\\/\\\/lospoliticosveracruz.com\\\/?p=68093#respond\"]}]},{\"@type\":\"WebPage\",\"@id\":\"https:\\\/\\\/lospoliticosveracruz.com\\\/?p=68093\",\"url\":\"https:\\\/\\\/lospoliticosveracruz.com\\\/?p=68093\",\"name\":\"Cuidado con los pr\u00e9stamos f\u00e1ciles - Los pol\u00edticos Veracruz\",\"isPartOf\":{\"@id\":\"https:\\\/\\\/lospoliticosveracruz.com\\\/#website\"},\"datePublished\":\"2021-02-11T15:43:01+00:00\",\"breadcrumb\":{\"@id\":\"https:\\\/\\\/lospoliticosveracruz.com\\\/?p=68093#breadcrumb\"},\"inLanguage\":\"es\",\"potentialAction\":[{\"@type\":\"ReadAction\",\"target\":[\"https:\\\/\\\/lospoliticosveracruz.com\\\/?p=68093\"]}]},{\"@type\":\"BreadcrumbList\",\"@id\":\"https:\\\/\\\/lospoliticosveracruz.com\\\/?p=68093#breadcrumb\",\"itemListElement\":[{\"@type\":\"ListItem\",\"position\":1,\"name\":\"Portada\",\"item\":\"https:\\\/\\\/lospoliticosveracruz.com\\\/\"},{\"@type\":\"ListItem\",\"position\":2,\"name\":\"Cuidado con los pr\u00e9stamos f\u00e1ciles\"}]},{\"@type\":\"WebSite\",\"@id\":\"https:\\\/\\\/lospoliticosveracruz.com\\\/#website\",\"url\":\"https:\\\/\\\/lospoliticosveracruz.com\\\/\",\"name\":\"Los pol\u00edticos Veracruz\",\"description\":\"\",\"publisher\":{\"@id\":\"https:\\\/\\\/lospoliticosveracruz.com\\\/#organization\"},\"potentialAction\":[{\"@type\":\"SearchAction\",\"target\":{\"@type\":\"EntryPoint\",\"urlTemplate\":\"https:\\\/\\\/lospoliticosveracruz.com\\\/?s={search_term_string}\"},\"query-input\":{\"@type\":\"PropertyValueSpecification\",\"valueRequired\":true,\"valueName\":\"search_term_string\"}}],\"inLanguage\":\"es\"},{\"@type\":\"Organization\",\"@id\":\"https:\\\/\\\/lospoliticosveracruz.com\\\/#organization\",\"name\":\"Los pol\u00edticos Veracruz\",\"url\":\"https:\\\/\\\/lospoliticosveracruz.com\\\/\",\"logo\":{\"@type\":\"ImageObject\",\"inLanguage\":\"es\",\"@id\":\"https:\\\/\\\/lospoliticosveracruz.com\\\/#\\\/schema\\\/logo\\\/image\\\/\",\"url\":\"https:\\\/\\\/lospoliticosveracruz.com\\\/wp-content\\\/uploads\\\/2025\\\/12\\\/Logo-Nuevo-LOS-POLITICOS-1.jpg\",\"contentUrl\":\"https:\\\/\\\/lospoliticosveracruz.com\\\/wp-content\\\/uploads\\\/2025\\\/12\\\/Logo-Nuevo-LOS-POLITICOS-1.jpg\",\"width\":260,\"height\":70,\"caption\":\"Los pol\u00edticos Veracruz\"},\"image\":{\"@id\":\"https:\\\/\\\/lospoliticosveracruz.com\\\/#\\\/schema\\\/logo\\\/image\\\/\"},\"sameAs\":[\"https:\\\/\\\/www.facebook.com\\\/people\\\/Notimemes-de-los-Polticos\\\/61565672886568\\\/\",\"https:\\\/\\\/x.com\\\/LosPoliticosVer\"]},{\"@type\":\"Person\",\"@id\":\"https:\\\/\\\/lospoliticosveracruz.com\\\/#\\\/schema\\\/person\\\/b8702bb0e538456e6efd07080bf2a4a2\",\"name\":\"Lo viste en Los Pol\u00edticos\",\"image\":{\"@type\":\"ImageObject\",\"inLanguage\":\"es\",\"@id\":\"https:\\\/\\\/secure.gravatar.com\\\/avatar\\\/3a8de04a2656d44082be478bd6c086daa447c4651605818287b9532d3d0bd435?s=96&d=mm&r=g\",\"url\":\"https:\\\/\\\/secure.gravatar.com\\\/avatar\\\/3a8de04a2656d44082be478bd6c086daa447c4651605818287b9532d3d0bd435?s=96&d=mm&r=g\",\"contentUrl\":\"https:\\\/\\\/secure.gravatar.com\\\/avatar\\\/3a8de04a2656d44082be478bd6c086daa447c4651605818287b9532d3d0bd435?s=96&d=mm&r=g\",\"caption\":\"Lo viste en Los Pol\u00edticos\"},\"url\":\"https:\\\/\\\/lospoliticosveracruz.com\\\/?author=2\"}]}<\/script>\n<!-- \/ Yoast SEO plugin. -->","yoast_head_json":{"title":"Cuidado con los pr\u00e9stamos f\u00e1ciles - Los pol\u00edticos Veracruz","robots":{"index":"index","follow":"follow","max-snippet":"max-snippet:-1","max-image-preview":"max-image-preview:large","max-video-preview":"max-video-preview:-1"},"canonical":"https:\/\/lospoliticosveracruz.com\/?p=68093","og_locale":"es_ES","og_type":"article","og_title":"Cuidado con los pr\u00e9stamos f\u00e1ciles - Los pol\u00edticos Veracruz","og_description":"Sergio Gonz\u00e1lez Levet Sin tacto Claro, todos necesitamos dinero en estos momentos de crisis. Pr\u00e1cticamente a nadie le alcanza lo obtenido mes a mes, para vivir de una manera decorosa. Y por eso se va cayendo en deudas que al intentar pagarlas nos desaparecen lo poco conseguido en la quincena. \u200bEs el signo cruel de [&hellip;]","og_url":"https:\/\/lospoliticosveracruz.com\/?p=68093","og_site_name":"Los pol\u00edticos Veracruz","article_publisher":"https:\/\/www.facebook.com\/people\/Notimemes-de-los-Polticos\/61565672886568\/","article_published_time":"2021-02-11T15:43:01+00:00","og_image":[{"width":200,"height":200,"url":"https:\/\/lospoliticosveracruz.com\/wp-content\/uploads\/2016\/07\/Logo-Dor.jpg","type":"image\/jpeg"}],"author":"Lo viste en Los Pol\u00edticos","twitter_card":"summary_large_image","twitter_creator":"@LosPoliticosVer","twitter_site":"@LosPoliticosVer","twitter_misc":{"Escrito por":"Lo viste en Los Pol\u00edticos","Tiempo de lectura":"3 minutos"},"schema":{"@context":"https:\/\/schema.org","@graph":[{"@type":"Article","@id":"https:\/\/lospoliticosveracruz.com\/?p=68093#article","isPartOf":{"@id":"https:\/\/lospoliticosveracruz.com\/?p=68093"},"author":{"name":"Lo viste en Los Pol\u00edticos","@id":"https:\/\/lospoliticosveracruz.com\/#\/schema\/person\/b8702bb0e538456e6efd07080bf2a4a2"},"headline":"Cuidado con los pr\u00e9stamos f\u00e1ciles","datePublished":"2021-02-11T15:43:01+00:00","mainEntityOfPage":{"@id":"https:\/\/lospoliticosveracruz.com\/?p=68093"},"wordCount":519,"commentCount":0,"publisher":{"@id":"https:\/\/lospoliticosveracruz.com\/#organization"},"keywords":["casa de pr\u00e9stamos","Condusef","Enga\u00f1os","Estafas","internet","pr\u00e9stamos","Problema econ\u00f3mico","Sergio Gonz\u00e1lez Levet","Soluciones f\u00e1ciles"],"articleSection":["De Opini\u00f3n"],"inLanguage":"es","potentialAction":[{"@type":"CommentAction","name":"Comment","target":["https:\/\/lospoliticosveracruz.com\/?p=68093#respond"]}]},{"@type":"WebPage","@id":"https:\/\/lospoliticosveracruz.com\/?p=68093","url":"https:\/\/lospoliticosveracruz.com\/?p=68093","name":"Cuidado con los pr\u00e9stamos f\u00e1ciles - Los pol\u00edticos Veracruz","isPartOf":{"@id":"https:\/\/lospoliticosveracruz.com\/#website"},"datePublished":"2021-02-11T15:43:01+00:00","breadcrumb":{"@id":"https:\/\/lospoliticosveracruz.com\/?p=68093#breadcrumb"},"inLanguage":"es","potentialAction":[{"@type":"ReadAction","target":["https:\/\/lospoliticosveracruz.com\/?p=68093"]}]},{"@type":"BreadcrumbList","@id":"https:\/\/lospoliticosveracruz.com\/?p=68093#breadcrumb","itemListElement":[{"@type":"ListItem","position":1,"name":"Portada","item":"https:\/\/lospoliticosveracruz.com\/"},{"@type":"ListItem","position":2,"name":"Cuidado con los pr\u00e9stamos f\u00e1ciles"}]},{"@type":"WebSite","@id":"https:\/\/lospoliticosveracruz.com\/#website","url":"https:\/\/lospoliticosveracruz.com\/","name":"Los pol\u00edticos Veracruz","description":"","publisher":{"@id":"https:\/\/lospoliticosveracruz.com\/#organization"},"potentialAction":[{"@type":"SearchAction","target":{"@type":"EntryPoint","urlTemplate":"https:\/\/lospoliticosveracruz.com\/?s={search_term_string}"},"query-input":{"@type":"PropertyValueSpecification","valueRequired":true,"valueName":"search_term_string"}}],"inLanguage":"es"},{"@type":"Organization","@id":"https:\/\/lospoliticosveracruz.com\/#organization","name":"Los pol\u00edticos Veracruz","url":"https:\/\/lospoliticosveracruz.com\/","logo":{"@type":"ImageObject","inLanguage":"es","@id":"https:\/\/lospoliticosveracruz.com\/#\/schema\/logo\/image\/","url":"https:\/\/lospoliticosveracruz.com\/wp-content\/uploads\/2025\/12\/Logo-Nuevo-LOS-POLITICOS-1.jpg","contentUrl":"https:\/\/lospoliticosveracruz.com\/wp-content\/uploads\/2025\/12\/Logo-Nuevo-LOS-POLITICOS-1.jpg","width":260,"height":70,"caption":"Los pol\u00edticos Veracruz"},"image":{"@id":"https:\/\/lospoliticosveracruz.com\/#\/schema\/logo\/image\/"},"sameAs":["https:\/\/www.facebook.com\/people\/Notimemes-de-los-Polticos\/61565672886568\/","https:\/\/x.com\/LosPoliticosVer"]},{"@type":"Person","@id":"https:\/\/lospoliticosveracruz.com\/#\/schema\/person\/b8702bb0e538456e6efd07080bf2a4a2","name":"Lo viste en Los Pol\u00edticos","image":{"@type":"ImageObject","inLanguage":"es","@id":"https:\/\/secure.gravatar.com\/avatar\/3a8de04a2656d44082be478bd6c086daa447c4651605818287b9532d3d0bd435?s=96&d=mm&r=g","url":"https:\/\/secure.gravatar.com\/avatar\/3a8de04a2656d44082be478bd6c086daa447c4651605818287b9532d3d0bd435?s=96&d=mm&r=g","contentUrl":"https:\/\/secure.gravatar.com\/avatar\/3a8de04a2656d44082be478bd6c086daa447c4651605818287b9532d3d0bd435?s=96&d=mm&r=g","caption":"Lo viste en Los Pol\u00edticos"},"url":"https:\/\/lospoliticosveracruz.com\/?author=2"}]}},"_links":{"self":[{"href":"https:\/\/lospoliticosveracruz.com\/index.php?rest_route=\/wp\/v2\/posts\/68093","targetHints":{"allow":["GET"]}}],"collection":[{"href":"https:\/\/lospoliticosveracruz.com\/index.php?rest_route=\/wp\/v2\/posts"}],"about":[{"href":"https:\/\/lospoliticosveracruz.com\/index.php?rest_route=\/wp\/v2\/types\/post"}],"author":[{"embeddable":true,"href":"https:\/\/lospoliticosveracruz.com\/index.php?rest_route=\/wp\/v2\/users\/2"}],"replies":[{"embeddable":true,"href":"https:\/\/lospoliticosveracruz.com\/index.php?rest_route=%2Fwp%2Fv2%2Fcomments&post=68093"}],"version-history":[{"count":2,"href":"https:\/\/lospoliticosveracruz.com\/index.php?rest_route=\/wp\/v2\/posts\/68093\/revisions"}],"predecessor-version":[{"id":68096,"href":"https:\/\/lospoliticosveracruz.com\/index.php?rest_route=\/wp\/v2\/posts\/68093\/revisions\/68096"}],"wp:attachment":[{"href":"https:\/\/lospoliticosveracruz.com\/index.php?rest_route=%2Fwp%2Fv2%2Fmedia&parent=68093"}],"wp:term":[{"taxonomy":"category","embeddable":true,"href":"https:\/\/lospoliticosveracruz.com\/index.php?rest_route=%2Fwp%2Fv2%2Fcategories&post=68093"},{"taxonomy":"post_tag","embeddable":true,"href":"https:\/\/lospoliticosveracruz.com\/index.php?rest_route=%2Fwp%2Fv2%2Ftags&post=68093"}],"curies":[{"name":"wp","href":"https:\/\/api.w.org\/{rel}","templated":true}]}}