{"id":68123,"date":"2021-02-12T07:16:40","date_gmt":"2021-02-12T13:16:40","guid":{"rendered":"http:\/\/www.lospoliticosveracruz.com.mx\/?p=68123"},"modified":"2021-02-12T07:16:40","modified_gmt":"2021-02-12T13:16:40","slug":"una-imagen-dice-mas-que-mil-palabras","status":"publish","type":"post","link":"https:\/\/lospoliticosveracruz.com\/?p=68123","title":{"rendered":"Una imagen dice m\u00e1s que mil palabras"},"content":{"rendered":"<p><strong>Felipe de Jes\u00fas Fern\u00e1ndez Basilio<\/strong><br \/>\n<em>Desde a Janela<\/em><\/p>\n<p>En estos d\u00edas el presidente de la rep\u00fablica llev\u00f3 a cabo otra de sus acostumbradas puestas en escena e hizo la pantomima de llegar en un vuelo comercial para supervisar la construcci\u00f3n del aeropuerto de Santa Luc\u00eda, para muchos mejor conocido como la \u201cCentral Avionera del Norte\u201d y a juzgar por la imagen del edificio que mostraron, efectivamente guarda un gran parecido con la central de autobuses a la que debe el mote.<br \/>\nEn ese mismo acto circense desfilaron varios aviones comerciales sin pasajeros para demostrar que las pistas sirven, mas no me voy a detener en los pormenores del acto teatral ni tampoco en los avances o en la utilidad de esa obra caprichosa, ya que la imagen que m\u00e1s me impresion\u00f3 en ese show fue la del presidente de la Suprema Corte de Justicia de la Naci\u00f3n supervisando la obra junto al ejecutivo, legisladores oficialistas y la Jefe de Gobierno de la Ciudad de M\u00e9xico, quien tampoco se comprende el sentido de su presencia ah\u00ed, ya que ni la obra es local ni se encuentra dentro de los l\u00edmites de la ciudad pero al menos su presencia podr\u00eda justificarse como de invitada al evento y el reproche que se le pudiera hacer no pasa de descuidar un rato sus labores.<br \/>\nPero el que s\u00ed no tiene forma de justificar su presencia ah\u00ed es el ministro presidente de la corte; deliberadamente lo dejo en min\u00fasculas, porque con esa acci\u00f3n demuestra lo min\u00fascula que hace a la instituci\u00f3n que representa en estos tiempos.<br \/>\nY es injustificable su presencia en ese acto, porque la obra que ah\u00ed se est\u00e1 construyendo est\u00e1 siendo impugnada a trav\u00e9s de juicios de amparo iniciados por muchas personas y esas personas van desde los comuneros del lugar que se han visto afectados por la obra hasta ciudadanos que consideran que la cancelaci\u00f3n del otro proyecto aeroportuario que ya estaba avanzado para construir desde la nada a este va en contra de los principios rectores consagrados en la constituci\u00f3n sobre la conducci\u00f3n de la pol\u00edtica econ\u00f3mica del Estado y sin dejar de lado los conflictos jur\u00eddicos que puedan surgir a ra\u00edz de que han aparecido en el lugar de la obra restos de animales prehist\u00f3ricos m\u00e1s los que puedan surgir por cualquier otra raz\u00f3n.<br \/>\nSiendo el problema que, por lo visto al ministro presidente no le preocupa en lo absoluto, que todos eso juicios se tienen que resolver por el poder que representa, ya que ser\u00e1n juzgados de distrito que son parte del poder judicial federal los que tengan que conocer y resolver esos amparos y sin olvidar que las segundas instancias de esos juicios estar\u00e1n a cargo de tribunales de circuito o de la propia corte.<br \/>\nLo cual deja al desnudo el conflicto de inter\u00e9s en que incurre el ministro presidente, ya que por una parte representa a los jueces a cuyo cargo estar\u00e1 resolver los amparos planteados e incluso pudiera tener personalmente el voto de calidad para resolver alguno que pudiera llegar al pleno de la Corte y por la otra va a supervisar la obra cuya legalidad est\u00e1 sometida a la jurisdicci\u00f3n de sus tribunales.<br \/>\nLo anterior va a quedar mejor ilustrado con un sencillo ejemplo y este consiste en que imaginemos a una pareja que se est\u00e1 divorciando y el juez a cargo del divorcio va a cenar a casa de uno de los contendientes y de paso ve como convive con sus hijos y como lleva la casa; \u00bfd\u00edganme ustedes si creen que ser\u00eda correcto que ese juez siguiera a cargo del asunto?<br \/>\nPues la misma respuesta es la que aplica al se\u00f1or Zald\u00edvar Lelo de Larrea, ya que despu\u00e9s de supervisar la obra del aeropuerto deber\u00eda no solo de excusarse de conocer el asunto si alguno de los amparos llegara a la corte, sino que debe de renunciar a la presidencia de la Suprema Corte de Justicia y a la del Consejo de la Judicatura Federal por prestarse sobre todo el segundo de esos cargos para presionar de alguna manera a los \u00f3rganos jurisdiccionales sujetos a su competencia.<br \/>\nAs\u00ed nos podemos dar cuenta como una imagen aparentemente inofensiva e incluso disfrazada de institucional, ya que a priori nadie  cuestionar\u00eda una reuni\u00f3n de los representantes de los Poderes de la Uni\u00f3n para un evento pero s\u00ed observamos detenidamente lo que esa imagen nos muestra, vemos que el mensaje es muy diferente, sobretodo en el caso del poder judicial, ya que no se trata de un acto ceremonial previsto por la constituci\u00f3n como la rendici\u00f3n de un informe o la investidura de un presidente sino que se trata de la supervisi\u00f3n de una obra controvertida en los tribunales.<br \/>\nImagen que adem\u00e1s hecha por tierra a la gran cantidad de anuncios hechos tanto por el propio ministro presidente en sus redes sociales como por el Poder Judicial de la Federaci\u00f3n tanto en su medio de comunicaci\u00f3n como en los masivos, en los que hablan de un poder judicial recto e imparcial.<br \/>\nSin embargo, lo que vemos a trav\u00e9s de esta imagen es precisamente lo contrario: ya que vemos a un presidente de la Suprema Corte de Justicia revisando los avances de una obra que se encuentra sujeta a juicio o como se dice en el argot jur\u00eddico \u201csubjudice\u201d, con lo cual se genera inmediatamente la percepci\u00f3n de un poder judicial sumiso y parcial, ya que se pierde la confianza acerca del fallo que en su momento se diera, sobre todo si este es en contra de los peticionarios del amparo mas tambi\u00e9n si les resulta favorable, ya que se podr\u00eda decir que quiso compensar.<br \/>\nEn los dos casos lo que se pierde es la rectitud y la imparcialidad que debe de tener el juzgador.<br \/>\nY como podemos darnos cuenta, la imagen del m\u00e1ximo jerarca del poder judicial en Santa Luc\u00eda dice mucho m\u00e1s que toda la propaganda que hace el poder a su cargo.<\/p>\n<p>felfebas@gmail.com<br \/>\nTwitter: @FelipeFBasilio<\/p>\n","protected":false},"excerpt":{"rendered":"<p>Felipe de Jes\u00fas Fern\u00e1ndez Basilio Desde a Janela En estos d\u00edas el presidente de la rep\u00fablica llev\u00f3 a cabo otra de sus acostumbradas puestas en escena e hizo la pantomima de llegar en un vuelo comercial para supervisar la construcci\u00f3n del aeropuerto de Santa Luc\u00eda, para muchos mejor conocido como la \u201cCentral Avionera del Norte\u201d [&hellip;]<\/p>\n","protected":false},"author":2,"featured_media":0,"comment_status":"open","ping_status":"open","sticky":false,"template":"","format":"standard","meta":{"tdm_status":"","tdm_grid_status":"","footnotes":""},"categories":[70],"tags":[618,26131,19390,26133,26136,26134],"class_list":{"0":"post-68123","1":"post","2":"type-post","3":"status-publish","4":"format-standard","6":"category-de-opinion","7":"tag-andres-manuel-lopez-obrador","8":"tag-central-avionera-del-norte","9":"tag-juicios","10":"tag-mote","11":"tag-poder-judicial-recto-e-imparcial","12":"tag-proyecto-aeroportuario"},"yoast_head":"<!-- This site is optimized with the Yoast SEO plugin v27.4 - https:\/\/yoast.com\/product\/yoast-seo-wordpress\/ -->\n<title>Una imagen dice m\u00e1s que mil palabras - Los pol\u00edticos Veracruz<\/title>\n<meta name=\"robots\" content=\"index, follow, max-snippet:-1, max-image-preview:large, max-video-preview:-1\" \/>\n<link rel=\"canonical\" href=\"https:\/\/lospoliticosveracruz.com\/?p=68123\" \/>\n<meta property=\"og:locale\" content=\"es_ES\" \/>\n<meta property=\"og:type\" content=\"article\" \/>\n<meta property=\"og:title\" content=\"Una imagen dice m\u00e1s que mil palabras - Los pol\u00edticos Veracruz\" \/>\n<meta property=\"og:description\" content=\"Felipe de Jes\u00fas Fern\u00e1ndez Basilio Desde a Janela En estos d\u00edas el presidente de la rep\u00fablica llev\u00f3 a cabo otra de sus acostumbradas puestas en escena e hizo la pantomima de llegar en un vuelo comercial para supervisar la construcci\u00f3n del aeropuerto de Santa Luc\u00eda, para muchos mejor conocido como la \u201cCentral Avionera del Norte\u201d [&hellip;]\" \/>\n<meta property=\"og:url\" content=\"https:\/\/lospoliticosveracruz.com\/?p=68123\" \/>\n<meta property=\"og:site_name\" content=\"Los pol\u00edticos Veracruz\" \/>\n<meta property=\"article:publisher\" content=\"https:\/\/www.facebook.com\/people\/Notimemes-de-los-Polticos\/61565672886568\/\" \/>\n<meta property=\"article:published_time\" content=\"2021-02-12T13:16:40+00:00\" \/>\n<meta property=\"og:image\" content=\"https:\/\/lospoliticosveracruz.com\/wp-content\/uploads\/2016\/07\/Logo-Dor.jpg\" \/>\n\t<meta property=\"og:image:width\" content=\"200\" \/>\n\t<meta property=\"og:image:height\" content=\"200\" \/>\n\t<meta property=\"og:image:type\" content=\"image\/jpeg\" \/>\n<meta name=\"author\" content=\"Lo viste en Los Pol\u00edticos\" \/>\n<meta name=\"twitter:card\" content=\"summary_large_image\" \/>\n<meta name=\"twitter:creator\" content=\"@LosPoliticosVer\" \/>\n<meta name=\"twitter:site\" content=\"@LosPoliticosVer\" \/>\n<meta name=\"twitter:label1\" content=\"Escrito por\" \/>\n\t<meta name=\"twitter:data1\" content=\"Lo viste en Los Pol\u00edticos\" \/>\n\t<meta name=\"twitter:label2\" content=\"Tiempo de lectura\" \/>\n\t<meta name=\"twitter:data2\" content=\"5 minutos\" \/>\n<script type=\"application\/ld+json\" class=\"yoast-schema-graph\">{\"@context\":\"https:\\\/\\\/schema.org\",\"@graph\":[{\"@type\":\"Article\",\"@id\":\"https:\\\/\\\/lospoliticosveracruz.com\\\/?p=68123#article\",\"isPartOf\":{\"@id\":\"https:\\\/\\\/lospoliticosveracruz.com\\\/?p=68123\"},\"author\":{\"name\":\"Lo viste en Los Pol\u00edticos\",\"@id\":\"https:\\\/\\\/lospoliticosveracruz.com\\\/#\\\/schema\\\/person\\\/b8702bb0e538456e6efd07080bf2a4a2\"},\"headline\":\"Una imagen dice m\u00e1s que mil palabras\",\"datePublished\":\"2021-02-12T13:16:40+00:00\",\"mainEntityOfPage\":{\"@id\":\"https:\\\/\\\/lospoliticosveracruz.com\\\/?p=68123\"},\"wordCount\":1054,\"commentCount\":0,\"publisher\":{\"@id\":\"https:\\\/\\\/lospoliticosveracruz.com\\\/#organization\"},\"keywords\":[\"Andr\u00e9s Manuel L\u00f3pez Obrador\",\"Central Avionera del Norte\",\"juicios\",\"Mote\",\"poder judicial recto e imparcial\",\"proyecto aeroportuario\"],\"articleSection\":[\"De Opini\u00f3n\"],\"inLanguage\":\"es\",\"potentialAction\":[{\"@type\":\"CommentAction\",\"name\":\"Comment\",\"target\":[\"https:\\\/\\\/lospoliticosveracruz.com\\\/?p=68123#respond\"]}]},{\"@type\":\"WebPage\",\"@id\":\"https:\\\/\\\/lospoliticosveracruz.com\\\/?p=68123\",\"url\":\"https:\\\/\\\/lospoliticosveracruz.com\\\/?p=68123\",\"name\":\"Una imagen dice m\u00e1s que mil palabras - Los pol\u00edticos Veracruz\",\"isPartOf\":{\"@id\":\"https:\\\/\\\/lospoliticosveracruz.com\\\/#website\"},\"datePublished\":\"2021-02-12T13:16:40+00:00\",\"breadcrumb\":{\"@id\":\"https:\\\/\\\/lospoliticosveracruz.com\\\/?p=68123#breadcrumb\"},\"inLanguage\":\"es\",\"potentialAction\":[{\"@type\":\"ReadAction\",\"target\":[\"https:\\\/\\\/lospoliticosveracruz.com\\\/?p=68123\"]}]},{\"@type\":\"BreadcrumbList\",\"@id\":\"https:\\\/\\\/lospoliticosveracruz.com\\\/?p=68123#breadcrumb\",\"itemListElement\":[{\"@type\":\"ListItem\",\"position\":1,\"name\":\"Portada\",\"item\":\"https:\\\/\\\/lospoliticosveracruz.com\\\/\"},{\"@type\":\"ListItem\",\"position\":2,\"name\":\"Una imagen dice m\u00e1s que mil palabras\"}]},{\"@type\":\"WebSite\",\"@id\":\"https:\\\/\\\/lospoliticosveracruz.com\\\/#website\",\"url\":\"https:\\\/\\\/lospoliticosveracruz.com\\\/\",\"name\":\"Los pol\u00edticos Veracruz\",\"description\":\"\",\"publisher\":{\"@id\":\"https:\\\/\\\/lospoliticosveracruz.com\\\/#organization\"},\"potentialAction\":[{\"@type\":\"SearchAction\",\"target\":{\"@type\":\"EntryPoint\",\"urlTemplate\":\"https:\\\/\\\/lospoliticosveracruz.com\\\/?s={search_term_string}\"},\"query-input\":{\"@type\":\"PropertyValueSpecification\",\"valueRequired\":true,\"valueName\":\"search_term_string\"}}],\"inLanguage\":\"es\"},{\"@type\":\"Organization\",\"@id\":\"https:\\\/\\\/lospoliticosveracruz.com\\\/#organization\",\"name\":\"Los pol\u00edticos Veracruz\",\"url\":\"https:\\\/\\\/lospoliticosveracruz.com\\\/\",\"logo\":{\"@type\":\"ImageObject\",\"inLanguage\":\"es\",\"@id\":\"https:\\\/\\\/lospoliticosveracruz.com\\\/#\\\/schema\\\/logo\\\/image\\\/\",\"url\":\"https:\\\/\\\/lospoliticosveracruz.com\\\/wp-content\\\/uploads\\\/2025\\\/12\\\/Logo-Nuevo-LOS-POLITICOS-1.jpg\",\"contentUrl\":\"https:\\\/\\\/lospoliticosveracruz.com\\\/wp-content\\\/uploads\\\/2025\\\/12\\\/Logo-Nuevo-LOS-POLITICOS-1.jpg\",\"width\":260,\"height\":70,\"caption\":\"Los pol\u00edticos Veracruz\"},\"image\":{\"@id\":\"https:\\\/\\\/lospoliticosveracruz.com\\\/#\\\/schema\\\/logo\\\/image\\\/\"},\"sameAs\":[\"https:\\\/\\\/www.facebook.com\\\/people\\\/Notimemes-de-los-Polticos\\\/61565672886568\\\/\",\"https:\\\/\\\/x.com\\\/LosPoliticosVer\"]},{\"@type\":\"Person\",\"@id\":\"https:\\\/\\\/lospoliticosveracruz.com\\\/#\\\/schema\\\/person\\\/b8702bb0e538456e6efd07080bf2a4a2\",\"name\":\"Lo viste en Los Pol\u00edticos\",\"image\":{\"@type\":\"ImageObject\",\"inLanguage\":\"es\",\"@id\":\"https:\\\/\\\/secure.gravatar.com\\\/avatar\\\/3a8de04a2656d44082be478bd6c086daa447c4651605818287b9532d3d0bd435?s=96&d=mm&r=g\",\"url\":\"https:\\\/\\\/secure.gravatar.com\\\/avatar\\\/3a8de04a2656d44082be478bd6c086daa447c4651605818287b9532d3d0bd435?s=96&d=mm&r=g\",\"contentUrl\":\"https:\\\/\\\/secure.gravatar.com\\\/avatar\\\/3a8de04a2656d44082be478bd6c086daa447c4651605818287b9532d3d0bd435?s=96&d=mm&r=g\",\"caption\":\"Lo viste en Los Pol\u00edticos\"},\"url\":\"https:\\\/\\\/lospoliticosveracruz.com\\\/?author=2\"}]}<\/script>\n<!-- \/ Yoast SEO plugin. -->","yoast_head_json":{"title":"Una imagen dice m\u00e1s que mil palabras - Los pol\u00edticos Veracruz","robots":{"index":"index","follow":"follow","max-snippet":"max-snippet:-1","max-image-preview":"max-image-preview:large","max-video-preview":"max-video-preview:-1"},"canonical":"https:\/\/lospoliticosveracruz.com\/?p=68123","og_locale":"es_ES","og_type":"article","og_title":"Una imagen dice m\u00e1s que mil palabras - Los pol\u00edticos Veracruz","og_description":"Felipe de Jes\u00fas Fern\u00e1ndez Basilio Desde a Janela En estos d\u00edas el presidente de la rep\u00fablica llev\u00f3 a cabo otra de sus acostumbradas puestas en escena e hizo la pantomima de llegar en un vuelo comercial para supervisar la construcci\u00f3n del aeropuerto de Santa Luc\u00eda, para muchos mejor conocido como la \u201cCentral Avionera del Norte\u201d [&hellip;]","og_url":"https:\/\/lospoliticosveracruz.com\/?p=68123","og_site_name":"Los pol\u00edticos Veracruz","article_publisher":"https:\/\/www.facebook.com\/people\/Notimemes-de-los-Polticos\/61565672886568\/","article_published_time":"2021-02-12T13:16:40+00:00","og_image":[{"width":200,"height":200,"url":"https:\/\/lospoliticosveracruz.com\/wp-content\/uploads\/2016\/07\/Logo-Dor.jpg","type":"image\/jpeg"}],"author":"Lo viste en Los Pol\u00edticos","twitter_card":"summary_large_image","twitter_creator":"@LosPoliticosVer","twitter_site":"@LosPoliticosVer","twitter_misc":{"Escrito por":"Lo viste en Los Pol\u00edticos","Tiempo de lectura":"5 minutos"},"schema":{"@context":"https:\/\/schema.org","@graph":[{"@type":"Article","@id":"https:\/\/lospoliticosveracruz.com\/?p=68123#article","isPartOf":{"@id":"https:\/\/lospoliticosveracruz.com\/?p=68123"},"author":{"name":"Lo viste en Los Pol\u00edticos","@id":"https:\/\/lospoliticosveracruz.com\/#\/schema\/person\/b8702bb0e538456e6efd07080bf2a4a2"},"headline":"Una imagen dice m\u00e1s que mil palabras","datePublished":"2021-02-12T13:16:40+00:00","mainEntityOfPage":{"@id":"https:\/\/lospoliticosveracruz.com\/?p=68123"},"wordCount":1054,"commentCount":0,"publisher":{"@id":"https:\/\/lospoliticosveracruz.com\/#organization"},"keywords":["Andr\u00e9s Manuel L\u00f3pez Obrador","Central Avionera del Norte","juicios","Mote","poder judicial recto e imparcial","proyecto aeroportuario"],"articleSection":["De Opini\u00f3n"],"inLanguage":"es","potentialAction":[{"@type":"CommentAction","name":"Comment","target":["https:\/\/lospoliticosveracruz.com\/?p=68123#respond"]}]},{"@type":"WebPage","@id":"https:\/\/lospoliticosveracruz.com\/?p=68123","url":"https:\/\/lospoliticosveracruz.com\/?p=68123","name":"Una imagen dice m\u00e1s que mil palabras - Los pol\u00edticos Veracruz","isPartOf":{"@id":"https:\/\/lospoliticosveracruz.com\/#website"},"datePublished":"2021-02-12T13:16:40+00:00","breadcrumb":{"@id":"https:\/\/lospoliticosveracruz.com\/?p=68123#breadcrumb"},"inLanguage":"es","potentialAction":[{"@type":"ReadAction","target":["https:\/\/lospoliticosveracruz.com\/?p=68123"]}]},{"@type":"BreadcrumbList","@id":"https:\/\/lospoliticosveracruz.com\/?p=68123#breadcrumb","itemListElement":[{"@type":"ListItem","position":1,"name":"Portada","item":"https:\/\/lospoliticosveracruz.com\/"},{"@type":"ListItem","position":2,"name":"Una imagen dice m\u00e1s que mil palabras"}]},{"@type":"WebSite","@id":"https:\/\/lospoliticosveracruz.com\/#website","url":"https:\/\/lospoliticosveracruz.com\/","name":"Los pol\u00edticos Veracruz","description":"","publisher":{"@id":"https:\/\/lospoliticosveracruz.com\/#organization"},"potentialAction":[{"@type":"SearchAction","target":{"@type":"EntryPoint","urlTemplate":"https:\/\/lospoliticosveracruz.com\/?s={search_term_string}"},"query-input":{"@type":"PropertyValueSpecification","valueRequired":true,"valueName":"search_term_string"}}],"inLanguage":"es"},{"@type":"Organization","@id":"https:\/\/lospoliticosveracruz.com\/#organization","name":"Los pol\u00edticos Veracruz","url":"https:\/\/lospoliticosveracruz.com\/","logo":{"@type":"ImageObject","inLanguage":"es","@id":"https:\/\/lospoliticosveracruz.com\/#\/schema\/logo\/image\/","url":"https:\/\/lospoliticosveracruz.com\/wp-content\/uploads\/2025\/12\/Logo-Nuevo-LOS-POLITICOS-1.jpg","contentUrl":"https:\/\/lospoliticosveracruz.com\/wp-content\/uploads\/2025\/12\/Logo-Nuevo-LOS-POLITICOS-1.jpg","width":260,"height":70,"caption":"Los pol\u00edticos Veracruz"},"image":{"@id":"https:\/\/lospoliticosveracruz.com\/#\/schema\/logo\/image\/"},"sameAs":["https:\/\/www.facebook.com\/people\/Notimemes-de-los-Polticos\/61565672886568\/","https:\/\/x.com\/LosPoliticosVer"]},{"@type":"Person","@id":"https:\/\/lospoliticosveracruz.com\/#\/schema\/person\/b8702bb0e538456e6efd07080bf2a4a2","name":"Lo viste en Los Pol\u00edticos","image":{"@type":"ImageObject","inLanguage":"es","@id":"https:\/\/secure.gravatar.com\/avatar\/3a8de04a2656d44082be478bd6c086daa447c4651605818287b9532d3d0bd435?s=96&d=mm&r=g","url":"https:\/\/secure.gravatar.com\/avatar\/3a8de04a2656d44082be478bd6c086daa447c4651605818287b9532d3d0bd435?s=96&d=mm&r=g","contentUrl":"https:\/\/secure.gravatar.com\/avatar\/3a8de04a2656d44082be478bd6c086daa447c4651605818287b9532d3d0bd435?s=96&d=mm&r=g","caption":"Lo viste en Los Pol\u00edticos"},"url":"https:\/\/lospoliticosveracruz.com\/?author=2"}]}},"_links":{"self":[{"href":"https:\/\/lospoliticosveracruz.com\/index.php?rest_route=\/wp\/v2\/posts\/68123","targetHints":{"allow":["GET"]}}],"collection":[{"href":"https:\/\/lospoliticosveracruz.com\/index.php?rest_route=\/wp\/v2\/posts"}],"about":[{"href":"https:\/\/lospoliticosveracruz.com\/index.php?rest_route=\/wp\/v2\/types\/post"}],"author":[{"embeddable":true,"href":"https:\/\/lospoliticosveracruz.com\/index.php?rest_route=\/wp\/v2\/users\/2"}],"replies":[{"embeddable":true,"href":"https:\/\/lospoliticosveracruz.com\/index.php?rest_route=%2Fwp%2Fv2%2Fcomments&post=68123"}],"version-history":[{"count":1,"href":"https:\/\/lospoliticosveracruz.com\/index.php?rest_route=\/wp\/v2\/posts\/68123\/revisions"}],"predecessor-version":[{"id":68125,"href":"https:\/\/lospoliticosveracruz.com\/index.php?rest_route=\/wp\/v2\/posts\/68123\/revisions\/68125"}],"wp:attachment":[{"href":"https:\/\/lospoliticosveracruz.com\/index.php?rest_route=%2Fwp%2Fv2%2Fmedia&parent=68123"}],"wp:term":[{"taxonomy":"category","embeddable":true,"href":"https:\/\/lospoliticosveracruz.com\/index.php?rest_route=%2Fwp%2Fv2%2Fcategories&post=68123"},{"taxonomy":"post_tag","embeddable":true,"href":"https:\/\/lospoliticosveracruz.com\/index.php?rest_route=%2Fwp%2Fv2%2Ftags&post=68123"}],"curies":[{"name":"wp","href":"https:\/\/api.w.org\/{rel}","templated":true}]}}