{"id":68129,"date":"2021-02-12T08:21:24","date_gmt":"2021-02-12T14:21:24","guid":{"rendered":"http:\/\/www.lospoliticosveracruz.com.mx\/?p=68129"},"modified":"2021-02-12T08:21:24","modified_gmt":"2021-02-12T14:21:24","slug":"amlo-en-el-futuro","status":"publish","type":"post","link":"https:\/\/lospoliticosveracruz.com\/?p=68129","title":{"rendered":"AMLO en el futuro"},"content":{"rendered":"<p><strong>Sergio Gonz\u00e1lez Levet<br \/>\n<\/strong><br \/>\n<em>Sin tacto<\/em><\/p>\n<p>Veo en Facebook a un entusiasta seguidor de Andr\u00e9s Manuel L\u00f3pez Obrador que se regodea por \u201cla excelente presidencia\u201d que est\u00e1 llevado el tabasque\u00f1o.<br \/>\n\u200bDice el convencido partidario que en el futuro, cuando se pregunte por AMLO la gente dir\u00e1 que fue el Presidente que hizo el moderno Aeropuerto de Santa Luc\u00eda, la util\u00edsima Refiner\u00eda de Dos Bocas y el fabuloso Tren Maya. Afirma que dir\u00e1n de \u00e9l que acab\u00f3 con la corrupci\u00f3n, que baj\u00f3 el precio de la gasolina y que estableci\u00f3 la verdadera democracia.<br \/>\n\u200bY as\u00ed por el estilo.<br \/>\n\u200bLo que el persuadido pejista no atina a ver en su bullente visi\u00f3n ut\u00f3pica, es que con toda seguridad los mexicanos del futuro mediato n ver\u00e1n con esos mismos ojos la realidad que van a enfrentar.<br \/>\n\u200bPara los que no est\u00e1n obnubilados con la labia del Patriarca, dentro de algunos a\u00f1os la gente dir\u00e1 que L\u00f3pez Obrador construy\u00f3 un aeropuerto bastante modestito, una obra que remedi\u00f3 solamente por unos cuantos a\u00f1os el problema del tr\u00e1fico a\u00e9reo de la capital de la naci\u00f3n, y termin\u00f3 siendo necesario que el Gobierno hiciera un esfuerzo mayor con el dinero de los contribuyentes y las riquezas nacionales para construir una central a tono con el nivel que tiene M\u00e9xico en el mundo y con su vocaci\u00f3n comercial y tur\u00edstica.<br \/>\n\u200bVer\u00e1n que la refiner\u00eda de Dos Bocas termin\u00f3 siendo un elefante blanco en un mundo en el que las energ\u00edas limpias finalmente prevalecieron y el petr\u00f3leo pas\u00f3 a ser un producto de tercera necesidad. Para ellos, la bronca ser\u00e1 apurarse para vencer el retraso que hay en M\u00e9xico de plantas e\u00f3licas, solares, hidrol\u00f3gicas, etc.<br \/>\n\u200bTambi\u00e9n se quejar\u00e1n de que el Tren Maya produjo un da\u00f1o profundo en la ecolog\u00eda de la pen\u00ednsula de Yucat\u00e1n y afect\u00f3 severamente a la Reserva Mundial de la Bi\u00f3sfera de Sian Ka\u2019an, que en maya quiere decir \u201cpuerta del cielo\u201d. Y esto se hizo no obstante que la UNESCO hab\u00eda declarado zona protegida a esta regi\u00f3n desde 1987.<br \/>\n\u200bDif\u00edcilmente nuestros descendientes podr\u00e1n estar de acuerdo en que AMLO termin\u00f3 con la corrupci\u00f3n en su sexenio porque se dedic\u00f3 m\u00e1s bien a ejercer venganzas contra los que \u00e9l llamaba sus \u201cadversarios\u201d y nunca fue a fondo contra los verdaderos ladrones del erario.<br \/>\n\u200bLa gasolina ha subido en los \u00faltimos d\u00edas y se vende alrededor de 20 pesos. Los analistas no ven la manera de que en los pr\u00f3ximos cuatro a\u00f1os se pueda reducir el costo para los usuarios.<br \/>\n\u200bY la democracia. \u00a1Ay, la democracia! S\u00ed nos quedar\u00e1 a deber el actual Presidente de la Rep\u00fablica porque en su partido, que deber\u00eda ser el ejemplo de respeto a la ley y de cordura c\u00edvica, apenas en la primera elecci\u00f3n grande que van a tener ya se traen una rebatinga y pleitos internos que hacer perder la esperanza de que el voto y los candidatos sean respetados por la autoridad federal, la misma que deber\u00eda ser garante de limpieza.<br \/>\n\u200bNo, no s\u00e9 qu\u00e9 vayan a decir en el futuro del presidente L\u00f3pez Obrador, pero seguramente no ser\u00e1 algo bueno.<\/p>\n<p>sglevet@gmail.com<\/p>\n","protected":false},"excerpt":{"rendered":"<p>Sergio Gonz\u00e1lez Levet Sin tacto Veo en Facebook a un entusiasta seguidor de Andr\u00e9s Manuel L\u00f3pez Obrador que se regodea por \u201cla excelente presidencia\u201d que est\u00e1 llevado el tabasque\u00f1o. \u200bDice el convencido partidario que en el futuro, cuando se pregunte por AMLO la gente dir\u00e1 que fue el Presidente que hizo el moderno Aeropuerto de [&hellip;]<\/p>\n","protected":false},"author":2,"featured_media":0,"comment_status":"open","ping_status":"open","sticky":false,"template":"","format":"standard","meta":{"tdm_status":"","tdm_grid_status":"","footnotes":""},"categories":[70],"tags":[618,18988,242,18172,1282,13466],"class_list":{"0":"post-68129","1":"post","2":"type-post","3":"status-publish","4":"format-standard","6":"category-de-opinion","7":"tag-andres-manuel-lopez-obrador","8":"tag-energias-limpias","9":"tag-facebook","10":"tag-refineria-de-dos-bocas","11":"tag-sergio-gonzalez-levet","12":"tag-tren-maya"},"yoast_head":"<!-- This site is optimized with the Yoast SEO plugin v27.4 - https:\/\/yoast.com\/product\/yoast-seo-wordpress\/ -->\n<title>AMLO en el futuro - Los pol\u00edticos Veracruz<\/title>\n<meta name=\"robots\" content=\"index, follow, max-snippet:-1, max-image-preview:large, max-video-preview:-1\" \/>\n<link rel=\"canonical\" href=\"https:\/\/lospoliticosveracruz.com\/?p=68129\" \/>\n<meta property=\"og:locale\" content=\"es_ES\" \/>\n<meta property=\"og:type\" content=\"article\" \/>\n<meta property=\"og:title\" content=\"AMLO en el futuro - Los pol\u00edticos Veracruz\" \/>\n<meta property=\"og:description\" content=\"Sergio Gonz\u00e1lez Levet Sin tacto Veo en Facebook a un entusiasta seguidor de Andr\u00e9s Manuel L\u00f3pez Obrador que se regodea por \u201cla excelente presidencia\u201d que est\u00e1 llevado el tabasque\u00f1o. \u200bDice el convencido partidario que en el futuro, cuando se pregunte por AMLO la gente dir\u00e1 que fue el Presidente que hizo el moderno Aeropuerto de [&hellip;]\" \/>\n<meta property=\"og:url\" content=\"https:\/\/lospoliticosveracruz.com\/?p=68129\" \/>\n<meta property=\"og:site_name\" content=\"Los pol\u00edticos Veracruz\" \/>\n<meta property=\"article:publisher\" content=\"https:\/\/www.facebook.com\/people\/Notimemes-de-los-Polticos\/61565672886568\/\" \/>\n<meta property=\"article:published_time\" content=\"2021-02-12T14:21:24+00:00\" \/>\n<meta property=\"og:image\" content=\"https:\/\/lospoliticosveracruz.com\/wp-content\/uploads\/2016\/07\/Logo-Dor.jpg\" \/>\n\t<meta property=\"og:image:width\" content=\"200\" \/>\n\t<meta property=\"og:image:height\" content=\"200\" \/>\n\t<meta property=\"og:image:type\" content=\"image\/jpeg\" \/>\n<meta name=\"author\" content=\"Lo viste en Los Pol\u00edticos\" \/>\n<meta name=\"twitter:card\" content=\"summary_large_image\" \/>\n<meta name=\"twitter:creator\" content=\"@LosPoliticosVer\" \/>\n<meta name=\"twitter:site\" content=\"@LosPoliticosVer\" \/>\n<meta name=\"twitter:label1\" content=\"Escrito por\" \/>\n\t<meta name=\"twitter:data1\" content=\"Lo viste en Los Pol\u00edticos\" \/>\n\t<meta name=\"twitter:label2\" content=\"Tiempo de lectura\" \/>\n\t<meta name=\"twitter:data2\" content=\"3 minutos\" \/>\n<script type=\"application\/ld+json\" class=\"yoast-schema-graph\">{\"@context\":\"https:\\\/\\\/schema.org\",\"@graph\":[{\"@type\":\"Article\",\"@id\":\"https:\\\/\\\/lospoliticosveracruz.com\\\/?p=68129#article\",\"isPartOf\":{\"@id\":\"https:\\\/\\\/lospoliticosveracruz.com\\\/?p=68129\"},\"author\":{\"name\":\"Lo viste en Los Pol\u00edticos\",\"@id\":\"https:\\\/\\\/lospoliticosveracruz.com\\\/#\\\/schema\\\/person\\\/b8702bb0e538456e6efd07080bf2a4a2\"},\"headline\":\"AMLO en el futuro\",\"datePublished\":\"2021-02-12T14:21:24+00:00\",\"mainEntityOfPage\":{\"@id\":\"https:\\\/\\\/lospoliticosveracruz.com\\\/?p=68129\"},\"wordCount\":569,\"commentCount\":0,\"publisher\":{\"@id\":\"https:\\\/\\\/lospoliticosveracruz.com\\\/#organization\"},\"keywords\":[\"Andr\u00e9s Manuel L\u00f3pez Obrador\",\"energ\u00edas limpias\",\"facebook\",\"Refiner\u00eda de Dos Bocas\",\"Sergio Gonz\u00e1lez Levet\",\"Tren Maya\"],\"articleSection\":[\"De Opini\u00f3n\"],\"inLanguage\":\"es\",\"potentialAction\":[{\"@type\":\"CommentAction\",\"name\":\"Comment\",\"target\":[\"https:\\\/\\\/lospoliticosveracruz.com\\\/?p=68129#respond\"]}]},{\"@type\":\"WebPage\",\"@id\":\"https:\\\/\\\/lospoliticosveracruz.com\\\/?p=68129\",\"url\":\"https:\\\/\\\/lospoliticosveracruz.com\\\/?p=68129\",\"name\":\"AMLO en el futuro - Los pol\u00edticos Veracruz\",\"isPartOf\":{\"@id\":\"https:\\\/\\\/lospoliticosveracruz.com\\\/#website\"},\"datePublished\":\"2021-02-12T14:21:24+00:00\",\"breadcrumb\":{\"@id\":\"https:\\\/\\\/lospoliticosveracruz.com\\\/?p=68129#breadcrumb\"},\"inLanguage\":\"es\",\"potentialAction\":[{\"@type\":\"ReadAction\",\"target\":[\"https:\\\/\\\/lospoliticosveracruz.com\\\/?p=68129\"]}]},{\"@type\":\"BreadcrumbList\",\"@id\":\"https:\\\/\\\/lospoliticosveracruz.com\\\/?p=68129#breadcrumb\",\"itemListElement\":[{\"@type\":\"ListItem\",\"position\":1,\"name\":\"Portada\",\"item\":\"https:\\\/\\\/lospoliticosveracruz.com\\\/\"},{\"@type\":\"ListItem\",\"position\":2,\"name\":\"AMLO en el futuro\"}]},{\"@type\":\"WebSite\",\"@id\":\"https:\\\/\\\/lospoliticosveracruz.com\\\/#website\",\"url\":\"https:\\\/\\\/lospoliticosveracruz.com\\\/\",\"name\":\"Los pol\u00edticos Veracruz\",\"description\":\"\",\"publisher\":{\"@id\":\"https:\\\/\\\/lospoliticosveracruz.com\\\/#organization\"},\"potentialAction\":[{\"@type\":\"SearchAction\",\"target\":{\"@type\":\"EntryPoint\",\"urlTemplate\":\"https:\\\/\\\/lospoliticosveracruz.com\\\/?s={search_term_string}\"},\"query-input\":{\"@type\":\"PropertyValueSpecification\",\"valueRequired\":true,\"valueName\":\"search_term_string\"}}],\"inLanguage\":\"es\"},{\"@type\":\"Organization\",\"@id\":\"https:\\\/\\\/lospoliticosveracruz.com\\\/#organization\",\"name\":\"Los pol\u00edticos Veracruz\",\"url\":\"https:\\\/\\\/lospoliticosveracruz.com\\\/\",\"logo\":{\"@type\":\"ImageObject\",\"inLanguage\":\"es\",\"@id\":\"https:\\\/\\\/lospoliticosveracruz.com\\\/#\\\/schema\\\/logo\\\/image\\\/\",\"url\":\"https:\\\/\\\/lospoliticosveracruz.com\\\/wp-content\\\/uploads\\\/2025\\\/12\\\/Logo-Nuevo-LOS-POLITICOS-1.jpg\",\"contentUrl\":\"https:\\\/\\\/lospoliticosveracruz.com\\\/wp-content\\\/uploads\\\/2025\\\/12\\\/Logo-Nuevo-LOS-POLITICOS-1.jpg\",\"width\":260,\"height\":70,\"caption\":\"Los pol\u00edticos Veracruz\"},\"image\":{\"@id\":\"https:\\\/\\\/lospoliticosveracruz.com\\\/#\\\/schema\\\/logo\\\/image\\\/\"},\"sameAs\":[\"https:\\\/\\\/www.facebook.com\\\/people\\\/Notimemes-de-los-Polticos\\\/61565672886568\\\/\",\"https:\\\/\\\/x.com\\\/LosPoliticosVer\"]},{\"@type\":\"Person\",\"@id\":\"https:\\\/\\\/lospoliticosveracruz.com\\\/#\\\/schema\\\/person\\\/b8702bb0e538456e6efd07080bf2a4a2\",\"name\":\"Lo viste en Los Pol\u00edticos\",\"image\":{\"@type\":\"ImageObject\",\"inLanguage\":\"es\",\"@id\":\"https:\\\/\\\/secure.gravatar.com\\\/avatar\\\/3a8de04a2656d44082be478bd6c086daa447c4651605818287b9532d3d0bd435?s=96&d=mm&r=g\",\"url\":\"https:\\\/\\\/secure.gravatar.com\\\/avatar\\\/3a8de04a2656d44082be478bd6c086daa447c4651605818287b9532d3d0bd435?s=96&d=mm&r=g\",\"contentUrl\":\"https:\\\/\\\/secure.gravatar.com\\\/avatar\\\/3a8de04a2656d44082be478bd6c086daa447c4651605818287b9532d3d0bd435?s=96&d=mm&r=g\",\"caption\":\"Lo viste en Los Pol\u00edticos\"},\"url\":\"https:\\\/\\\/lospoliticosveracruz.com\\\/?author=2\"}]}<\/script>\n<!-- \/ Yoast SEO plugin. -->","yoast_head_json":{"title":"AMLO en el futuro - Los pol\u00edticos Veracruz","robots":{"index":"index","follow":"follow","max-snippet":"max-snippet:-1","max-image-preview":"max-image-preview:large","max-video-preview":"max-video-preview:-1"},"canonical":"https:\/\/lospoliticosveracruz.com\/?p=68129","og_locale":"es_ES","og_type":"article","og_title":"AMLO en el futuro - Los pol\u00edticos Veracruz","og_description":"Sergio Gonz\u00e1lez Levet Sin tacto Veo en Facebook a un entusiasta seguidor de Andr\u00e9s Manuel L\u00f3pez Obrador que se regodea por \u201cla excelente presidencia\u201d que est\u00e1 llevado el tabasque\u00f1o. \u200bDice el convencido partidario que en el futuro, cuando se pregunte por AMLO la gente dir\u00e1 que fue el Presidente que hizo el moderno Aeropuerto de [&hellip;]","og_url":"https:\/\/lospoliticosveracruz.com\/?p=68129","og_site_name":"Los pol\u00edticos Veracruz","article_publisher":"https:\/\/www.facebook.com\/people\/Notimemes-de-los-Polticos\/61565672886568\/","article_published_time":"2021-02-12T14:21:24+00:00","og_image":[{"width":200,"height":200,"url":"https:\/\/lospoliticosveracruz.com\/wp-content\/uploads\/2016\/07\/Logo-Dor.jpg","type":"image\/jpeg"}],"author":"Lo viste en Los Pol\u00edticos","twitter_card":"summary_large_image","twitter_creator":"@LosPoliticosVer","twitter_site":"@LosPoliticosVer","twitter_misc":{"Escrito por":"Lo viste en Los Pol\u00edticos","Tiempo de lectura":"3 minutos"},"schema":{"@context":"https:\/\/schema.org","@graph":[{"@type":"Article","@id":"https:\/\/lospoliticosveracruz.com\/?p=68129#article","isPartOf":{"@id":"https:\/\/lospoliticosveracruz.com\/?p=68129"},"author":{"name":"Lo viste en Los Pol\u00edticos","@id":"https:\/\/lospoliticosveracruz.com\/#\/schema\/person\/b8702bb0e538456e6efd07080bf2a4a2"},"headline":"AMLO en el futuro","datePublished":"2021-02-12T14:21:24+00:00","mainEntityOfPage":{"@id":"https:\/\/lospoliticosveracruz.com\/?p=68129"},"wordCount":569,"commentCount":0,"publisher":{"@id":"https:\/\/lospoliticosveracruz.com\/#organization"},"keywords":["Andr\u00e9s Manuel L\u00f3pez Obrador","energ\u00edas limpias","facebook","Refiner\u00eda de Dos Bocas","Sergio Gonz\u00e1lez Levet","Tren Maya"],"articleSection":["De Opini\u00f3n"],"inLanguage":"es","potentialAction":[{"@type":"CommentAction","name":"Comment","target":["https:\/\/lospoliticosveracruz.com\/?p=68129#respond"]}]},{"@type":"WebPage","@id":"https:\/\/lospoliticosveracruz.com\/?p=68129","url":"https:\/\/lospoliticosveracruz.com\/?p=68129","name":"AMLO en el futuro - Los pol\u00edticos Veracruz","isPartOf":{"@id":"https:\/\/lospoliticosveracruz.com\/#website"},"datePublished":"2021-02-12T14:21:24+00:00","breadcrumb":{"@id":"https:\/\/lospoliticosveracruz.com\/?p=68129#breadcrumb"},"inLanguage":"es","potentialAction":[{"@type":"ReadAction","target":["https:\/\/lospoliticosveracruz.com\/?p=68129"]}]},{"@type":"BreadcrumbList","@id":"https:\/\/lospoliticosveracruz.com\/?p=68129#breadcrumb","itemListElement":[{"@type":"ListItem","position":1,"name":"Portada","item":"https:\/\/lospoliticosveracruz.com\/"},{"@type":"ListItem","position":2,"name":"AMLO en el futuro"}]},{"@type":"WebSite","@id":"https:\/\/lospoliticosveracruz.com\/#website","url":"https:\/\/lospoliticosveracruz.com\/","name":"Los pol\u00edticos Veracruz","description":"","publisher":{"@id":"https:\/\/lospoliticosveracruz.com\/#organization"},"potentialAction":[{"@type":"SearchAction","target":{"@type":"EntryPoint","urlTemplate":"https:\/\/lospoliticosveracruz.com\/?s={search_term_string}"},"query-input":{"@type":"PropertyValueSpecification","valueRequired":true,"valueName":"search_term_string"}}],"inLanguage":"es"},{"@type":"Organization","@id":"https:\/\/lospoliticosveracruz.com\/#organization","name":"Los pol\u00edticos Veracruz","url":"https:\/\/lospoliticosveracruz.com\/","logo":{"@type":"ImageObject","inLanguage":"es","@id":"https:\/\/lospoliticosveracruz.com\/#\/schema\/logo\/image\/","url":"https:\/\/lospoliticosveracruz.com\/wp-content\/uploads\/2025\/12\/Logo-Nuevo-LOS-POLITICOS-1.jpg","contentUrl":"https:\/\/lospoliticosveracruz.com\/wp-content\/uploads\/2025\/12\/Logo-Nuevo-LOS-POLITICOS-1.jpg","width":260,"height":70,"caption":"Los pol\u00edticos Veracruz"},"image":{"@id":"https:\/\/lospoliticosveracruz.com\/#\/schema\/logo\/image\/"},"sameAs":["https:\/\/www.facebook.com\/people\/Notimemes-de-los-Polticos\/61565672886568\/","https:\/\/x.com\/LosPoliticosVer"]},{"@type":"Person","@id":"https:\/\/lospoliticosveracruz.com\/#\/schema\/person\/b8702bb0e538456e6efd07080bf2a4a2","name":"Lo viste en Los Pol\u00edticos","image":{"@type":"ImageObject","inLanguage":"es","@id":"https:\/\/secure.gravatar.com\/avatar\/3a8de04a2656d44082be478bd6c086daa447c4651605818287b9532d3d0bd435?s=96&d=mm&r=g","url":"https:\/\/secure.gravatar.com\/avatar\/3a8de04a2656d44082be478bd6c086daa447c4651605818287b9532d3d0bd435?s=96&d=mm&r=g","contentUrl":"https:\/\/secure.gravatar.com\/avatar\/3a8de04a2656d44082be478bd6c086daa447c4651605818287b9532d3d0bd435?s=96&d=mm&r=g","caption":"Lo viste en Los Pol\u00edticos"},"url":"https:\/\/lospoliticosveracruz.com\/?author=2"}]}},"_links":{"self":[{"href":"https:\/\/lospoliticosveracruz.com\/index.php?rest_route=\/wp\/v2\/posts\/68129","targetHints":{"allow":["GET"]}}],"collection":[{"href":"https:\/\/lospoliticosveracruz.com\/index.php?rest_route=\/wp\/v2\/posts"}],"about":[{"href":"https:\/\/lospoliticosveracruz.com\/index.php?rest_route=\/wp\/v2\/types\/post"}],"author":[{"embeddable":true,"href":"https:\/\/lospoliticosveracruz.com\/index.php?rest_route=\/wp\/v2\/users\/2"}],"replies":[{"embeddable":true,"href":"https:\/\/lospoliticosveracruz.com\/index.php?rest_route=%2Fwp%2Fv2%2Fcomments&post=68129"}],"version-history":[{"count":1,"href":"https:\/\/lospoliticosveracruz.com\/index.php?rest_route=\/wp\/v2\/posts\/68129\/revisions"}],"predecessor-version":[{"id":68130,"href":"https:\/\/lospoliticosveracruz.com\/index.php?rest_route=\/wp\/v2\/posts\/68129\/revisions\/68130"}],"wp:attachment":[{"href":"https:\/\/lospoliticosveracruz.com\/index.php?rest_route=%2Fwp%2Fv2%2Fmedia&parent=68129"}],"wp:term":[{"taxonomy":"category","embeddable":true,"href":"https:\/\/lospoliticosveracruz.com\/index.php?rest_route=%2Fwp%2Fv2%2Fcategories&post=68129"},{"taxonomy":"post_tag","embeddable":true,"href":"https:\/\/lospoliticosveracruz.com\/index.php?rest_route=%2Fwp%2Fv2%2Ftags&post=68129"}],"curies":[{"name":"wp","href":"https:\/\/api.w.org\/{rel}","templated":true}]}}