{"id":68131,"date":"2021-02-12T08:41:24","date_gmt":"2021-02-12T14:41:24","guid":{"rendered":"http:\/\/www.lospoliticosveracruz.com.mx\/?p=68131"},"modified":"2021-02-12T08:41:24","modified_gmt":"2021-02-12T14:41:24","slug":"eleccion-en-riesgo","status":"publish","type":"post","link":"https:\/\/lospoliticosveracruz.com\/?p=68131","title":{"rendered":"Elecci\u00f3n en riesgo"},"content":{"rendered":"<p><strong>Ricardo Ch\u00faa<\/strong><br \/>\n<em>Sale y Vale<\/em><\/p>\n<p>Podr\u00e1n decir \u00abmisa\u00bb los dos precandidatos del PAN a la alcald\u00eda de Veracruz&#8230; Pero el hecho de que cambien de sede para que ejerzan su voto los militantes, este domingo, deber\u00eda ser en el comit\u00e9 municipal, pero se ir\u00e1n al \u00abClub de Leones\u00bb, para elegir en contienda interna, a quien los representar\u00e1 como su candidato a este cargo de elecci\u00f3n popular&#8230; Este proceso puede ser anulado de manera directa en un tribunal electoral por CARECER DE CERTEZA JUR\u00cdDICA por el s\u00f3lo hecho de cambiar de sede&#8230;<\/p>\n<p>As\u00ed se hayan puesto de acuerdo tanto Miguel \u00c1ngel Yunes Linares, Bingen Rementeria y todo el comit\u00e9 municipal panista porte\u00f1o&#8230; Eso no interesa ante un tribunal electoral del Estado o federal&#8230; Ya que con un solo panista que se inconforme, aunque no sea candidato o dirigente, s\u00f3lo con que tenga su militancia con sus derechos&#8230; Puede impugnar la elecci\u00f3n y ning\u00fan tribunal, se lo va a negar&#8230;  MUY CONVENIENTE PARA TODOS&#8230; EL QUE PIERDA IMPUGNA O NO HAY ALG\u00daN \u00abACOMEDIDO\u00bb&#8230;<\/p>\n<p>Una situaci\u00f3n muy riesgosa para el aspirante que gane la elecci\u00f3n&#8230; Si es que no hay seguridad de triunfo&#8230; Ya que cambiar de sede y permitirlo, es jugar \u00abal filo de la navaja\u00bb&#8230; Pareciera que est\u00e1n tratando de evitar la derrota&#8230; Ya que este tema de cambio de sitio de votaci\u00f3n, es lo mismo que en una elecci\u00f3n federal o local&#8230; Si cambias la casilla de la direcci\u00f3n registrada ante el INE u OPLE, se anula esa votaci\u00f3n en la casilla&#8230; Si cambias de sede, se puede anular toda la votaci\u00f3n para esa sede&#8230; AS\u00cd DE SENCILLO&#8230;<\/p>\n<p>Aqu\u00ed no importa el tema de que es una elecci\u00f3n interna de un partido pol\u00edtico y no una elecci\u00f3n constitucional&#8230; Esto es tomado como un asunto electoral, por lo tanto no interesa, si hay denuncia por el cambio de sede, se toma como un caso de violaci\u00f3n a un principio electoral&#8230; Que es el de CERTEZA..  As\u00ed que si a los aspirantes les dijeron sus abogados o expertos electorales, que por ser un proceso interno, se pueden violar los principios&#8230; NO MMN&#8230; DIOS LOS BENDIGA Y DENLES LAS GRACIAS&#8230;<\/p>\n<p>Lo \u00fanico que puede salvar el tema&#8230; Es que nadie impugne el proceso y sobre todo el cambio de sede, entonces, no pasa nada&#8230; Pero si lo hace un solo militante, eso basta para echarlo abajo&#8230; Por eso, se sospecha que los dos aspirantes se \u00abest\u00e1n amarrando el dedo\u00bb&#8230; Si a las 17:00 del pr\u00f3ximo domingo saben quien perdi\u00f3 la elecci\u00f3n&#8230; Y como se ve el proceso que ser\u00e1 cerrado&#8230; Si Miguel gana por los 30 votos que dicen sus aliados tiene de ventaja&#8230; Alg\u00fan \u00abJulencista\u00bb quitado de la pena, se queja ante el TEV y \u00abmole de olla\u00bb&#8230;<\/p>\n<p>Si Bingen gana por los 80 votos que dicen sus aliados tiene de ventaja&#8230; Un \u00abyunista\u00bb como \u00abalma que lleva el Diablo\u00bb puede presentar su denuncia ante un tribunal y MOCOS PETRA&#8230; Echan para abajo la elecci\u00f3n&#8230; Est\u00e1n \u00abjugando con fuego\u00bb&#8230; No pueden controlar las emociones de mil 750 panitas porte\u00f1o, que est\u00e1n apostando su proyecto&#8230; El que pierda, la va a impugnar&#8230; Eso quieren&#8230; Eso pasara&#8230; Todo va a terminar en designaci\u00f3n&#8230; Aqu\u00ed sus ASESORES NO MOSTRARON CEREBRO, S\u00d3LO EVIDENCIAN SUS AMBICIONES&#8230; AMEN&#8230; <\/p>\n<p>\u00abCOMPLOT MOGOL\u00bb PANISTA EN XALAPA&#8230; Siguiendo la recomendaci\u00f3n de Sergio \u00abHe Man\u00bb Hern\u00e1ndez&#8230; De mejor dedicarnos a escribir series pol\u00edticas de televisi\u00f3n exitosas, como \u00abHouse Of Cards\u00bb, en vez de columnas, le haremos caso y empezaremos con un \u00abcap\u00edtulo\u00bb del PAN xalape\u00f1o, donde presuntamente hay \u00abmapaches azules\u00bb que quieren operar la elecci\u00f3n interna del panismo para que gane \u00abEl Checo\u00bb y no \u00abEl Chapo\u00bb, Omar Miranda y David Velasco&#8230; \u00abSOLO HAY UNA REGLA: CAZAR O SER CAZADO\u00bb: Frank Underwood&#8230; <\/p>\n<p>La historia dice que, si no hay cambio de \u00faltima hora, la convenci\u00f3n panista para elegir candidato a la alcald\u00eda de Xalapa, se llevar\u00e1 a cabo el domingo en la explanada de Plaza City, ah\u00ed a un lado de Torre \u00c1nimas, as\u00ed que el \u00abEdward Meechum\u00bb de este \u00abHouse of Cards azul xalape\u00f1o\u00bb encontr\u00f3 PRESUNTAMENTE entre 3 a 4 casas de \u00abseguridad\u00bb para operar la elecci\u00f3n, que se supone son sitios donde preparan el \u00abmapacheo\u00bb a favor, presuntamente, de Sergio Hern\u00e1ndez&#8230; Al parecer, personas ligadas a Omar \u00abDoug Stamper\u00bb Miranda ya las tienen ubicadas&#8230;<\/p>\n<p>Todas esas casas se encuentran alrededor de Plaza City, a una dos o tres cuadras, y que al parecer, presuntamente, son manejadas y operadas por \u00abEl Chico\u00bb Fuentes&#8230; Mejor conocido como el \u00abPeter Russo\u00bb de He Man Hern\u00e1ndez&#8230; Que junto con su equipo, desde esos domicilios, van a controlar y dominar el voto de la militancia interna del PAN en Xalapa, para salir con la nominaci\u00f3n de la candidatura por la alcald\u00eda de Xalapa&#8230; Pese a todo, el Checo Hern\u00e1ndez no se conf\u00eda y, pues, puso a su gente presuntamente a trabajar&#8230;<\/p>\n<p>Ya que Segio Hern\u00e1ndez sabe que enfrente tendr\u00e1 como contrincante a un panista de muchos a\u00f1os: Encarnaci\u00f3n \u00abRemy Danton\u00bb Medel, ser\u00e1 el personaje que presenta el equipo de Joaqu\u00edn Guzm\u00e1n Avil\u00e9s, al\u00edas \u00abRaymond Tusk\u00bb y Miranda para que todo aquel militante que no quiera al \u00abCheco\u00bb Hern\u00e1ndez, vote a su favor&#8230; Con eso buscar sacar el mayor n\u00famero de votos y demostrar que He Man en Xalapa, no tiene la fuerza que dice tener&#8230;<\/p>\n<p>Debido a que Hern\u00e1ndez Hern\u00e1ndez dice que entre 900 a mil 100 firmas de militantes que apoyan su candidatura interna del PAN y que con eso piensa ganar la nominaci\u00f3n panista en Xalapa&#8230; Obvio todo esto es para \u00abcerrarle la puerta\u00bb a David Velasco Chedraui y no aceptar la alianza&#8230; Ya que dicen ellos que solos como panistas pueden y que al contrario, ir con el PRI los demerita y los atrasa en su crecimiento electoral&#8230; MIRALOOOOOOOOOO&#8230;.<\/p>\n<p>Seg\u00fan las investigaciones \u00abchapescas cari\u00f1osas\u00bb se\u00f1alan que, al menos, tienen detectadas 2 \u00abcasas de seguridad\u00bb de operaciones ocultas de He Man, en la calle Rafael Moreno Valle&#8230; Una m\u00e1s en la calle, Luis Castelazo Ayala y la \u00faltima en Paseo Cuauht\u00e9moc esquina con Luis  Castelazo&#8230; Todas se suponen presuntamente por Carlos \u00abEl Chico\u00bb Fuentes, para hacer la \u00abOperaci\u00f3n Mongol\u00bb y favorecer a He Man, pasado ma\u00f1ana domingo el d\u00eda de la elecci\u00f3n&#8230; Todas est\u00e1n a 4 cuadras del evento panistas en Plaza City&#8230;<\/p>\n<p>No, pues, est\u00e1 ca\u00f1\u00f3n&#8230; Aguas David Velasco Chedraui&#8230; Desde los terrenos propiedad de tu familia, se opera en contra para evitar una alianza&#8230; Todo indica que presuntamente es tu \u00abamigo\u00bb, \u00abEl Chico\u00bb Fuentes, que fue tu regidor preferido de oposici\u00f3n cuando fuiste alcalde priista de Xalapa, 2007-2010, el que te intenta hacerte de \u00abChivo los tamales\u00bb&#8230; Y, ah\u00ed, dif\u00edcilmente la familia est\u00e1 de acuerdo&#8230; El He Man va con todo por t\u00ed, por el Chapo, El Cari\u00f1o hasta por el Illescas&#8230; Ni a Mancha hace caso&#8230; Al rato ni a Miguel tampoco&#8230; AMEN&#8230;<\/p>\n","protected":false},"excerpt":{"rendered":"<p>Ricardo Ch\u00faa Sale y Vale Podr\u00e1n decir \u00abmisa\u00bb los dos precandidatos del PAN a la alcald\u00eda de Veracruz&#8230; Pero el hecho de que cambien de sede para que ejerzan su voto los militantes, este domingo, deber\u00eda ser en el comit\u00e9 municipal, pero se ir\u00e1n al \u00abClub de Leones\u00bb, para elegir en contienda interna, a quien [&hellip;]<\/p>\n","protected":false},"author":2,"featured_media":0,"comment_status":"open","ping_status":"open","sticky":false,"template":"","format":"standard","meta":{"tdm_status":"","tdm_grid_status":"","footnotes":""},"categories":[70],"tags":[1273,554,536,12807,3272,266,13604,26073,8317,12731,96],"class_list":{"0":"post-68131","1":"post","2":"type-post","3":"status-publish","4":"format-standard","6":"category-de-opinion","7":"tag-david-velasco","8":"tag-ine","9":"tag-miguel-angel-yunes-marquez","10":"tag-omar-miranda","11":"tag-ople","12":"tag-pan","13":"tag-ricardo-chua","14":"tag-sergio-hernandez-hernadez","15":"tag-tev","16":"tag-tribunal-electoral","17":"tag-xalapa"},"yoast_head":"<!-- This site is optimized with the Yoast SEO plugin v27.4 - https:\/\/yoast.com\/product\/yoast-seo-wordpress\/ -->\n<title>Elecci\u00f3n en riesgo - Los pol\u00edticos Veracruz<\/title>\n<meta name=\"robots\" content=\"index, follow, max-snippet:-1, max-image-preview:large, max-video-preview:-1\" \/>\n<link rel=\"canonical\" href=\"https:\/\/lospoliticosveracruz.com\/?p=68131\" \/>\n<meta property=\"og:locale\" content=\"es_ES\" \/>\n<meta property=\"og:type\" content=\"article\" \/>\n<meta property=\"og:title\" content=\"Elecci\u00f3n en riesgo - Los pol\u00edticos Veracruz\" \/>\n<meta property=\"og:description\" content=\"Ricardo Ch\u00faa Sale y Vale Podr\u00e1n decir \u00abmisa\u00bb los dos precandidatos del PAN a la alcald\u00eda de Veracruz&#8230; Pero el hecho de que cambien de sede para que ejerzan su voto los militantes, este domingo, deber\u00eda ser en el comit\u00e9 municipal, pero se ir\u00e1n al \u00abClub de Leones\u00bb, para elegir en contienda interna, a quien [&hellip;]\" \/>\n<meta property=\"og:url\" content=\"https:\/\/lospoliticosveracruz.com\/?p=68131\" \/>\n<meta property=\"og:site_name\" content=\"Los pol\u00edticos Veracruz\" \/>\n<meta property=\"article:publisher\" content=\"https:\/\/www.facebook.com\/people\/Notimemes-de-los-Polticos\/61565672886568\/\" \/>\n<meta property=\"article:published_time\" content=\"2021-02-12T14:41:24+00:00\" \/>\n<meta property=\"og:image\" content=\"https:\/\/lospoliticosveracruz.com\/wp-content\/uploads\/2016\/07\/Logo-Dor.jpg\" \/>\n\t<meta property=\"og:image:width\" content=\"200\" \/>\n\t<meta property=\"og:image:height\" content=\"200\" \/>\n\t<meta property=\"og:image:type\" content=\"image\/jpeg\" \/>\n<meta name=\"author\" content=\"Lo viste en Los Pol\u00edticos\" \/>\n<meta name=\"twitter:card\" content=\"summary_large_image\" \/>\n<meta name=\"twitter:creator\" content=\"@LosPoliticosVer\" \/>\n<meta name=\"twitter:site\" content=\"@LosPoliticosVer\" \/>\n<meta name=\"twitter:label1\" content=\"Escrito por\" \/>\n\t<meta name=\"twitter:data1\" content=\"Lo viste en Los Pol\u00edticos\" \/>\n\t<meta name=\"twitter:label2\" content=\"Tiempo de lectura\" \/>\n\t<meta name=\"twitter:data2\" content=\"6 minutos\" \/>\n<script type=\"application\/ld+json\" class=\"yoast-schema-graph\">{\"@context\":\"https:\\\/\\\/schema.org\",\"@graph\":[{\"@type\":\"Article\",\"@id\":\"https:\\\/\\\/lospoliticosveracruz.com\\\/?p=68131#article\",\"isPartOf\":{\"@id\":\"https:\\\/\\\/lospoliticosveracruz.com\\\/?p=68131\"},\"author\":{\"name\":\"Lo viste en Los Pol\u00edticos\",\"@id\":\"https:\\\/\\\/lospoliticosveracruz.com\\\/#\\\/schema\\\/person\\\/b8702bb0e538456e6efd07080bf2a4a2\"},\"headline\":\"Elecci\u00f3n en riesgo\",\"datePublished\":\"2021-02-12T14:41:24+00:00\",\"mainEntityOfPage\":{\"@id\":\"https:\\\/\\\/lospoliticosveracruz.com\\\/?p=68131\"},\"wordCount\":1204,\"commentCount\":0,\"publisher\":{\"@id\":\"https:\\\/\\\/lospoliticosveracruz.com\\\/#organization\"},\"keywords\":[\"David Velasco\",\"INE\",\"Miguel \u00c1ngel Yunes M\u00e1rquez\",\"Omar Miranda\",\"OPLE\",\"PAN\",\"Ricardo Ch\u00faa\",\"Sergio Hern\u00e1ndez Hern\u00e1dez\",\"TEV\",\"Tribunal Electoral\",\"Xalapa\"],\"articleSection\":[\"De Opini\u00f3n\"],\"inLanguage\":\"es\",\"potentialAction\":[{\"@type\":\"CommentAction\",\"name\":\"Comment\",\"target\":[\"https:\\\/\\\/lospoliticosveracruz.com\\\/?p=68131#respond\"]}]},{\"@type\":\"WebPage\",\"@id\":\"https:\\\/\\\/lospoliticosveracruz.com\\\/?p=68131\",\"url\":\"https:\\\/\\\/lospoliticosveracruz.com\\\/?p=68131\",\"name\":\"Elecci\u00f3n en riesgo - Los pol\u00edticos Veracruz\",\"isPartOf\":{\"@id\":\"https:\\\/\\\/lospoliticosveracruz.com\\\/#website\"},\"datePublished\":\"2021-02-12T14:41:24+00:00\",\"breadcrumb\":{\"@id\":\"https:\\\/\\\/lospoliticosveracruz.com\\\/?p=68131#breadcrumb\"},\"inLanguage\":\"es\",\"potentialAction\":[{\"@type\":\"ReadAction\",\"target\":[\"https:\\\/\\\/lospoliticosveracruz.com\\\/?p=68131\"]}]},{\"@type\":\"BreadcrumbList\",\"@id\":\"https:\\\/\\\/lospoliticosveracruz.com\\\/?p=68131#breadcrumb\",\"itemListElement\":[{\"@type\":\"ListItem\",\"position\":1,\"name\":\"Portada\",\"item\":\"https:\\\/\\\/lospoliticosveracruz.com\\\/\"},{\"@type\":\"ListItem\",\"position\":2,\"name\":\"Elecci\u00f3n en riesgo\"}]},{\"@type\":\"WebSite\",\"@id\":\"https:\\\/\\\/lospoliticosveracruz.com\\\/#website\",\"url\":\"https:\\\/\\\/lospoliticosveracruz.com\\\/\",\"name\":\"Los pol\u00edticos Veracruz\",\"description\":\"\",\"publisher\":{\"@id\":\"https:\\\/\\\/lospoliticosveracruz.com\\\/#organization\"},\"potentialAction\":[{\"@type\":\"SearchAction\",\"target\":{\"@type\":\"EntryPoint\",\"urlTemplate\":\"https:\\\/\\\/lospoliticosveracruz.com\\\/?s={search_term_string}\"},\"query-input\":{\"@type\":\"PropertyValueSpecification\",\"valueRequired\":true,\"valueName\":\"search_term_string\"}}],\"inLanguage\":\"es\"},{\"@type\":\"Organization\",\"@id\":\"https:\\\/\\\/lospoliticosveracruz.com\\\/#organization\",\"name\":\"Los pol\u00edticos Veracruz\",\"url\":\"https:\\\/\\\/lospoliticosveracruz.com\\\/\",\"logo\":{\"@type\":\"ImageObject\",\"inLanguage\":\"es\",\"@id\":\"https:\\\/\\\/lospoliticosveracruz.com\\\/#\\\/schema\\\/logo\\\/image\\\/\",\"url\":\"https:\\\/\\\/lospoliticosveracruz.com\\\/wp-content\\\/uploads\\\/2025\\\/12\\\/Logo-Nuevo-LOS-POLITICOS-1.jpg\",\"contentUrl\":\"https:\\\/\\\/lospoliticosveracruz.com\\\/wp-content\\\/uploads\\\/2025\\\/12\\\/Logo-Nuevo-LOS-POLITICOS-1.jpg\",\"width\":260,\"height\":70,\"caption\":\"Los pol\u00edticos Veracruz\"},\"image\":{\"@id\":\"https:\\\/\\\/lospoliticosveracruz.com\\\/#\\\/schema\\\/logo\\\/image\\\/\"},\"sameAs\":[\"https:\\\/\\\/www.facebook.com\\\/people\\\/Notimemes-de-los-Polticos\\\/61565672886568\\\/\",\"https:\\\/\\\/x.com\\\/LosPoliticosVer\"]},{\"@type\":\"Person\",\"@id\":\"https:\\\/\\\/lospoliticosveracruz.com\\\/#\\\/schema\\\/person\\\/b8702bb0e538456e6efd07080bf2a4a2\",\"name\":\"Lo viste en Los Pol\u00edticos\",\"image\":{\"@type\":\"ImageObject\",\"inLanguage\":\"es\",\"@id\":\"https:\\\/\\\/secure.gravatar.com\\\/avatar\\\/3a8de04a2656d44082be478bd6c086daa447c4651605818287b9532d3d0bd435?s=96&d=mm&r=g\",\"url\":\"https:\\\/\\\/secure.gravatar.com\\\/avatar\\\/3a8de04a2656d44082be478bd6c086daa447c4651605818287b9532d3d0bd435?s=96&d=mm&r=g\",\"contentUrl\":\"https:\\\/\\\/secure.gravatar.com\\\/avatar\\\/3a8de04a2656d44082be478bd6c086daa447c4651605818287b9532d3d0bd435?s=96&d=mm&r=g\",\"caption\":\"Lo viste en Los Pol\u00edticos\"},\"url\":\"https:\\\/\\\/lospoliticosveracruz.com\\\/?author=2\"}]}<\/script>\n<!-- \/ Yoast SEO plugin. -->","yoast_head_json":{"title":"Elecci\u00f3n en riesgo - Los pol\u00edticos Veracruz","robots":{"index":"index","follow":"follow","max-snippet":"max-snippet:-1","max-image-preview":"max-image-preview:large","max-video-preview":"max-video-preview:-1"},"canonical":"https:\/\/lospoliticosveracruz.com\/?p=68131","og_locale":"es_ES","og_type":"article","og_title":"Elecci\u00f3n en riesgo - Los pol\u00edticos Veracruz","og_description":"Ricardo Ch\u00faa Sale y Vale Podr\u00e1n decir \u00abmisa\u00bb los dos precandidatos del PAN a la alcald\u00eda de Veracruz&#8230; Pero el hecho de que cambien de sede para que ejerzan su voto los militantes, este domingo, deber\u00eda ser en el comit\u00e9 municipal, pero se ir\u00e1n al \u00abClub de Leones\u00bb, para elegir en contienda interna, a quien [&hellip;]","og_url":"https:\/\/lospoliticosveracruz.com\/?p=68131","og_site_name":"Los pol\u00edticos Veracruz","article_publisher":"https:\/\/www.facebook.com\/people\/Notimemes-de-los-Polticos\/61565672886568\/","article_published_time":"2021-02-12T14:41:24+00:00","og_image":[{"width":200,"height":200,"url":"https:\/\/lospoliticosveracruz.com\/wp-content\/uploads\/2016\/07\/Logo-Dor.jpg","type":"image\/jpeg"}],"author":"Lo viste en Los Pol\u00edticos","twitter_card":"summary_large_image","twitter_creator":"@LosPoliticosVer","twitter_site":"@LosPoliticosVer","twitter_misc":{"Escrito por":"Lo viste en Los Pol\u00edticos","Tiempo de lectura":"6 minutos"},"schema":{"@context":"https:\/\/schema.org","@graph":[{"@type":"Article","@id":"https:\/\/lospoliticosveracruz.com\/?p=68131#article","isPartOf":{"@id":"https:\/\/lospoliticosveracruz.com\/?p=68131"},"author":{"name":"Lo viste en Los Pol\u00edticos","@id":"https:\/\/lospoliticosveracruz.com\/#\/schema\/person\/b8702bb0e538456e6efd07080bf2a4a2"},"headline":"Elecci\u00f3n en riesgo","datePublished":"2021-02-12T14:41:24+00:00","mainEntityOfPage":{"@id":"https:\/\/lospoliticosveracruz.com\/?p=68131"},"wordCount":1204,"commentCount":0,"publisher":{"@id":"https:\/\/lospoliticosveracruz.com\/#organization"},"keywords":["David Velasco","INE","Miguel \u00c1ngel Yunes M\u00e1rquez","Omar Miranda","OPLE","PAN","Ricardo Ch\u00faa","Sergio Hern\u00e1ndez Hern\u00e1dez","TEV","Tribunal Electoral","Xalapa"],"articleSection":["De Opini\u00f3n"],"inLanguage":"es","potentialAction":[{"@type":"CommentAction","name":"Comment","target":["https:\/\/lospoliticosveracruz.com\/?p=68131#respond"]}]},{"@type":"WebPage","@id":"https:\/\/lospoliticosveracruz.com\/?p=68131","url":"https:\/\/lospoliticosveracruz.com\/?p=68131","name":"Elecci\u00f3n en riesgo - Los pol\u00edticos Veracruz","isPartOf":{"@id":"https:\/\/lospoliticosveracruz.com\/#website"},"datePublished":"2021-02-12T14:41:24+00:00","breadcrumb":{"@id":"https:\/\/lospoliticosveracruz.com\/?p=68131#breadcrumb"},"inLanguage":"es","potentialAction":[{"@type":"ReadAction","target":["https:\/\/lospoliticosveracruz.com\/?p=68131"]}]},{"@type":"BreadcrumbList","@id":"https:\/\/lospoliticosveracruz.com\/?p=68131#breadcrumb","itemListElement":[{"@type":"ListItem","position":1,"name":"Portada","item":"https:\/\/lospoliticosveracruz.com\/"},{"@type":"ListItem","position":2,"name":"Elecci\u00f3n en riesgo"}]},{"@type":"WebSite","@id":"https:\/\/lospoliticosveracruz.com\/#website","url":"https:\/\/lospoliticosveracruz.com\/","name":"Los pol\u00edticos Veracruz","description":"","publisher":{"@id":"https:\/\/lospoliticosveracruz.com\/#organization"},"potentialAction":[{"@type":"SearchAction","target":{"@type":"EntryPoint","urlTemplate":"https:\/\/lospoliticosveracruz.com\/?s={search_term_string}"},"query-input":{"@type":"PropertyValueSpecification","valueRequired":true,"valueName":"search_term_string"}}],"inLanguage":"es"},{"@type":"Organization","@id":"https:\/\/lospoliticosveracruz.com\/#organization","name":"Los pol\u00edticos Veracruz","url":"https:\/\/lospoliticosveracruz.com\/","logo":{"@type":"ImageObject","inLanguage":"es","@id":"https:\/\/lospoliticosveracruz.com\/#\/schema\/logo\/image\/","url":"https:\/\/lospoliticosveracruz.com\/wp-content\/uploads\/2025\/12\/Logo-Nuevo-LOS-POLITICOS-1.jpg","contentUrl":"https:\/\/lospoliticosveracruz.com\/wp-content\/uploads\/2025\/12\/Logo-Nuevo-LOS-POLITICOS-1.jpg","width":260,"height":70,"caption":"Los pol\u00edticos Veracruz"},"image":{"@id":"https:\/\/lospoliticosveracruz.com\/#\/schema\/logo\/image\/"},"sameAs":["https:\/\/www.facebook.com\/people\/Notimemes-de-los-Polticos\/61565672886568\/","https:\/\/x.com\/LosPoliticosVer"]},{"@type":"Person","@id":"https:\/\/lospoliticosveracruz.com\/#\/schema\/person\/b8702bb0e538456e6efd07080bf2a4a2","name":"Lo viste en Los Pol\u00edticos","image":{"@type":"ImageObject","inLanguage":"es","@id":"https:\/\/secure.gravatar.com\/avatar\/3a8de04a2656d44082be478bd6c086daa447c4651605818287b9532d3d0bd435?s=96&d=mm&r=g","url":"https:\/\/secure.gravatar.com\/avatar\/3a8de04a2656d44082be478bd6c086daa447c4651605818287b9532d3d0bd435?s=96&d=mm&r=g","contentUrl":"https:\/\/secure.gravatar.com\/avatar\/3a8de04a2656d44082be478bd6c086daa447c4651605818287b9532d3d0bd435?s=96&d=mm&r=g","caption":"Lo viste en Los Pol\u00edticos"},"url":"https:\/\/lospoliticosveracruz.com\/?author=2"}]}},"_links":{"self":[{"href":"https:\/\/lospoliticosveracruz.com\/index.php?rest_route=\/wp\/v2\/posts\/68131","targetHints":{"allow":["GET"]}}],"collection":[{"href":"https:\/\/lospoliticosveracruz.com\/index.php?rest_route=\/wp\/v2\/posts"}],"about":[{"href":"https:\/\/lospoliticosveracruz.com\/index.php?rest_route=\/wp\/v2\/types\/post"}],"author":[{"embeddable":true,"href":"https:\/\/lospoliticosveracruz.com\/index.php?rest_route=\/wp\/v2\/users\/2"}],"replies":[{"embeddable":true,"href":"https:\/\/lospoliticosveracruz.com\/index.php?rest_route=%2Fwp%2Fv2%2Fcomments&post=68131"}],"version-history":[{"count":1,"href":"https:\/\/lospoliticosveracruz.com\/index.php?rest_route=\/wp\/v2\/posts\/68131\/revisions"}],"predecessor-version":[{"id":68133,"href":"https:\/\/lospoliticosveracruz.com\/index.php?rest_route=\/wp\/v2\/posts\/68131\/revisions\/68133"}],"wp:attachment":[{"href":"https:\/\/lospoliticosveracruz.com\/index.php?rest_route=%2Fwp%2Fv2%2Fmedia&parent=68131"}],"wp:term":[{"taxonomy":"category","embeddable":true,"href":"https:\/\/lospoliticosveracruz.com\/index.php?rest_route=%2Fwp%2Fv2%2Fcategories&post=68131"},{"taxonomy":"post_tag","embeddable":true,"href":"https:\/\/lospoliticosveracruz.com\/index.php?rest_route=%2Fwp%2Fv2%2Ftags&post=68131"}],"curies":[{"name":"wp","href":"https:\/\/api.w.org\/{rel}","templated":true}]}}