{"id":68165,"date":"2021-02-13T09:44:58","date_gmt":"2021-02-13T15:44:58","guid":{"rendered":"http:\/\/www.lospoliticosveracruz.com.mx\/?p=68165"},"modified":"2021-02-13T09:44:58","modified_gmt":"2021-02-13T15:44:58","slug":"con-o-sin-derecho-azul","status":"publish","type":"post","link":"https:\/\/lospoliticosveracruz.com\/?p=68165","title":{"rendered":"Con o sin derecho azul"},"content":{"rendered":"<p><strong>Ricardo Ch\u00faa<\/strong><br \/>\n<em>Sale y Vale<\/em><\/p>\n<p>OJO&#8230;. Si Eric Cisneros anda haciendo cambios o enroques en el gabinete estatal de Veracruz, dentro de los altos cargos que maneja su dependencia, es porque definitivamente NO SE VA de la Secretar\u00eda de Gobierno como muchos anunciaban&#8230; Esos enroques los ten\u00eda pensado desde hace m\u00e1s de 3 semanas&#8230; Que no le hagan al cuento&#8230; Patrocinio se queda en el cargo y en Veracruz a OPERAR LA ELECCI\u00d3N ESTATAL&#8230; Desde el puerto de Veracruz tiene su base junto con Juan Javier G\u00f3mez Cazar\u00edn&#8230; Eso es obvio&#8230;<\/p>\n<p>Los mismos aspirantes a diputados locales o alcaldes de MORENA comentan que G\u00f3mez Cazar\u00edn les dio el \u00abvisto bueno\u00bb PRESUNTAMENTE en un domicilio cercano al centro hist\u00f3rico de Veracruz&#8230; As\u00ed que todo el aparato se encuentra inmerso en el proceso local&#8230; Qu\u00e9 esperaban, que la \u00abfractura\u00bb de Gonzalo Vicencio los iba a \u00abdescarrilar\u00bb&#8230; Claro que no.. En esta elecci\u00f3n no s\u00f3lo est\u00e1n jugando el 2021.. Se est\u00e1n preparando para mantener en el poder al partido MORENA en el 2024 en Veracruz&#8230; VAN POR EL CONGRESO LOCAL&#8230;<\/p>\n<p>ELECCI\u00d3N AZUL&#8230; El tema de los cambios del sede de las centros de votaci\u00f3n del PAN en sus convenciones internas de ma\u00f1ana domingo para elegir a sus candidatos a alcaldes, no s\u00f3lo del puerto de Veracruz sino de muchos municipios de la entidad, es un caso muy delicados aunque haya muchos que digan que no es cierto, jilguerillos que sirven para grupos de poder panista, pero que desconocen el asunto legal, ya que esto es grave porque puede provocar la anulaci\u00f3n de la elecci\u00f3n de estas convecciones&#8230; Se decidir\u00e1 por DESIGNACI\u00d3N&#8230; A QUI\u00c9N CONVIENE&#8230;<\/p>\n<p>El asunto real es que los comit\u00e9s municipales del PAN que hacen convenciones&#8230; No les dieron la DIFUSI\u00d3N NECESARIA AL CAMBIO DE SEDE&#8230; Eso podr\u00eda provocar confusi\u00f3n a los militantes sobre los centros de votaci\u00f3n&#8230; Y ah\u00ed es donde pueden venir las denuncias o quejas&#8230; As\u00ed que no quieran \u00abvender pi\u00f1as\u00bb&#8230; Esta argumentado que no hubo certeza y hay confusi\u00f3n en los centros de votaci\u00f3n&#8230; Eso no es culpa de Miguel o Bingen&#8230; Es culpa de comit\u00e9&#8230; SE LES PAS\u00d3&#8230; Pero en pol\u00edtica, las causalidades no existen&#8230; AMEN&#8230;<\/p>\n<p>EL SOBRINO COMODO&#8230; La nominaci\u00f3n de Mauricio Carl\u00edn Castillo, como candidato a diputado local por el distrito de Santiago Tuxtla por la alianza opositora del PRI-PAN-PRD, es una situaci\u00f3n similar a la Anil\u00fa Ingram y Ponciano V\u00e1zquez Parissi&#8230;. Que son dos personajes que fueron nominados a cargos de elecci\u00f3n popular por el PRI para encabezar esta coalici\u00f3n, por ser una FUERZA REAL regional o distrital de la zona que representan y porque en 2019 mostraron \u00abmusculo\u00bb cuando se la jugaron con Marl\u00f3n Ramirez Mar\u00edn por la dirigencia estatal del PRI&#8230;<\/p>\n<p>Marlon les respeto a sus aliados y amigos, el poder real que tienen en sus municipios y los apuntal\u00f3 para ser candidatos a alcaldes y diputados locales&#8230; Este es el caso de Carl\u00edn Castillo, que adem\u00e1s viene de ser alcalde de Carlos A Carrillo&#8230; Sector ca\u00f1ero al que pertenece y con gran influencia en ese gremio que aun es una de las fuerzas reales del PRI&#8230; Ya que Mauricio Carl\u00edn era el sobrino m\u00e1s aventajado en cuestiones pol\u00edticas del extinto y bien recordado, Juan Carlos Molina Palacios, \u00abEl Compayito\u00bb&#8230; Mauricio era \u00e9l que manejaba sus fuerzas pol\u00edticas..<\/p>\n<p>Mismas que en 2019 las \u00abjug\u00f3\u00bb con Marl\u00f3n para la dirigencia estatal&#8230; Pero adem\u00e1s el caso es que Carl\u00edn Castillo no s\u00f3lo se qued\u00f3 con su cargo en el comit\u00e9&#8230; Enlazo contactos con el PAN y PRD v\u00eda Joel Arcos y Fernando Kuri&#8230; Hechos por los cuales, estos partidos no lo \u00abvetaron\u00bb de manera interna para que fuera el candidato de la alianza en este distrito donde el PRI encabeza la candidatura&#8230;. En pocas palabras&#8230; La supo jugar bien el sobrino \u00abc\u00f3modo\u00bb de El Compayito&#8230;<\/p>\n<p>Adem\u00e1s Mauricio Carl\u00edn cerr\u00f3 el circulo con actores regionales de la zona de Los Tuxtlas y Cuenca del Papaloapan&#8230; Eso fortaleci\u00f3 su presencia pol\u00edtica, lo que permiti\u00f3 que nadie se le pusiera enfrente en el distrito y pudiera ser nominado&#8230; Sobre todo porque logr\u00f3 el respaldo real y sincero de \u00abDon Corleone Tuxtleco\u00bb, Jorge Cavallo Delf\u00edn, que no puso ninguna traba y lo dej\u00f3 llegar.. Ya depende de Mauricio Carl\u00edn, el triunfo&#8230; La mesa est\u00e1 puesta&#8230; Tiene que derrotar a las huestes de Juan Javier G\u00f3mez Cazar\u00edn&#8230; AMEN&#8230;<\/p>\n<p>EL SUSPENSO DE \u00abLOS CACHIRULES AZULES\u00bb&#8230; El tema de los militantes panistas que quieren tener su derecho a votar en la pr\u00f3xima convenci\u00f3n interna del PAN en el puerto de Veracruz, que ser\u00e1 para elegir a su candidato a la alcald\u00eda porte\u00f1a, s\u00f3lo tienen de \u00abdos sopas\u00bb&#8230; Si el Tribunal Electoral de Veracruz (TEV) no se pronuncian a favor de que estos 473 militantes tengan derecho a voto, hoy antes de la medianoche&#8230; Ya no habr\u00e1 oportunidad de que participen en este proceso interno&#8230;<\/p>\n<p>De ser as\u00ed, entonces, ser\u00e1n los famosos mil 750 militantes activos y con derecho a voto, los que puedan votar en la convenci\u00f3n interna por Bingen Rementeria o Miguel Yunes&#8230;. No hay m\u00e1s, todo se queda en eso&#8230; Ya que si el TEV falla despu\u00e9s del domingo, de nada servir\u00eda la decisi\u00f3n porque no podr\u00edan participar este domingo, sino para futuras elecciones y el tema es que puedan votar ma\u00f1ana&#8230;. Luego ya pa qu\u00e9&#8230;<\/p>\n<p>El caso por lo cual estos militantes han solicitado que se respete su derecho a participar, es porque se \u00abmaximicen\u00bb sus derechos humanos y no los violen, negando el derecho al voto en esta contienda interna&#8230; Si el TEV resuelve favorablemente entonces establece jurisprudencia y muchos otros casos podr\u00e1n ser resueltos as\u00ed por diversas causas o motivos&#8230; Se acerca \u00abla hora cero\u00bb para el PAN porte\u00f1o&#8230; Si se resuelve en estas horas, es obvio que el beneficiado ser\u00e1 el diputado local con licencia, Bingen Rementeria o EL IMPERIO CONTRAATACA&#8230; AMEN<\/p>\n","protected":false},"excerpt":{"rendered":"<p>Ricardo Ch\u00faa Sale y Vale OJO&#8230;. Si Eric Cisneros anda haciendo cambios o enroques en el gabinete estatal de Veracruz, dentro de los altos cargos que maneja su dependencia, es porque definitivamente NO SE VA de la Secretar\u00eda de Gobierno como muchos anunciaban&#8230; Esos enroques los ten\u00eda pensado desde hace m\u00e1s de 3 semanas&#8230; Que [&hellip;]<\/p>\n","protected":false},"author":2,"featured_media":0,"comment_status":"open","ping_status":"open","sticky":false,"template":"","format":"standard","meta":{"tdm_status":"","tdm_grid_status":"","footnotes":""},"categories":[70],"tags":[1818,12686,9407,26166,15016,16721,26165,3256,12695,2908,5174,536,1026,26163,266,13604,8317,6753],"class_list":{"0":"post-68165","1":"post","2":"type-post","3":"status-publish","4":"format-standard","6":"category-de-opinion","7":"tag-candidatos","8":"tag-eric-cisneros","9":"tag-fernando-kuri","10":"tag-futuras-elecciones","11":"tag-gonzalo-vicencio","12":"tag-joel-arcos","13":"tag-jorge-cavallo-delfin","14":"tag-juan-carlos-molina-palacios","15":"tag-juan-javier-gomez-cazarin","16":"tag-marlon-ramirez-marin","17":"tag-mauricio-carlin-castillo","18":"tag-miguel-angel-yunes-marquez","19":"tag-morena","20":"tag-operadores-politicos","21":"tag-pan","22":"tag-ricardo-chua","23":"tag-tev","24":"tag-tribunal-electoral-de-veracruz"},"yoast_head":"<!-- This site is optimized with the Yoast SEO plugin v27.4 - https:\/\/yoast.com\/product\/yoast-seo-wordpress\/ -->\n<title>Con o sin derecho azul - Los pol\u00edticos Veracruz<\/title>\n<meta name=\"robots\" content=\"index, follow, max-snippet:-1, max-image-preview:large, max-video-preview:-1\" \/>\n<link rel=\"canonical\" href=\"https:\/\/lospoliticosveracruz.com\/?p=68165\" \/>\n<meta property=\"og:locale\" content=\"es_ES\" \/>\n<meta property=\"og:type\" content=\"article\" \/>\n<meta property=\"og:title\" content=\"Con o sin derecho azul - Los pol\u00edticos Veracruz\" \/>\n<meta property=\"og:description\" content=\"Ricardo Ch\u00faa Sale y Vale OJO&#8230;. Si Eric Cisneros anda haciendo cambios o enroques en el gabinete estatal de Veracruz, dentro de los altos cargos que maneja su dependencia, es porque definitivamente NO SE VA de la Secretar\u00eda de Gobierno como muchos anunciaban&#8230; Esos enroques los ten\u00eda pensado desde hace m\u00e1s de 3 semanas&#8230; Que [&hellip;]\" \/>\n<meta property=\"og:url\" content=\"https:\/\/lospoliticosveracruz.com\/?p=68165\" \/>\n<meta property=\"og:site_name\" content=\"Los pol\u00edticos Veracruz\" \/>\n<meta property=\"article:publisher\" content=\"https:\/\/www.facebook.com\/people\/Notimemes-de-los-Polticos\/61565672886568\/\" \/>\n<meta property=\"article:published_time\" content=\"2021-02-13T15:44:58+00:00\" \/>\n<meta property=\"og:image\" content=\"https:\/\/lospoliticosveracruz.com\/wp-content\/uploads\/2016\/07\/Logo-Dor.jpg\" \/>\n\t<meta property=\"og:image:width\" content=\"200\" \/>\n\t<meta property=\"og:image:height\" content=\"200\" \/>\n\t<meta property=\"og:image:type\" content=\"image\/jpeg\" \/>\n<meta name=\"author\" content=\"Lo viste en Los Pol\u00edticos\" \/>\n<meta name=\"twitter:card\" content=\"summary_large_image\" \/>\n<meta name=\"twitter:creator\" content=\"@LosPoliticosVer\" \/>\n<meta name=\"twitter:site\" content=\"@LosPoliticosVer\" \/>\n<meta name=\"twitter:label1\" content=\"Escrito por\" \/>\n\t<meta name=\"twitter:data1\" content=\"Lo viste en Los Pol\u00edticos\" \/>\n\t<meta name=\"twitter:label2\" content=\"Tiempo de lectura\" \/>\n\t<meta name=\"twitter:data2\" content=\"5 minutos\" \/>\n<script type=\"application\/ld+json\" class=\"yoast-schema-graph\">{\"@context\":\"https:\\\/\\\/schema.org\",\"@graph\":[{\"@type\":\"Article\",\"@id\":\"https:\\\/\\\/lospoliticosveracruz.com\\\/?p=68165#article\",\"isPartOf\":{\"@id\":\"https:\\\/\\\/lospoliticosveracruz.com\\\/?p=68165\"},\"author\":{\"name\":\"Lo viste en Los Pol\u00edticos\",\"@id\":\"https:\\\/\\\/lospoliticosveracruz.com\\\/#\\\/schema\\\/person\\\/b8702bb0e538456e6efd07080bf2a4a2\"},\"headline\":\"Con o sin derecho azul\",\"datePublished\":\"2021-02-13T15:44:58+00:00\",\"mainEntityOfPage\":{\"@id\":\"https:\\\/\\\/lospoliticosveracruz.com\\\/?p=68165\"},\"wordCount\":1039,\"commentCount\":0,\"publisher\":{\"@id\":\"https:\\\/\\\/lospoliticosveracruz.com\\\/#organization\"},\"keywords\":[\"candidatos\",\"Eric Cisneros\",\"Fernando Kuri\",\"Futuras elecciones\",\"Gonzalo Vicencio\",\"Joel Arcos\",\"Jorge Cavallo Delf\u00edn\",\"Juan Carlos Molina Palacios\",\"Juan Javier G\u00f3mez Cazar\u00edn\",\"Marlon Ram\u00edrez Mar\u00edn\",\"Mauricio Carl\u00edn Castillo\",\"Miguel \u00c1ngel Yunes M\u00e1rquez\",\"Morena\",\"Operadores pol\u00edticos\",\"PAN\",\"Ricardo Ch\u00faa\",\"TEV\",\"Tribunal Electoral de Veracruz\"],\"articleSection\":[\"De Opini\u00f3n\"],\"inLanguage\":\"es\",\"potentialAction\":[{\"@type\":\"CommentAction\",\"name\":\"Comment\",\"target\":[\"https:\\\/\\\/lospoliticosveracruz.com\\\/?p=68165#respond\"]}]},{\"@type\":\"WebPage\",\"@id\":\"https:\\\/\\\/lospoliticosveracruz.com\\\/?p=68165\",\"url\":\"https:\\\/\\\/lospoliticosveracruz.com\\\/?p=68165\",\"name\":\"Con o sin derecho azul - Los pol\u00edticos Veracruz\",\"isPartOf\":{\"@id\":\"https:\\\/\\\/lospoliticosveracruz.com\\\/#website\"},\"datePublished\":\"2021-02-13T15:44:58+00:00\",\"breadcrumb\":{\"@id\":\"https:\\\/\\\/lospoliticosveracruz.com\\\/?p=68165#breadcrumb\"},\"inLanguage\":\"es\",\"potentialAction\":[{\"@type\":\"ReadAction\",\"target\":[\"https:\\\/\\\/lospoliticosveracruz.com\\\/?p=68165\"]}]},{\"@type\":\"BreadcrumbList\",\"@id\":\"https:\\\/\\\/lospoliticosveracruz.com\\\/?p=68165#breadcrumb\",\"itemListElement\":[{\"@type\":\"ListItem\",\"position\":1,\"name\":\"Portada\",\"item\":\"https:\\\/\\\/lospoliticosveracruz.com\\\/\"},{\"@type\":\"ListItem\",\"position\":2,\"name\":\"Con o sin derecho azul\"}]},{\"@type\":\"WebSite\",\"@id\":\"https:\\\/\\\/lospoliticosveracruz.com\\\/#website\",\"url\":\"https:\\\/\\\/lospoliticosveracruz.com\\\/\",\"name\":\"Los pol\u00edticos Veracruz\",\"description\":\"\",\"publisher\":{\"@id\":\"https:\\\/\\\/lospoliticosveracruz.com\\\/#organization\"},\"potentialAction\":[{\"@type\":\"SearchAction\",\"target\":{\"@type\":\"EntryPoint\",\"urlTemplate\":\"https:\\\/\\\/lospoliticosveracruz.com\\\/?s={search_term_string}\"},\"query-input\":{\"@type\":\"PropertyValueSpecification\",\"valueRequired\":true,\"valueName\":\"search_term_string\"}}],\"inLanguage\":\"es\"},{\"@type\":\"Organization\",\"@id\":\"https:\\\/\\\/lospoliticosveracruz.com\\\/#organization\",\"name\":\"Los pol\u00edticos Veracruz\",\"url\":\"https:\\\/\\\/lospoliticosveracruz.com\\\/\",\"logo\":{\"@type\":\"ImageObject\",\"inLanguage\":\"es\",\"@id\":\"https:\\\/\\\/lospoliticosveracruz.com\\\/#\\\/schema\\\/logo\\\/image\\\/\",\"url\":\"https:\\\/\\\/lospoliticosveracruz.com\\\/wp-content\\\/uploads\\\/2025\\\/12\\\/Logo-Nuevo-LOS-POLITICOS-1.jpg\",\"contentUrl\":\"https:\\\/\\\/lospoliticosveracruz.com\\\/wp-content\\\/uploads\\\/2025\\\/12\\\/Logo-Nuevo-LOS-POLITICOS-1.jpg\",\"width\":260,\"height\":70,\"caption\":\"Los pol\u00edticos Veracruz\"},\"image\":{\"@id\":\"https:\\\/\\\/lospoliticosveracruz.com\\\/#\\\/schema\\\/logo\\\/image\\\/\"},\"sameAs\":[\"https:\\\/\\\/www.facebook.com\\\/people\\\/Notimemes-de-los-Polticos\\\/61565672886568\\\/\",\"https:\\\/\\\/x.com\\\/LosPoliticosVer\"]},{\"@type\":\"Person\",\"@id\":\"https:\\\/\\\/lospoliticosveracruz.com\\\/#\\\/schema\\\/person\\\/b8702bb0e538456e6efd07080bf2a4a2\",\"name\":\"Lo viste en Los Pol\u00edticos\",\"image\":{\"@type\":\"ImageObject\",\"inLanguage\":\"es\",\"@id\":\"https:\\\/\\\/secure.gravatar.com\\\/avatar\\\/3a8de04a2656d44082be478bd6c086daa447c4651605818287b9532d3d0bd435?s=96&d=mm&r=g\",\"url\":\"https:\\\/\\\/secure.gravatar.com\\\/avatar\\\/3a8de04a2656d44082be478bd6c086daa447c4651605818287b9532d3d0bd435?s=96&d=mm&r=g\",\"contentUrl\":\"https:\\\/\\\/secure.gravatar.com\\\/avatar\\\/3a8de04a2656d44082be478bd6c086daa447c4651605818287b9532d3d0bd435?s=96&d=mm&r=g\",\"caption\":\"Lo viste en Los Pol\u00edticos\"},\"url\":\"https:\\\/\\\/lospoliticosveracruz.com\\\/?author=2\"}]}<\/script>\n<!-- \/ Yoast SEO plugin. -->","yoast_head_json":{"title":"Con o sin derecho azul - Los pol\u00edticos Veracruz","robots":{"index":"index","follow":"follow","max-snippet":"max-snippet:-1","max-image-preview":"max-image-preview:large","max-video-preview":"max-video-preview:-1"},"canonical":"https:\/\/lospoliticosveracruz.com\/?p=68165","og_locale":"es_ES","og_type":"article","og_title":"Con o sin derecho azul - Los pol\u00edticos Veracruz","og_description":"Ricardo Ch\u00faa Sale y Vale OJO&#8230;. Si Eric Cisneros anda haciendo cambios o enroques en el gabinete estatal de Veracruz, dentro de los altos cargos que maneja su dependencia, es porque definitivamente NO SE VA de la Secretar\u00eda de Gobierno como muchos anunciaban&#8230; Esos enroques los ten\u00eda pensado desde hace m\u00e1s de 3 semanas&#8230; Que [&hellip;]","og_url":"https:\/\/lospoliticosveracruz.com\/?p=68165","og_site_name":"Los pol\u00edticos Veracruz","article_publisher":"https:\/\/www.facebook.com\/people\/Notimemes-de-los-Polticos\/61565672886568\/","article_published_time":"2021-02-13T15:44:58+00:00","og_image":[{"width":200,"height":200,"url":"https:\/\/lospoliticosveracruz.com\/wp-content\/uploads\/2016\/07\/Logo-Dor.jpg","type":"image\/jpeg"}],"author":"Lo viste en Los Pol\u00edticos","twitter_card":"summary_large_image","twitter_creator":"@LosPoliticosVer","twitter_site":"@LosPoliticosVer","twitter_misc":{"Escrito por":"Lo viste en Los Pol\u00edticos","Tiempo de lectura":"5 minutos"},"schema":{"@context":"https:\/\/schema.org","@graph":[{"@type":"Article","@id":"https:\/\/lospoliticosveracruz.com\/?p=68165#article","isPartOf":{"@id":"https:\/\/lospoliticosveracruz.com\/?p=68165"},"author":{"name":"Lo viste en Los Pol\u00edticos","@id":"https:\/\/lospoliticosveracruz.com\/#\/schema\/person\/b8702bb0e538456e6efd07080bf2a4a2"},"headline":"Con o sin derecho azul","datePublished":"2021-02-13T15:44:58+00:00","mainEntityOfPage":{"@id":"https:\/\/lospoliticosveracruz.com\/?p=68165"},"wordCount":1039,"commentCount":0,"publisher":{"@id":"https:\/\/lospoliticosveracruz.com\/#organization"},"keywords":["candidatos","Eric Cisneros","Fernando Kuri","Futuras elecciones","Gonzalo Vicencio","Joel Arcos","Jorge Cavallo Delf\u00edn","Juan Carlos Molina Palacios","Juan Javier G\u00f3mez Cazar\u00edn","Marlon Ram\u00edrez Mar\u00edn","Mauricio Carl\u00edn Castillo","Miguel \u00c1ngel Yunes M\u00e1rquez","Morena","Operadores pol\u00edticos","PAN","Ricardo Ch\u00faa","TEV","Tribunal Electoral de Veracruz"],"articleSection":["De Opini\u00f3n"],"inLanguage":"es","potentialAction":[{"@type":"CommentAction","name":"Comment","target":["https:\/\/lospoliticosveracruz.com\/?p=68165#respond"]}]},{"@type":"WebPage","@id":"https:\/\/lospoliticosveracruz.com\/?p=68165","url":"https:\/\/lospoliticosveracruz.com\/?p=68165","name":"Con o sin derecho azul - Los pol\u00edticos Veracruz","isPartOf":{"@id":"https:\/\/lospoliticosveracruz.com\/#website"},"datePublished":"2021-02-13T15:44:58+00:00","breadcrumb":{"@id":"https:\/\/lospoliticosveracruz.com\/?p=68165#breadcrumb"},"inLanguage":"es","potentialAction":[{"@type":"ReadAction","target":["https:\/\/lospoliticosveracruz.com\/?p=68165"]}]},{"@type":"BreadcrumbList","@id":"https:\/\/lospoliticosveracruz.com\/?p=68165#breadcrumb","itemListElement":[{"@type":"ListItem","position":1,"name":"Portada","item":"https:\/\/lospoliticosveracruz.com\/"},{"@type":"ListItem","position":2,"name":"Con o sin derecho azul"}]},{"@type":"WebSite","@id":"https:\/\/lospoliticosveracruz.com\/#website","url":"https:\/\/lospoliticosveracruz.com\/","name":"Los pol\u00edticos Veracruz","description":"","publisher":{"@id":"https:\/\/lospoliticosveracruz.com\/#organization"},"potentialAction":[{"@type":"SearchAction","target":{"@type":"EntryPoint","urlTemplate":"https:\/\/lospoliticosveracruz.com\/?s={search_term_string}"},"query-input":{"@type":"PropertyValueSpecification","valueRequired":true,"valueName":"search_term_string"}}],"inLanguage":"es"},{"@type":"Organization","@id":"https:\/\/lospoliticosveracruz.com\/#organization","name":"Los pol\u00edticos Veracruz","url":"https:\/\/lospoliticosveracruz.com\/","logo":{"@type":"ImageObject","inLanguage":"es","@id":"https:\/\/lospoliticosveracruz.com\/#\/schema\/logo\/image\/","url":"https:\/\/lospoliticosveracruz.com\/wp-content\/uploads\/2025\/12\/Logo-Nuevo-LOS-POLITICOS-1.jpg","contentUrl":"https:\/\/lospoliticosveracruz.com\/wp-content\/uploads\/2025\/12\/Logo-Nuevo-LOS-POLITICOS-1.jpg","width":260,"height":70,"caption":"Los pol\u00edticos Veracruz"},"image":{"@id":"https:\/\/lospoliticosveracruz.com\/#\/schema\/logo\/image\/"},"sameAs":["https:\/\/www.facebook.com\/people\/Notimemes-de-los-Polticos\/61565672886568\/","https:\/\/x.com\/LosPoliticosVer"]},{"@type":"Person","@id":"https:\/\/lospoliticosveracruz.com\/#\/schema\/person\/b8702bb0e538456e6efd07080bf2a4a2","name":"Lo viste en Los Pol\u00edticos","image":{"@type":"ImageObject","inLanguage":"es","@id":"https:\/\/secure.gravatar.com\/avatar\/3a8de04a2656d44082be478bd6c086daa447c4651605818287b9532d3d0bd435?s=96&d=mm&r=g","url":"https:\/\/secure.gravatar.com\/avatar\/3a8de04a2656d44082be478bd6c086daa447c4651605818287b9532d3d0bd435?s=96&d=mm&r=g","contentUrl":"https:\/\/secure.gravatar.com\/avatar\/3a8de04a2656d44082be478bd6c086daa447c4651605818287b9532d3d0bd435?s=96&d=mm&r=g","caption":"Lo viste en Los Pol\u00edticos"},"url":"https:\/\/lospoliticosveracruz.com\/?author=2"}]}},"_links":{"self":[{"href":"https:\/\/lospoliticosveracruz.com\/index.php?rest_route=\/wp\/v2\/posts\/68165","targetHints":{"allow":["GET"]}}],"collection":[{"href":"https:\/\/lospoliticosveracruz.com\/index.php?rest_route=\/wp\/v2\/posts"}],"about":[{"href":"https:\/\/lospoliticosveracruz.com\/index.php?rest_route=\/wp\/v2\/types\/post"}],"author":[{"embeddable":true,"href":"https:\/\/lospoliticosveracruz.com\/index.php?rest_route=\/wp\/v2\/users\/2"}],"replies":[{"embeddable":true,"href":"https:\/\/lospoliticosveracruz.com\/index.php?rest_route=%2Fwp%2Fv2%2Fcomments&post=68165"}],"version-history":[{"count":1,"href":"https:\/\/lospoliticosveracruz.com\/index.php?rest_route=\/wp\/v2\/posts\/68165\/revisions"}],"predecessor-version":[{"id":68167,"href":"https:\/\/lospoliticosveracruz.com\/index.php?rest_route=\/wp\/v2\/posts\/68165\/revisions\/68167"}],"wp:attachment":[{"href":"https:\/\/lospoliticosveracruz.com\/index.php?rest_route=%2Fwp%2Fv2%2Fmedia&parent=68165"}],"wp:term":[{"taxonomy":"category","embeddable":true,"href":"https:\/\/lospoliticosveracruz.com\/index.php?rest_route=%2Fwp%2Fv2%2Fcategories&post=68165"},{"taxonomy":"post_tag","embeddable":true,"href":"https:\/\/lospoliticosveracruz.com\/index.php?rest_route=%2Fwp%2Fv2%2Ftags&post=68165"}],"curies":[{"name":"wp","href":"https:\/\/api.w.org\/{rel}","templated":true}]}}