{"id":68176,"date":"2021-02-13T14:32:16","date_gmt":"2021-02-13T20:32:16","guid":{"rendered":"http:\/\/www.lospoliticosveracruz.com.mx\/?p=68176"},"modified":"2021-02-13T14:32:16","modified_gmt":"2021-02-13T20:32:16","slug":"cambio-de-ultima-hora-en-convocatorias-del-pri","status":"publish","type":"post","link":"https:\/\/lospoliticosveracruz.com\/?p=68176","title":{"rendered":"Cambio de \u00faltima hora en Convocatorias del PRI!"},"content":{"rendered":"<p>&nbsp;<\/p>\n<p><strong>Xalapa<\/strong><\/p>\n<p>&nbsp;<\/p>\n<p>La Comisi\u00f3n Estatal de Procesos Internos del PRI en Veracruz, aprob\u00f3 los acuerdos mediante los cuales, se modifican parcialmente diferentes bases de la convocatoria para la selecci\u00f3n y postulaci\u00f3n de las candidaturas a las diputaciones locales por el principio de mayor\u00eda relativa, as\u00ed como para la convocatoria referente a las candidaturas a las presidencias municipales en Veracruz, para este proceso electoral 2020-2021.<br \/>\nLa noche de este viernes 12 de febrero, fue publicado en estrados digitales del partido, el acuerdo aprobado por la Comisi\u00f3n Estatal de Procesos Internos en sesi\u00f3n extraordinaria, que modifica calendario del proceso interno de la convocatoria para la selecci\u00f3n y postulaci\u00f3n de candidaturas a las presidencias municipales.<br \/>\nLa fecha para la publicaci\u00f3n de predict\u00e1menes que era el 12 de febrero, ahora es hasta el 4 de marzo de 2021; de igual forma, la aplicaci\u00f3n del examen por parte del Instituto Reyes Heroles, se cambia del 14 de febrero al 6 de marzo de 2021.<br \/>\nAsimismo, se modific\u00f3 la fecha del 15 de marzo, para que sea a m\u00e1s tardar el 28 de marzo, la fecha en que la Comisi\u00f3n Estatal emita la declaratoria de validez del proceso interno y expida la constancia de candidatura a cada una de las personas militantes que obtengan el acuerdo favorable de postulaci\u00f3n emitido por la Comisi\u00f3n Estatal para la Postulaci\u00f3n de Candidaturas.<br \/>\nEl acuerdo completo puede consultarse en: <em><strong><a href=\"https:\/\/drive.google.com\/file\/d\/1Jfq0h9OsSRruiFc36tGNh0238Ob84qm9\/view\">https:\/\/drive.google.com\/file\/d\/1Jfq0h9OsSRruiFc36tGNh0238Ob84qm9\/view<\/a><\/strong><\/em><\/p>\n<p>Hasta el momento, ha sido publicado un primer bloque de predictamenes correspondientes a los prerregistros de aspirantes a las precandidaturas a las presidencias municipales y puede consultarse en: <em><strong><a href=\"http:\/\/www.priveracruz.mx\/predictamenes-muni21\/\">http:\/\/www.priveracruz.mx\/predictamenes-muni21\/<\/a><\/strong><\/em><\/p>\n<p>En lo que se refiere a la Convocatoria para la selecci\u00f3n y postulaci\u00f3n de candidaturas a las diputaciones locales por mayor\u00eda relativa, la modificaci\u00f3n de las fechas en el acuerdo, de igual forma publicado, incluye que la publicaci\u00f3n de predictamenes de prerregistros de aspirantes a precandidaturas cambi\u00f3 del 11 de febrero al 15 de febrero a m\u00e1s tardar.<br \/>\nDe igual forma, el examen que aplicar\u00e1 el Instituto Reyes Heroles, cambia del 13 de febrero, al 17 de febrero de 2021; y la fecha en que la Comisi\u00f3n Estatal har\u00e1 la declaratoria de validez del proceso interno y haga la expedici\u00f3n de constancias de candidaturas, se modifica del 9 de marzo al 13 de marzo de 2021.<br \/>\nEl acuerdo completo puede consultarse en:<em><strong><a href=\"https:\/\/drive.google.com\/file\/d\/1arJ0jdtZLLjZTdpHVru5XuhGIxI2BxrV\/view?usp=sharing\"> https:\/\/drive.google.com\/file\/d\/1arJ0jdtZLLjZTdpHVru5XuhGIxI2BxrV\/view?usp=sharing<\/a><\/strong><\/em><\/p>\n","protected":false},"excerpt":{"rendered":"<p>&nbsp; Xalapa &nbsp; La Comisi\u00f3n Estatal de Procesos Internos del PRI en Veracruz, aprob\u00f3 los acuerdos mediante los cuales, se modifican parcialmente diferentes bases de la convocatoria para la selecci\u00f3n y postulaci\u00f3n de las candidaturas a las diputaciones locales por el principio de mayor\u00eda relativa, as\u00ed como para la convocatoria referente a las candidaturas a [&hellip;]<\/p>\n","protected":false},"author":2,"featured_media":0,"comment_status":"open","ping_status":"open","sticky":false,"template":"","format":"standard","meta":{"tdm_status":"","tdm_grid_status":"","footnotes":""},"categories":[73],"tags":[4059,15071,26170,251,20045,23238],"class_list":{"0":"post-68176","1":"post","2":"type-post","3":"status-publish","4":"format-standard","6":"category-de-boleto","7":"tag-candidatura","8":"tag-convocatoria","9":"tag-postulacion-candidaturas","10":"tag-pri","11":"tag-pri-en-veracruz","12":"tag-proceso-electoral-2020-2021"},"yoast_head":"<!-- This site is optimized with the Yoast SEO plugin v27.4 - https:\/\/yoast.com\/product\/yoast-seo-wordpress\/ -->\n<title>Cambio de \u00faltima hora en Convocatorias del PRI! - Los pol\u00edticos Veracruz<\/title>\n<meta name=\"robots\" content=\"index, follow, max-snippet:-1, max-image-preview:large, max-video-preview:-1\" \/>\n<link rel=\"canonical\" href=\"https:\/\/lospoliticosveracruz.com\/?p=68176\" \/>\n<meta property=\"og:locale\" content=\"es_ES\" \/>\n<meta property=\"og:type\" content=\"article\" \/>\n<meta property=\"og:title\" content=\"Cambio de \u00faltima hora en Convocatorias del PRI! - Los pol\u00edticos Veracruz\" \/>\n<meta property=\"og:description\" content=\"&nbsp; Xalapa &nbsp; La Comisi\u00f3n Estatal de Procesos Internos del PRI en Veracruz, aprob\u00f3 los acuerdos mediante los cuales, se modifican parcialmente diferentes bases de la convocatoria para la selecci\u00f3n y postulaci\u00f3n de las candidaturas a las diputaciones locales por el principio de mayor\u00eda relativa, as\u00ed como para la convocatoria referente a las candidaturas a [&hellip;]\" \/>\n<meta property=\"og:url\" content=\"https:\/\/lospoliticosveracruz.com\/?p=68176\" \/>\n<meta property=\"og:site_name\" content=\"Los pol\u00edticos Veracruz\" \/>\n<meta property=\"article:publisher\" content=\"https:\/\/www.facebook.com\/people\/Notimemes-de-los-Polticos\/61565672886568\/\" \/>\n<meta property=\"article:published_time\" content=\"2021-02-13T20:32:16+00:00\" \/>\n<meta property=\"og:image\" content=\"https:\/\/lospoliticosveracruz.com\/wp-content\/uploads\/2016\/07\/Logo-Dor.jpg\" \/>\n\t<meta property=\"og:image:width\" content=\"200\" \/>\n\t<meta property=\"og:image:height\" content=\"200\" \/>\n\t<meta property=\"og:image:type\" content=\"image\/jpeg\" \/>\n<meta name=\"author\" content=\"Lo viste en Los Pol\u00edticos\" \/>\n<meta name=\"twitter:card\" content=\"summary_large_image\" \/>\n<meta name=\"twitter:creator\" content=\"@LosPoliticosVer\" \/>\n<meta name=\"twitter:site\" content=\"@LosPoliticosVer\" \/>\n<meta name=\"twitter:label1\" content=\"Escrito por\" \/>\n\t<meta name=\"twitter:data1\" content=\"Lo viste en Los Pol\u00edticos\" \/>\n\t<meta name=\"twitter:label2\" content=\"Tiempo de lectura\" \/>\n\t<meta name=\"twitter:data2\" content=\"2 minutos\" \/>\n<script type=\"application\/ld+json\" class=\"yoast-schema-graph\">{\"@context\":\"https:\\\/\\\/schema.org\",\"@graph\":[{\"@type\":\"Article\",\"@id\":\"https:\\\/\\\/lospoliticosveracruz.com\\\/?p=68176#article\",\"isPartOf\":{\"@id\":\"https:\\\/\\\/lospoliticosveracruz.com\\\/?p=68176\"},\"author\":{\"name\":\"Lo viste en Los Pol\u00edticos\",\"@id\":\"https:\\\/\\\/lospoliticosveracruz.com\\\/#\\\/schema\\\/person\\\/b8702bb0e538456e6efd07080bf2a4a2\"},\"headline\":\"Cambio de \u00faltima hora en Convocatorias del PRI!\",\"datePublished\":\"2021-02-13T20:32:16+00:00\",\"mainEntityOfPage\":{\"@id\":\"https:\\\/\\\/lospoliticosveracruz.com\\\/?p=68176\"},\"wordCount\":426,\"commentCount\":0,\"publisher\":{\"@id\":\"https:\\\/\\\/lospoliticosveracruz.com\\\/#organization\"},\"keywords\":[\"candidatura\",\"Convocatoria\",\"Postulaci\u00f3n candidaturas\",\"PRI\",\"PRI en Veracruz\",\"proceso electoral 2020-2021\"],\"articleSection\":[\"De Boleto\"],\"inLanguage\":\"es\",\"potentialAction\":[{\"@type\":\"CommentAction\",\"name\":\"Comment\",\"target\":[\"https:\\\/\\\/lospoliticosveracruz.com\\\/?p=68176#respond\"]}]},{\"@type\":\"WebPage\",\"@id\":\"https:\\\/\\\/lospoliticosveracruz.com\\\/?p=68176\",\"url\":\"https:\\\/\\\/lospoliticosveracruz.com\\\/?p=68176\",\"name\":\"Cambio de \u00faltima hora en Convocatorias del PRI! - Los pol\u00edticos Veracruz\",\"isPartOf\":{\"@id\":\"https:\\\/\\\/lospoliticosveracruz.com\\\/#website\"},\"datePublished\":\"2021-02-13T20:32:16+00:00\",\"breadcrumb\":{\"@id\":\"https:\\\/\\\/lospoliticosveracruz.com\\\/?p=68176#breadcrumb\"},\"inLanguage\":\"es\",\"potentialAction\":[{\"@type\":\"ReadAction\",\"target\":[\"https:\\\/\\\/lospoliticosveracruz.com\\\/?p=68176\"]}]},{\"@type\":\"BreadcrumbList\",\"@id\":\"https:\\\/\\\/lospoliticosveracruz.com\\\/?p=68176#breadcrumb\",\"itemListElement\":[{\"@type\":\"ListItem\",\"position\":1,\"name\":\"Portada\",\"item\":\"https:\\\/\\\/lospoliticosveracruz.com\\\/\"},{\"@type\":\"ListItem\",\"position\":2,\"name\":\"Cambio de \u00faltima hora en Convocatorias del PRI!\"}]},{\"@type\":\"WebSite\",\"@id\":\"https:\\\/\\\/lospoliticosveracruz.com\\\/#website\",\"url\":\"https:\\\/\\\/lospoliticosveracruz.com\\\/\",\"name\":\"Los pol\u00edticos Veracruz\",\"description\":\"\",\"publisher\":{\"@id\":\"https:\\\/\\\/lospoliticosveracruz.com\\\/#organization\"},\"potentialAction\":[{\"@type\":\"SearchAction\",\"target\":{\"@type\":\"EntryPoint\",\"urlTemplate\":\"https:\\\/\\\/lospoliticosveracruz.com\\\/?s={search_term_string}\"},\"query-input\":{\"@type\":\"PropertyValueSpecification\",\"valueRequired\":true,\"valueName\":\"search_term_string\"}}],\"inLanguage\":\"es\"},{\"@type\":\"Organization\",\"@id\":\"https:\\\/\\\/lospoliticosveracruz.com\\\/#organization\",\"name\":\"Los pol\u00edticos Veracruz\",\"url\":\"https:\\\/\\\/lospoliticosveracruz.com\\\/\",\"logo\":{\"@type\":\"ImageObject\",\"inLanguage\":\"es\",\"@id\":\"https:\\\/\\\/lospoliticosveracruz.com\\\/#\\\/schema\\\/logo\\\/image\\\/\",\"url\":\"https:\\\/\\\/lospoliticosveracruz.com\\\/wp-content\\\/uploads\\\/2025\\\/12\\\/Logo-Nuevo-LOS-POLITICOS-1.jpg\",\"contentUrl\":\"https:\\\/\\\/lospoliticosveracruz.com\\\/wp-content\\\/uploads\\\/2025\\\/12\\\/Logo-Nuevo-LOS-POLITICOS-1.jpg\",\"width\":260,\"height\":70,\"caption\":\"Los pol\u00edticos Veracruz\"},\"image\":{\"@id\":\"https:\\\/\\\/lospoliticosveracruz.com\\\/#\\\/schema\\\/logo\\\/image\\\/\"},\"sameAs\":[\"https:\\\/\\\/www.facebook.com\\\/people\\\/Notimemes-de-los-Polticos\\\/61565672886568\\\/\",\"https:\\\/\\\/x.com\\\/LosPoliticosVer\"]},{\"@type\":\"Person\",\"@id\":\"https:\\\/\\\/lospoliticosveracruz.com\\\/#\\\/schema\\\/person\\\/b8702bb0e538456e6efd07080bf2a4a2\",\"name\":\"Lo viste en Los Pol\u00edticos\",\"image\":{\"@type\":\"ImageObject\",\"inLanguage\":\"es\",\"@id\":\"https:\\\/\\\/secure.gravatar.com\\\/avatar\\\/3a8de04a2656d44082be478bd6c086daa447c4651605818287b9532d3d0bd435?s=96&d=mm&r=g\",\"url\":\"https:\\\/\\\/secure.gravatar.com\\\/avatar\\\/3a8de04a2656d44082be478bd6c086daa447c4651605818287b9532d3d0bd435?s=96&d=mm&r=g\",\"contentUrl\":\"https:\\\/\\\/secure.gravatar.com\\\/avatar\\\/3a8de04a2656d44082be478bd6c086daa447c4651605818287b9532d3d0bd435?s=96&d=mm&r=g\",\"caption\":\"Lo viste en Los Pol\u00edticos\"},\"url\":\"https:\\\/\\\/lospoliticosveracruz.com\\\/?author=2\"}]}<\/script>\n<!-- \/ Yoast SEO plugin. -->","yoast_head_json":{"title":"Cambio de \u00faltima hora en Convocatorias del PRI! - Los pol\u00edticos Veracruz","robots":{"index":"index","follow":"follow","max-snippet":"max-snippet:-1","max-image-preview":"max-image-preview:large","max-video-preview":"max-video-preview:-1"},"canonical":"https:\/\/lospoliticosveracruz.com\/?p=68176","og_locale":"es_ES","og_type":"article","og_title":"Cambio de \u00faltima hora en Convocatorias del PRI! - Los pol\u00edticos Veracruz","og_description":"&nbsp; Xalapa &nbsp; La Comisi\u00f3n Estatal de Procesos Internos del PRI en Veracruz, aprob\u00f3 los acuerdos mediante los cuales, se modifican parcialmente diferentes bases de la convocatoria para la selecci\u00f3n y postulaci\u00f3n de las candidaturas a las diputaciones locales por el principio de mayor\u00eda relativa, as\u00ed como para la convocatoria referente a las candidaturas a [&hellip;]","og_url":"https:\/\/lospoliticosveracruz.com\/?p=68176","og_site_name":"Los pol\u00edticos Veracruz","article_publisher":"https:\/\/www.facebook.com\/people\/Notimemes-de-los-Polticos\/61565672886568\/","article_published_time":"2021-02-13T20:32:16+00:00","og_image":[{"width":200,"height":200,"url":"https:\/\/lospoliticosveracruz.com\/wp-content\/uploads\/2016\/07\/Logo-Dor.jpg","type":"image\/jpeg"}],"author":"Lo viste en Los Pol\u00edticos","twitter_card":"summary_large_image","twitter_creator":"@LosPoliticosVer","twitter_site":"@LosPoliticosVer","twitter_misc":{"Escrito por":"Lo viste en Los Pol\u00edticos","Tiempo de lectura":"2 minutos"},"schema":{"@context":"https:\/\/schema.org","@graph":[{"@type":"Article","@id":"https:\/\/lospoliticosveracruz.com\/?p=68176#article","isPartOf":{"@id":"https:\/\/lospoliticosveracruz.com\/?p=68176"},"author":{"name":"Lo viste en Los Pol\u00edticos","@id":"https:\/\/lospoliticosveracruz.com\/#\/schema\/person\/b8702bb0e538456e6efd07080bf2a4a2"},"headline":"Cambio de \u00faltima hora en Convocatorias del PRI!","datePublished":"2021-02-13T20:32:16+00:00","mainEntityOfPage":{"@id":"https:\/\/lospoliticosveracruz.com\/?p=68176"},"wordCount":426,"commentCount":0,"publisher":{"@id":"https:\/\/lospoliticosveracruz.com\/#organization"},"keywords":["candidatura","Convocatoria","Postulaci\u00f3n candidaturas","PRI","PRI en Veracruz","proceso electoral 2020-2021"],"articleSection":["De Boleto"],"inLanguage":"es","potentialAction":[{"@type":"CommentAction","name":"Comment","target":["https:\/\/lospoliticosveracruz.com\/?p=68176#respond"]}]},{"@type":"WebPage","@id":"https:\/\/lospoliticosveracruz.com\/?p=68176","url":"https:\/\/lospoliticosveracruz.com\/?p=68176","name":"Cambio de \u00faltima hora en Convocatorias del PRI! - Los pol\u00edticos Veracruz","isPartOf":{"@id":"https:\/\/lospoliticosveracruz.com\/#website"},"datePublished":"2021-02-13T20:32:16+00:00","breadcrumb":{"@id":"https:\/\/lospoliticosveracruz.com\/?p=68176#breadcrumb"},"inLanguage":"es","potentialAction":[{"@type":"ReadAction","target":["https:\/\/lospoliticosveracruz.com\/?p=68176"]}]},{"@type":"BreadcrumbList","@id":"https:\/\/lospoliticosveracruz.com\/?p=68176#breadcrumb","itemListElement":[{"@type":"ListItem","position":1,"name":"Portada","item":"https:\/\/lospoliticosveracruz.com\/"},{"@type":"ListItem","position":2,"name":"Cambio de \u00faltima hora en Convocatorias del PRI!"}]},{"@type":"WebSite","@id":"https:\/\/lospoliticosveracruz.com\/#website","url":"https:\/\/lospoliticosveracruz.com\/","name":"Los pol\u00edticos Veracruz","description":"","publisher":{"@id":"https:\/\/lospoliticosveracruz.com\/#organization"},"potentialAction":[{"@type":"SearchAction","target":{"@type":"EntryPoint","urlTemplate":"https:\/\/lospoliticosveracruz.com\/?s={search_term_string}"},"query-input":{"@type":"PropertyValueSpecification","valueRequired":true,"valueName":"search_term_string"}}],"inLanguage":"es"},{"@type":"Organization","@id":"https:\/\/lospoliticosveracruz.com\/#organization","name":"Los pol\u00edticos Veracruz","url":"https:\/\/lospoliticosveracruz.com\/","logo":{"@type":"ImageObject","inLanguage":"es","@id":"https:\/\/lospoliticosveracruz.com\/#\/schema\/logo\/image\/","url":"https:\/\/lospoliticosveracruz.com\/wp-content\/uploads\/2025\/12\/Logo-Nuevo-LOS-POLITICOS-1.jpg","contentUrl":"https:\/\/lospoliticosveracruz.com\/wp-content\/uploads\/2025\/12\/Logo-Nuevo-LOS-POLITICOS-1.jpg","width":260,"height":70,"caption":"Los pol\u00edticos Veracruz"},"image":{"@id":"https:\/\/lospoliticosveracruz.com\/#\/schema\/logo\/image\/"},"sameAs":["https:\/\/www.facebook.com\/people\/Notimemes-de-los-Polticos\/61565672886568\/","https:\/\/x.com\/LosPoliticosVer"]},{"@type":"Person","@id":"https:\/\/lospoliticosveracruz.com\/#\/schema\/person\/b8702bb0e538456e6efd07080bf2a4a2","name":"Lo viste en Los Pol\u00edticos","image":{"@type":"ImageObject","inLanguage":"es","@id":"https:\/\/secure.gravatar.com\/avatar\/3a8de04a2656d44082be478bd6c086daa447c4651605818287b9532d3d0bd435?s=96&d=mm&r=g","url":"https:\/\/secure.gravatar.com\/avatar\/3a8de04a2656d44082be478bd6c086daa447c4651605818287b9532d3d0bd435?s=96&d=mm&r=g","contentUrl":"https:\/\/secure.gravatar.com\/avatar\/3a8de04a2656d44082be478bd6c086daa447c4651605818287b9532d3d0bd435?s=96&d=mm&r=g","caption":"Lo viste en Los Pol\u00edticos"},"url":"https:\/\/lospoliticosveracruz.com\/?author=2"}]}},"_links":{"self":[{"href":"https:\/\/lospoliticosveracruz.com\/index.php?rest_route=\/wp\/v2\/posts\/68176","targetHints":{"allow":["GET"]}}],"collection":[{"href":"https:\/\/lospoliticosveracruz.com\/index.php?rest_route=\/wp\/v2\/posts"}],"about":[{"href":"https:\/\/lospoliticosveracruz.com\/index.php?rest_route=\/wp\/v2\/types\/post"}],"author":[{"embeddable":true,"href":"https:\/\/lospoliticosveracruz.com\/index.php?rest_route=\/wp\/v2\/users\/2"}],"replies":[{"embeddable":true,"href":"https:\/\/lospoliticosveracruz.com\/index.php?rest_route=%2Fwp%2Fv2%2Fcomments&post=68176"}],"version-history":[{"count":1,"href":"https:\/\/lospoliticosveracruz.com\/index.php?rest_route=\/wp\/v2\/posts\/68176\/revisions"}],"predecessor-version":[{"id":68177,"href":"https:\/\/lospoliticosveracruz.com\/index.php?rest_route=\/wp\/v2\/posts\/68176\/revisions\/68177"}],"wp:attachment":[{"href":"https:\/\/lospoliticosveracruz.com\/index.php?rest_route=%2Fwp%2Fv2%2Fmedia&parent=68176"}],"wp:term":[{"taxonomy":"category","embeddable":true,"href":"https:\/\/lospoliticosveracruz.com\/index.php?rest_route=%2Fwp%2Fv2%2Fcategories&post=68176"},{"taxonomy":"post_tag","embeddable":true,"href":"https:\/\/lospoliticosveracruz.com\/index.php?rest_route=%2Fwp%2Fv2%2Ftags&post=68176"}],"curies":[{"name":"wp","href":"https:\/\/api.w.org\/{rel}","templated":true}]}}