{"id":68220,"date":"2021-02-15T08:47:09","date_gmt":"2021-02-15T14:47:09","guid":{"rendered":"http:\/\/www.lospoliticosveracruz.com.mx\/?p=68220"},"modified":"2021-02-15T08:47:09","modified_gmt":"2021-02-15T14:47:09","slug":"la-guerra-que-viene","status":"publish","type":"post","link":"https:\/\/lospoliticosveracruz.com\/?p=68220","title":{"rendered":"La guerra que viene"},"content":{"rendered":"<p><strong>Ricardo Ch\u00faa<\/strong><br \/>\n<em>Sale y Vale<\/em><\/p>\n<p>Despu\u00e9s de todo lo que pas\u00f3 ayer en la elecci\u00f3n de candidato a alcalde de Veracruz por el PAN en su convenci\u00f3n interna&#8230; Donde hubo \u00abmameyazos\u00bb, intentos de \u00abquebrar\u00bb la convenci\u00f3n, de acusaciones de unos y otros, de no dejar votar a los llamados \u00abcachirules, del dinero que corri\u00f3 a manos llenas, del chofer detenido, de horas y horas de espera&#8230; Para que la diferencia entre Miguel y Bingen fuera de 12 votos presuntamente ganando Yunes&#8230; Al final, la elecci\u00f3n se va a tribunales electorales&#8230; En pocas palabras&#8230; Se judicializa&#8230; No hay otra sopa&#8230; TAN&#8230; TAN&#8230;<\/p>\n<p>Pero este asunto, del cual, hasta el cierre de la columna a altas horas de la madrugada de hoy&#8230; No se conoc\u00eda el resultado final entre Miguel y Bingen&#8230; Ya lo que pas\u00f3 el domingo es historia&#8230; Lo importante es lo que se percibe despu\u00e9s del proceso interno panista porte\u00f1o.. Y se ve en primera, que el equipo del comit\u00e9 estatal del PAN&#8230; Esta elecci\u00f3n al menos en el puerto de Veracruz, se le fue de las \u00abmanos\u00bb&#8230; Ya que aqu\u00ed no hay con Joaqu\u00edn Guzm\u00e1n Avil\u00e9s, \u00abvalores entendidos\u00bb de dejar pasar unas y otras&#8230; Al menos con Los Yunes azules no&#8230;<\/p>\n<p>La otra percepci\u00f3n es que le tienen pavor al patriarca de este clan&#8230; As\u00ed como tambi\u00e9n le temen a Julen&#8230; Pero como Yunes seguro tiene expedientes y el que controla la informaci\u00f3n tiene el poder&#8230; No va a pasar nada, dejar\u00e1n que los tribunales decidan&#8230; Adem\u00e1s los propios Yunes Azules lograron meter a su diputado federal, Carlos Valenzuela, en el comit\u00e9 nacional del PAN&#8230; Ah\u00ed est\u00e1 con Marko Cort\u00e9s, el l\u00edder del CEN panista&#8230;<\/p>\n<p>El tema es que si la decisi\u00f3n de DESIGNAR a un candidato a la alcald\u00eda por Veracruz por el PAN, despu\u00e9s de los procesos judiciales que se ver\u00e1 inmerso este resultado.. Dif\u00edcilmente Marko se va a pelear con Los Yunes, ni tampoco con los Rementeria&#8230; No le conviene, Marko quiere reelegirse como presidente nacional y los necesita a ambos por la influencia que tienen en Veracruz&#8230; Marko y Ricardo Anaya, son como uno mismo y ambos han sostenido acuerdos con Miguel \u00c1ngel Yunes&#8230;<\/p>\n<p>Adem\u00e1s este resultado adverso a Bingen deja como un \u00absabor de boca amargo\u00bb para ellos&#8230; La percepci\u00f3n es que el equipo de Los Rementeria no es muy brillante como aparentan&#8230; M\u00e1s si sus operadores al interior del PAN, considerados \u00abestrellas\u00bb, pues, ya demostraron que no les funcionan como deben&#8230; Y LO RARO del asunto es que en el OPLE corre la versi\u00f3n que MORENA estaba impugnando y ten\u00eda quejas contra Bingen&#8230; No contra alguno de Los Yunes&#8230; Pues qui\u00e9n es el enemigo del sistema&#8230; ????<\/p>\n<p>Se puede hasta sospechar de acuerdos entre los Yunes&#8230; Ya que si la determinaci\u00f3n del Tribunal Electoral de Veracruz era un asunto que seg\u00fan, ya hab\u00eda decidido el Tribunal Electoral del Poder Judicial de la Federaci\u00f3n d\u00e1ndole la raz\u00f3n a Los Rementeria, pero parece que Los Yunes, se les adelantaron operando ese voto a su favor y con la detenci\u00f3n del chofer de Bingen qued\u00f3 a\u00fan m\u00e1s la duda&#8230; A poco la \u00abtienda\u00bb de enfrente no lo hizo&#8230; ES LA DUDA m\u00e1s grande de todo el d\u00eda de ayer&#8230;<\/p>\n<p>Los Yunes mostraron estrategia y que hacen pol\u00edtica&#8230; Y el patriarca les demostr\u00f3, que qui\u00e9n tiene el \u00abpinche poder\u00bb de la informaci\u00f3n y los fintaron bien ech\u00e1ndoles la complicidad de MORENA con los Rementeria y Los Chapos&#8230; Hasta ganandoles las principales plazas como Xalapa, Veracruz y de paso Tuxpan entre otras&#8230; As\u00ed que con esto, queda la lectura, que parte de la alianza opositora depende ya de Los Yunes&#8230; Seguro todo va a tribunales&#8230;. Ah\u00ed se decidir\u00e1 si entra Miguel o Bingen o si Marko toma la decisi\u00f3n de un TERCERO EN DISCORDIA para la alcald\u00eda de Veracruz..<\/p>\n<p>EL FACTOR ROJO&#8230; Si llegaran a ratificar el triunfo a Miguel Angel Yunes M\u00e1rquez como aspirante oficial del PAN a la alcald\u00eda de Veracruz&#8230; En su alianza total en el municipio y los dos distritos porte\u00f1os a las diputaciones locales tambi\u00e9n en coalici\u00f3n con el PRD y el PRI&#8230; Lograr\u00e1 el panista DIGERIR ESA ALIANZA con el priismo porte\u00f1o o lo va a relegar teniendo la seguridad que s\u00f3lo con el PAN gana&#8230; Pero con el desgaste que tuvo y con una posible \u00abfractura\u00bb&#8230; \u00bfNo le ser\u00e1n necesarios esos 20 mil votos del PRI?&#8230;<\/p>\n<p>Los tiempos son otros en comparaci\u00f3n con 2017 y 2018&#8230; Hay que ver la manera tan cerrada que gan\u00f3 la contienda interna del PAN&#8230; Si la militancia total lo va a respaldar o se van con Movimiento Ciudadano&#8230; Ya el Patriarca de Los Yunes Azules, no es el gobernador como en esos a\u00f1os&#8230; MORENA le puede arregatar el distrito electoral federal porte\u00f1o como pas\u00f3 en 2018, su figura no es la misma que 2007, 2013 y 2018&#8230; Ya su \u00abdigesti\u00f3n\u00bb debe estar al tiro&#8230; Ya que sin el rojo al 100 por ciento con \u00e9l&#8230; Todo puede pasar&#8230;<\/p>\n<p>Ya que lo raro ser\u00eda que con Miguel como candidato, el PRI perdiera en este a\u00f1o el distrito rural de Veracruz puerto llevando a cualquiera de los precandidatos a diputados locales que se han inscrito aunque todo indica que ser\u00e1 Jos\u00e9 Gabriel P\u00e9rez Guti\u00e9rrez&#8230; No puede pasar lo mismo que le sucedi\u00f3 a Sergio Gil en 2018, que Ricardo Exsome arras\u00f3 con ese distrito cuando era m\u00e1s azul que el cielo&#8230; Por eso, ser\u00eda sospechoso una derrota del PRI en ese distrito&#8230; Finalmente \u201cLa lucha sigue\u201d&#8230; Sino el 2024 de nuevo podr\u00eda esperar&#8230; AMEN&#8230;<\/p>\n<p>LOS GANADORES AZULES&#8230; Juan Manuel Unanue no tuvo y ni tendr\u00e1 alg\u00fan problema para ser el candidato a la alcald\u00eda de Boca del R\u00edo&#8230;. La convenci\u00f3n fue de \u00e9l y para \u00e9l&#8230; No tiene rival en Boca del R\u00edo&#8230; S\u00f3lo que algo grave pase&#8230; MORENA no tiene posibilidad&#8230; Seguro Unanue tendr\u00e1 alianza con el PRI y PRD para cerrar el c\u00edrculo&#8230; Es el \u00abgallo azul\u00bb que no est\u00e1 desgastado&#8230; Tiene ese privilegio por encima de cualquier otro candidato en el Estado&#8230;<\/p>\n<p>Bien dec\u00eda Fernando Guti\u00e9rrez Barrios que la pol\u00edtica es de tiempos y momentos&#8230; Quiz\u00e1s sea t\u00fa tiempo, pero no t\u00fa momento y viceversa, pero cuando te llegan esas dos, te vuelves el mejor pol\u00edtico&#8230; As\u00ed le pas\u00f3 a Unanue&#8230; En Xalapa gan\u00f3 Sergio Herm\u00e1mdez, \u00abEl He Man\u00bb pero por la cantidad de votos obtenidos, puede que el comit\u00e9 nacional decida hacer alianza opositora a la alcald\u00eda xalape\u00f1a con PRI y PRD&#8230; Cosa que ser\u00eda normal&#8230; Sergio a\u00fan ganando, no la ten\u00eda segura y por tan pocos votos, pues, menos&#8230;<\/p>\n<p>Del caso de Pepe Mancha tambi\u00e9n logr\u00f3 su triunfo en Tuxpan&#8230; El quiz\u00e1s no tenga ning\u00fan problema en ir como candidato del PAN, como lo tiene Sergio Hern\u00e1ndez en Xalapa&#8230; El problema es que en aquel puerto, Mancha no ha logrado conjuntar la alianza opositora con el PRI y PRD&#8230; Se duda que lo logre y con el panismo s\u00f3lo no gana&#8230; Ganar\u00eda la alcald\u00eda MORENA-PVEM-PT a qui\u00e9n lance de candidato&#8230; Maldita suerte&#8230; Si Mancha-Do algo desea es la coalici\u00f3n&#8230;. Pero El Chapo no la pedir\u00e1 y ahora menos fueron muchos los agravios&#8230; ES LA GUERRA&#8230;<\/p>\n","protected":false},"excerpt":{"rendered":"<p>Ricardo Ch\u00faa Sale y Vale Despu\u00e9s de todo lo que pas\u00f3 ayer en la elecci\u00f3n de candidato a alcalde de Veracruz por el PAN en su convenci\u00f3n interna&#8230; Donde hubo \u00abmameyazos\u00bb, intentos de \u00abquebrar\u00bb la convenci\u00f3n, de acusaciones de unos y otros, de no dejar votar a los llamados \u00abcachirules, del dinero que corri\u00f3 a [&hellip;]<\/p>\n","protected":false},"author":2,"featured_media":0,"comment_status":"open","ping_status":"open","sticky":false,"template":"","format":"standard","meta":{"tdm_status":"","tdm_grid_status":"","footnotes":""},"categories":[70],"tags":[4684,601,6732,536,266,13604,195],"class_list":{"0":"post-68220","1":"post","2":"type-post","3":"status-publish","4":"format-standard","6":"category-de-opinion","7":"tag-bingen-rementeria","8":"tag-boca-del-rio","9":"tag-juan-manuel-de-unanue","10":"tag-miguel-angel-yunes-marquez","11":"tag-pan","12":"tag-ricardo-chua","13":"tag-veracruz"},"yoast_head":"<!-- This site is optimized with the Yoast SEO plugin v27.4 - https:\/\/yoast.com\/product\/yoast-seo-wordpress\/ -->\n<title>La guerra que viene - Los pol\u00edticos Veracruz<\/title>\n<meta name=\"robots\" content=\"index, follow, max-snippet:-1, max-image-preview:large, max-video-preview:-1\" \/>\n<link rel=\"canonical\" href=\"https:\/\/lospoliticosveracruz.com\/?p=68220\" \/>\n<meta property=\"og:locale\" content=\"es_ES\" \/>\n<meta property=\"og:type\" content=\"article\" \/>\n<meta property=\"og:title\" content=\"La guerra que viene - Los pol\u00edticos Veracruz\" \/>\n<meta property=\"og:description\" content=\"Ricardo Ch\u00faa Sale y Vale Despu\u00e9s de todo lo que pas\u00f3 ayer en la elecci\u00f3n de candidato a alcalde de Veracruz por el PAN en su convenci\u00f3n interna&#8230; Donde hubo \u00abmameyazos\u00bb, intentos de \u00abquebrar\u00bb la convenci\u00f3n, de acusaciones de unos y otros, de no dejar votar a los llamados \u00abcachirules, del dinero que corri\u00f3 a [&hellip;]\" \/>\n<meta property=\"og:url\" content=\"https:\/\/lospoliticosveracruz.com\/?p=68220\" \/>\n<meta property=\"og:site_name\" content=\"Los pol\u00edticos Veracruz\" \/>\n<meta property=\"article:publisher\" content=\"https:\/\/www.facebook.com\/people\/Notimemes-de-los-Polticos\/61565672886568\/\" \/>\n<meta property=\"article:published_time\" content=\"2021-02-15T14:47:09+00:00\" \/>\n<meta property=\"og:image\" content=\"https:\/\/lospoliticosveracruz.com\/wp-content\/uploads\/2016\/07\/Logo-Dor.jpg\" \/>\n\t<meta property=\"og:image:width\" content=\"200\" \/>\n\t<meta property=\"og:image:height\" content=\"200\" \/>\n\t<meta property=\"og:image:type\" content=\"image\/jpeg\" \/>\n<meta name=\"author\" content=\"Lo viste en Los Pol\u00edticos\" \/>\n<meta name=\"twitter:card\" content=\"summary_large_image\" \/>\n<meta name=\"twitter:creator\" content=\"@LosPoliticosVer\" \/>\n<meta name=\"twitter:site\" content=\"@LosPoliticosVer\" \/>\n<meta name=\"twitter:label1\" content=\"Escrito por\" \/>\n\t<meta name=\"twitter:data1\" content=\"Lo viste en Los Pol\u00edticos\" \/>\n\t<meta name=\"twitter:label2\" content=\"Tiempo de lectura\" \/>\n\t<meta name=\"twitter:data2\" content=\"6 minutos\" \/>\n<script type=\"application\/ld+json\" class=\"yoast-schema-graph\">{\"@context\":\"https:\\\/\\\/schema.org\",\"@graph\":[{\"@type\":\"Article\",\"@id\":\"https:\\\/\\\/lospoliticosveracruz.com\\\/?p=68220#article\",\"isPartOf\":{\"@id\":\"https:\\\/\\\/lospoliticosveracruz.com\\\/?p=68220\"},\"author\":{\"name\":\"Lo viste en Los Pol\u00edticos\",\"@id\":\"https:\\\/\\\/lospoliticosveracruz.com\\\/#\\\/schema\\\/person\\\/b8702bb0e538456e6efd07080bf2a4a2\"},\"headline\":\"La guerra que viene\",\"datePublished\":\"2021-02-15T14:47:09+00:00\",\"mainEntityOfPage\":{\"@id\":\"https:\\\/\\\/lospoliticosveracruz.com\\\/?p=68220\"},\"wordCount\":1269,\"commentCount\":0,\"publisher\":{\"@id\":\"https:\\\/\\\/lospoliticosveracruz.com\\\/#organization\"},\"keywords\":[\"Bingen Rementer\u00eda\",\"Boca del R\u00edo\",\"Juan Manuel de Unanue\",\"Miguel \u00c1ngel Yunes M\u00e1rquez\",\"PAN\",\"Ricardo Ch\u00faa\",\"Veracruz\"],\"articleSection\":[\"De Opini\u00f3n\"],\"inLanguage\":\"es\",\"potentialAction\":[{\"@type\":\"CommentAction\",\"name\":\"Comment\",\"target\":[\"https:\\\/\\\/lospoliticosveracruz.com\\\/?p=68220#respond\"]}]},{\"@type\":\"WebPage\",\"@id\":\"https:\\\/\\\/lospoliticosveracruz.com\\\/?p=68220\",\"url\":\"https:\\\/\\\/lospoliticosveracruz.com\\\/?p=68220\",\"name\":\"La guerra que viene - Los pol\u00edticos Veracruz\",\"isPartOf\":{\"@id\":\"https:\\\/\\\/lospoliticosveracruz.com\\\/#website\"},\"datePublished\":\"2021-02-15T14:47:09+00:00\",\"breadcrumb\":{\"@id\":\"https:\\\/\\\/lospoliticosveracruz.com\\\/?p=68220#breadcrumb\"},\"inLanguage\":\"es\",\"potentialAction\":[{\"@type\":\"ReadAction\",\"target\":[\"https:\\\/\\\/lospoliticosveracruz.com\\\/?p=68220\"]}]},{\"@type\":\"BreadcrumbList\",\"@id\":\"https:\\\/\\\/lospoliticosveracruz.com\\\/?p=68220#breadcrumb\",\"itemListElement\":[{\"@type\":\"ListItem\",\"position\":1,\"name\":\"Portada\",\"item\":\"https:\\\/\\\/lospoliticosveracruz.com\\\/\"},{\"@type\":\"ListItem\",\"position\":2,\"name\":\"La guerra que viene\"}]},{\"@type\":\"WebSite\",\"@id\":\"https:\\\/\\\/lospoliticosveracruz.com\\\/#website\",\"url\":\"https:\\\/\\\/lospoliticosveracruz.com\\\/\",\"name\":\"Los pol\u00edticos Veracruz\",\"description\":\"\",\"publisher\":{\"@id\":\"https:\\\/\\\/lospoliticosveracruz.com\\\/#organization\"},\"potentialAction\":[{\"@type\":\"SearchAction\",\"target\":{\"@type\":\"EntryPoint\",\"urlTemplate\":\"https:\\\/\\\/lospoliticosveracruz.com\\\/?s={search_term_string}\"},\"query-input\":{\"@type\":\"PropertyValueSpecification\",\"valueRequired\":true,\"valueName\":\"search_term_string\"}}],\"inLanguage\":\"es\"},{\"@type\":\"Organization\",\"@id\":\"https:\\\/\\\/lospoliticosveracruz.com\\\/#organization\",\"name\":\"Los pol\u00edticos Veracruz\",\"url\":\"https:\\\/\\\/lospoliticosveracruz.com\\\/\",\"logo\":{\"@type\":\"ImageObject\",\"inLanguage\":\"es\",\"@id\":\"https:\\\/\\\/lospoliticosveracruz.com\\\/#\\\/schema\\\/logo\\\/image\\\/\",\"url\":\"https:\\\/\\\/lospoliticosveracruz.com\\\/wp-content\\\/uploads\\\/2025\\\/12\\\/Logo-Nuevo-LOS-POLITICOS-1.jpg\",\"contentUrl\":\"https:\\\/\\\/lospoliticosveracruz.com\\\/wp-content\\\/uploads\\\/2025\\\/12\\\/Logo-Nuevo-LOS-POLITICOS-1.jpg\",\"width\":260,\"height\":70,\"caption\":\"Los pol\u00edticos Veracruz\"},\"image\":{\"@id\":\"https:\\\/\\\/lospoliticosveracruz.com\\\/#\\\/schema\\\/logo\\\/image\\\/\"},\"sameAs\":[\"https:\\\/\\\/www.facebook.com\\\/people\\\/Notimemes-de-los-Polticos\\\/61565672886568\\\/\",\"https:\\\/\\\/x.com\\\/LosPoliticosVer\"]},{\"@type\":\"Person\",\"@id\":\"https:\\\/\\\/lospoliticosveracruz.com\\\/#\\\/schema\\\/person\\\/b8702bb0e538456e6efd07080bf2a4a2\",\"name\":\"Lo viste en Los Pol\u00edticos\",\"image\":{\"@type\":\"ImageObject\",\"inLanguage\":\"es\",\"@id\":\"https:\\\/\\\/secure.gravatar.com\\\/avatar\\\/3a8de04a2656d44082be478bd6c086daa447c4651605818287b9532d3d0bd435?s=96&d=mm&r=g\",\"url\":\"https:\\\/\\\/secure.gravatar.com\\\/avatar\\\/3a8de04a2656d44082be478bd6c086daa447c4651605818287b9532d3d0bd435?s=96&d=mm&r=g\",\"contentUrl\":\"https:\\\/\\\/secure.gravatar.com\\\/avatar\\\/3a8de04a2656d44082be478bd6c086daa447c4651605818287b9532d3d0bd435?s=96&d=mm&r=g\",\"caption\":\"Lo viste en Los Pol\u00edticos\"},\"url\":\"https:\\\/\\\/lospoliticosveracruz.com\\\/?author=2\"}]}<\/script>\n<!-- \/ Yoast SEO plugin. -->","yoast_head_json":{"title":"La guerra que viene - Los pol\u00edticos Veracruz","robots":{"index":"index","follow":"follow","max-snippet":"max-snippet:-1","max-image-preview":"max-image-preview:large","max-video-preview":"max-video-preview:-1"},"canonical":"https:\/\/lospoliticosveracruz.com\/?p=68220","og_locale":"es_ES","og_type":"article","og_title":"La guerra que viene - Los pol\u00edticos Veracruz","og_description":"Ricardo Ch\u00faa Sale y Vale Despu\u00e9s de todo lo que pas\u00f3 ayer en la elecci\u00f3n de candidato a alcalde de Veracruz por el PAN en su convenci\u00f3n interna&#8230; Donde hubo \u00abmameyazos\u00bb, intentos de \u00abquebrar\u00bb la convenci\u00f3n, de acusaciones de unos y otros, de no dejar votar a los llamados \u00abcachirules, del dinero que corri\u00f3 a [&hellip;]","og_url":"https:\/\/lospoliticosveracruz.com\/?p=68220","og_site_name":"Los pol\u00edticos Veracruz","article_publisher":"https:\/\/www.facebook.com\/people\/Notimemes-de-los-Polticos\/61565672886568\/","article_published_time":"2021-02-15T14:47:09+00:00","og_image":[{"width":200,"height":200,"url":"https:\/\/lospoliticosveracruz.com\/wp-content\/uploads\/2016\/07\/Logo-Dor.jpg","type":"image\/jpeg"}],"author":"Lo viste en Los Pol\u00edticos","twitter_card":"summary_large_image","twitter_creator":"@LosPoliticosVer","twitter_site":"@LosPoliticosVer","twitter_misc":{"Escrito por":"Lo viste en Los Pol\u00edticos","Tiempo de lectura":"6 minutos"},"schema":{"@context":"https:\/\/schema.org","@graph":[{"@type":"Article","@id":"https:\/\/lospoliticosveracruz.com\/?p=68220#article","isPartOf":{"@id":"https:\/\/lospoliticosveracruz.com\/?p=68220"},"author":{"name":"Lo viste en Los Pol\u00edticos","@id":"https:\/\/lospoliticosveracruz.com\/#\/schema\/person\/b8702bb0e538456e6efd07080bf2a4a2"},"headline":"La guerra que viene","datePublished":"2021-02-15T14:47:09+00:00","mainEntityOfPage":{"@id":"https:\/\/lospoliticosveracruz.com\/?p=68220"},"wordCount":1269,"commentCount":0,"publisher":{"@id":"https:\/\/lospoliticosveracruz.com\/#organization"},"keywords":["Bingen Rementer\u00eda","Boca del R\u00edo","Juan Manuel de Unanue","Miguel \u00c1ngel Yunes M\u00e1rquez","PAN","Ricardo Ch\u00faa","Veracruz"],"articleSection":["De Opini\u00f3n"],"inLanguage":"es","potentialAction":[{"@type":"CommentAction","name":"Comment","target":["https:\/\/lospoliticosveracruz.com\/?p=68220#respond"]}]},{"@type":"WebPage","@id":"https:\/\/lospoliticosveracruz.com\/?p=68220","url":"https:\/\/lospoliticosveracruz.com\/?p=68220","name":"La guerra que viene - Los pol\u00edticos Veracruz","isPartOf":{"@id":"https:\/\/lospoliticosveracruz.com\/#website"},"datePublished":"2021-02-15T14:47:09+00:00","breadcrumb":{"@id":"https:\/\/lospoliticosveracruz.com\/?p=68220#breadcrumb"},"inLanguage":"es","potentialAction":[{"@type":"ReadAction","target":["https:\/\/lospoliticosveracruz.com\/?p=68220"]}]},{"@type":"BreadcrumbList","@id":"https:\/\/lospoliticosveracruz.com\/?p=68220#breadcrumb","itemListElement":[{"@type":"ListItem","position":1,"name":"Portada","item":"https:\/\/lospoliticosveracruz.com\/"},{"@type":"ListItem","position":2,"name":"La guerra que viene"}]},{"@type":"WebSite","@id":"https:\/\/lospoliticosveracruz.com\/#website","url":"https:\/\/lospoliticosveracruz.com\/","name":"Los pol\u00edticos Veracruz","description":"","publisher":{"@id":"https:\/\/lospoliticosveracruz.com\/#organization"},"potentialAction":[{"@type":"SearchAction","target":{"@type":"EntryPoint","urlTemplate":"https:\/\/lospoliticosveracruz.com\/?s={search_term_string}"},"query-input":{"@type":"PropertyValueSpecification","valueRequired":true,"valueName":"search_term_string"}}],"inLanguage":"es"},{"@type":"Organization","@id":"https:\/\/lospoliticosveracruz.com\/#organization","name":"Los pol\u00edticos Veracruz","url":"https:\/\/lospoliticosveracruz.com\/","logo":{"@type":"ImageObject","inLanguage":"es","@id":"https:\/\/lospoliticosveracruz.com\/#\/schema\/logo\/image\/","url":"https:\/\/lospoliticosveracruz.com\/wp-content\/uploads\/2025\/12\/Logo-Nuevo-LOS-POLITICOS-1.jpg","contentUrl":"https:\/\/lospoliticosveracruz.com\/wp-content\/uploads\/2025\/12\/Logo-Nuevo-LOS-POLITICOS-1.jpg","width":260,"height":70,"caption":"Los pol\u00edticos Veracruz"},"image":{"@id":"https:\/\/lospoliticosveracruz.com\/#\/schema\/logo\/image\/"},"sameAs":["https:\/\/www.facebook.com\/people\/Notimemes-de-los-Polticos\/61565672886568\/","https:\/\/x.com\/LosPoliticosVer"]},{"@type":"Person","@id":"https:\/\/lospoliticosveracruz.com\/#\/schema\/person\/b8702bb0e538456e6efd07080bf2a4a2","name":"Lo viste en Los Pol\u00edticos","image":{"@type":"ImageObject","inLanguage":"es","@id":"https:\/\/secure.gravatar.com\/avatar\/3a8de04a2656d44082be478bd6c086daa447c4651605818287b9532d3d0bd435?s=96&d=mm&r=g","url":"https:\/\/secure.gravatar.com\/avatar\/3a8de04a2656d44082be478bd6c086daa447c4651605818287b9532d3d0bd435?s=96&d=mm&r=g","contentUrl":"https:\/\/secure.gravatar.com\/avatar\/3a8de04a2656d44082be478bd6c086daa447c4651605818287b9532d3d0bd435?s=96&d=mm&r=g","caption":"Lo viste en Los Pol\u00edticos"},"url":"https:\/\/lospoliticosveracruz.com\/?author=2"}]}},"_links":{"self":[{"href":"https:\/\/lospoliticosveracruz.com\/index.php?rest_route=\/wp\/v2\/posts\/68220","targetHints":{"allow":["GET"]}}],"collection":[{"href":"https:\/\/lospoliticosveracruz.com\/index.php?rest_route=\/wp\/v2\/posts"}],"about":[{"href":"https:\/\/lospoliticosveracruz.com\/index.php?rest_route=\/wp\/v2\/types\/post"}],"author":[{"embeddable":true,"href":"https:\/\/lospoliticosveracruz.com\/index.php?rest_route=\/wp\/v2\/users\/2"}],"replies":[{"embeddable":true,"href":"https:\/\/lospoliticosveracruz.com\/index.php?rest_route=%2Fwp%2Fv2%2Fcomments&post=68220"}],"version-history":[{"count":1,"href":"https:\/\/lospoliticosveracruz.com\/index.php?rest_route=\/wp\/v2\/posts\/68220\/revisions"}],"predecessor-version":[{"id":68221,"href":"https:\/\/lospoliticosveracruz.com\/index.php?rest_route=\/wp\/v2\/posts\/68220\/revisions\/68221"}],"wp:attachment":[{"href":"https:\/\/lospoliticosveracruz.com\/index.php?rest_route=%2Fwp%2Fv2%2Fmedia&parent=68220"}],"wp:term":[{"taxonomy":"category","embeddable":true,"href":"https:\/\/lospoliticosveracruz.com\/index.php?rest_route=%2Fwp%2Fv2%2Fcategories&post=68220"},{"taxonomy":"post_tag","embeddable":true,"href":"https:\/\/lospoliticosveracruz.com\/index.php?rest_route=%2Fwp%2Fv2%2Ftags&post=68220"}],"curies":[{"name":"wp","href":"https:\/\/api.w.org\/{rel}","templated":true}]}}