{"id":68281,"date":"2021-02-16T08:24:18","date_gmt":"2021-02-16T14:24:18","guid":{"rendered":"http:\/\/www.lospoliticosveracruz.com.mx\/?p=68281"},"modified":"2021-02-16T08:24:18","modified_gmt":"2021-02-16T14:24:18","slug":"cosoleacaque-las-metidas-de-pata-de-cuic","status":"publish","type":"post","link":"https:\/\/lospoliticosveracruz.com\/?p=68281","title":{"rendered":"Cosoleacaque: Las metidas de pata de Cuic"},"content":{"rendered":"<p><strong>Ricardo Ch\u00faa<\/strong><br \/>\n<em>Sale y Vale<\/em><\/p>\n<p>&nbsp;<\/p>\n<p>OJO&#8230; La violencia y los hechos de sangre en Veracruz&#8230; Pueden PROVOCAR el abstencionismo en el pr\u00f3ximo proceso local y federal en la entidad&#8230; Ya que la ciudadan\u00eda tendr\u00e1 miedo de salir a ejercer su voto, el d\u00eda de la jornada electoral, porque se presentar\u00eda hechos de violencia&#8230; Y es lo que no quieren, ser la v\u00edctimas&#8230; La pregunta que vale: \u00bfA qui\u00e9n beneficia todo este \u00abclima\u00bb en Veracruz?&#8230;. El \u00abvoto duro\u00bb ser\u00e1 factor de decisi\u00f3n de los partidos ante la ciudadan\u00eda&#8230; \u00bfQui\u00e9n lo tiene de su mano?.. AMEN&#8230;<\/p>\n<p>GLADYS, EL ERROR&#8230; En Palacio de Gobierno de Xalapa, sus altos funcionarios deben de DARLES GRACIAS al cuerpo jur\u00eddico que asesora al gobernador, Cuitl\u00e1huac Garc\u00eda JIm\u00e9nez, para \u00abaventarlo al ruedo\u00bb haci\u00e9ndolo caer en serios y graves problemas legales cuando habl\u00f3 de las presuntas pistas sobre el crimen de Gladys Merl\u00edn y su hija, ocurrido ayer en Cosoleacaque, cuando ASEGUR\u00d3 que una de las principales l\u00edneas de investigaci\u00f3n era que este asesinato PODR\u00cdA ser derivado de CACICAZGGOS de la zona&#8230; QUE ERROR&#8230;<br \/>\nHay que recordar que Cuitl\u00e1huac por su cargo de gobernador, es por ley, el principal FEDATARIO P\u00daBLICO del Estado, sin ser Notario P\u00fablico&#8230; Todo lo que dice entorno a su funci\u00f3n, es dar fe de sus declaraciones&#8230; Y por eso, se puede deducir, que ah\u00ed est\u00e1 \u00abpecando\u00bb hasta de inocencia&#8230; Ya que si est\u00e1 hablando de un tema de cacicazgo y de que estos con sus acciones afectan la seguridad p\u00fablica de los ciudadanos&#8230; \u00bfQu\u00e9 espera para ejercer una acci\u00f3n penal o vincularlos a proceso a los que est\u00e1 acusando?&#8230; A poco va a esperar otro crimen m\u00e1s&#8230;<br \/>\nAl decir esto, Cuitl\u00e1huac est\u00e1 violando la soberan\u00eda de la Fiscal\u00eda del Estado&#8230; Tambi\u00e9n da a conocer una l\u00ednea de investigaci\u00f3n&#8230; Hace que le pongan la atenci\u00f3n a otro grupo de poder en Cosoleacaque&#8230; \u00bfY la presunci\u00f3n de inocencia, d\u00f3nde queda?,,, Y esto le puede provocar CONFUSIONES a la Fiscal, Ver\u00f3nica Hern\u00e1ndez, que ni aparici\u00f3n p\u00fablica ha hecho desde los hechos de ayer lunes por la madrugada&#8230; Se \u00abaceler\u00f3\u00bb el gobernador&#8230;<br \/>\nCon esas declaraciones quiz\u00e1 los que son culpables ya andan huyendo o se van a defender porque han violado su presunci\u00f3n de inocencia&#8230; Por qu\u00e9 les est\u00e1n echando la culpa a ellos&#8230; As\u00ed que en este asunto, si \u00e9l sabe como gobernador que es un asunto de cacicazgos, que ejerzan acci\u00f3n penal contra los presuntos culpables&#8230; Lo malo que con esto, ya le ech\u00f3 la \u00abbolita\u00bb a la Fiscal\u00eda del Estado&#8230; Y si el Ejecutivo estatal lo dijo: \u00bfQu\u00e9 esperan para actuar?&#8230;.<\/p>\n<p>LA GUERRA SIGUE&#8230; En el PAN la \u00abvida es m\u00e1s sabrosa\u00bb y m\u00e1s despu\u00e9s de la contienda interna en el puerto de Veracruz&#8230; Ya que mientras Bingen Rementer\u00eda anunciaba que iniciar\u00eda su proceso de impugnaci\u00f3n de la convenci\u00f3n del panismo jarocho&#8230; Hecho que ya estaba previsto la noche del domingo&#8230; Los aliados y personeros de la \u00abcasa de enfrente\u00bb festejan el \u201ctriunfo\u201d de su \u201cgallo\u201d, Miguel Angel Yunes M\u00e1rquez, como si hubiera un logro pol\u00edtico-electoral&#8230; A pesar de que ambos bandos quedaron minados y desgastados&#8230;<br \/>\nPor un lado, se entiende que sus \u00abhuestes\u00bb lo hagan&#8230; Gan\u00f3, por 12 votos o 10, pero gan\u00f3&#8230; Y de ratificar su triunfo ante Tribunales Electorales, pues, estos personajes no van a perder la \u00abchuleta\u00bb por un periodo municipal m\u00e1s en el \u00faltimo basti\u00f3n azul que controlan&#8230; Pero si se ven \u00abinocentes\u00bb festejando un triunfo de 12 votos cuando ten\u00edan detr\u00e1s de ellos a la administraci\u00f3n municipal de Veracruz&#8230; No porque desviaran recursos en la elecci\u00f3n interna sino porque ah\u00ed tienen su fuente de trabajo y no arrasaron&#8230;<br \/>\nAdem\u00e1s como EXCLUSIVA&#8230; Si consideramos, que en total, votaron mil 888 militantes, de los cuales 950 lo hicieron a favor de Yunes M\u00e1rquez y 938 por Bingen hablamos que la diferencia no lleg\u00f3 ni siquiera al 1 por ciento de la votaci\u00f3n general&#8230; Eso es lo grave para el ganador, en este caso Miguel \u00c1ngel Junior&#8230; Que la impugnaci\u00f3n por ese resultado pueda proceder, por las faltas que se hayan cometido&#8230; Y al final, el que pierde es el PAN y el que gana es MORENA&#8230;<br \/>\nPero, m\u00e1s all\u00e1 de sumas y restas, lo que realmente Miguel \u00c1ngel Yunes M\u00e1rquez debe analizar, es que su propia figura pol\u00edtica y la talla a nivel estatal que ha adquirido despu\u00e9s de haber sido alcalde dos veces en Boca del R\u00edo, funcionario federal en SEDESOL, diputado local y despu\u00e9s haber sacado un mill\u00f3n 400 mil votos como candidato a gobernador de Veracruz, por el PAN y PRD, est\u00e9 presumiendo un triunfo tan P\u00cdRRICO&#8230; Eso hace que la percepci\u00f3n p\u00fablica, que tan bien la manejan las Yunes, no le sea favorable y lo vean d\u00e9bil&#8230;<br \/>\nSi bien es cierto&#8230; Se est\u00e1 hablando de un padr\u00f3n de militantes muy espec\u00edfico, no de una votaci\u00f3n abierta a la ciudadan\u00eda&#8230; Pero repetimos estamos comentando que el resultado no va acorde con la figura pol\u00edtica de uno de los panistas m\u00e1s destacados de Veracruz&#8230; Y uno que sacando una votaci\u00f3n m\u00e1s alta en Veracruz del PAN, un mill\u00f3n 400 mil votos, no puede darse el lujo de \u00abpresumir\u00bb un resultado como del domingo pasado&#8230; Simple ciencia pol\u00edtica&#8230;<br \/>\nSobre todo porque en este caso, tal como le sucede a Bingen con el apellido Rementer\u00eda, en esta contienda Miguel \u00c1ngel \u00abarrastra\u00bb para bien o para mal, el apellido Yunes&#8230; El mismo apellido que tiene su hermano, Fernando, quien adem\u00e1s es alcalde de Veracruz&#8230; Y uno de sus principales operadores pol\u00edticos de la contienda interna&#8230; EN RESUMEN&#8230; El proceso se judicializa y la moneda sigue en el aire, pero s\u00f3lo hay de \u00abdos sopas\u00bb o la jornada electoral se repite o el comit\u00e9 nacional del PAN designa al candidato o al \u00abtercero en discordia\u00bb&#8230; AMEN&#8230;<\/p>\n","protected":false},"excerpt":{"rendered":"<p>Ricardo Ch\u00faa Sale y Vale &nbsp; OJO&#8230; La violencia y los hechos de sangre en Veracruz&#8230; Pueden PROVOCAR el abstencionismo en el pr\u00f3ximo proceso local y federal en la entidad&#8230; Ya que la ciudadan\u00eda tendr\u00e1 miedo de salir a ejercer su voto, el d\u00eda de la jornada electoral, porque se presentar\u00eda hechos de violencia&#8230; Y [&hellip;]<\/p>\n","protected":false},"author":2,"featured_media":0,"comment_status":"open","ping_status":"open","sticky":false,"template":"","format":"standard","meta":{"tdm_status":"","tdm_grid_status":"","footnotes":""},"categories":[70],"tags":[4684,8540,375,1563,3586,26177,5290,536,266,107,715,26196,195,96],"class_list":{"0":"post-68281","1":"post","2":"type-post","3":"status-publish","4":"format-standard","6":"category-de-opinion","7":"tag-bingen-rementeria","8":"tag-cacicazgo","9":"tag-cosoleacaque","10":"tag-cuitlahuac-garcia-jimenez","11":"tag-fiscalia-del-estado","12":"tag-gladys-merlin","13":"tag-jornada-electoral","14":"tag-miguel-angel-yunes-marquez","15":"tag-pan","16":"tag-prd","17":"tag-sedesol","18":"tag-tribunales-electorales","19":"tag-veracruz","20":"tag-xalapa"},"yoast_head":"<!-- This site is optimized with the Yoast SEO plugin v27.4 - https:\/\/yoast.com\/product\/yoast-seo-wordpress\/ -->\n<title>Cosoleacaque: Las metidas de pata de Cuic - Los pol\u00edticos Veracruz<\/title>\n<meta name=\"robots\" content=\"index, follow, max-snippet:-1, max-image-preview:large, max-video-preview:-1\" \/>\n<link rel=\"canonical\" href=\"https:\/\/lospoliticosveracruz.com\/?p=68281\" \/>\n<meta property=\"og:locale\" content=\"es_ES\" \/>\n<meta property=\"og:type\" content=\"article\" \/>\n<meta property=\"og:title\" content=\"Cosoleacaque: Las metidas de pata de Cuic - Los pol\u00edticos Veracruz\" \/>\n<meta property=\"og:description\" content=\"Ricardo Ch\u00faa Sale y Vale &nbsp; OJO&#8230; La violencia y los hechos de sangre en Veracruz&#8230; Pueden PROVOCAR el abstencionismo en el pr\u00f3ximo proceso local y federal en la entidad&#8230; Ya que la ciudadan\u00eda tendr\u00e1 miedo de salir a ejercer su voto, el d\u00eda de la jornada electoral, porque se presentar\u00eda hechos de violencia&#8230; Y [&hellip;]\" \/>\n<meta property=\"og:url\" content=\"https:\/\/lospoliticosveracruz.com\/?p=68281\" \/>\n<meta property=\"og:site_name\" content=\"Los pol\u00edticos Veracruz\" \/>\n<meta property=\"article:publisher\" content=\"https:\/\/www.facebook.com\/people\/Notimemes-de-los-Polticos\/61565672886568\/\" \/>\n<meta property=\"article:published_time\" content=\"2021-02-16T14:24:18+00:00\" \/>\n<meta property=\"og:image\" content=\"https:\/\/lospoliticosveracruz.com\/wp-content\/uploads\/2016\/07\/Logo-Dor.jpg\" \/>\n\t<meta property=\"og:image:width\" content=\"200\" \/>\n\t<meta property=\"og:image:height\" content=\"200\" \/>\n\t<meta property=\"og:image:type\" content=\"image\/jpeg\" \/>\n<meta name=\"author\" content=\"Lo viste en Los Pol\u00edticos\" \/>\n<meta name=\"twitter:card\" content=\"summary_large_image\" \/>\n<meta name=\"twitter:creator\" content=\"@LosPoliticosVer\" \/>\n<meta name=\"twitter:site\" content=\"@LosPoliticosVer\" \/>\n<meta name=\"twitter:label1\" content=\"Escrito por\" \/>\n\t<meta name=\"twitter:data1\" content=\"Lo viste en Los Pol\u00edticos\" \/>\n\t<meta name=\"twitter:label2\" content=\"Tiempo de lectura\" \/>\n\t<meta name=\"twitter:data2\" content=\"5 minutos\" \/>\n<script type=\"application\/ld+json\" class=\"yoast-schema-graph\">{\"@context\":\"https:\\\/\\\/schema.org\",\"@graph\":[{\"@type\":\"Article\",\"@id\":\"https:\\\/\\\/lospoliticosveracruz.com\\\/?p=68281#article\",\"isPartOf\":{\"@id\":\"https:\\\/\\\/lospoliticosveracruz.com\\\/?p=68281\"},\"author\":{\"name\":\"Lo viste en Los Pol\u00edticos\",\"@id\":\"https:\\\/\\\/lospoliticosveracruz.com\\\/#\\\/schema\\\/person\\\/b8702bb0e538456e6efd07080bf2a4a2\"},\"headline\":\"Cosoleacaque: Las metidas de pata de Cuic\",\"datePublished\":\"2021-02-16T14:24:18+00:00\",\"mainEntityOfPage\":{\"@id\":\"https:\\\/\\\/lospoliticosveracruz.com\\\/?p=68281\"},\"wordCount\":1039,\"commentCount\":0,\"publisher\":{\"@id\":\"https:\\\/\\\/lospoliticosveracruz.com\\\/#organization\"},\"keywords\":[\"Bingen Rementer\u00eda\",\"Cacicazgo\",\"Cosoleacaque\",\"Cuitl\u00e1huac Garc\u00eda Jim\u00e9nez\",\"Fiscal\u00eda del Estado\",\"Gladys Merl\u00edn\",\"Jornada electoral\",\"Miguel \u00c1ngel Yunes M\u00e1rquez\",\"PAN\",\"PRD\",\"Sedesol\",\"Tribunales Electorales\",\"Veracruz\",\"Xalapa\"],\"articleSection\":[\"De Opini\u00f3n\"],\"inLanguage\":\"es\",\"potentialAction\":[{\"@type\":\"CommentAction\",\"name\":\"Comment\",\"target\":[\"https:\\\/\\\/lospoliticosveracruz.com\\\/?p=68281#respond\"]}]},{\"@type\":\"WebPage\",\"@id\":\"https:\\\/\\\/lospoliticosveracruz.com\\\/?p=68281\",\"url\":\"https:\\\/\\\/lospoliticosveracruz.com\\\/?p=68281\",\"name\":\"Cosoleacaque: Las metidas de pata de Cuic - Los pol\u00edticos Veracruz\",\"isPartOf\":{\"@id\":\"https:\\\/\\\/lospoliticosveracruz.com\\\/#website\"},\"datePublished\":\"2021-02-16T14:24:18+00:00\",\"breadcrumb\":{\"@id\":\"https:\\\/\\\/lospoliticosveracruz.com\\\/?p=68281#breadcrumb\"},\"inLanguage\":\"es\",\"potentialAction\":[{\"@type\":\"ReadAction\",\"target\":[\"https:\\\/\\\/lospoliticosveracruz.com\\\/?p=68281\"]}]},{\"@type\":\"BreadcrumbList\",\"@id\":\"https:\\\/\\\/lospoliticosveracruz.com\\\/?p=68281#breadcrumb\",\"itemListElement\":[{\"@type\":\"ListItem\",\"position\":1,\"name\":\"Portada\",\"item\":\"https:\\\/\\\/lospoliticosveracruz.com\\\/\"},{\"@type\":\"ListItem\",\"position\":2,\"name\":\"Cosoleacaque: Las metidas de pata de Cuic\"}]},{\"@type\":\"WebSite\",\"@id\":\"https:\\\/\\\/lospoliticosveracruz.com\\\/#website\",\"url\":\"https:\\\/\\\/lospoliticosveracruz.com\\\/\",\"name\":\"Los pol\u00edticos Veracruz\",\"description\":\"\",\"publisher\":{\"@id\":\"https:\\\/\\\/lospoliticosveracruz.com\\\/#organization\"},\"potentialAction\":[{\"@type\":\"SearchAction\",\"target\":{\"@type\":\"EntryPoint\",\"urlTemplate\":\"https:\\\/\\\/lospoliticosveracruz.com\\\/?s={search_term_string}\"},\"query-input\":{\"@type\":\"PropertyValueSpecification\",\"valueRequired\":true,\"valueName\":\"search_term_string\"}}],\"inLanguage\":\"es\"},{\"@type\":\"Organization\",\"@id\":\"https:\\\/\\\/lospoliticosveracruz.com\\\/#organization\",\"name\":\"Los pol\u00edticos Veracruz\",\"url\":\"https:\\\/\\\/lospoliticosveracruz.com\\\/\",\"logo\":{\"@type\":\"ImageObject\",\"inLanguage\":\"es\",\"@id\":\"https:\\\/\\\/lospoliticosveracruz.com\\\/#\\\/schema\\\/logo\\\/image\\\/\",\"url\":\"https:\\\/\\\/lospoliticosveracruz.com\\\/wp-content\\\/uploads\\\/2025\\\/12\\\/Logo-Nuevo-LOS-POLITICOS-1.jpg\",\"contentUrl\":\"https:\\\/\\\/lospoliticosveracruz.com\\\/wp-content\\\/uploads\\\/2025\\\/12\\\/Logo-Nuevo-LOS-POLITICOS-1.jpg\",\"width\":260,\"height\":70,\"caption\":\"Los pol\u00edticos Veracruz\"},\"image\":{\"@id\":\"https:\\\/\\\/lospoliticosveracruz.com\\\/#\\\/schema\\\/logo\\\/image\\\/\"},\"sameAs\":[\"https:\\\/\\\/www.facebook.com\\\/people\\\/Notimemes-de-los-Polticos\\\/61565672886568\\\/\",\"https:\\\/\\\/x.com\\\/LosPoliticosVer\"]},{\"@type\":\"Person\",\"@id\":\"https:\\\/\\\/lospoliticosveracruz.com\\\/#\\\/schema\\\/person\\\/b8702bb0e538456e6efd07080bf2a4a2\",\"name\":\"Lo viste en Los Pol\u00edticos\",\"image\":{\"@type\":\"ImageObject\",\"inLanguage\":\"es\",\"@id\":\"https:\\\/\\\/secure.gravatar.com\\\/avatar\\\/3a8de04a2656d44082be478bd6c086daa447c4651605818287b9532d3d0bd435?s=96&d=mm&r=g\",\"url\":\"https:\\\/\\\/secure.gravatar.com\\\/avatar\\\/3a8de04a2656d44082be478bd6c086daa447c4651605818287b9532d3d0bd435?s=96&d=mm&r=g\",\"contentUrl\":\"https:\\\/\\\/secure.gravatar.com\\\/avatar\\\/3a8de04a2656d44082be478bd6c086daa447c4651605818287b9532d3d0bd435?s=96&d=mm&r=g\",\"caption\":\"Lo viste en Los Pol\u00edticos\"},\"url\":\"https:\\\/\\\/lospoliticosveracruz.com\\\/?author=2\"}]}<\/script>\n<!-- \/ Yoast SEO plugin. -->","yoast_head_json":{"title":"Cosoleacaque: Las metidas de pata de Cuic - Los pol\u00edticos Veracruz","robots":{"index":"index","follow":"follow","max-snippet":"max-snippet:-1","max-image-preview":"max-image-preview:large","max-video-preview":"max-video-preview:-1"},"canonical":"https:\/\/lospoliticosveracruz.com\/?p=68281","og_locale":"es_ES","og_type":"article","og_title":"Cosoleacaque: Las metidas de pata de Cuic - Los pol\u00edticos Veracruz","og_description":"Ricardo Ch\u00faa Sale y Vale &nbsp; OJO&#8230; La violencia y los hechos de sangre en Veracruz&#8230; Pueden PROVOCAR el abstencionismo en el pr\u00f3ximo proceso local y federal en la entidad&#8230; Ya que la ciudadan\u00eda tendr\u00e1 miedo de salir a ejercer su voto, el d\u00eda de la jornada electoral, porque se presentar\u00eda hechos de violencia&#8230; Y [&hellip;]","og_url":"https:\/\/lospoliticosveracruz.com\/?p=68281","og_site_name":"Los pol\u00edticos Veracruz","article_publisher":"https:\/\/www.facebook.com\/people\/Notimemes-de-los-Polticos\/61565672886568\/","article_published_time":"2021-02-16T14:24:18+00:00","og_image":[{"width":200,"height":200,"url":"https:\/\/lospoliticosveracruz.com\/wp-content\/uploads\/2016\/07\/Logo-Dor.jpg","type":"image\/jpeg"}],"author":"Lo viste en Los Pol\u00edticos","twitter_card":"summary_large_image","twitter_creator":"@LosPoliticosVer","twitter_site":"@LosPoliticosVer","twitter_misc":{"Escrito por":"Lo viste en Los Pol\u00edticos","Tiempo de lectura":"5 minutos"},"schema":{"@context":"https:\/\/schema.org","@graph":[{"@type":"Article","@id":"https:\/\/lospoliticosveracruz.com\/?p=68281#article","isPartOf":{"@id":"https:\/\/lospoliticosveracruz.com\/?p=68281"},"author":{"name":"Lo viste en Los Pol\u00edticos","@id":"https:\/\/lospoliticosveracruz.com\/#\/schema\/person\/b8702bb0e538456e6efd07080bf2a4a2"},"headline":"Cosoleacaque: Las metidas de pata de Cuic","datePublished":"2021-02-16T14:24:18+00:00","mainEntityOfPage":{"@id":"https:\/\/lospoliticosveracruz.com\/?p=68281"},"wordCount":1039,"commentCount":0,"publisher":{"@id":"https:\/\/lospoliticosveracruz.com\/#organization"},"keywords":["Bingen Rementer\u00eda","Cacicazgo","Cosoleacaque","Cuitl\u00e1huac Garc\u00eda Jim\u00e9nez","Fiscal\u00eda del Estado","Gladys Merl\u00edn","Jornada electoral","Miguel \u00c1ngel Yunes M\u00e1rquez","PAN","PRD","Sedesol","Tribunales Electorales","Veracruz","Xalapa"],"articleSection":["De Opini\u00f3n"],"inLanguage":"es","potentialAction":[{"@type":"CommentAction","name":"Comment","target":["https:\/\/lospoliticosveracruz.com\/?p=68281#respond"]}]},{"@type":"WebPage","@id":"https:\/\/lospoliticosveracruz.com\/?p=68281","url":"https:\/\/lospoliticosveracruz.com\/?p=68281","name":"Cosoleacaque: Las metidas de pata de Cuic - Los pol\u00edticos Veracruz","isPartOf":{"@id":"https:\/\/lospoliticosveracruz.com\/#website"},"datePublished":"2021-02-16T14:24:18+00:00","breadcrumb":{"@id":"https:\/\/lospoliticosveracruz.com\/?p=68281#breadcrumb"},"inLanguage":"es","potentialAction":[{"@type":"ReadAction","target":["https:\/\/lospoliticosveracruz.com\/?p=68281"]}]},{"@type":"BreadcrumbList","@id":"https:\/\/lospoliticosveracruz.com\/?p=68281#breadcrumb","itemListElement":[{"@type":"ListItem","position":1,"name":"Portada","item":"https:\/\/lospoliticosveracruz.com\/"},{"@type":"ListItem","position":2,"name":"Cosoleacaque: Las metidas de pata de Cuic"}]},{"@type":"WebSite","@id":"https:\/\/lospoliticosveracruz.com\/#website","url":"https:\/\/lospoliticosveracruz.com\/","name":"Los pol\u00edticos Veracruz","description":"","publisher":{"@id":"https:\/\/lospoliticosveracruz.com\/#organization"},"potentialAction":[{"@type":"SearchAction","target":{"@type":"EntryPoint","urlTemplate":"https:\/\/lospoliticosveracruz.com\/?s={search_term_string}"},"query-input":{"@type":"PropertyValueSpecification","valueRequired":true,"valueName":"search_term_string"}}],"inLanguage":"es"},{"@type":"Organization","@id":"https:\/\/lospoliticosveracruz.com\/#organization","name":"Los pol\u00edticos Veracruz","url":"https:\/\/lospoliticosveracruz.com\/","logo":{"@type":"ImageObject","inLanguage":"es","@id":"https:\/\/lospoliticosveracruz.com\/#\/schema\/logo\/image\/","url":"https:\/\/lospoliticosveracruz.com\/wp-content\/uploads\/2025\/12\/Logo-Nuevo-LOS-POLITICOS-1.jpg","contentUrl":"https:\/\/lospoliticosveracruz.com\/wp-content\/uploads\/2025\/12\/Logo-Nuevo-LOS-POLITICOS-1.jpg","width":260,"height":70,"caption":"Los pol\u00edticos Veracruz"},"image":{"@id":"https:\/\/lospoliticosveracruz.com\/#\/schema\/logo\/image\/"},"sameAs":["https:\/\/www.facebook.com\/people\/Notimemes-de-los-Polticos\/61565672886568\/","https:\/\/x.com\/LosPoliticosVer"]},{"@type":"Person","@id":"https:\/\/lospoliticosveracruz.com\/#\/schema\/person\/b8702bb0e538456e6efd07080bf2a4a2","name":"Lo viste en Los Pol\u00edticos","image":{"@type":"ImageObject","inLanguage":"es","@id":"https:\/\/secure.gravatar.com\/avatar\/3a8de04a2656d44082be478bd6c086daa447c4651605818287b9532d3d0bd435?s=96&d=mm&r=g","url":"https:\/\/secure.gravatar.com\/avatar\/3a8de04a2656d44082be478bd6c086daa447c4651605818287b9532d3d0bd435?s=96&d=mm&r=g","contentUrl":"https:\/\/secure.gravatar.com\/avatar\/3a8de04a2656d44082be478bd6c086daa447c4651605818287b9532d3d0bd435?s=96&d=mm&r=g","caption":"Lo viste en Los Pol\u00edticos"},"url":"https:\/\/lospoliticosveracruz.com\/?author=2"}]}},"_links":{"self":[{"href":"https:\/\/lospoliticosveracruz.com\/index.php?rest_route=\/wp\/v2\/posts\/68281","targetHints":{"allow":["GET"]}}],"collection":[{"href":"https:\/\/lospoliticosveracruz.com\/index.php?rest_route=\/wp\/v2\/posts"}],"about":[{"href":"https:\/\/lospoliticosveracruz.com\/index.php?rest_route=\/wp\/v2\/types\/post"}],"author":[{"embeddable":true,"href":"https:\/\/lospoliticosveracruz.com\/index.php?rest_route=\/wp\/v2\/users\/2"}],"replies":[{"embeddable":true,"href":"https:\/\/lospoliticosveracruz.com\/index.php?rest_route=%2Fwp%2Fv2%2Fcomments&post=68281"}],"version-history":[{"count":1,"href":"https:\/\/lospoliticosveracruz.com\/index.php?rest_route=\/wp\/v2\/posts\/68281\/revisions"}],"predecessor-version":[{"id":68283,"href":"https:\/\/lospoliticosveracruz.com\/index.php?rest_route=\/wp\/v2\/posts\/68281\/revisions\/68283"}],"wp:attachment":[{"href":"https:\/\/lospoliticosveracruz.com\/index.php?rest_route=%2Fwp%2Fv2%2Fmedia&parent=68281"}],"wp:term":[{"taxonomy":"category","embeddable":true,"href":"https:\/\/lospoliticosveracruz.com\/index.php?rest_route=%2Fwp%2Fv2%2Fcategories&post=68281"},{"taxonomy":"post_tag","embeddable":true,"href":"https:\/\/lospoliticosveracruz.com\/index.php?rest_route=%2Fwp%2Fv2%2Ftags&post=68281"}],"curies":[{"name":"wp","href":"https:\/\/api.w.org\/{rel}","templated":true}]}}