{"id":68287,"date":"2021-02-16T11:47:45","date_gmt":"2021-02-16T17:47:45","guid":{"rendered":"http:\/\/www.lospoliticosveracruz.com.mx\/?p=68287"},"modified":"2021-02-16T11:47:45","modified_gmt":"2021-02-16T17:47:45","slug":"primero-mas-y-mas-pobres","status":"publish","type":"post","link":"https:\/\/lospoliticosveracruz.com\/?p=68287","title":{"rendered":"Primero, m\u00e1s y m\u00e1s pobres"},"content":{"rendered":"<p><strong>Rafael Arias Hern\u00e1ndez<\/strong><\/p>\n<p><em>Mutatis mutandis<\/em><\/p>\n<p>No hay que darle m\u00e1s vueltas. Tan innegable como inocultable. Crecen las crisis econ\u00f3micas y de las finanzas p\u00fablicas. Y, tambi\u00e9n, aumentas los millones y millones de menesterosos, hambrientos y marginados. Negar la realidad es otra desgracia, ocasionada por ignorancia, incapacidad o perversidad.<br \/>\nComo siempre sobresalen pol\u00edticas y acciones, as\u00ed como formas, contenidos y orientaciones gubernamentales, caracterizados por su ineficiente y costosa comunicaci\u00f3n oficial; y por la simulaci\u00f3n y retorcida manipulaci\u00f3n, de ineptos y corruptos en el poder p\u00fablico.<br \/>\nSeg\u00fan CEPAL y otras fuentes: \u201c\u2026 el porcentaje de mexicanos en situaci\u00f3n de pobreza y pobreza extrema pasar\u00e1 de 53% a 66.9%, del total de la poblaci\u00f3n en 2020.\u201d (EXPANSION.150720)<br \/>\nSimple y claro: pobres casi 7 de cada 10 mexicanos.<br \/>\nA las insuficiencias, e incapacidades gubernamentales, conocidas y padecidas, hay que agregar: tanto las costosas consecuencias de las crisis, por costumbre mal y peor atendidas por ineficientes y limitados gobiernos; como los intensos y extensos, efectos pand\u00e9micos y de debilitado sector salud.<br \/>\nA las debilidades y da\u00f1os de la inseguridad p\u00fablica, se suman otras deficiencias y corrupci\u00f3n del sector p\u00fablico, en todos sus \u00e1mbitos.<br \/>\nSe sabe que as\u00ed, desde siempre, no hay presupuesto que alcance.<br \/>\nOtras mediciones, como el Informe de Evaluaci\u00f3n de la Pol\u00edtica de Desarrollo Social (IEPDS) 2020,  del  CONEVAL,  organismo oficial que mide la pobreza en el pa\u00eds,  \u201ccalcula 70.9 millones de pobres por ingreso, el 56.7% de la poblaci\u00f3n. .. Estos datos contrastan con el escenario de 2018, en el que 61.1 millones de mexicanos ganaban por debajo de la l\u00ednea de pobreza,  representando en ese entonces,  48.8% del total de habitantes. (FORBES.090221)<br \/>\nEn resumen, primero m\u00e1s y m\u00e1s pobres.<br \/>\nSe estima un aumento, entre 6.1 y 10.7 millones,  las personas con ingreso inferior a la l\u00ednea de pobreza extrema por ingresos.<br \/>\nEsto es, seg\u00fan el mismo CONEVAL, uno de cada cuatro mexicanos es pobre extremo. Al  llegarse a un total de 31.7 millones, un 25.3% de la poblaci\u00f3n.<br \/>\n<strong>URGEN VERDADEROS RESULTADOS POSITIVOS<\/strong>.<br \/>\nTodo cambia y se transforma. Inocultables, conocidos y padecidos, se hacen presentes  efectos  y cambios,  condiciones y consecuencias de las crisis de la econom\u00eda y de las finanzas p\u00fablicas; sobretodo, por su intensidad y extensi\u00f3n por efectos de la pandemia.<br \/>\nTodo un reto cambiar lo que se deba cambiar.<br \/>\nImportantes aspectos que entender y atender. Como el cambio de la forma de la globalizaci\u00f3n, que en muchos pa\u00edses, se caracteriz\u00f3 por la apertura e interacci\u00f3n crecientes, y que en la actualidad llega al final de una etapa, caracterizada por menospreciar y desatender la indomable pandemia del coronavirus19, padecida y persistente; la injusta desigualdad, la imparable inseguridad y m\u00e1s.<br \/>\nEl caso es que crece la animadversi\u00f3n ciudadana y social;  y, cada vez, se cuestiona m\u00e1s la repetida e infundada  versi\u00f3n oficial placeba, de \u201cno pasa nada y todo va bien\u201d.<br \/>\nEl clamor reclama y se\u00f1ala, que urge redise\u00f1ar la estrategia gubernamental, en todos sus \u00e1mbitos y niveles.<br \/>\nAnte la nueva realidad, en m\u00faltiples  formas y en muchos frentes, crece la presi\u00f3n y la exigencia de buenos gobiernos, con verdaderos y comprobables buenos resultados; con atenci\u00f3n efectiva  y puntual de las necesidades sociales b\u00e1sicas; y con la capacidad renovada, de soluci\u00f3n de viejos y nuevos, conflictos y problemas.<br \/>\nAbsurdo e irresponsable ignorar  o menospreciar la nueva realidad. Aunque hay quienes gustan en seguir con m\u00e1s de lo mismo, simular y hacer como que se entienden y atienden las nuevas condiciones, con tal de seguir obteniendo beneficios y ventajas de los recursos p\u00fablicos y atribuciones institucionales. Viejos y nuevos par\u00e1sitos y depredadores del presupuesto,  nomina, beca o subsidio.<br \/>\nUnos y otros persisten y subsisten. Ah\u00ed est\u00e1n: ineptos y corruptos, ignorantes y ocurrentes, improvisados  e incapacitados, procedentes de todo partido, ideolog\u00eda y color.<br \/>\nEs indiscutible, respaldar la justa y oportuna atenci\u00f3n de las mayor\u00edas empobrecidas y desatendidas; pero hay que hacerlo con pol\u00edticas, programas y acciones de gobierno, consistentes y congruentes. No se puede repartir lo que no se tiene. Indiscutible tambi\u00e9n, la atenci\u00f3n prioritaria de la Econom\u00eda y las finanzas p\u00fablicas.<br \/>\nEl marem\u00e1gnum de las elecciones complica a\u00fan m\u00e1s las condiciones y las disposiciones.<br \/>\nEn M\u00e9xico, este 6 de julio,  se elegir\u00e1n 500 cargos federales y 21,383 estatales y municipales, se incluyen 15 gubernaturas..<br \/>\nEn Veracruz, el men\u00fa contiene 1,127 cargos: 20 diputaciones federales, 50 diputaciones locales, 212 Presidencias Municipales, 212  sindicaturas y 633 regidur\u00edas.<br \/>\nElecciones que pueden mejorar, o simplemente ser a la mexicana y a la veracruzana.<br \/>\n\u00bfA qu\u00e9 se ocuparan gobernantes y servidores p\u00fablicos?<br \/>\nHagan lo que hagan hay que evaluarlos.<br \/>\nExigirles a todos sin excepci\u00f3n, sin excusa ni pretexto. Informaci\u00f3n y rendici\u00f3n de cuentas.<br \/>\nDe ah\u00ed que, antes que todo, es preciso informarse, participar y evaluar, para identificar y se\u00f1alar,  defender y ampliar, los pocos o muchos  logros y avances alcanzados, casi siempre a trav\u00e9s de enormes sacrificios, cuantiosos recursos  y valiosos esfuerzos.<br \/>\nInsistir en ampliar y mejorar capacidad de respuesta, ante  desaf\u00edos y  retos presentes y futuros;  ante problemas y  conflictos, cotidianos y especiales; y, desde luego,  para superar limitaciones, as\u00ed como aprovechar ventajas  y  oportunidades.<br \/>\nSobre todo, ante elecciones. Antes de votar hay que identificar y diferenciar buenos de  malos gobiernos; buenos de malos candidatos; sobre todo,  si se quiere hacer lo correcto.<br \/>\nEsto es, tanto continuar  lo hecho  y hacer lo pendiente; como, consolidar  acierto y corregir  error.<br \/>\nConsecuentemente,   vital evaluar  para distinguir  malos de peores. Si bien unos y otros ocasionan da\u00f1os y p\u00e9rdidas, fracasos y atrasos, es natural que los peores sobrepasen en cantidad y trascendencia los da\u00f1os.<br \/>\nEn un pa\u00eds repleto de pobres. Preguntar y preguntarnos:<br \/>\n\u00bfPor qu\u00e9  no  corregir r\u00e1pidamente, males y  deficiencias  gubernamentales? \u00bfPor qu\u00e9  permitir, tolerar y estimular irresponsabilidad, ineficiencia, y hasta corrupci\u00f3n e impunidad? \u00bfPara qu\u00e9 la costosa fiscalizaci\u00f3n y los in\u00fatiles procesos de supervisi\u00f3n y control, si al final no hay responsables ni culpables, frente a notorios da\u00f1os, p\u00e9rdidas y delitos?<br \/>\nEl colmo es elegirlos; y lo peor, dejar que ineptos y corruptos, ineficientes y delincuentes sigan en los gobiernos.<\/p>\n<p>-Academico.IIESESUV @RafaelAriasH,Facebook:VeracruzHoydeRafaelAriasH<\/p>\n","protected":false},"excerpt":{"rendered":"<p>Rafael Arias Hern\u00e1ndez Mutatis mutandis No hay que darle m\u00e1s vueltas. Tan innegable como inocultable. Crecen las crisis econ\u00f3micas y de las finanzas p\u00fablicas. Y, tambi\u00e9n, aumentas los millones y millones de menesterosos, hambrientos y marginados. Negar la realidad es otra desgracia, ocasionada por ignorancia, incapacidad o perversidad. Como siempre sobresalen pol\u00edticas y acciones, as\u00ed [&hellip;]<\/p>\n","protected":false},"author":2,"featured_media":0,"comment_status":"open","ping_status":"open","sticky":false,"template":"","format":"standard","meta":{"tdm_status":"","tdm_grid_status":"","footnotes":""},"categories":[70],"tags":[6748,13209,26200,26198,26201,26199,97,11193,195],"class_list":{"0":"post-68287","1":"post","2":"type-post","3":"status-publish","4":"format-standard","6":"category-de-opinion","7":"tag-crisis-economica","8":"tag-finanzas-publicas","9":"tag-hambrientos","10":"tag-injusticia-desigualdad","11":"tag-marginados","12":"tag-menesterosos","13":"tag-pobreza","14":"tag-proceso-electoral","15":"tag-veracruz"},"yoast_head":"<!-- This site is optimized with the Yoast SEO plugin v27.4 - https:\/\/yoast.com\/product\/yoast-seo-wordpress\/ -->\n<title>Primero, m\u00e1s y m\u00e1s pobres - Los pol\u00edticos Veracruz<\/title>\n<meta name=\"robots\" content=\"index, follow, max-snippet:-1, max-image-preview:large, max-video-preview:-1\" \/>\n<link rel=\"canonical\" href=\"https:\/\/lospoliticosveracruz.com\/?p=68287\" \/>\n<meta property=\"og:locale\" content=\"es_ES\" \/>\n<meta property=\"og:type\" content=\"article\" \/>\n<meta property=\"og:title\" content=\"Primero, m\u00e1s y m\u00e1s pobres - Los pol\u00edticos Veracruz\" \/>\n<meta property=\"og:description\" content=\"Rafael Arias Hern\u00e1ndez Mutatis mutandis No hay que darle m\u00e1s vueltas. Tan innegable como inocultable. Crecen las crisis econ\u00f3micas y de las finanzas p\u00fablicas. Y, tambi\u00e9n, aumentas los millones y millones de menesterosos, hambrientos y marginados. Negar la realidad es otra desgracia, ocasionada por ignorancia, incapacidad o perversidad. Como siempre sobresalen pol\u00edticas y acciones, as\u00ed [&hellip;]\" \/>\n<meta property=\"og:url\" content=\"https:\/\/lospoliticosveracruz.com\/?p=68287\" \/>\n<meta property=\"og:site_name\" content=\"Los pol\u00edticos Veracruz\" \/>\n<meta property=\"article:publisher\" content=\"https:\/\/www.facebook.com\/people\/Notimemes-de-los-Polticos\/61565672886568\/\" \/>\n<meta property=\"article:published_time\" content=\"2021-02-16T17:47:45+00:00\" \/>\n<meta property=\"og:image\" content=\"https:\/\/lospoliticosveracruz.com\/wp-content\/uploads\/2016\/07\/Logo-Dor.jpg\" \/>\n\t<meta property=\"og:image:width\" content=\"200\" \/>\n\t<meta property=\"og:image:height\" content=\"200\" \/>\n\t<meta property=\"og:image:type\" content=\"image\/jpeg\" \/>\n<meta name=\"author\" content=\"Lo viste en Los Pol\u00edticos\" \/>\n<meta name=\"twitter:card\" content=\"summary_large_image\" \/>\n<meta name=\"twitter:creator\" content=\"@LosPoliticosVer\" \/>\n<meta name=\"twitter:site\" content=\"@LosPoliticosVer\" \/>\n<meta name=\"twitter:label1\" content=\"Escrito por\" \/>\n\t<meta name=\"twitter:data1\" content=\"Lo viste en Los Pol\u00edticos\" \/>\n\t<meta name=\"twitter:label2\" content=\"Tiempo de lectura\" \/>\n\t<meta name=\"twitter:data2\" content=\"5 minutos\" \/>\n<script type=\"application\/ld+json\" class=\"yoast-schema-graph\">{\"@context\":\"https:\\\/\\\/schema.org\",\"@graph\":[{\"@type\":\"Article\",\"@id\":\"https:\\\/\\\/lospoliticosveracruz.com\\\/?p=68287#article\",\"isPartOf\":{\"@id\":\"https:\\\/\\\/lospoliticosveracruz.com\\\/?p=68287\"},\"author\":{\"name\":\"Lo viste en Los Pol\u00edticos\",\"@id\":\"https:\\\/\\\/lospoliticosveracruz.com\\\/#\\\/schema\\\/person\\\/b8702bb0e538456e6efd07080bf2a4a2\"},\"headline\":\"Primero, m\u00e1s y m\u00e1s pobres\",\"datePublished\":\"2021-02-16T17:47:45+00:00\",\"mainEntityOfPage\":{\"@id\":\"https:\\\/\\\/lospoliticosveracruz.com\\\/?p=68287\"},\"wordCount\":1059,\"commentCount\":0,\"publisher\":{\"@id\":\"https:\\\/\\\/lospoliticosveracruz.com\\\/#organization\"},\"keywords\":[\"Crisis econ\u00f3mica\",\"Finanzas P\u00fablicas\",\"hambrientos\",\"Injusticia desigualdad\",\"marginados\",\"menesterosos\",\"pobreza\",\"proceso electoral\",\"Veracruz\"],\"articleSection\":[\"De Opini\u00f3n\"],\"inLanguage\":\"es\",\"potentialAction\":[{\"@type\":\"CommentAction\",\"name\":\"Comment\",\"target\":[\"https:\\\/\\\/lospoliticosveracruz.com\\\/?p=68287#respond\"]}]},{\"@type\":\"WebPage\",\"@id\":\"https:\\\/\\\/lospoliticosveracruz.com\\\/?p=68287\",\"url\":\"https:\\\/\\\/lospoliticosveracruz.com\\\/?p=68287\",\"name\":\"Primero, m\u00e1s y m\u00e1s pobres - Los pol\u00edticos Veracruz\",\"isPartOf\":{\"@id\":\"https:\\\/\\\/lospoliticosveracruz.com\\\/#website\"},\"datePublished\":\"2021-02-16T17:47:45+00:00\",\"breadcrumb\":{\"@id\":\"https:\\\/\\\/lospoliticosveracruz.com\\\/?p=68287#breadcrumb\"},\"inLanguage\":\"es\",\"potentialAction\":[{\"@type\":\"ReadAction\",\"target\":[\"https:\\\/\\\/lospoliticosveracruz.com\\\/?p=68287\"]}]},{\"@type\":\"BreadcrumbList\",\"@id\":\"https:\\\/\\\/lospoliticosveracruz.com\\\/?p=68287#breadcrumb\",\"itemListElement\":[{\"@type\":\"ListItem\",\"position\":1,\"name\":\"Portada\",\"item\":\"https:\\\/\\\/lospoliticosveracruz.com\\\/\"},{\"@type\":\"ListItem\",\"position\":2,\"name\":\"Primero, m\u00e1s y m\u00e1s pobres\"}]},{\"@type\":\"WebSite\",\"@id\":\"https:\\\/\\\/lospoliticosveracruz.com\\\/#website\",\"url\":\"https:\\\/\\\/lospoliticosveracruz.com\\\/\",\"name\":\"Los pol\u00edticos Veracruz\",\"description\":\"\",\"publisher\":{\"@id\":\"https:\\\/\\\/lospoliticosveracruz.com\\\/#organization\"},\"potentialAction\":[{\"@type\":\"SearchAction\",\"target\":{\"@type\":\"EntryPoint\",\"urlTemplate\":\"https:\\\/\\\/lospoliticosveracruz.com\\\/?s={search_term_string}\"},\"query-input\":{\"@type\":\"PropertyValueSpecification\",\"valueRequired\":true,\"valueName\":\"search_term_string\"}}],\"inLanguage\":\"es\"},{\"@type\":\"Organization\",\"@id\":\"https:\\\/\\\/lospoliticosveracruz.com\\\/#organization\",\"name\":\"Los pol\u00edticos Veracruz\",\"url\":\"https:\\\/\\\/lospoliticosveracruz.com\\\/\",\"logo\":{\"@type\":\"ImageObject\",\"inLanguage\":\"es\",\"@id\":\"https:\\\/\\\/lospoliticosveracruz.com\\\/#\\\/schema\\\/logo\\\/image\\\/\",\"url\":\"https:\\\/\\\/lospoliticosveracruz.com\\\/wp-content\\\/uploads\\\/2025\\\/12\\\/Logo-Nuevo-LOS-POLITICOS-1.jpg\",\"contentUrl\":\"https:\\\/\\\/lospoliticosveracruz.com\\\/wp-content\\\/uploads\\\/2025\\\/12\\\/Logo-Nuevo-LOS-POLITICOS-1.jpg\",\"width\":260,\"height\":70,\"caption\":\"Los pol\u00edticos Veracruz\"},\"image\":{\"@id\":\"https:\\\/\\\/lospoliticosveracruz.com\\\/#\\\/schema\\\/logo\\\/image\\\/\"},\"sameAs\":[\"https:\\\/\\\/www.facebook.com\\\/people\\\/Notimemes-de-los-Polticos\\\/61565672886568\\\/\",\"https:\\\/\\\/x.com\\\/LosPoliticosVer\"]},{\"@type\":\"Person\",\"@id\":\"https:\\\/\\\/lospoliticosveracruz.com\\\/#\\\/schema\\\/person\\\/b8702bb0e538456e6efd07080bf2a4a2\",\"name\":\"Lo viste en Los Pol\u00edticos\",\"image\":{\"@type\":\"ImageObject\",\"inLanguage\":\"es\",\"@id\":\"https:\\\/\\\/secure.gravatar.com\\\/avatar\\\/3a8de04a2656d44082be478bd6c086daa447c4651605818287b9532d3d0bd435?s=96&d=mm&r=g\",\"url\":\"https:\\\/\\\/secure.gravatar.com\\\/avatar\\\/3a8de04a2656d44082be478bd6c086daa447c4651605818287b9532d3d0bd435?s=96&d=mm&r=g\",\"contentUrl\":\"https:\\\/\\\/secure.gravatar.com\\\/avatar\\\/3a8de04a2656d44082be478bd6c086daa447c4651605818287b9532d3d0bd435?s=96&d=mm&r=g\",\"caption\":\"Lo viste en Los Pol\u00edticos\"},\"url\":\"https:\\\/\\\/lospoliticosveracruz.com\\\/?author=2\"}]}<\/script>\n<!-- \/ Yoast SEO plugin. -->","yoast_head_json":{"title":"Primero, m\u00e1s y m\u00e1s pobres - Los pol\u00edticos Veracruz","robots":{"index":"index","follow":"follow","max-snippet":"max-snippet:-1","max-image-preview":"max-image-preview:large","max-video-preview":"max-video-preview:-1"},"canonical":"https:\/\/lospoliticosveracruz.com\/?p=68287","og_locale":"es_ES","og_type":"article","og_title":"Primero, m\u00e1s y m\u00e1s pobres - Los pol\u00edticos Veracruz","og_description":"Rafael Arias Hern\u00e1ndez Mutatis mutandis No hay que darle m\u00e1s vueltas. Tan innegable como inocultable. Crecen las crisis econ\u00f3micas y de las finanzas p\u00fablicas. Y, tambi\u00e9n, aumentas los millones y millones de menesterosos, hambrientos y marginados. Negar la realidad es otra desgracia, ocasionada por ignorancia, incapacidad o perversidad. Como siempre sobresalen pol\u00edticas y acciones, as\u00ed [&hellip;]","og_url":"https:\/\/lospoliticosveracruz.com\/?p=68287","og_site_name":"Los pol\u00edticos Veracruz","article_publisher":"https:\/\/www.facebook.com\/people\/Notimemes-de-los-Polticos\/61565672886568\/","article_published_time":"2021-02-16T17:47:45+00:00","og_image":[{"width":200,"height":200,"url":"https:\/\/lospoliticosveracruz.com\/wp-content\/uploads\/2016\/07\/Logo-Dor.jpg","type":"image\/jpeg"}],"author":"Lo viste en Los Pol\u00edticos","twitter_card":"summary_large_image","twitter_creator":"@LosPoliticosVer","twitter_site":"@LosPoliticosVer","twitter_misc":{"Escrito por":"Lo viste en Los Pol\u00edticos","Tiempo de lectura":"5 minutos"},"schema":{"@context":"https:\/\/schema.org","@graph":[{"@type":"Article","@id":"https:\/\/lospoliticosveracruz.com\/?p=68287#article","isPartOf":{"@id":"https:\/\/lospoliticosveracruz.com\/?p=68287"},"author":{"name":"Lo viste en Los Pol\u00edticos","@id":"https:\/\/lospoliticosveracruz.com\/#\/schema\/person\/b8702bb0e538456e6efd07080bf2a4a2"},"headline":"Primero, m\u00e1s y m\u00e1s pobres","datePublished":"2021-02-16T17:47:45+00:00","mainEntityOfPage":{"@id":"https:\/\/lospoliticosveracruz.com\/?p=68287"},"wordCount":1059,"commentCount":0,"publisher":{"@id":"https:\/\/lospoliticosveracruz.com\/#organization"},"keywords":["Crisis econ\u00f3mica","Finanzas P\u00fablicas","hambrientos","Injusticia desigualdad","marginados","menesterosos","pobreza","proceso electoral","Veracruz"],"articleSection":["De Opini\u00f3n"],"inLanguage":"es","potentialAction":[{"@type":"CommentAction","name":"Comment","target":["https:\/\/lospoliticosveracruz.com\/?p=68287#respond"]}]},{"@type":"WebPage","@id":"https:\/\/lospoliticosveracruz.com\/?p=68287","url":"https:\/\/lospoliticosveracruz.com\/?p=68287","name":"Primero, m\u00e1s y m\u00e1s pobres - Los pol\u00edticos Veracruz","isPartOf":{"@id":"https:\/\/lospoliticosveracruz.com\/#website"},"datePublished":"2021-02-16T17:47:45+00:00","breadcrumb":{"@id":"https:\/\/lospoliticosveracruz.com\/?p=68287#breadcrumb"},"inLanguage":"es","potentialAction":[{"@type":"ReadAction","target":["https:\/\/lospoliticosveracruz.com\/?p=68287"]}]},{"@type":"BreadcrumbList","@id":"https:\/\/lospoliticosveracruz.com\/?p=68287#breadcrumb","itemListElement":[{"@type":"ListItem","position":1,"name":"Portada","item":"https:\/\/lospoliticosveracruz.com\/"},{"@type":"ListItem","position":2,"name":"Primero, m\u00e1s y m\u00e1s pobres"}]},{"@type":"WebSite","@id":"https:\/\/lospoliticosveracruz.com\/#website","url":"https:\/\/lospoliticosveracruz.com\/","name":"Los pol\u00edticos Veracruz","description":"","publisher":{"@id":"https:\/\/lospoliticosveracruz.com\/#organization"},"potentialAction":[{"@type":"SearchAction","target":{"@type":"EntryPoint","urlTemplate":"https:\/\/lospoliticosveracruz.com\/?s={search_term_string}"},"query-input":{"@type":"PropertyValueSpecification","valueRequired":true,"valueName":"search_term_string"}}],"inLanguage":"es"},{"@type":"Organization","@id":"https:\/\/lospoliticosveracruz.com\/#organization","name":"Los pol\u00edticos Veracruz","url":"https:\/\/lospoliticosveracruz.com\/","logo":{"@type":"ImageObject","inLanguage":"es","@id":"https:\/\/lospoliticosveracruz.com\/#\/schema\/logo\/image\/","url":"https:\/\/lospoliticosveracruz.com\/wp-content\/uploads\/2025\/12\/Logo-Nuevo-LOS-POLITICOS-1.jpg","contentUrl":"https:\/\/lospoliticosveracruz.com\/wp-content\/uploads\/2025\/12\/Logo-Nuevo-LOS-POLITICOS-1.jpg","width":260,"height":70,"caption":"Los pol\u00edticos Veracruz"},"image":{"@id":"https:\/\/lospoliticosveracruz.com\/#\/schema\/logo\/image\/"},"sameAs":["https:\/\/www.facebook.com\/people\/Notimemes-de-los-Polticos\/61565672886568\/","https:\/\/x.com\/LosPoliticosVer"]},{"@type":"Person","@id":"https:\/\/lospoliticosveracruz.com\/#\/schema\/person\/b8702bb0e538456e6efd07080bf2a4a2","name":"Lo viste en Los Pol\u00edticos","image":{"@type":"ImageObject","inLanguage":"es","@id":"https:\/\/secure.gravatar.com\/avatar\/3a8de04a2656d44082be478bd6c086daa447c4651605818287b9532d3d0bd435?s=96&d=mm&r=g","url":"https:\/\/secure.gravatar.com\/avatar\/3a8de04a2656d44082be478bd6c086daa447c4651605818287b9532d3d0bd435?s=96&d=mm&r=g","contentUrl":"https:\/\/secure.gravatar.com\/avatar\/3a8de04a2656d44082be478bd6c086daa447c4651605818287b9532d3d0bd435?s=96&d=mm&r=g","caption":"Lo viste en Los Pol\u00edticos"},"url":"https:\/\/lospoliticosveracruz.com\/?author=2"}]}},"_links":{"self":[{"href":"https:\/\/lospoliticosveracruz.com\/index.php?rest_route=\/wp\/v2\/posts\/68287","targetHints":{"allow":["GET"]}}],"collection":[{"href":"https:\/\/lospoliticosveracruz.com\/index.php?rest_route=\/wp\/v2\/posts"}],"about":[{"href":"https:\/\/lospoliticosveracruz.com\/index.php?rest_route=\/wp\/v2\/types\/post"}],"author":[{"embeddable":true,"href":"https:\/\/lospoliticosveracruz.com\/index.php?rest_route=\/wp\/v2\/users\/2"}],"replies":[{"embeddable":true,"href":"https:\/\/lospoliticosveracruz.com\/index.php?rest_route=%2Fwp%2Fv2%2Fcomments&post=68287"}],"version-history":[{"count":1,"href":"https:\/\/lospoliticosveracruz.com\/index.php?rest_route=\/wp\/v2\/posts\/68287\/revisions"}],"predecessor-version":[{"id":68289,"href":"https:\/\/lospoliticosveracruz.com\/index.php?rest_route=\/wp\/v2\/posts\/68287\/revisions\/68289"}],"wp:attachment":[{"href":"https:\/\/lospoliticosveracruz.com\/index.php?rest_route=%2Fwp%2Fv2%2Fmedia&parent=68287"}],"wp:term":[{"taxonomy":"category","embeddable":true,"href":"https:\/\/lospoliticosveracruz.com\/index.php?rest_route=%2Fwp%2Fv2%2Fcategories&post=68287"},{"taxonomy":"post_tag","embeddable":true,"href":"https:\/\/lospoliticosveracruz.com\/index.php?rest_route=%2Fwp%2Fv2%2Ftags&post=68287"}],"curies":[{"name":"wp","href":"https:\/\/api.w.org\/{rel}","templated":true}]}}