{"id":68291,"date":"2021-02-16T12:18:00","date_gmt":"2021-02-16T18:18:00","guid":{"rendered":"http:\/\/www.lospoliticosveracruz.com.mx\/?p=68291"},"modified":"2021-02-16T12:18:00","modified_gmt":"2021-02-16T18:18:00","slug":"quien-filtro-las-fotos-de-gladys-y-carla","status":"publish","type":"post","link":"https:\/\/lospoliticosveracruz.com\/?p=68291","title":{"rendered":"Qui\u00e9n filtr\u00f3 las fotos de Gladys y Carla"},"content":{"rendered":"<p>&nbsp;<\/p>\n<p><strong>Xalapa<\/strong><br \/>\nLa Fiscal general del estado Ver\u00f3nica Hern\u00e1ndez Giad\u00e1ns inform\u00f3 que ya se abri\u00f3 una carpeta de investigaci\u00f3n para determinar qui\u00e9nes filtraron las fotograf\u00edas del homicidio de la ex alcaldesa de Cosoleacaque y su hija Carla Enriquez, la madrugada de este lunes.<br \/>\n\u00abDesafortunadamente revictimizan a las v\u00edctimas y a sus familias\u00bb.<br \/>\nEn comparecencia ante el congreso local, Hern\u00e1ndez Giad\u00e1ns precis\u00f3 que el personal de la Fiscal\u00eda \u00absiempre se conduce con profesionalismo y \u00e9tica\u00bb.<br \/>\nEste lunes, tras los hechos violentos en Cosoleacaque, se filtraron im\u00e1genes de las v\u00edctimas.<br \/>\nAl respecto, la Fiscal general del estado explic\u00f3 que \u00aben cuanto a las fotograf\u00edas que se filtraron le quiero decir que la Fiscal\u00eda general del estado siempre act\u00faa con mucho profesionalismo, es una indicaci\u00f3n que se sabe debemos de acatar, nos obliga a ello\u00bb.<br \/>\nLa Fiscal general del estado Ver\u00f3nica Hern\u00e1ndez Giad\u00e1ns dej\u00f3 en claro el compromiso de resolver los homicidios de la alcaldesa de Jamapa Florisel R\u00edos Delf\u00edn, de la ex diputada local Gladys Merlin y su hija Carla Enriquez.<br \/>\n\u00abTenemos todo el compromiso para que ning\u00fan caso quede impune, ese es mi compromiso, lo digo aqu\u00ed frente a todos\u00bb.<br \/>\nVer\u00f3nica Hern\u00e1ndez Giad\u00e1ns dijo que se trabaja con mucho esfuerzo \u00abdesde el primer momento en que suceden las cosas, se dan indicaciones para que conlleven a la verdad del caso \u00ab.<br \/>\nA pregunta expresa sobre el caso de la alcaldesa de Jamapa Florisel R\u00edos Delf\u00edn, inform\u00f3 que hay personas detenidas \u00abpresuntos responsables de los hechos, se judicializ\u00f3 la carpeta al respecto, se tienen \u00f3rdenes de aprehensi\u00f3n y se contin\u00faan las investigaciones\u00bb.<br \/>\nLo mismo, dijo, se hace en el doble homicidio en Cosoleacaque \u00aben este momento se lleva la investigaci\u00f3n en Cosoleacaque y est\u00e1 el director de la Polic\u00eda Ministerial ahi\u00bb.<\/p>\n","protected":false},"excerpt":{"rendered":"<p>&nbsp; Xalapa La Fiscal general del estado Ver\u00f3nica Hern\u00e1ndez Giad\u00e1ns inform\u00f3 que ya se abri\u00f3 una carpeta de investigaci\u00f3n para determinar qui\u00e9nes filtraron las fotograf\u00edas del homicidio de la ex alcaldesa de Cosoleacaque y su hija Carla Enriquez, la madrugada de este lunes. \u00abDesafortunadamente revictimizan a las v\u00edctimas y a sus familias\u00bb. En comparecencia ante [&hellip;]<\/p>\n","protected":false},"author":2,"featured_media":0,"comment_status":"open","ping_status":"open","sticky":false,"template":"","format":"standard","meta":{"tdm_status":"","tdm_grid_status":"","footnotes":""},"categories":[6446],"tags":[11475,375,5555,19776,26177,23636,11321,15165],"class_list":{"0":"post-68291","1":"post","2":"type-post","3":"status-publish","4":"format-standard","6":"category-la-nota","7":"tag-carla-enriquez","8":"tag-cosoleacaque","9":"tag-fiscalia","10":"tag-florisel-rios-delfin","11":"tag-gladys-merlin","12":"tag-hechos-violentos","13":"tag-jamapa","14":"tag-veronica-hernandez-giadans"},"yoast_head":"<!-- This site is optimized with the Yoast SEO plugin v27.4 - https:\/\/yoast.com\/product\/yoast-seo-wordpress\/ -->\n<title>Qui\u00e9n filtr\u00f3 las fotos de Gladys y Carla - Los pol\u00edticos Veracruz<\/title>\n<meta name=\"robots\" content=\"index, follow, max-snippet:-1, max-image-preview:large, max-video-preview:-1\" \/>\n<link rel=\"canonical\" href=\"https:\/\/lospoliticosveracruz.com\/?p=68291\" \/>\n<meta property=\"og:locale\" content=\"es_ES\" \/>\n<meta property=\"og:type\" content=\"article\" \/>\n<meta property=\"og:title\" content=\"Qui\u00e9n filtr\u00f3 las fotos de Gladys y Carla - Los pol\u00edticos Veracruz\" \/>\n<meta property=\"og:description\" content=\"&nbsp; Xalapa La Fiscal general del estado Ver\u00f3nica Hern\u00e1ndez Giad\u00e1ns inform\u00f3 que ya se abri\u00f3 una carpeta de investigaci\u00f3n para determinar qui\u00e9nes filtraron las fotograf\u00edas del homicidio de la ex alcaldesa de Cosoleacaque y su hija Carla Enriquez, la madrugada de este lunes. \u00abDesafortunadamente revictimizan a las v\u00edctimas y a sus familias\u00bb. En comparecencia ante [&hellip;]\" \/>\n<meta property=\"og:url\" content=\"https:\/\/lospoliticosveracruz.com\/?p=68291\" \/>\n<meta property=\"og:site_name\" content=\"Los pol\u00edticos Veracruz\" \/>\n<meta property=\"article:publisher\" content=\"https:\/\/www.facebook.com\/people\/Notimemes-de-los-Polticos\/61565672886568\/\" \/>\n<meta property=\"article:published_time\" content=\"2021-02-16T18:18:00+00:00\" \/>\n<meta property=\"og:image\" content=\"https:\/\/lospoliticosveracruz.com\/wp-content\/uploads\/2016\/07\/Logo-Dor.jpg\" \/>\n\t<meta property=\"og:image:width\" content=\"200\" \/>\n\t<meta property=\"og:image:height\" content=\"200\" \/>\n\t<meta property=\"og:image:type\" content=\"image\/jpeg\" \/>\n<meta name=\"author\" content=\"Lo viste en Los Pol\u00edticos\" \/>\n<meta name=\"twitter:card\" content=\"summary_large_image\" \/>\n<meta name=\"twitter:creator\" content=\"@LosPoliticosVer\" \/>\n<meta name=\"twitter:site\" content=\"@LosPoliticosVer\" \/>\n<meta name=\"twitter:label1\" content=\"Escrito por\" \/>\n\t<meta name=\"twitter:data1\" content=\"Lo viste en Los Pol\u00edticos\" \/>\n\t<meta name=\"twitter:label2\" content=\"Tiempo de lectura\" \/>\n\t<meta name=\"twitter:data2\" content=\"2 minutos\" \/>\n<script type=\"application\/ld+json\" class=\"yoast-schema-graph\">{\"@context\":\"https:\\\/\\\/schema.org\",\"@graph\":[{\"@type\":\"Article\",\"@id\":\"https:\\\/\\\/lospoliticosveracruz.com\\\/?p=68291#article\",\"isPartOf\":{\"@id\":\"https:\\\/\\\/lospoliticosveracruz.com\\\/?p=68291\"},\"author\":{\"name\":\"Lo viste en Los Pol\u00edticos\",\"@id\":\"https:\\\/\\\/lospoliticosveracruz.com\\\/#\\\/schema\\\/person\\\/b8702bb0e538456e6efd07080bf2a4a2\"},\"headline\":\"Qui\u00e9n filtr\u00f3 las fotos de Gladys y Carla\",\"datePublished\":\"2021-02-16T18:18:00+00:00\",\"mainEntityOfPage\":{\"@id\":\"https:\\\/\\\/lospoliticosveracruz.com\\\/?p=68291\"},\"wordCount\":328,\"commentCount\":0,\"publisher\":{\"@id\":\"https:\\\/\\\/lospoliticosveracruz.com\\\/#organization\"},\"keywords\":[\"Carla Enr\u00edquez\",\"Cosoleacaque\",\"Fiscal\u00eda\",\"Florisel R\u00edos Delf\u00edn\",\"Gladys Merl\u00edn\",\"Hechos violentos\",\"Jamapa\",\"Ver\u00f3nica Hern\u00e1ndez Giad\u00e1ns\"],\"articleSection\":[\"La Nota\"],\"inLanguage\":\"es\",\"potentialAction\":[{\"@type\":\"CommentAction\",\"name\":\"Comment\",\"target\":[\"https:\\\/\\\/lospoliticosveracruz.com\\\/?p=68291#respond\"]}]},{\"@type\":\"WebPage\",\"@id\":\"https:\\\/\\\/lospoliticosveracruz.com\\\/?p=68291\",\"url\":\"https:\\\/\\\/lospoliticosveracruz.com\\\/?p=68291\",\"name\":\"Qui\u00e9n filtr\u00f3 las fotos de Gladys y Carla - Los pol\u00edticos Veracruz\",\"isPartOf\":{\"@id\":\"https:\\\/\\\/lospoliticosveracruz.com\\\/#website\"},\"datePublished\":\"2021-02-16T18:18:00+00:00\",\"breadcrumb\":{\"@id\":\"https:\\\/\\\/lospoliticosveracruz.com\\\/?p=68291#breadcrumb\"},\"inLanguage\":\"es\",\"potentialAction\":[{\"@type\":\"ReadAction\",\"target\":[\"https:\\\/\\\/lospoliticosveracruz.com\\\/?p=68291\"]}]},{\"@type\":\"BreadcrumbList\",\"@id\":\"https:\\\/\\\/lospoliticosveracruz.com\\\/?p=68291#breadcrumb\",\"itemListElement\":[{\"@type\":\"ListItem\",\"position\":1,\"name\":\"Portada\",\"item\":\"https:\\\/\\\/lospoliticosveracruz.com\\\/\"},{\"@type\":\"ListItem\",\"position\":2,\"name\":\"Qui\u00e9n filtr\u00f3 las fotos de Gladys y Carla\"}]},{\"@type\":\"WebSite\",\"@id\":\"https:\\\/\\\/lospoliticosveracruz.com\\\/#website\",\"url\":\"https:\\\/\\\/lospoliticosveracruz.com\\\/\",\"name\":\"Los pol\u00edticos Veracruz\",\"description\":\"\",\"publisher\":{\"@id\":\"https:\\\/\\\/lospoliticosveracruz.com\\\/#organization\"},\"potentialAction\":[{\"@type\":\"SearchAction\",\"target\":{\"@type\":\"EntryPoint\",\"urlTemplate\":\"https:\\\/\\\/lospoliticosveracruz.com\\\/?s={search_term_string}\"},\"query-input\":{\"@type\":\"PropertyValueSpecification\",\"valueRequired\":true,\"valueName\":\"search_term_string\"}}],\"inLanguage\":\"es\"},{\"@type\":\"Organization\",\"@id\":\"https:\\\/\\\/lospoliticosveracruz.com\\\/#organization\",\"name\":\"Los pol\u00edticos Veracruz\",\"url\":\"https:\\\/\\\/lospoliticosveracruz.com\\\/\",\"logo\":{\"@type\":\"ImageObject\",\"inLanguage\":\"es\",\"@id\":\"https:\\\/\\\/lospoliticosveracruz.com\\\/#\\\/schema\\\/logo\\\/image\\\/\",\"url\":\"https:\\\/\\\/lospoliticosveracruz.com\\\/wp-content\\\/uploads\\\/2025\\\/12\\\/Logo-Nuevo-LOS-POLITICOS-1.jpg\",\"contentUrl\":\"https:\\\/\\\/lospoliticosveracruz.com\\\/wp-content\\\/uploads\\\/2025\\\/12\\\/Logo-Nuevo-LOS-POLITICOS-1.jpg\",\"width\":260,\"height\":70,\"caption\":\"Los pol\u00edticos Veracruz\"},\"image\":{\"@id\":\"https:\\\/\\\/lospoliticosveracruz.com\\\/#\\\/schema\\\/logo\\\/image\\\/\"},\"sameAs\":[\"https:\\\/\\\/www.facebook.com\\\/people\\\/Notimemes-de-los-Polticos\\\/61565672886568\\\/\",\"https:\\\/\\\/x.com\\\/LosPoliticosVer\"]},{\"@type\":\"Person\",\"@id\":\"https:\\\/\\\/lospoliticosveracruz.com\\\/#\\\/schema\\\/person\\\/b8702bb0e538456e6efd07080bf2a4a2\",\"name\":\"Lo viste en Los Pol\u00edticos\",\"image\":{\"@type\":\"ImageObject\",\"inLanguage\":\"es\",\"@id\":\"https:\\\/\\\/secure.gravatar.com\\\/avatar\\\/3a8de04a2656d44082be478bd6c086daa447c4651605818287b9532d3d0bd435?s=96&d=mm&r=g\",\"url\":\"https:\\\/\\\/secure.gravatar.com\\\/avatar\\\/3a8de04a2656d44082be478bd6c086daa447c4651605818287b9532d3d0bd435?s=96&d=mm&r=g\",\"contentUrl\":\"https:\\\/\\\/secure.gravatar.com\\\/avatar\\\/3a8de04a2656d44082be478bd6c086daa447c4651605818287b9532d3d0bd435?s=96&d=mm&r=g\",\"caption\":\"Lo viste en Los Pol\u00edticos\"},\"url\":\"https:\\\/\\\/lospoliticosveracruz.com\\\/?author=2\"}]}<\/script>\n<!-- \/ Yoast SEO plugin. -->","yoast_head_json":{"title":"Qui\u00e9n filtr\u00f3 las fotos de Gladys y Carla - Los pol\u00edticos Veracruz","robots":{"index":"index","follow":"follow","max-snippet":"max-snippet:-1","max-image-preview":"max-image-preview:large","max-video-preview":"max-video-preview:-1"},"canonical":"https:\/\/lospoliticosveracruz.com\/?p=68291","og_locale":"es_ES","og_type":"article","og_title":"Qui\u00e9n filtr\u00f3 las fotos de Gladys y Carla - Los pol\u00edticos Veracruz","og_description":"&nbsp; Xalapa La Fiscal general del estado Ver\u00f3nica Hern\u00e1ndez Giad\u00e1ns inform\u00f3 que ya se abri\u00f3 una carpeta de investigaci\u00f3n para determinar qui\u00e9nes filtraron las fotograf\u00edas del homicidio de la ex alcaldesa de Cosoleacaque y su hija Carla Enriquez, la madrugada de este lunes. \u00abDesafortunadamente revictimizan a las v\u00edctimas y a sus familias\u00bb. En comparecencia ante [&hellip;]","og_url":"https:\/\/lospoliticosveracruz.com\/?p=68291","og_site_name":"Los pol\u00edticos Veracruz","article_publisher":"https:\/\/www.facebook.com\/people\/Notimemes-de-los-Polticos\/61565672886568\/","article_published_time":"2021-02-16T18:18:00+00:00","og_image":[{"width":200,"height":200,"url":"https:\/\/lospoliticosveracruz.com\/wp-content\/uploads\/2016\/07\/Logo-Dor.jpg","type":"image\/jpeg"}],"author":"Lo viste en Los Pol\u00edticos","twitter_card":"summary_large_image","twitter_creator":"@LosPoliticosVer","twitter_site":"@LosPoliticosVer","twitter_misc":{"Escrito por":"Lo viste en Los Pol\u00edticos","Tiempo de lectura":"2 minutos"},"schema":{"@context":"https:\/\/schema.org","@graph":[{"@type":"Article","@id":"https:\/\/lospoliticosveracruz.com\/?p=68291#article","isPartOf":{"@id":"https:\/\/lospoliticosveracruz.com\/?p=68291"},"author":{"name":"Lo viste en Los Pol\u00edticos","@id":"https:\/\/lospoliticosveracruz.com\/#\/schema\/person\/b8702bb0e538456e6efd07080bf2a4a2"},"headline":"Qui\u00e9n filtr\u00f3 las fotos de Gladys y Carla","datePublished":"2021-02-16T18:18:00+00:00","mainEntityOfPage":{"@id":"https:\/\/lospoliticosveracruz.com\/?p=68291"},"wordCount":328,"commentCount":0,"publisher":{"@id":"https:\/\/lospoliticosveracruz.com\/#organization"},"keywords":["Carla Enr\u00edquez","Cosoleacaque","Fiscal\u00eda","Florisel R\u00edos Delf\u00edn","Gladys Merl\u00edn","Hechos violentos","Jamapa","Ver\u00f3nica Hern\u00e1ndez Giad\u00e1ns"],"articleSection":["La Nota"],"inLanguage":"es","potentialAction":[{"@type":"CommentAction","name":"Comment","target":["https:\/\/lospoliticosveracruz.com\/?p=68291#respond"]}]},{"@type":"WebPage","@id":"https:\/\/lospoliticosveracruz.com\/?p=68291","url":"https:\/\/lospoliticosveracruz.com\/?p=68291","name":"Qui\u00e9n filtr\u00f3 las fotos de Gladys y Carla - Los pol\u00edticos Veracruz","isPartOf":{"@id":"https:\/\/lospoliticosveracruz.com\/#website"},"datePublished":"2021-02-16T18:18:00+00:00","breadcrumb":{"@id":"https:\/\/lospoliticosveracruz.com\/?p=68291#breadcrumb"},"inLanguage":"es","potentialAction":[{"@type":"ReadAction","target":["https:\/\/lospoliticosveracruz.com\/?p=68291"]}]},{"@type":"BreadcrumbList","@id":"https:\/\/lospoliticosveracruz.com\/?p=68291#breadcrumb","itemListElement":[{"@type":"ListItem","position":1,"name":"Portada","item":"https:\/\/lospoliticosveracruz.com\/"},{"@type":"ListItem","position":2,"name":"Qui\u00e9n filtr\u00f3 las fotos de Gladys y Carla"}]},{"@type":"WebSite","@id":"https:\/\/lospoliticosveracruz.com\/#website","url":"https:\/\/lospoliticosveracruz.com\/","name":"Los pol\u00edticos Veracruz","description":"","publisher":{"@id":"https:\/\/lospoliticosveracruz.com\/#organization"},"potentialAction":[{"@type":"SearchAction","target":{"@type":"EntryPoint","urlTemplate":"https:\/\/lospoliticosveracruz.com\/?s={search_term_string}"},"query-input":{"@type":"PropertyValueSpecification","valueRequired":true,"valueName":"search_term_string"}}],"inLanguage":"es"},{"@type":"Organization","@id":"https:\/\/lospoliticosveracruz.com\/#organization","name":"Los pol\u00edticos Veracruz","url":"https:\/\/lospoliticosveracruz.com\/","logo":{"@type":"ImageObject","inLanguage":"es","@id":"https:\/\/lospoliticosveracruz.com\/#\/schema\/logo\/image\/","url":"https:\/\/lospoliticosveracruz.com\/wp-content\/uploads\/2025\/12\/Logo-Nuevo-LOS-POLITICOS-1.jpg","contentUrl":"https:\/\/lospoliticosveracruz.com\/wp-content\/uploads\/2025\/12\/Logo-Nuevo-LOS-POLITICOS-1.jpg","width":260,"height":70,"caption":"Los pol\u00edticos Veracruz"},"image":{"@id":"https:\/\/lospoliticosveracruz.com\/#\/schema\/logo\/image\/"},"sameAs":["https:\/\/www.facebook.com\/people\/Notimemes-de-los-Polticos\/61565672886568\/","https:\/\/x.com\/LosPoliticosVer"]},{"@type":"Person","@id":"https:\/\/lospoliticosveracruz.com\/#\/schema\/person\/b8702bb0e538456e6efd07080bf2a4a2","name":"Lo viste en Los Pol\u00edticos","image":{"@type":"ImageObject","inLanguage":"es","@id":"https:\/\/secure.gravatar.com\/avatar\/3a8de04a2656d44082be478bd6c086daa447c4651605818287b9532d3d0bd435?s=96&d=mm&r=g","url":"https:\/\/secure.gravatar.com\/avatar\/3a8de04a2656d44082be478bd6c086daa447c4651605818287b9532d3d0bd435?s=96&d=mm&r=g","contentUrl":"https:\/\/secure.gravatar.com\/avatar\/3a8de04a2656d44082be478bd6c086daa447c4651605818287b9532d3d0bd435?s=96&d=mm&r=g","caption":"Lo viste en Los Pol\u00edticos"},"url":"https:\/\/lospoliticosveracruz.com\/?author=2"}]}},"_links":{"self":[{"href":"https:\/\/lospoliticosveracruz.com\/index.php?rest_route=\/wp\/v2\/posts\/68291","targetHints":{"allow":["GET"]}}],"collection":[{"href":"https:\/\/lospoliticosveracruz.com\/index.php?rest_route=\/wp\/v2\/posts"}],"about":[{"href":"https:\/\/lospoliticosveracruz.com\/index.php?rest_route=\/wp\/v2\/types\/post"}],"author":[{"embeddable":true,"href":"https:\/\/lospoliticosveracruz.com\/index.php?rest_route=\/wp\/v2\/users\/2"}],"replies":[{"embeddable":true,"href":"https:\/\/lospoliticosveracruz.com\/index.php?rest_route=%2Fwp%2Fv2%2Fcomments&post=68291"}],"version-history":[{"count":1,"href":"https:\/\/lospoliticosveracruz.com\/index.php?rest_route=\/wp\/v2\/posts\/68291\/revisions"}],"predecessor-version":[{"id":68294,"href":"https:\/\/lospoliticosveracruz.com\/index.php?rest_route=\/wp\/v2\/posts\/68291\/revisions\/68294"}],"wp:attachment":[{"href":"https:\/\/lospoliticosveracruz.com\/index.php?rest_route=%2Fwp%2Fv2%2Fmedia&parent=68291"}],"wp:term":[{"taxonomy":"category","embeddable":true,"href":"https:\/\/lospoliticosveracruz.com\/index.php?rest_route=%2Fwp%2Fv2%2Fcategories&post=68291"},{"taxonomy":"post_tag","embeddable":true,"href":"https:\/\/lospoliticosveracruz.com\/index.php?rest_route=%2Fwp%2Fv2%2Ftags&post=68291"}],"curies":[{"name":"wp","href":"https:\/\/api.w.org\/{rel}","templated":true}]}}