{"id":68328,"date":"2021-02-17T08:26:43","date_gmt":"2021-02-17T14:26:43","guid":{"rendered":"http:\/\/www.lospoliticosveracruz.com.mx\/?p=68328"},"modified":"2021-02-17T08:28:41","modified_gmt":"2021-02-17T14:28:41","slug":"mas-de-300-mil-usuarios-de-cfe-afectados-en-veracruz-pes","status":"publish","type":"post","link":"https:\/\/lospoliticosveracruz.com\/?p=68328","title":{"rendered":"M\u00e1s de 300 mil usuarios de CFE, afectados en Veracruz: PES"},"content":{"rendered":"<p><strong>Xalapa<\/strong><\/p>\n<p>Al PES le preocupan los apagones que se han suscitado en gran parte de nuestro pa\u00eds, afirm\u00f3 Gonzalo Gu\u00edzar Valladares, presidente del PES-Veracruz, al secundar un mensaje que al respecto emiti\u00f3 en sus redes sociales el l\u00edder nacional del Partido Encuentro Solidario, Hugo Eric Flores Cervantes, ante la falta de suministro el\u00e9ctrico en 26 estados del pa\u00eds que afectaron a m\u00e1s de 3 millones de usuarios tanto comerciales como particulares.<br \/>\nGu\u00edzar Valladares revel\u00f3 que de acuerdo con la informaci\u00f3n que la propia Comisi\u00f3n Federal de Electricidad (CFE) difundi\u00f3, en Veracruz se vieron afectados m\u00e1s 338 mil usuarios durante los apagones de lunes y martes, lo que representa un 11.3% del total de la red en la entidad.<br \/>\nEn el mensaje \u201cLa Nocturna del PES\u201d del presidente del Comit\u00e9 Directivo Nacional del partido, se hace un llamado a \u00abrecuperar la soberan\u00eda sobre las fuentes de energ\u00eda\u00bb, porque los apagones \u00abnos obligan a reflexionar sobre lo importante de la energ\u00eda el\u00e9ctrica como motor de la Soberan\u00eda\u00bb.<br \/>\nHugo Eric Flores Cervantes consider\u00f3 que el tema \u00abes clave para cualquier gobierno, m\u00e1s para el Gobierno de M\u00e9xico\u00bb, ante ello plante\u00f3 la posibilidad de considerar energ\u00edas limpias. E inmediatamente agreg\u00f3: \u00abno estamos hablando de ideolog\u00edas, estamos hablando del presente y del futuro de nuestra sociedad\u00bb.<br \/>\nAl igual que su l\u00edder nacional, el l\u00edder estatal del PES dese\u00f3 que haya un amplio debate sobre el tema, un debate real, un debate que lleve a los mexicanos a considerar distintas opciones, porque un pa\u00eds sin energ\u00eda nunca podr\u00e1 avanzar.<br \/>\nGonzalo Gu\u00edzar Valladares reiter\u00f3 que es necesario considerar el uso de Energ\u00edas Limpias sin sacrificar la Soberan\u00eda Nacional. Y enfatiz\u00f3 lo mencionado por el doctor Flores Cervantes \u00abno hablemos de ideolog\u00edas sino del presente y el futuro de M\u00e9xico\u00bb, concluy\u00f3.<\/p>\n","protected":false},"excerpt":{"rendered":"<p>Xalapa Al PES le preocupan los apagones que se han suscitado en gran parte de nuestro pa\u00eds, afirm\u00f3 Gonzalo Gu\u00edzar Valladares, presidente del PES-Veracruz, al secundar un mensaje que al respecto emiti\u00f3 en sus redes sociales el l\u00edder nacional del Partido Encuentro Solidario, Hugo Eric Flores Cervantes, ante la falta de suministro el\u00e9ctrico en 26 [&hellip;]<\/p>\n","protected":false},"author":2,"featured_media":0,"comment_status":"open","ping_status":"open","sticky":false,"template":"","format":"standard","meta":{"tdm_status":"","tdm_grid_status":"","footnotes":""},"categories":[73],"tags":[4973,18988,438,25009,395,24157,437,26226,195],"class_list":{"0":"post-68328","1":"post","2":"type-post","3":"status-publish","4":"format-standard","6":"category-de-boleto","7":"tag-cfe","8":"tag-energias-limpias","9":"tag-gonzalo-guizar-valladares","10":"tag-hugo-eric-flores-cervantes","11":"tag-mexico","12":"tag-partido-encuentro-solidario","13":"tag-pes","14":"tag-suministro-electrico","15":"tag-veracruz"},"yoast_head":"<!-- This site is optimized with the Yoast SEO plugin v27.4 - https:\/\/yoast.com\/product\/yoast-seo-wordpress\/ -->\n<title>M\u00e1s de 300 mil usuarios de CFE, afectados en Veracruz: PES - Los pol\u00edticos Veracruz<\/title>\n<meta name=\"robots\" content=\"index, follow, max-snippet:-1, max-image-preview:large, max-video-preview:-1\" \/>\n<link rel=\"canonical\" href=\"https:\/\/lospoliticosveracruz.com\/?p=68328\" \/>\n<meta property=\"og:locale\" content=\"es_ES\" \/>\n<meta property=\"og:type\" content=\"article\" \/>\n<meta property=\"og:title\" content=\"M\u00e1s de 300 mil usuarios de CFE, afectados en Veracruz: PES - Los pol\u00edticos Veracruz\" \/>\n<meta property=\"og:description\" content=\"Xalapa Al PES le preocupan los apagones que se han suscitado en gran parte de nuestro pa\u00eds, afirm\u00f3 Gonzalo Gu\u00edzar Valladares, presidente del PES-Veracruz, al secundar un mensaje que al respecto emiti\u00f3 en sus redes sociales el l\u00edder nacional del Partido Encuentro Solidario, Hugo Eric Flores Cervantes, ante la falta de suministro el\u00e9ctrico en 26 [&hellip;]\" \/>\n<meta property=\"og:url\" content=\"https:\/\/lospoliticosveracruz.com\/?p=68328\" \/>\n<meta property=\"og:site_name\" content=\"Los pol\u00edticos Veracruz\" \/>\n<meta property=\"article:publisher\" content=\"https:\/\/www.facebook.com\/people\/Notimemes-de-los-Polticos\/61565672886568\/\" \/>\n<meta property=\"article:published_time\" content=\"2021-02-17T14:26:43+00:00\" \/>\n<meta property=\"article:modified_time\" content=\"2021-02-17T14:28:41+00:00\" \/>\n<meta property=\"og:image\" content=\"https:\/\/lospoliticosveracruz.com\/wp-content\/uploads\/2016\/07\/Logo-Dor.jpg\" \/>\n\t<meta property=\"og:image:width\" content=\"200\" \/>\n\t<meta property=\"og:image:height\" content=\"200\" \/>\n\t<meta property=\"og:image:type\" content=\"image\/jpeg\" \/>\n<meta name=\"author\" content=\"Lo viste en Los Pol\u00edticos\" \/>\n<meta name=\"twitter:card\" content=\"summary_large_image\" \/>\n<meta name=\"twitter:creator\" content=\"@LosPoliticosVer\" \/>\n<meta name=\"twitter:site\" content=\"@LosPoliticosVer\" \/>\n<meta name=\"twitter:label1\" content=\"Escrito por\" \/>\n\t<meta name=\"twitter:data1\" content=\"Lo viste en Los Pol\u00edticos\" \/>\n\t<meta name=\"twitter:label2\" content=\"Tiempo de lectura\" \/>\n\t<meta name=\"twitter:data2\" content=\"2 minutos\" \/>\n<script type=\"application\/ld+json\" class=\"yoast-schema-graph\">{\"@context\":\"https:\\\/\\\/schema.org\",\"@graph\":[{\"@type\":\"Article\",\"@id\":\"https:\\\/\\\/lospoliticosveracruz.com\\\/?p=68328#article\",\"isPartOf\":{\"@id\":\"https:\\\/\\\/lospoliticosveracruz.com\\\/?p=68328\"},\"author\":{\"name\":\"Lo viste en Los Pol\u00edticos\",\"@id\":\"https:\\\/\\\/lospoliticosveracruz.com\\\/#\\\/schema\\\/person\\\/b8702bb0e538456e6efd07080bf2a4a2\"},\"headline\":\"M\u00e1s de 300 mil usuarios de CFE, afectados en Veracruz: PES\",\"datePublished\":\"2021-02-17T14:26:43+00:00\",\"dateModified\":\"2021-02-17T14:28:41+00:00\",\"mainEntityOfPage\":{\"@id\":\"https:\\\/\\\/lospoliticosveracruz.com\\\/?p=68328\"},\"wordCount\":328,\"commentCount\":0,\"publisher\":{\"@id\":\"https:\\\/\\\/lospoliticosveracruz.com\\\/#organization\"},\"keywords\":[\"CFE\",\"energ\u00edas limpias\",\"Gonzalo Gu\u00edzar Valladares\",\"Hugo Eric Flores Cervantes.\",\"M\u00e9xico\",\"Partido Encuentro Solidario\",\"PES\",\"suministro el\u00e9ctrico\",\"Veracruz\"],\"articleSection\":[\"De Boleto\"],\"inLanguage\":\"es\",\"potentialAction\":[{\"@type\":\"CommentAction\",\"name\":\"Comment\",\"target\":[\"https:\\\/\\\/lospoliticosveracruz.com\\\/?p=68328#respond\"]}]},{\"@type\":\"WebPage\",\"@id\":\"https:\\\/\\\/lospoliticosveracruz.com\\\/?p=68328\",\"url\":\"https:\\\/\\\/lospoliticosveracruz.com\\\/?p=68328\",\"name\":\"M\u00e1s de 300 mil usuarios de CFE, afectados en Veracruz: PES - Los pol\u00edticos Veracruz\",\"isPartOf\":{\"@id\":\"https:\\\/\\\/lospoliticosveracruz.com\\\/#website\"},\"datePublished\":\"2021-02-17T14:26:43+00:00\",\"dateModified\":\"2021-02-17T14:28:41+00:00\",\"breadcrumb\":{\"@id\":\"https:\\\/\\\/lospoliticosveracruz.com\\\/?p=68328#breadcrumb\"},\"inLanguage\":\"es\",\"potentialAction\":[{\"@type\":\"ReadAction\",\"target\":[\"https:\\\/\\\/lospoliticosveracruz.com\\\/?p=68328\"]}]},{\"@type\":\"BreadcrumbList\",\"@id\":\"https:\\\/\\\/lospoliticosveracruz.com\\\/?p=68328#breadcrumb\",\"itemListElement\":[{\"@type\":\"ListItem\",\"position\":1,\"name\":\"Portada\",\"item\":\"https:\\\/\\\/lospoliticosveracruz.com\\\/\"},{\"@type\":\"ListItem\",\"position\":2,\"name\":\"M\u00e1s de 300 mil usuarios de CFE, afectados en Veracruz: PES\"}]},{\"@type\":\"WebSite\",\"@id\":\"https:\\\/\\\/lospoliticosveracruz.com\\\/#website\",\"url\":\"https:\\\/\\\/lospoliticosveracruz.com\\\/\",\"name\":\"Los pol\u00edticos Veracruz\",\"description\":\"\",\"publisher\":{\"@id\":\"https:\\\/\\\/lospoliticosveracruz.com\\\/#organization\"},\"potentialAction\":[{\"@type\":\"SearchAction\",\"target\":{\"@type\":\"EntryPoint\",\"urlTemplate\":\"https:\\\/\\\/lospoliticosveracruz.com\\\/?s={search_term_string}\"},\"query-input\":{\"@type\":\"PropertyValueSpecification\",\"valueRequired\":true,\"valueName\":\"search_term_string\"}}],\"inLanguage\":\"es\"},{\"@type\":\"Organization\",\"@id\":\"https:\\\/\\\/lospoliticosveracruz.com\\\/#organization\",\"name\":\"Los pol\u00edticos Veracruz\",\"url\":\"https:\\\/\\\/lospoliticosveracruz.com\\\/\",\"logo\":{\"@type\":\"ImageObject\",\"inLanguage\":\"es\",\"@id\":\"https:\\\/\\\/lospoliticosveracruz.com\\\/#\\\/schema\\\/logo\\\/image\\\/\",\"url\":\"https:\\\/\\\/lospoliticosveracruz.com\\\/wp-content\\\/uploads\\\/2025\\\/12\\\/Logo-Nuevo-LOS-POLITICOS-1.jpg\",\"contentUrl\":\"https:\\\/\\\/lospoliticosveracruz.com\\\/wp-content\\\/uploads\\\/2025\\\/12\\\/Logo-Nuevo-LOS-POLITICOS-1.jpg\",\"width\":260,\"height\":70,\"caption\":\"Los pol\u00edticos Veracruz\"},\"image\":{\"@id\":\"https:\\\/\\\/lospoliticosveracruz.com\\\/#\\\/schema\\\/logo\\\/image\\\/\"},\"sameAs\":[\"https:\\\/\\\/www.facebook.com\\\/people\\\/Notimemes-de-los-Polticos\\\/61565672886568\\\/\",\"https:\\\/\\\/x.com\\\/LosPoliticosVer\"]},{\"@type\":\"Person\",\"@id\":\"https:\\\/\\\/lospoliticosveracruz.com\\\/#\\\/schema\\\/person\\\/b8702bb0e538456e6efd07080bf2a4a2\",\"name\":\"Lo viste en Los Pol\u00edticos\",\"image\":{\"@type\":\"ImageObject\",\"inLanguage\":\"es\",\"@id\":\"https:\\\/\\\/secure.gravatar.com\\\/avatar\\\/3a8de04a2656d44082be478bd6c086daa447c4651605818287b9532d3d0bd435?s=96&d=mm&r=g\",\"url\":\"https:\\\/\\\/secure.gravatar.com\\\/avatar\\\/3a8de04a2656d44082be478bd6c086daa447c4651605818287b9532d3d0bd435?s=96&d=mm&r=g\",\"contentUrl\":\"https:\\\/\\\/secure.gravatar.com\\\/avatar\\\/3a8de04a2656d44082be478bd6c086daa447c4651605818287b9532d3d0bd435?s=96&d=mm&r=g\",\"caption\":\"Lo viste en Los Pol\u00edticos\"},\"url\":\"https:\\\/\\\/lospoliticosveracruz.com\\\/?author=2\"}]}<\/script>\n<!-- \/ Yoast SEO plugin. -->","yoast_head_json":{"title":"M\u00e1s de 300 mil usuarios de CFE, afectados en Veracruz: PES - Los pol\u00edticos Veracruz","robots":{"index":"index","follow":"follow","max-snippet":"max-snippet:-1","max-image-preview":"max-image-preview:large","max-video-preview":"max-video-preview:-1"},"canonical":"https:\/\/lospoliticosveracruz.com\/?p=68328","og_locale":"es_ES","og_type":"article","og_title":"M\u00e1s de 300 mil usuarios de CFE, afectados en Veracruz: PES - Los pol\u00edticos Veracruz","og_description":"Xalapa Al PES le preocupan los apagones que se han suscitado en gran parte de nuestro pa\u00eds, afirm\u00f3 Gonzalo Gu\u00edzar Valladares, presidente del PES-Veracruz, al secundar un mensaje que al respecto emiti\u00f3 en sus redes sociales el l\u00edder nacional del Partido Encuentro Solidario, Hugo Eric Flores Cervantes, ante la falta de suministro el\u00e9ctrico en 26 [&hellip;]","og_url":"https:\/\/lospoliticosveracruz.com\/?p=68328","og_site_name":"Los pol\u00edticos Veracruz","article_publisher":"https:\/\/www.facebook.com\/people\/Notimemes-de-los-Polticos\/61565672886568\/","article_published_time":"2021-02-17T14:26:43+00:00","article_modified_time":"2021-02-17T14:28:41+00:00","og_image":[{"width":200,"height":200,"url":"https:\/\/lospoliticosveracruz.com\/wp-content\/uploads\/2016\/07\/Logo-Dor.jpg","type":"image\/jpeg"}],"author":"Lo viste en Los Pol\u00edticos","twitter_card":"summary_large_image","twitter_creator":"@LosPoliticosVer","twitter_site":"@LosPoliticosVer","twitter_misc":{"Escrito por":"Lo viste en Los Pol\u00edticos","Tiempo de lectura":"2 minutos"},"schema":{"@context":"https:\/\/schema.org","@graph":[{"@type":"Article","@id":"https:\/\/lospoliticosveracruz.com\/?p=68328#article","isPartOf":{"@id":"https:\/\/lospoliticosveracruz.com\/?p=68328"},"author":{"name":"Lo viste en Los Pol\u00edticos","@id":"https:\/\/lospoliticosveracruz.com\/#\/schema\/person\/b8702bb0e538456e6efd07080bf2a4a2"},"headline":"M\u00e1s de 300 mil usuarios de CFE, afectados en Veracruz: PES","datePublished":"2021-02-17T14:26:43+00:00","dateModified":"2021-02-17T14:28:41+00:00","mainEntityOfPage":{"@id":"https:\/\/lospoliticosveracruz.com\/?p=68328"},"wordCount":328,"commentCount":0,"publisher":{"@id":"https:\/\/lospoliticosveracruz.com\/#organization"},"keywords":["CFE","energ\u00edas limpias","Gonzalo Gu\u00edzar Valladares","Hugo Eric Flores Cervantes.","M\u00e9xico","Partido Encuentro Solidario","PES","suministro el\u00e9ctrico","Veracruz"],"articleSection":["De Boleto"],"inLanguage":"es","potentialAction":[{"@type":"CommentAction","name":"Comment","target":["https:\/\/lospoliticosveracruz.com\/?p=68328#respond"]}]},{"@type":"WebPage","@id":"https:\/\/lospoliticosveracruz.com\/?p=68328","url":"https:\/\/lospoliticosveracruz.com\/?p=68328","name":"M\u00e1s de 300 mil usuarios de CFE, afectados en Veracruz: PES - Los pol\u00edticos Veracruz","isPartOf":{"@id":"https:\/\/lospoliticosveracruz.com\/#website"},"datePublished":"2021-02-17T14:26:43+00:00","dateModified":"2021-02-17T14:28:41+00:00","breadcrumb":{"@id":"https:\/\/lospoliticosveracruz.com\/?p=68328#breadcrumb"},"inLanguage":"es","potentialAction":[{"@type":"ReadAction","target":["https:\/\/lospoliticosveracruz.com\/?p=68328"]}]},{"@type":"BreadcrumbList","@id":"https:\/\/lospoliticosveracruz.com\/?p=68328#breadcrumb","itemListElement":[{"@type":"ListItem","position":1,"name":"Portada","item":"https:\/\/lospoliticosveracruz.com\/"},{"@type":"ListItem","position":2,"name":"M\u00e1s de 300 mil usuarios de CFE, afectados en Veracruz: PES"}]},{"@type":"WebSite","@id":"https:\/\/lospoliticosveracruz.com\/#website","url":"https:\/\/lospoliticosveracruz.com\/","name":"Los pol\u00edticos Veracruz","description":"","publisher":{"@id":"https:\/\/lospoliticosveracruz.com\/#organization"},"potentialAction":[{"@type":"SearchAction","target":{"@type":"EntryPoint","urlTemplate":"https:\/\/lospoliticosveracruz.com\/?s={search_term_string}"},"query-input":{"@type":"PropertyValueSpecification","valueRequired":true,"valueName":"search_term_string"}}],"inLanguage":"es"},{"@type":"Organization","@id":"https:\/\/lospoliticosveracruz.com\/#organization","name":"Los pol\u00edticos Veracruz","url":"https:\/\/lospoliticosveracruz.com\/","logo":{"@type":"ImageObject","inLanguage":"es","@id":"https:\/\/lospoliticosveracruz.com\/#\/schema\/logo\/image\/","url":"https:\/\/lospoliticosveracruz.com\/wp-content\/uploads\/2025\/12\/Logo-Nuevo-LOS-POLITICOS-1.jpg","contentUrl":"https:\/\/lospoliticosveracruz.com\/wp-content\/uploads\/2025\/12\/Logo-Nuevo-LOS-POLITICOS-1.jpg","width":260,"height":70,"caption":"Los pol\u00edticos Veracruz"},"image":{"@id":"https:\/\/lospoliticosveracruz.com\/#\/schema\/logo\/image\/"},"sameAs":["https:\/\/www.facebook.com\/people\/Notimemes-de-los-Polticos\/61565672886568\/","https:\/\/x.com\/LosPoliticosVer"]},{"@type":"Person","@id":"https:\/\/lospoliticosveracruz.com\/#\/schema\/person\/b8702bb0e538456e6efd07080bf2a4a2","name":"Lo viste en Los Pol\u00edticos","image":{"@type":"ImageObject","inLanguage":"es","@id":"https:\/\/secure.gravatar.com\/avatar\/3a8de04a2656d44082be478bd6c086daa447c4651605818287b9532d3d0bd435?s=96&d=mm&r=g","url":"https:\/\/secure.gravatar.com\/avatar\/3a8de04a2656d44082be478bd6c086daa447c4651605818287b9532d3d0bd435?s=96&d=mm&r=g","contentUrl":"https:\/\/secure.gravatar.com\/avatar\/3a8de04a2656d44082be478bd6c086daa447c4651605818287b9532d3d0bd435?s=96&d=mm&r=g","caption":"Lo viste en Los Pol\u00edticos"},"url":"https:\/\/lospoliticosveracruz.com\/?author=2"}]}},"_links":{"self":[{"href":"https:\/\/lospoliticosveracruz.com\/index.php?rest_route=\/wp\/v2\/posts\/68328","targetHints":{"allow":["GET"]}}],"collection":[{"href":"https:\/\/lospoliticosveracruz.com\/index.php?rest_route=\/wp\/v2\/posts"}],"about":[{"href":"https:\/\/lospoliticosveracruz.com\/index.php?rest_route=\/wp\/v2\/types\/post"}],"author":[{"embeddable":true,"href":"https:\/\/lospoliticosveracruz.com\/index.php?rest_route=\/wp\/v2\/users\/2"}],"replies":[{"embeddable":true,"href":"https:\/\/lospoliticosveracruz.com\/index.php?rest_route=%2Fwp%2Fv2%2Fcomments&post=68328"}],"version-history":[{"count":2,"href":"https:\/\/lospoliticosveracruz.com\/index.php?rest_route=\/wp\/v2\/posts\/68328\/revisions"}],"predecessor-version":[{"id":68333,"href":"https:\/\/lospoliticosveracruz.com\/index.php?rest_route=\/wp\/v2\/posts\/68328\/revisions\/68333"}],"wp:attachment":[{"href":"https:\/\/lospoliticosveracruz.com\/index.php?rest_route=%2Fwp%2Fv2%2Fmedia&parent=68328"}],"wp:term":[{"taxonomy":"category","embeddable":true,"href":"https:\/\/lospoliticosveracruz.com\/index.php?rest_route=%2Fwp%2Fv2%2Fcategories&post=68328"},{"taxonomy":"post_tag","embeddable":true,"href":"https:\/\/lospoliticosveracruz.com\/index.php?rest_route=%2Fwp%2Fv2%2Ftags&post=68328"}],"curies":[{"name":"wp","href":"https:\/\/api.w.org\/{rel}","templated":true}]}}