{"id":68334,"date":"2021-02-17T08:49:11","date_gmt":"2021-02-17T14:49:11","guid":{"rendered":"http:\/\/www.lospoliticosveracruz.com.mx\/?p=68334"},"modified":"2021-02-17T08:49:11","modified_gmt":"2021-02-17T14:49:11","slug":"tia-rosa-ahued-y-david","status":"publish","type":"post","link":"https:\/\/lospoliticosveracruz.com\/?p=68334","title":{"rendered":"T\u00eda Rosa, Ahued y David"},"content":{"rendered":"<p><strong>Ricardo Ch\u00faa<\/strong><br \/>\n<em>Sale y Vale<\/em><\/p>\n<p>OJO&#8230; De ser cierto que en su red social de Twitter, la Ex Primera Dama de Veracruz, Do\u00f1a Rosa Borunda de Herrera, manifest\u00f3 su inconformidad por la designaci\u00f3n de algunas candidaturas del PRI y que por VOTO RAZONADO en Xalapa, votara por Ricardo Ahued, no por MORENA, para que logre la alcald\u00eda&#8230; Este mensaje tiene DOS LECTURAS&#8230; La primera es que al \u00abRey del Pl\u00e1stico\u00bb lo vuelve a sus or\u00edgenes: \u00abFidelista y Prospero\u00bb&#8230; El tiempo dir\u00e1 si le conviene o no al senador Moreno&#8230; Qu\u00e9 dir\u00e1 ahora \u00abEl Rey\u00bb Naldo&#8230;<br \/>\nAdem\u00e1s al decir eso Do\u00f1a Rosa Borunda, sobre el tema de la alcald\u00eda de Xalapa&#8230; Le quit\u00f3 en un \u00abtuitazo\u00bb esa \u00abmarca\u00bb a David Velasco Chedraui&#8230; Desmarc\u00f3 al empresario de la familia est\u00e1 de acuerdo, de la \u00abFidelidad Prospera\u00bb&#8230; La ex Primera Dama le hizo un bien a David y no un mal&#8230; Lo deslind\u00f3 hasta de Javier Duarte&#8230;. La segunda lectura es que esto perjudica a Ahued porque el senador estando en MORENA, lo mete al \u00abFidelismo-Duartismo\u00bb con todo&#8230;<br \/>\nPero tambi\u00e9n, con eso quita todo argumento al gobernador, Cuitl\u00e1huac Garc\u00eda, de darle \u00abmameyazos\u00bb a recientes gobiernos, que no sea el de Miguel \u00c1ngel Yunes Linares&#8230; Ya no puede se\u00f1alar al sexenio de Fidel Herrera Beltr\u00e1n, de nada, ya que ellos apoyan al proyecto de MORENA-PVEM-PT, llamado: Ricardo Ahued&#8230; Lo de los \u00abcacicazgos\u00bb qued\u00f3 en el \u00abperd\u00f3n y el olvido\u00bb&#8230; Ya que Ahued es candidato porque lo invitan, los diputados locales Morenos de Xalapa m\u00e1s cercanos a Cuitl\u00e1huac&#8230; Do\u00f1a Rosa hizo un tiro de tres bandas..<br \/>\nAsimismo el \u00abGarganta Profunda\u00bb m\u00e1s poderosa del Estado se\u00f1ala que en Palacio de Gobierno&#8230; Ven que con este apoyo para Ricardo Ahued&#8230; Lo meten directamente al proyecto llamado: Javier Herrera Borunda para el 2024 por el PVEM-MORENA en Veracruz&#8230; LO MALO, quiz\u00e1s para MORENA, que con esta declaraci\u00f3n en redes sociales, hace que a David Velasco Chedraui, lo \u00abeche\u00bb m\u00e1s a los \u00abbrazos\u00bb del PAN-Yunes Azules&#8230; \u00bfCu\u00e1l es el principal rival de Los Yunes Azules a parte de MORENA en Veracruz?&#8230; REAL POLITIK&#8230; <\/p>\n<p>LAS FALLAS DE VER\u00d3NICA&#8230; El problema que est\u00e1 pasando en la Fiscal\u00eda General del Estado y con su titular, Ver\u00f3nica Hern\u00e1ndez, cuando ocurre un hecho lamentable, como lo sucedido la madrugada del lunes en Cosoleacaque, donde fueron victimadas de manera sangrienta, la ex alcaldesa, Gladys Merl\u00edn Castro y su hija, Karla Enr\u00edquez Merl\u00edn&#8230;. Es que en REALIDAD ocurre que las investigaciones criminal\u00edsticas en la FGE ES QUE NO TIENE PERSONAL EXPERTO para llevarlas a cabo&#8230; Por eso, las pifias cometidas&#8230;<br \/>\nNos cuenta \u00abEl Garganta Profunda\u00bb de Xalapa&#8230; Que la FGE actualmente a todos los PERITOS que ten\u00edan CAPACIDAD para analizar una ESCENA DE UN CRIMEN de la magnitud, como el ocurrido en Cosoleacaque&#8230; Ya no est\u00e1n laborando en la Fiscal\u00eda&#8230; De una u otra manera, a unos les dieron las gracias cuando lleg\u00f3 Hern\u00e1ndez Gadians&#8230; Otros mejor renunciaron&#8230; Y por eso, la mayor\u00eda de peritos, que est\u00e1n laborando a cargo de las \u00e1reas periciales en las zonas, no tienen esa capacidad de llevar a cabo las primeras investigaciones&#8230;<br \/>\nEsto debido, nos dice \u00abGarganta Profunda\u00bb, porque NO TIENEN LA EXPERERTICIA NECESARIA en estos asuntos&#8230; As\u00ed explica, que por eso, la Fiscal no sale a decir lo que en realidad est\u00e1 pasando criminal\u00edsticamente hablando&#8230; Porque no tienen qui\u00e9n en la FGE, LE INTERPRETE qu\u00e9 pas\u00f3 PRESUNTAMENTE en esa escena del crimen&#8230; Quiz\u00e1s en la sede de Servicios Periciales en Xalapa, contados uno o dos peritos que no se meten en problemas son los que podr\u00edan ayudarle&#8230; Ya que en el resto del Estado hay puros peritos nuevos&#8230;<br \/>\nMotivo por el cual, estos novatos de Servicios Periciales, no saben c\u00f3mo analizar a ciencia cierta este tipo de escenas&#8230; Ya que esto es una realidad que se vive en la FGE&#8230; Lo que no se sabe a ciencia cierta, es que si estos peritos salieron porque se fue Jorge Winckler o porque llegando MORENA a la Fiscal\u00eda, \u00abbarrieron\u00bb con todos&#8230; Por eso, despu\u00e9s hasta \u00abembarcan\u00bb al gobernador, Cuitl\u00e1huac Garc\u00eda, para que salga a decir que el crimen es por \u00abcacicazgos\u00bb o cuestiones pol\u00edticas&#8230;<br \/>\nPero qu\u00e9 pasa cuando se piden explicaciones con el m\u00f3vil del crimen o la escena de este hecho sangriento&#8230; DESESPERANTE lo que vive la FGE con esta PRESUNTA falta de peritos expertos&#8230; Por eso, nadie le sabe decir al Gobernador de Veracruz, ni a la Fiscal del Estado, lo que sucede porque simple y sencillamente, no tienen qui\u00e9n se los diga&#8230; Y toda esa situaci\u00f3n, es la que provoca que la opini\u00f3n p\u00fablica estatal o nacional, se\u00f1alen de inexpertos a las autoridades estatales&#8230; QUE ENREDO&#8230;<br \/>\nAnte tales hechos dados a conocer, es que \u00abGarganta Profunda\u00bb hace la pregunta que vale: \u00bfQu\u00e9 tal si la escena del crimen sugiere otras cosas u otro m\u00f3vil de este doble homicidio?&#8230; Que no sea necesariamente, un asunto de \u00abcacicazgos\u00bb&#8230; En este problema, es que est\u00e1 metida la Fiscal del Estado y en donde el propio gobernador, le ha tocado parte de la critica p\u00fablica nacional, por opinar de un caso medi\u00e1tico y lamentable, sobre todo a pocas horas de haber ocurrido&#8230; LA EXPERIENCIA SIEMPRE HACE LA DIFERENCIA&#8230; AMEN&#8230;<\/p>\n","protected":false},"excerpt":{"rendered":"<p>Ricardo Ch\u00faa Sale y Vale OJO&#8230; De ser cierto que en su red social de Twitter, la Ex Primera Dama de Veracruz, Do\u00f1a Rosa Borunda de Herrera, manifest\u00f3 su inconformidad por la designaci\u00f3n de algunas candidaturas del PRI y que por VOTO RAZONADO en Xalapa, votara por Ricardo Ahued, no por MORENA, para que logre [&hellip;]<\/p>\n","protected":false},"author":2,"featured_media":0,"comment_status":"open","ping_status":"open","sticky":false,"template":"","format":"standard","meta":{"tdm_status":"","tdm_grid_status":"","footnotes":""},"categories":[70],"tags":[13561,1273,10526,26186,162,1124,1026,251,2812,26228,26229,96],"class_list":{"0":"post-68334","1":"post","2":"type-post","3":"status-publish","4":"format-standard","6":"category-de-opinion","7":"tag-cuitlahauc-garcia-jimenez","8":"tag-david-velasco","9":"tag-fiscal","10":"tag-gladis-merlin","11":"tag-javier-duarte","12":"tag-javier-herrera-borunda","13":"tag-morena","14":"tag-pri","15":"tag-ricardo-ahued-bardahuil","16":"tag-rosa-borunda-de-herrera","17":"tag-voto-razonado","18":"tag-xalapa"},"yoast_head":"<!-- This site is optimized with the Yoast SEO plugin v27.4 - https:\/\/yoast.com\/product\/yoast-seo-wordpress\/ -->\n<title>T\u00eda Rosa, Ahued y David - Los pol\u00edticos Veracruz<\/title>\n<meta name=\"robots\" content=\"index, follow, max-snippet:-1, max-image-preview:large, max-video-preview:-1\" \/>\n<link rel=\"canonical\" href=\"https:\/\/lospoliticosveracruz.com\/?p=68334\" \/>\n<meta property=\"og:locale\" content=\"es_ES\" \/>\n<meta property=\"og:type\" content=\"article\" \/>\n<meta property=\"og:title\" content=\"T\u00eda Rosa, Ahued y David - Los pol\u00edticos Veracruz\" \/>\n<meta property=\"og:description\" content=\"Ricardo Ch\u00faa Sale y Vale OJO&#8230; De ser cierto que en su red social de Twitter, la Ex Primera Dama de Veracruz, Do\u00f1a Rosa Borunda de Herrera, manifest\u00f3 su inconformidad por la designaci\u00f3n de algunas candidaturas del PRI y que por VOTO RAZONADO en Xalapa, votara por Ricardo Ahued, no por MORENA, para que logre [&hellip;]\" \/>\n<meta property=\"og:url\" content=\"https:\/\/lospoliticosveracruz.com\/?p=68334\" \/>\n<meta property=\"og:site_name\" content=\"Los pol\u00edticos Veracruz\" \/>\n<meta property=\"article:publisher\" content=\"https:\/\/www.facebook.com\/people\/Notimemes-de-los-Polticos\/61565672886568\/\" \/>\n<meta property=\"article:published_time\" content=\"2021-02-17T14:49:11+00:00\" \/>\n<meta property=\"og:image\" content=\"https:\/\/lospoliticosveracruz.com\/wp-content\/uploads\/2016\/07\/Logo-Dor.jpg\" \/>\n\t<meta property=\"og:image:width\" content=\"200\" \/>\n\t<meta property=\"og:image:height\" content=\"200\" \/>\n\t<meta property=\"og:image:type\" content=\"image\/jpeg\" \/>\n<meta name=\"author\" content=\"Lo viste en Los Pol\u00edticos\" \/>\n<meta name=\"twitter:card\" content=\"summary_large_image\" \/>\n<meta name=\"twitter:creator\" content=\"@LosPoliticosVer\" \/>\n<meta name=\"twitter:site\" content=\"@LosPoliticosVer\" \/>\n<meta name=\"twitter:label1\" content=\"Escrito por\" \/>\n\t<meta name=\"twitter:data1\" content=\"Lo viste en Los Pol\u00edticos\" \/>\n\t<meta name=\"twitter:label2\" content=\"Tiempo de lectura\" \/>\n\t<meta name=\"twitter:data2\" content=\"5 minutos\" \/>\n<script type=\"application\/ld+json\" class=\"yoast-schema-graph\">{\"@context\":\"https:\\\/\\\/schema.org\",\"@graph\":[{\"@type\":\"Article\",\"@id\":\"https:\\\/\\\/lospoliticosveracruz.com\\\/?p=68334#article\",\"isPartOf\":{\"@id\":\"https:\\\/\\\/lospoliticosveracruz.com\\\/?p=68334\"},\"author\":{\"name\":\"Lo viste en Los Pol\u00edticos\",\"@id\":\"https:\\\/\\\/lospoliticosveracruz.com\\\/#\\\/schema\\\/person\\\/b8702bb0e538456e6efd07080bf2a4a2\"},\"headline\":\"T\u00eda Rosa, Ahued y David\",\"datePublished\":\"2021-02-17T14:49:11+00:00\",\"mainEntityOfPage\":{\"@id\":\"https:\\\/\\\/lospoliticosveracruz.com\\\/?p=68334\"},\"wordCount\":919,\"commentCount\":0,\"publisher\":{\"@id\":\"https:\\\/\\\/lospoliticosveracruz.com\\\/#organization\"},\"keywords\":[\"Cuitl\u00e1hauc Garc\u00eda Jim\u00e9nez\",\"David Velasco\",\"Fiscal\",\"Gladis Merl\u00edn\",\"Javier Duarte\",\"Javier Herrera Borunda\",\"Morena\",\"PRI\",\"Ricardo Ahued Bardahuil\",\"Rosa Borunda de Herrera\",\"Voto Razonado\",\"Xalapa\"],\"articleSection\":[\"De Opini\u00f3n\"],\"inLanguage\":\"es\",\"potentialAction\":[{\"@type\":\"CommentAction\",\"name\":\"Comment\",\"target\":[\"https:\\\/\\\/lospoliticosveracruz.com\\\/?p=68334#respond\"]}]},{\"@type\":\"WebPage\",\"@id\":\"https:\\\/\\\/lospoliticosveracruz.com\\\/?p=68334\",\"url\":\"https:\\\/\\\/lospoliticosveracruz.com\\\/?p=68334\",\"name\":\"T\u00eda Rosa, Ahued y David - Los pol\u00edticos Veracruz\",\"isPartOf\":{\"@id\":\"https:\\\/\\\/lospoliticosveracruz.com\\\/#website\"},\"datePublished\":\"2021-02-17T14:49:11+00:00\",\"breadcrumb\":{\"@id\":\"https:\\\/\\\/lospoliticosveracruz.com\\\/?p=68334#breadcrumb\"},\"inLanguage\":\"es\",\"potentialAction\":[{\"@type\":\"ReadAction\",\"target\":[\"https:\\\/\\\/lospoliticosveracruz.com\\\/?p=68334\"]}]},{\"@type\":\"BreadcrumbList\",\"@id\":\"https:\\\/\\\/lospoliticosveracruz.com\\\/?p=68334#breadcrumb\",\"itemListElement\":[{\"@type\":\"ListItem\",\"position\":1,\"name\":\"Portada\",\"item\":\"https:\\\/\\\/lospoliticosveracruz.com\\\/\"},{\"@type\":\"ListItem\",\"position\":2,\"name\":\"T\u00eda Rosa, Ahued y David\"}]},{\"@type\":\"WebSite\",\"@id\":\"https:\\\/\\\/lospoliticosveracruz.com\\\/#website\",\"url\":\"https:\\\/\\\/lospoliticosveracruz.com\\\/\",\"name\":\"Los pol\u00edticos Veracruz\",\"description\":\"\",\"publisher\":{\"@id\":\"https:\\\/\\\/lospoliticosveracruz.com\\\/#organization\"},\"potentialAction\":[{\"@type\":\"SearchAction\",\"target\":{\"@type\":\"EntryPoint\",\"urlTemplate\":\"https:\\\/\\\/lospoliticosveracruz.com\\\/?s={search_term_string}\"},\"query-input\":{\"@type\":\"PropertyValueSpecification\",\"valueRequired\":true,\"valueName\":\"search_term_string\"}}],\"inLanguage\":\"es\"},{\"@type\":\"Organization\",\"@id\":\"https:\\\/\\\/lospoliticosveracruz.com\\\/#organization\",\"name\":\"Los pol\u00edticos Veracruz\",\"url\":\"https:\\\/\\\/lospoliticosveracruz.com\\\/\",\"logo\":{\"@type\":\"ImageObject\",\"inLanguage\":\"es\",\"@id\":\"https:\\\/\\\/lospoliticosveracruz.com\\\/#\\\/schema\\\/logo\\\/image\\\/\",\"url\":\"https:\\\/\\\/lospoliticosveracruz.com\\\/wp-content\\\/uploads\\\/2025\\\/12\\\/Logo-Nuevo-LOS-POLITICOS-1.jpg\",\"contentUrl\":\"https:\\\/\\\/lospoliticosveracruz.com\\\/wp-content\\\/uploads\\\/2025\\\/12\\\/Logo-Nuevo-LOS-POLITICOS-1.jpg\",\"width\":260,\"height\":70,\"caption\":\"Los pol\u00edticos Veracruz\"},\"image\":{\"@id\":\"https:\\\/\\\/lospoliticosveracruz.com\\\/#\\\/schema\\\/logo\\\/image\\\/\"},\"sameAs\":[\"https:\\\/\\\/www.facebook.com\\\/people\\\/Notimemes-de-los-Polticos\\\/61565672886568\\\/\",\"https:\\\/\\\/x.com\\\/LosPoliticosVer\"]},{\"@type\":\"Person\",\"@id\":\"https:\\\/\\\/lospoliticosveracruz.com\\\/#\\\/schema\\\/person\\\/b8702bb0e538456e6efd07080bf2a4a2\",\"name\":\"Lo viste en Los Pol\u00edticos\",\"image\":{\"@type\":\"ImageObject\",\"inLanguage\":\"es\",\"@id\":\"https:\\\/\\\/secure.gravatar.com\\\/avatar\\\/3a8de04a2656d44082be478bd6c086daa447c4651605818287b9532d3d0bd435?s=96&d=mm&r=g\",\"url\":\"https:\\\/\\\/secure.gravatar.com\\\/avatar\\\/3a8de04a2656d44082be478bd6c086daa447c4651605818287b9532d3d0bd435?s=96&d=mm&r=g\",\"contentUrl\":\"https:\\\/\\\/secure.gravatar.com\\\/avatar\\\/3a8de04a2656d44082be478bd6c086daa447c4651605818287b9532d3d0bd435?s=96&d=mm&r=g\",\"caption\":\"Lo viste en Los Pol\u00edticos\"},\"url\":\"https:\\\/\\\/lospoliticosveracruz.com\\\/?author=2\"}]}<\/script>\n<!-- \/ Yoast SEO plugin. -->","yoast_head_json":{"title":"T\u00eda Rosa, Ahued y David - Los pol\u00edticos Veracruz","robots":{"index":"index","follow":"follow","max-snippet":"max-snippet:-1","max-image-preview":"max-image-preview:large","max-video-preview":"max-video-preview:-1"},"canonical":"https:\/\/lospoliticosveracruz.com\/?p=68334","og_locale":"es_ES","og_type":"article","og_title":"T\u00eda Rosa, Ahued y David - Los pol\u00edticos Veracruz","og_description":"Ricardo Ch\u00faa Sale y Vale OJO&#8230; De ser cierto que en su red social de Twitter, la Ex Primera Dama de Veracruz, Do\u00f1a Rosa Borunda de Herrera, manifest\u00f3 su inconformidad por la designaci\u00f3n de algunas candidaturas del PRI y que por VOTO RAZONADO en Xalapa, votara por Ricardo Ahued, no por MORENA, para que logre [&hellip;]","og_url":"https:\/\/lospoliticosveracruz.com\/?p=68334","og_site_name":"Los pol\u00edticos Veracruz","article_publisher":"https:\/\/www.facebook.com\/people\/Notimemes-de-los-Polticos\/61565672886568\/","article_published_time":"2021-02-17T14:49:11+00:00","og_image":[{"width":200,"height":200,"url":"https:\/\/lospoliticosveracruz.com\/wp-content\/uploads\/2016\/07\/Logo-Dor.jpg","type":"image\/jpeg"}],"author":"Lo viste en Los Pol\u00edticos","twitter_card":"summary_large_image","twitter_creator":"@LosPoliticosVer","twitter_site":"@LosPoliticosVer","twitter_misc":{"Escrito por":"Lo viste en Los Pol\u00edticos","Tiempo de lectura":"5 minutos"},"schema":{"@context":"https:\/\/schema.org","@graph":[{"@type":"Article","@id":"https:\/\/lospoliticosveracruz.com\/?p=68334#article","isPartOf":{"@id":"https:\/\/lospoliticosveracruz.com\/?p=68334"},"author":{"name":"Lo viste en Los Pol\u00edticos","@id":"https:\/\/lospoliticosveracruz.com\/#\/schema\/person\/b8702bb0e538456e6efd07080bf2a4a2"},"headline":"T\u00eda Rosa, Ahued y David","datePublished":"2021-02-17T14:49:11+00:00","mainEntityOfPage":{"@id":"https:\/\/lospoliticosveracruz.com\/?p=68334"},"wordCount":919,"commentCount":0,"publisher":{"@id":"https:\/\/lospoliticosveracruz.com\/#organization"},"keywords":["Cuitl\u00e1hauc Garc\u00eda Jim\u00e9nez","David Velasco","Fiscal","Gladis Merl\u00edn","Javier Duarte","Javier Herrera Borunda","Morena","PRI","Ricardo Ahued Bardahuil","Rosa Borunda de Herrera","Voto Razonado","Xalapa"],"articleSection":["De Opini\u00f3n"],"inLanguage":"es","potentialAction":[{"@type":"CommentAction","name":"Comment","target":["https:\/\/lospoliticosveracruz.com\/?p=68334#respond"]}]},{"@type":"WebPage","@id":"https:\/\/lospoliticosveracruz.com\/?p=68334","url":"https:\/\/lospoliticosveracruz.com\/?p=68334","name":"T\u00eda Rosa, Ahued y David - Los pol\u00edticos Veracruz","isPartOf":{"@id":"https:\/\/lospoliticosveracruz.com\/#website"},"datePublished":"2021-02-17T14:49:11+00:00","breadcrumb":{"@id":"https:\/\/lospoliticosveracruz.com\/?p=68334#breadcrumb"},"inLanguage":"es","potentialAction":[{"@type":"ReadAction","target":["https:\/\/lospoliticosveracruz.com\/?p=68334"]}]},{"@type":"BreadcrumbList","@id":"https:\/\/lospoliticosveracruz.com\/?p=68334#breadcrumb","itemListElement":[{"@type":"ListItem","position":1,"name":"Portada","item":"https:\/\/lospoliticosveracruz.com\/"},{"@type":"ListItem","position":2,"name":"T\u00eda Rosa, Ahued y David"}]},{"@type":"WebSite","@id":"https:\/\/lospoliticosveracruz.com\/#website","url":"https:\/\/lospoliticosveracruz.com\/","name":"Los pol\u00edticos Veracruz","description":"","publisher":{"@id":"https:\/\/lospoliticosveracruz.com\/#organization"},"potentialAction":[{"@type":"SearchAction","target":{"@type":"EntryPoint","urlTemplate":"https:\/\/lospoliticosveracruz.com\/?s={search_term_string}"},"query-input":{"@type":"PropertyValueSpecification","valueRequired":true,"valueName":"search_term_string"}}],"inLanguage":"es"},{"@type":"Organization","@id":"https:\/\/lospoliticosveracruz.com\/#organization","name":"Los pol\u00edticos Veracruz","url":"https:\/\/lospoliticosveracruz.com\/","logo":{"@type":"ImageObject","inLanguage":"es","@id":"https:\/\/lospoliticosveracruz.com\/#\/schema\/logo\/image\/","url":"https:\/\/lospoliticosveracruz.com\/wp-content\/uploads\/2025\/12\/Logo-Nuevo-LOS-POLITICOS-1.jpg","contentUrl":"https:\/\/lospoliticosveracruz.com\/wp-content\/uploads\/2025\/12\/Logo-Nuevo-LOS-POLITICOS-1.jpg","width":260,"height":70,"caption":"Los pol\u00edticos Veracruz"},"image":{"@id":"https:\/\/lospoliticosveracruz.com\/#\/schema\/logo\/image\/"},"sameAs":["https:\/\/www.facebook.com\/people\/Notimemes-de-los-Polticos\/61565672886568\/","https:\/\/x.com\/LosPoliticosVer"]},{"@type":"Person","@id":"https:\/\/lospoliticosveracruz.com\/#\/schema\/person\/b8702bb0e538456e6efd07080bf2a4a2","name":"Lo viste en Los Pol\u00edticos","image":{"@type":"ImageObject","inLanguage":"es","@id":"https:\/\/secure.gravatar.com\/avatar\/3a8de04a2656d44082be478bd6c086daa447c4651605818287b9532d3d0bd435?s=96&d=mm&r=g","url":"https:\/\/secure.gravatar.com\/avatar\/3a8de04a2656d44082be478bd6c086daa447c4651605818287b9532d3d0bd435?s=96&d=mm&r=g","contentUrl":"https:\/\/secure.gravatar.com\/avatar\/3a8de04a2656d44082be478bd6c086daa447c4651605818287b9532d3d0bd435?s=96&d=mm&r=g","caption":"Lo viste en Los Pol\u00edticos"},"url":"https:\/\/lospoliticosveracruz.com\/?author=2"}]}},"_links":{"self":[{"href":"https:\/\/lospoliticosveracruz.com\/index.php?rest_route=\/wp\/v2\/posts\/68334","targetHints":{"allow":["GET"]}}],"collection":[{"href":"https:\/\/lospoliticosveracruz.com\/index.php?rest_route=\/wp\/v2\/posts"}],"about":[{"href":"https:\/\/lospoliticosveracruz.com\/index.php?rest_route=\/wp\/v2\/types\/post"}],"author":[{"embeddable":true,"href":"https:\/\/lospoliticosveracruz.com\/index.php?rest_route=\/wp\/v2\/users\/2"}],"replies":[{"embeddable":true,"href":"https:\/\/lospoliticosveracruz.com\/index.php?rest_route=%2Fwp%2Fv2%2Fcomments&post=68334"}],"version-history":[{"count":1,"href":"https:\/\/lospoliticosveracruz.com\/index.php?rest_route=\/wp\/v2\/posts\/68334\/revisions"}],"predecessor-version":[{"id":68336,"href":"https:\/\/lospoliticosveracruz.com\/index.php?rest_route=\/wp\/v2\/posts\/68334\/revisions\/68336"}],"wp:attachment":[{"href":"https:\/\/lospoliticosveracruz.com\/index.php?rest_route=%2Fwp%2Fv2%2Fmedia&parent=68334"}],"wp:term":[{"taxonomy":"category","embeddable":true,"href":"https:\/\/lospoliticosveracruz.com\/index.php?rest_route=%2Fwp%2Fv2%2Fcategories&post=68334"},{"taxonomy":"post_tag","embeddable":true,"href":"https:\/\/lospoliticosveracruz.com\/index.php?rest_route=%2Fwp%2Fv2%2Ftags&post=68334"}],"curies":[{"name":"wp","href":"https:\/\/api.w.org\/{rel}","templated":true}]}}